{"id":4900,"date":"2026-08-31T10:14:14","date_gmt":"2026-08-31T08:14:14","guid":{"rendered":"https:\/\/www.sv-freiendiez.de\/?p=4900"},"modified":"2026-08-31T10:23:09","modified_gmt":"2026-08-31T08:23:09","slug":"koenigsschiessen-2026","status":"publish","type":"post","link":"https:\/\/www.sv-freiendiez.de\/?p=4900","title":{"rendered":"K\u00f6nigsschie\u00dfen 2026"},"content":{"rendered":"<p style=\"text-align: justify;\">Beim diesj\u00e4hrigen K\u00f6nigsschie\u00dfen traten in unserem Sch\u00fctzenhaus 23 Bewerber um den Titel des Sch\u00fctzenk\u00f6nigs an.<\/p>\n<p style=\"text-align: justify;\">Wie immer begann der Tag mit einem kr\u00e4ftigendem Fr\u00fchst\u00fcck um den Ehrgeiz der Sch\u00fctzen die n\u00f6tige Energie zuzuf\u00fchren.<\/p>\n<p style=\"text-align: justify;\">Nach 76 Sch\u00fcssen auf den traditionellen Holzadler fiel der erste Fl\u00fcgel: <strong>Thomas Tanklay wurde mit seinem Schuss um 11:15 Uhr der 2. Ritter<\/strong>. Nach weiteren 54 Schuss stand der <strong>1. Ritter fest: Edgar Malz<\/strong> konnte mit viel Erfahrung und ruhiger Hand um 12 Uhr den Adler seines zweiten Fl\u00fcgels entledigen.<\/p>\n<p style=\"text-align: justify;\">Um<strong> 14:30 Uhr stand dann auch unserer diesj\u00e4hriger Sch\u00fctzenk\u00f6nig fest: Timo Winterllich<\/strong> schoss dem K\u00f6nigsadler den Schwanz ab und sicherte sich damit einen Eintrag auf unsere Sch\u00fctzenk\u00f6nigs-Kette f\u00fcr das Jahr 2026.<\/p>\n<figure id=\"attachment_4919\" aria-describedby=\"caption-attachment-4919\" style=\"width: 2040px\" class=\"wp-caption aligncenter\"><a href=\"https:\/\/www.sv-freiendiez.de\/wp-content\/uploads\/2026\/08\/WhatsApp-Image-2026-08-30-at-20.48.15-2.jpeg\"><img loading=\"lazy\" decoding=\"async\" class=\"size-full wp-image-4919\" src=\"https:\/\/www.sv-freiendiez.de\/wp-content\/uploads\/2026\/08\/WhatsApp-Image-2026-08-30-at-20.48.15-2.jpeg\" alt=\"\" width=\"2040\" height=\"1536\" srcset=\"https:\/\/www.sv-freiendiez.de\/wp-content\/uploads\/2026\/08\/WhatsApp-Image-2026-08-30-at-20.48.15-2.jpeg 2040w, https:\/\/www.sv-freiendiez.de\/wp-content\/uploads\/2026\/08\/WhatsApp-Image-2026-08-30-at-20.48.15-2-300x226.jpeg 300w, https:\/\/www.sv-freiendiez.de\/wp-content\/uploads\/2026\/08\/WhatsApp-Image-2026-08-30-at-20.48.15-2-1024x771.jpeg 1024w, https:\/\/www.sv-freiendiez.de\/wp-content\/uploads\/2026\/08\/WhatsApp-Image-2026-08-30-at-20.48.15-2-768x578.jpeg 768w, https:\/\/www.sv-freiendiez.de\/wp-content\/uploads\/2026\/08\/WhatsApp-Image-2026-08-30-at-20.48.15-2-1536x1157.jpeg 1536w, https:\/\/www.sv-freiendiez.de\/wp-content\/uploads\/2026\/08\/WhatsApp-Image-2026-08-30-at-20.48.15-2-1320x994.jpeg 1320w\" sizes=\"auto, (max-width: 767px) 89vw, (max-width: 1000px) 54vw, (max-width: 1071px) 543px, 580px\" \/><\/a><figcaption id=\"caption-attachment-4919\" class=\"wp-caption-text\">(C) 2026 SV Diez-Freiendiez<br \/>v.l.n.r.: 1. Ritter Edgar Malz, Sch\u00fctzenk\u00f6nig Timo Winterlich, 2. Ritter Thomas Tanklay<\/figcaption><\/figure>\n<p style=\"text-align: justify;\">Wie immer war es eine gelungene Veranstaltung mit viel Spa\u00df und Geselligkeit. Danke an die vielen H\u00e4nde die dabei mithalfen, das der Tag ein sch\u00f6ner sein konnte.<\/p>\n<p style=\"text-align: justify;\">Der Vorstand gratuliert und w\u00fcnscht den Majest\u00e4ten eine gute Hand w\u00e4hrend ihrer Regentschaft!<\/p>\nngg_shortcode_0_placeholder\n","protected":false},"excerpt":{"rendered":"<p>Beim diesj\u00e4hrigen K\u00f6nigsschie\u00dfen traten in unserem Sch\u00fctzenhaus 23 Bewerber um den Titel des Sch\u00fctzenk\u00f6nigs an. Wie immer begann der Tag mit einem kr\u00e4ftigendem Fr\u00fchst\u00fcck um den Ehrgeiz der Sch\u00fctzen die n\u00f6tige Energie zuzuf\u00fchren. Nach 76 Sch\u00fcssen auf den traditionellen Holzadler fiel der erste Fl\u00fcgel: Thomas Tanklay wurde mit seinem Schuss um 11:15 Uhr der 2. &hellip; <\/p>\n<p class=\"link-more\"><a href=\"https:\/\/www.sv-freiendiez.de\/?p=4900\" class=\"more-link\"><span class=\"screen-reader-text\">\u201eK\u00f6nigsschie\u00dfen 2026\u201c<\/span> weiterlesen<\/a><\/p>\n","protected":false},"author":1,"featured_media":0,"comment_status":"closed","ping_status":"closed","sticky":true,"template":"","format":"standard","meta":{"ngg_post_thumbnail":0,"footnotes":""},"categories":[1,40],"tags":[],"class_list":["post-4900","post","type-post","status-publish","format-standard","hentry","category-allgemein","category-koenigsschiessen"],"yoast_head":"<!-- This site is optimized with the Yoast SEO plugin v28.3 - https:\/\/yoast.com\/product\/yoast-seo-wordpress\/ -->\n<title>K\u00f6nigsschie\u00dfen 2026 - SV Diez-Freiendiez 1928 e.V.<\/title>\n<meta name=\"robots\" content=\"index, follow, max-snippet:-1, max-image-preview:large, max-video-preview:-1\" \/>\n<link rel=\"canonical\" href=\"https:\/\/www.sv-freiendiez.de\/?p=4900\" \/>\n<meta property=\"og:locale\" content=\"de_DE\" \/>\n<meta property=\"og:type\" content=\"article\" \/>\n<meta property=\"og:title\" content=\"K\u00f6nigsschie\u00dfen 2026 - SV Diez-Freiendiez 1928 e.V.\" \/>\n<meta property=\"og:description\" content=\"Beim diesj\u00e4hrigen K\u00f6nigsschie\u00dfen traten in unserem Sch\u00fctzenhaus 23 Bewerber um den Titel des Sch\u00fctzenk\u00f6nigs an. Wie immer begann der Tag mit einem kr\u00e4ftigendem Fr\u00fchst\u00fcck um den Ehrgeiz der Sch\u00fctzen die n\u00f6tige Energie zuzuf\u00fchren. Nach 76 Sch\u00fcssen auf den traditionellen Holzadler fiel der erste Fl\u00fcgel: Thomas Tanklay wurde mit seinem Schuss um 11:15 Uhr der 2. &hellip; \u201eK\u00f6nigsschie\u00dfen 2026\u201c weiterlesen\" \/>\n<meta property=\"og:url\" content=\"https:\/\/www.sv-freiendiez.de\/?p=4900\" \/>\n<meta property=\"og:site_name\" content=\"SV Diez-Freiendiez 1928 e.V.\" \/>\n<meta property=\"article:publisher\" content=\"https:\/\/www.facebook.com\/svfreiendiez\/\" \/>\n<meta property=\"article:published_time\" content=\"2026-08-31T08:14:14+00:00\" \/>\n<meta property=\"article:modified_time\" content=\"2026-08-31T08:23:09+00:00\" \/>\n<meta property=\"og:image\" content=\"https:\/\/www.sv-freiendiez.de\/wp-content\/uploads\/2026\/08\/WhatsApp-Image-2026-08-30-at-20.48.15-2.jpeg\" \/>\n\t<meta property=\"og:image:width\" content=\"2040\" \/>\n\t<meta property=\"og:image:height\" content=\"1536\" \/>\n\t<meta property=\"og:image:type\" content=\"image\/jpeg\" \/>\n<meta name=\"author\" content=\"editor\" \/>\n<meta name=\"twitter:card\" content=\"summary_large_image\" \/>\n<meta name=\"twitter:label1\" content=\"Verfasst von\" \/>\n\t<meta name=\"twitter:data1\" content=\"editor\" \/>\n\t<meta name=\"twitter:label2\" content=\"Gesch\u00e4tzte Lesezeit\" \/>\n\t<meta name=\"twitter:data2\" content=\"2\u00a0Minuten\" \/>\n<script type=\"application\/ld+json\" class=\"yoast-schema-graph\">{\"@context\":\"https:\\\/\\\/schema.org\",\"@graph\":[{\"@type\":\"Article\",\"@id\":\"https:\\\/\\\/www.sv-freiendiez.de\\\/?p=4900#article\",\"isPartOf\":{\"@id\":\"https:\\\/\\\/www.sv-freiendiez.de\\\/?p=4900\"},\"author\":{\"name\":\"editor\",\"@id\":\"https:\\\/\\\/www.sv-freiendiez.de\\\/#\\\/schema\\\/person\\\/e506fdcfcb3a8d0b33fb2982e44b9b79\"},\"headline\":\"K\u00f6nigsschie\u00dfen 2026\",\"datePublished\":\"2026-08-31T08:14:14+00:00\",\"dateModified\":\"2026-08-31T08:23:09+00:00\",\"mainEntityOfPage\":{\"@id\":\"https:\\\/\\\/www.sv-freiendiez.de\\\/?p=4900\"},\"wordCount\":206,\"publisher\":{\"@id\":\"https:\\\/\\\/www.sv-freiendiez.de\\\/#organization\"},\"image\":{\"@id\":\"https:\\\/\\\/www.sv-freiendiez.de\\\/?p=4900#primaryimage\"},\"thumbnailUrl\":\"https:\\\/\\\/www.sv-freiendiez.de\\\/wp-content\\\/uploads\\\/2026\\\/08\\\/WhatsApp-Image-2026-08-30-at-20.48.15-2.jpeg\",\"articleSection\":{\"1\":\"K\u00f6nigsschie\u00dfen\"},\"inLanguage\":\"de\"},{\"@type\":\"WebPage\",\"@id\":\"https:\\\/\\\/www.sv-freiendiez.de\\\/?p=4900\",\"url\":\"https:\\\/\\\/www.sv-freiendiez.de\\\/?p=4900\",\"name\":\"K\u00f6nigsschie\u00dfen 2026 - SV Diez-Freiendiez 1928 e.V.\",\"isPartOf\":{\"@id\":\"https:\\\/\\\/www.sv-freiendiez.de\\\/#website\"},\"primaryImageOfPage\":{\"@id\":\"https:\\\/\\\/www.sv-freiendiez.de\\\/?p=4900#primaryimage\"},\"image\":{\"@id\":\"https:\\\/\\\/www.sv-freiendiez.de\\\/?p=4900#primaryimage\"},\"thumbnailUrl\":\"https:\\\/\\\/www.sv-freiendiez.de\\\/wp-content\\\/uploads\\\/2026\\\/08\\\/WhatsApp-Image-2026-08-30-at-20.48.15-2.jpeg\",\"datePublished\":\"2026-08-31T08:14:14+00:00\",\"dateModified\":\"2026-08-31T08:23:09+00:00\",\"breadcrumb\":{\"@id\":\"https:\\\/\\\/www.sv-freiendiez.de\\\/?p=4900#breadcrumb\"},\"inLanguage\":\"de\",\"potentialAction\":[{\"@type\":\"ReadAction\",\"target\":[\"https:\\\/\\\/www.sv-freiendiez.de\\\/?p=4900\"]}]},{\"@type\":\"ImageObject\",\"inLanguage\":\"de\",\"@id\":\"https:\\\/\\\/www.sv-freiendiez.de\\\/?p=4900#primaryimage\",\"url\":\"https:\\\/\\\/www.sv-freiendiez.de\\\/wp-content\\\/uploads\\\/2026\\\/08\\\/WhatsApp-Image-2026-08-30-at-20.48.15-2.jpeg\",\"contentUrl\":\"https:\\\/\\\/www.sv-freiendiez.de\\\/wp-content\\\/uploads\\\/2026\\\/08\\\/WhatsApp-Image-2026-08-30-at-20.48.15-2.jpeg\"},{\"@type\":\"BreadcrumbList\",\"@id\":\"https:\\\/\\\/www.sv-freiendiez.de\\\/?p=4900#breadcrumb\",\"itemListElement\":[{\"@type\":\"ListItem\",\"position\":1,\"name\":\"Startseite\",\"item\":\"https:\\\/\\\/www.sv-freiendiez.de\\\/\"},{\"@type\":\"ListItem\",\"position\":2,\"name\":\"K\u00f6nigsschie\u00dfen 2026\"}]},{\"@type\":\"WebSite\",\"@id\":\"https:\\\/\\\/www.sv-freiendiez.de\\\/#website\",\"url\":\"https:\\\/\\\/www.sv-freiendiez.de\\\/\",\"name\":\"SV Diez-Freiendiez 1928 e.V.\",\"description\":\"Sch\u00fctzenverein Diez-Freiendiez 1928 e.V.\",\"publisher\":{\"@id\":\"https:\\\/\\\/www.sv-freiendiez.de\\\/#organization\"},\"potentialAction\":[{\"@type\":\"SearchAction\",\"target\":{\"@type\":\"EntryPoint\",\"urlTemplate\":\"https:\\\/\\\/www.sv-freiendiez.de\\\/?s={search_term_string}\"},\"query-input\":{\"@type\":\"PropertyValueSpecification\",\"valueRequired\":true,\"valueName\":\"search_term_string\"}}],\"inLanguage\":\"de\"},{\"@type\":\"Organization\",\"@id\":\"https:\\\/\\\/www.sv-freiendiez.de\\\/#organization\",\"name\":\"SV Diez-Freiendiez 1928 e.V.\",\"url\":\"https:\\\/\\\/www.sv-freiendiez.de\\\/\",\"logo\":{\"@type\":\"ImageObject\",\"inLanguage\":\"de\",\"@id\":\"https:\\\/\\\/www.sv-freiendiez.de\\\/#\\\/schema\\\/logo\\\/image\\\/\",\"url\":\"https:\\\/\\\/www.sv-freiendiez.de\\\/wp-content\\\/uploads\\\/2016\\\/12\\\/cropped-wappen250.png\",\"contentUrl\":\"https:\\\/\\\/www.sv-freiendiez.de\\\/wp-content\\\/uploads\\\/2016\\\/12\\\/cropped-wappen250.png\",\"width\":250,\"height\":250,\"caption\":\"SV Diez-Freiendiez 1928 e.V.\"},\"image\":{\"@id\":\"https:\\\/\\\/www.sv-freiendiez.de\\\/#\\\/schema\\\/logo\\\/image\\\/\"},\"sameAs\":[\"https:\\\/\\\/www.facebook.com\\\/svfreiendiez\\\/\"]},{\"@type\":\"Person\",\"@id\":\"https:\\\/\\\/www.sv-freiendiez.de\\\/#\\\/schema\\\/person\\\/e506fdcfcb3a8d0b33fb2982e44b9b79\",\"name\":\"editor\",\"image\":{\"@type\":\"ImageObject\",\"inLanguage\":\"de\",\"@id\":\"https:\\\/\\\/secure.gravatar.com\\\/avatar\\\/2e61a0e3091a1495360fb924e613dd25bace1d4a95a687bd9add8c68191636ff?s=96&d=mm&r=g\",\"url\":\"https:\\\/\\\/secure.gravatar.com\\\/avatar\\\/2e61a0e3091a1495360fb924e613dd25bace1d4a95a687bd9add8c68191636ff?s=96&d=mm&r=g\",\"contentUrl\":\"https:\\\/\\\/secure.gravatar.com\\\/avatar\\\/2e61a0e3091a1495360fb924e613dd25bace1d4a95a687bd9add8c68191636ff?s=96&d=mm&r=g\",\"caption\":\"editor\"},\"url\":\"https:\\\/\\\/www.sv-freiendiez.de\\\/?author=1\"}]}<\/script>\n<!-- \/ Yoast SEO plugin. -->","yoast_head_json":{"title":"K\u00f6nigsschie\u00dfen 2026 - SV Diez-Freiendiez 1928 e.V.","robots":{"index":"index","follow":"follow","max-snippet":"max-snippet:-1","max-image-preview":"max-image-preview:large","max-video-preview":"max-video-preview:-1"},"canonical":"https:\/\/www.sv-freiendiez.de\/?p=4900","og_locale":"de_DE","og_type":"article","og_title":"K\u00f6nigsschie\u00dfen 2026 - SV Diez-Freiendiez 1928 e.V.","og_description":"Beim diesj\u00e4hrigen K\u00f6nigsschie\u00dfen traten in unserem Sch\u00fctzenhaus 23 Bewerber um den Titel des Sch\u00fctzenk\u00f6nigs an. Wie immer begann der Tag mit einem kr\u00e4ftigendem Fr\u00fchst\u00fcck um den Ehrgeiz der Sch\u00fctzen die n\u00f6tige Energie zuzuf\u00fchren. Nach 76 Sch\u00fcssen auf den traditionellen Holzadler fiel der erste Fl\u00fcgel: Thomas Tanklay wurde mit seinem Schuss um 11:15 Uhr der 2. &hellip; \u201eK\u00f6nigsschie\u00dfen 2026\u201c weiterlesen","og_url":"https:\/\/www.sv-freiendiez.de\/?p=4900","og_site_name":"SV Diez-Freiendiez 1928 e.V.","article_publisher":"https:\/\/www.facebook.com\/svfreiendiez\/","article_published_time":"2026-08-31T08:14:14+00:00","article_modified_time":"2026-08-31T08:23:09+00:00","og_image":[{"width":2040,"height":1536,"url":"https:\/\/www.sv-freiendiez.de\/wp-content\/uploads\/2026\/08\/WhatsApp-Image-2026-08-30-at-20.48.15-2.jpeg","type":"image\/jpeg"}],"author":"editor","twitter_card":"summary_large_image","twitter_misc":{"Verfasst von":"editor","Gesch\u00e4tzte Lesezeit":"2\u00a0Minuten"},"schema":{"@context":"https:\/\/schema.org","@graph":[{"@type":"Article","@id":"https:\/\/www.sv-freiendiez.de\/?p=4900#article","isPartOf":{"@id":"https:\/\/www.sv-freiendiez.de\/?p=4900"},"author":{"name":"editor","@id":"https:\/\/www.sv-freiendiez.de\/#\/schema\/person\/e506fdcfcb3a8d0b33fb2982e44b9b79"},"headline":"K\u00f6nigsschie\u00dfen 2026","datePublished":"2026-08-31T08:14:14+00:00","dateModified":"2026-08-31T08:23:09+00:00","mainEntityOfPage":{"@id":"https:\/\/www.sv-freiendiez.de\/?p=4900"},"wordCount":206,"publisher":{"@id":"https:\/\/www.sv-freiendiez.de\/#organization"},"image":{"@id":"https:\/\/www.sv-freiendiez.de\/?p=4900#primaryimage"},"thumbnailUrl":"https:\/\/www.sv-freiendiez.de\/wp-content\/uploads\/2026\/08\/WhatsApp-Image-2026-08-30-at-20.48.15-2.jpeg","articleSection":{"1":"K\u00f6nigsschie\u00dfen"},"inLanguage":"de"},{"@type":"WebPage","@id":"https:\/\/www.sv-freiendiez.de\/?p=4900","url":"https:\/\/www.sv-freiendiez.de\/?p=4900","name":"K\u00f6nigsschie\u00dfen 2026 - SV Diez-Freiendiez 1928 e.V.","isPartOf":{"@id":"https:\/\/www.sv-freiendiez.de\/#website"},"primaryImageOfPage":{"@id":"https:\/\/www.sv-freiendiez.de\/?p=4900#primaryimage"},"image":{"@id":"https:\/\/www.sv-freiendiez.de\/?p=4900#primaryimage"},"thumbnailUrl":"https:\/\/www.sv-freiendiez.de\/wp-content\/uploads\/2026\/08\/WhatsApp-Image-2026-08-30-at-20.48.15-2.jpeg","datePublished":"2026-08-31T08:14:14+00:00","dateModified":"2026-08-31T08:23:09+00:00","breadcrumb":{"@id":"https:\/\/www.sv-freiendiez.de\/?p=4900#breadcrumb"},"inLanguage":"de","potentialAction":[{"@type":"ReadAction","target":["https:\/\/www.sv-freiendiez.de\/?p=4900"]}]},{"@type":"ImageObject","inLanguage":"de","@id":"https:\/\/www.sv-freiendiez.de\/?p=4900#primaryimage","url":"https:\/\/www.sv-freiendiez.de\/wp-content\/uploads\/2026\/08\/WhatsApp-Image-2026-08-30-at-20.48.15-2.jpeg","contentUrl":"https:\/\/www.sv-freiendiez.de\/wp-content\/uploads\/2026\/08\/WhatsApp-Image-2026-08-30-at-20.48.15-2.jpeg"},{"@type":"BreadcrumbList","@id":"https:\/\/www.sv-freiendiez.de\/?p=4900#breadcrumb","itemListElement":[{"@type":"ListItem","position":1,"name":"Startseite","item":"https:\/\/www.sv-freiendiez.de\/"},{"@type":"ListItem","position":2,"name":"K\u00f6nigsschie\u00dfen 2026"}]},{"@type":"WebSite","@id":"https:\/\/www.sv-freiendiez.de\/#website","url":"https:\/\/www.sv-freiendiez.de\/","name":"SV Diez-Freiendiez 1928 e.V.","description":"Sch\u00fctzenverein Diez-Freiendiez 1928 e.V.","publisher":{"@id":"https:\/\/www.sv-freiendiez.de\/#organization"},"potentialAction":[{"@type":"SearchAction","target":{"@type":"EntryPoint","urlTemplate":"https:\/\/www.sv-freiendiez.de\/?s={search_term_string}"},"query-input":{"@type":"PropertyValueSpecification","valueRequired":true,"valueName":"search_term_string"}}],"inLanguage":"de"},{"@type":"Organization","@id":"https:\/\/www.sv-freiendiez.de\/#organization","name":"SV Diez-Freiendiez 1928 e.V.","url":"https:\/\/www.sv-freiendiez.de\/","logo":{"@type":"ImageObject","inLanguage":"de","@id":"https:\/\/www.sv-freiendiez.de\/#\/schema\/logo\/image\/","url":"https:\/\/www.sv-freiendiez.de\/wp-content\/uploads\/2016\/12\/cropped-wappen250.png","contentUrl":"https:\/\/www.sv-freiendiez.de\/wp-content\/uploads\/2016\/12\/cropped-wappen250.png","width":250,"height":250,"caption":"SV Diez-Freiendiez 1928 e.V."},"image":{"@id":"https:\/\/www.sv-freiendiez.de\/#\/schema\/logo\/image\/"},"sameAs":["https:\/\/www.facebook.com\/svfreiendiez\/"]},{"@type":"Person","@id":"https:\/\/www.sv-freiendiez.de\/#\/schema\/person\/e506fdcfcb3a8d0b33fb2982e44b9b79","name":"editor","image":{"@type":"ImageObject","inLanguage":"de","@id":"https:\/\/secure.gravatar.com\/avatar\/2e61a0e3091a1495360fb924e613dd25bace1d4a95a687bd9add8c68191636ff?s=96&d=mm&r=g","url":"https:\/\/secure.gravatar.com\/avatar\/2e61a0e3091a1495360fb924e613dd25bace1d4a95a687bd9add8c68191636ff?s=96&d=mm&r=g","contentUrl":"https:\/\/secure.gravatar.com\/avatar\/2e61a0e3091a1495360fb924e613dd25bace1d4a95a687bd9add8c68191636ff?s=96&d=mm&r=g","caption":"editor"},"url":"https:\/\/www.sv-freiendiez.de\/?author=1"}]}},"_links":{"self":[{"href":"https:\/\/www.sv-freiendiez.de\/index.php?rest_route=\/wp\/v2\/posts\/4900","targetHints":{"allow":["GET"]}}],"collection":[{"href":"https:\/\/www.sv-freiendiez.de\/index.php?rest_route=\/wp\/v2\/posts"}],"about":[{"href":"https:\/\/www.sv-freiendiez.de\/index.php?rest_route=\/wp\/v2\/types\/post"}],"author":[{"embeddable":true,"href":"https:\/\/www.sv-freiendiez.de\/index.php?rest_route=\/wp\/v2\/users\/1"}],"replies":[{"embeddable":true,"href":"https:\/\/www.sv-freiendiez.de\/index.php?rest_route=%2Fwp%2Fv2%2Fcomments&post=4900"}],"version-history":[{"count":3,"href":"https:\/\/www.sv-freiendiez.de\/index.php?rest_route=\/wp\/v2\/posts\/4900\/revisions"}],"predecessor-version":[{"id":4935,"href":"https:\/\/www.sv-freiendiez.de\/index.php?rest_route=\/wp\/v2\/posts\/4900\/revisions\/4935"}],"wp:attachment":[{"href":"https:\/\/www.sv-freiendiez.de\/index.php?rest_route=%2Fwp%2Fv2%2Fmedia&parent=4900"}],"wp:term":[{"taxonomy":"category","embeddable":true,"href":"https:\/\/www.sv-freiendiez.de\/index.php?rest_route=%2Fwp%2Fv2%2Fcategories&post=4900"},{"taxonomy":"post_tag","embeddable":true,"href":"https:\/\/www.sv-freiendiez.de\/index.php?rest_route=%2Fwp%2Fv2%2Ftags&post=4900"}],"curies":[{"name":"wp","href":"https:\/\/api.w.org\/{rel}","templated":true}]}}