{"id":4862,"date":"2025-09-05T10:21:41","date_gmt":"2025-09-05T08:21:41","guid":{"rendered":"https:\/\/www.sv-freiendiez.de\/?p=4862"},"modified":"2025-09-05T10:31:14","modified_gmt":"2025-09-05T08:31:14","slug":"koenigsschiessen-2025","status":"publish","type":"post","link":"https:\/\/www.sv-freiendiez.de\/?p=4862","title":{"rendered":"K\u00f6nigsschie\u00dfen 2025"},"content":{"rendered":"<p style=\"text-align: justify;\">Wenn der Parkplatz am Sch\u00fctzenhaus in Freiendiez am Sonntag voller ist als sonst \u2013 dann kann das nur eines bedeuten: Wir schie\u00dfen unseren Sch\u00fctzenk\u00f6nig:in aus!<\/p>\n<p style=\"text-align: justify;\">F\u00fcr 9 Uhr hatte die amtierende Sch\u00fctzenk\u00f6nigen Meltem Tanklay ihr Gefolge zum Fr\u00fchst\u00fcck geladen, damit alle um 10 Uhr gest\u00e4rkt in den Wettbewerb gehen konnten. Insgesamt 25 Sch\u00fctzen bewarben sich durch die Teilnahme am K\u00f6nigsschie\u00dfen um den Titel des Sch\u00fctzenk\u00f6nigs:in. So startete unsere noch amtliche Sch\u00fctzenk\u00f6nigin um 10 Uhr mit dem Ersten Schuss auf den Holz-Adler die Jagd auf den Titel. Nach nur vier(!) Sch\u00fcssen mit dem Kleinkaliber-Gewehr fiel der erste Fl\u00fcgel. Das war Vereinsrekord. Noch nie wurde so wenige Sch\u00fcsse ben\u00f6tigt, um einen Fl\u00fcgel oder den Schwanz vom Adler zu trennen. Die ersten vier Sch\u00fctzen platzierten Ihre Treffer derma\u00dfen pr\u00e4zise auf den Adler, das sich der Fl\u00fcgel vom Rest des trennte. 2. Ritter wurde somit Thomas Tanklay, der im letzten Jahr das Amt des 1. Ritters innehatte.<\/p>\n<p style=\"text-align: justify;\">Weitere 23 Sch\u00fcsse waren notwendig, um den zweiten Fl\u00fcgel von dem Holz-Adler zu trennen. Den Titel des ersten Ritters sicherte sich Manfred Tremper.<\/p>\n<p style=\"text-align: justify;\">Um 11:48 Uhr, nach weiteren 96 Sch\u00fcssen auf den Schwanz des Adlers, stand unser neuer Sch\u00fctzenk\u00f6nig f\u00fcr die Regentschaft 2025\/2026 fest. H\u00fcseyin \u00dcnal bewies das er nicht nur ein sehr guter Kurzwaffensch\u00fctze ist und auch mit dem KK-Gewehr umgehen kann. Wir begr\u00fc\u00dfen unsere neue Majest\u00e4t H\u00fcseyin!<\/p>\n<figure id=\"attachment_4864\" aria-describedby=\"caption-attachment-4864\" style=\"width: 525px\" class=\"wp-caption aligncenter\"><a href=\"https:\/\/www.sv-freiendiez.de\/wp-content\/uploads\/2025\/09\/schuetzenkoenig25.jpg\"><img loading=\"lazy\" decoding=\"async\" class=\"wp-image-4864 size-large\" src=\"https:\/\/www.sv-freiendiez.de\/wp-content\/uploads\/2025\/09\/schuetzenkoenig25-1024x768.jpg\" alt=\"\" width=\"525\" height=\"394\" srcset=\"https:\/\/www.sv-freiendiez.de\/wp-content\/uploads\/2025\/09\/schuetzenkoenig25-1024x768.jpg 1024w, https:\/\/www.sv-freiendiez.de\/wp-content\/uploads\/2025\/09\/schuetzenkoenig25-300x225.jpg 300w, https:\/\/www.sv-freiendiez.de\/wp-content\/uploads\/2025\/09\/schuetzenkoenig25-768x576.jpg 768w, https:\/\/www.sv-freiendiez.de\/wp-content\/uploads\/2025\/09\/schuetzenkoenig25.jpg 1280w\" sizes=\"auto, (max-width: 525px) 100vw, 525px\" \/><\/a><figcaption id=\"caption-attachment-4864\" class=\"wp-caption-text\">(C) SV Diez-Freiendiez 1928 e.V. &#8211; v.l.n.r.: 2. Ritter Mafred Tremper, Sch\u00fctzenk\u00f6nig H\u00fcseyin \u00dcnal, 1. Ritter Thomas Tanklay<\/figcaption><\/figure>\n","protected":false},"excerpt":{"rendered":"<p>Wenn der Parkplatz am Sch\u00fctzenhaus in Freiendiez am Sonntag voller ist als sonst \u2013 dann kann das nur eines bedeuten: Wir schie\u00dfen unseren Sch\u00fctzenk\u00f6nig:in aus! F\u00fcr 9 Uhr hatte die amtierende Sch\u00fctzenk\u00f6nigen Meltem Tanklay ihr Gefolge zum Fr\u00fchst\u00fcck geladen, damit alle um 10 Uhr gest\u00e4rkt in den Wettbewerb gehen konnten. Insgesamt 25 Sch\u00fctzen bewarben sich &hellip; <\/p>\n<p class=\"link-more\"><a href=\"https:\/\/www.sv-freiendiez.de\/?p=4862\" class=\"more-link\"><span class=\"screen-reader-text\">\u201eK\u00f6nigsschie\u00dfen 2025\u201c<\/span> weiterlesen<\/a><\/p>\n","protected":false},"author":1,"featured_media":0,"comment_status":"closed","ping_status":"closed","sticky":false,"template":"","format":"standard","meta":{"ngg_post_thumbnail":0,"footnotes":""},"categories":[40,6],"tags":[],"class_list":["post-4862","post","type-post","status-publish","format-standard","hentry","category-koenigsschiessen","category-veranstaltungen"],"yoast_head":"<!-- This site is optimized with the Yoast SEO plugin v27.5 - https:\/\/yoast.com\/product\/yoast-seo-wordpress\/ -->\n<title>K\u00f6nigsschie\u00dfen 2025 - SV Diez-Freiendiez 1928 e.V.<\/title>\n<meta name=\"robots\" content=\"index, follow, max-snippet:-1, max-image-preview:large, max-video-preview:-1\" \/>\n<link rel=\"canonical\" href=\"https:\/\/www.sv-freiendiez.de\/?p=4862\" \/>\n<meta property=\"og:locale\" content=\"de_DE\" \/>\n<meta property=\"og:type\" content=\"article\" \/>\n<meta property=\"og:title\" content=\"K\u00f6nigsschie\u00dfen 2025 - SV Diez-Freiendiez 1928 e.V.\" \/>\n<meta property=\"og:description\" content=\"Wenn der Parkplatz am Sch\u00fctzenhaus in Freiendiez am Sonntag voller ist als sonst \u2013 dann kann das nur eines bedeuten: Wir schie\u00dfen unseren Sch\u00fctzenk\u00f6nig:in aus! F\u00fcr 9 Uhr hatte die amtierende Sch\u00fctzenk\u00f6nigen Meltem Tanklay ihr Gefolge zum Fr\u00fchst\u00fcck geladen, damit alle um 10 Uhr gest\u00e4rkt in den Wettbewerb gehen konnten. Insgesamt 25 Sch\u00fctzen bewarben sich &hellip; \u201eK\u00f6nigsschie\u00dfen 2025\u201c weiterlesen\" \/>\n<meta property=\"og:url\" content=\"https:\/\/www.sv-freiendiez.de\/?p=4862\" \/>\n<meta property=\"og:site_name\" content=\"SV Diez-Freiendiez 1928 e.V.\" \/>\n<meta property=\"article:publisher\" content=\"https:\/\/www.facebook.com\/svfreiendiez\/\" \/>\n<meta property=\"article:published_time\" content=\"2025-09-05T08:21:41+00:00\" \/>\n<meta property=\"article:modified_time\" content=\"2025-09-05T08:31:14+00:00\" \/>\n<meta property=\"og:image\" content=\"https:\/\/www.sv-freiendiez.de\/wp-content\/uploads\/2025\/09\/schuetzenkoenig25.jpg\" \/>\n\t<meta property=\"og:image:width\" content=\"1280\" \/>\n\t<meta property=\"og:image:height\" content=\"960\" \/>\n\t<meta property=\"og:image:type\" content=\"image\/jpeg\" \/>\n<meta name=\"author\" content=\"editor\" \/>\n<meta name=\"twitter:card\" content=\"summary_large_image\" \/>\n<meta name=\"twitter:label1\" content=\"Verfasst von\" \/>\n\t<meta name=\"twitter:data1\" content=\"editor\" \/>\n\t<meta name=\"twitter:label2\" content=\"Gesch\u00e4tzte Lesezeit\" \/>\n\t<meta name=\"twitter:data2\" content=\"2\u00a0Minuten\" \/>\n<script type=\"application\/ld+json\" class=\"yoast-schema-graph\">{\"@context\":\"https:\\\/\\\/schema.org\",\"@graph\":[{\"@type\":\"Article\",\"@id\":\"https:\\\/\\\/www.sv-freiendiez.de\\\/?p=4862#article\",\"isPartOf\":{\"@id\":\"https:\\\/\\\/www.sv-freiendiez.de\\\/?p=4862\"},\"author\":{\"name\":\"editor\",\"@id\":\"https:\\\/\\\/www.sv-freiendiez.de\\\/#\\\/schema\\\/person\\\/e506fdcfcb3a8d0b33fb2982e44b9b79\"},\"headline\":\"K\u00f6nigsschie\u00dfen 2025\",\"datePublished\":\"2025-09-05T08:21:41+00:00\",\"dateModified\":\"2025-09-05T08:31:14+00:00\",\"mainEntityOfPage\":{\"@id\":\"https:\\\/\\\/www.sv-freiendiez.de\\\/?p=4862\"},\"wordCount\":282,\"publisher\":{\"@id\":\"https:\\\/\\\/www.sv-freiendiez.de\\\/#organization\"},\"image\":{\"@id\":\"https:\\\/\\\/www.sv-freiendiez.de\\\/?p=4862#primaryimage\"},\"thumbnailUrl\":\"https:\\\/\\\/www.sv-freiendiez.de\\\/wp-content\\\/uploads\\\/2025\\\/09\\\/schuetzenkoenig25-1024x768.jpg\",\"articleSection\":[\"K\u00f6nigsschie\u00dfen\",\"Veranstaltungen\"],\"inLanguage\":\"de\"},{\"@type\":\"WebPage\",\"@id\":\"https:\\\/\\\/www.sv-freiendiez.de\\\/?p=4862\",\"url\":\"https:\\\/\\\/www.sv-freiendiez.de\\\/?p=4862\",\"name\":\"K\u00f6nigsschie\u00dfen 2025 - SV Diez-Freiendiez 1928 e.V.\",\"isPartOf\":{\"@id\":\"https:\\\/\\\/www.sv-freiendiez.de\\\/#website\"},\"primaryImageOfPage\":{\"@id\":\"https:\\\/\\\/www.sv-freiendiez.de\\\/?p=4862#primaryimage\"},\"image\":{\"@id\":\"https:\\\/\\\/www.sv-freiendiez.de\\\/?p=4862#primaryimage\"},\"thumbnailUrl\":\"https:\\\/\\\/www.sv-freiendiez.de\\\/wp-content\\\/uploads\\\/2025\\\/09\\\/schuetzenkoenig25-1024x768.jpg\",\"datePublished\":\"2025-09-05T08:21:41+00:00\",\"dateModified\":\"2025-09-05T08:31:14+00:00\",\"breadcrumb\":{\"@id\":\"https:\\\/\\\/www.sv-freiendiez.de\\\/?p=4862#breadcrumb\"},\"inLanguage\":\"de\",\"potentialAction\":[{\"@type\":\"ReadAction\",\"target\":[\"https:\\\/\\\/www.sv-freiendiez.de\\\/?p=4862\"]}]},{\"@type\":\"ImageObject\",\"inLanguage\":\"de\",\"@id\":\"https:\\\/\\\/www.sv-freiendiez.de\\\/?p=4862#primaryimage\",\"url\":\"https:\\\/\\\/www.sv-freiendiez.de\\\/wp-content\\\/uploads\\\/2025\\\/09\\\/schuetzenkoenig25.jpg\",\"contentUrl\":\"https:\\\/\\\/www.sv-freiendiez.de\\\/wp-content\\\/uploads\\\/2025\\\/09\\\/schuetzenkoenig25.jpg\",\"width\":1280,\"height\":960,\"caption\":\"(C) SV Diez-Freiendiez 1928 e.V. - v.l.n.r.: 2. Ritter Mafred Tremper, Sch\u00fctzenk\u00f6nig H\u00fcseyin \u00dcnal, 1. Ritter Thomas Tanklay\"},{\"@type\":\"BreadcrumbList\",\"@id\":\"https:\\\/\\\/www.sv-freiendiez.de\\\/?p=4862#breadcrumb\",\"itemListElement\":[{\"@type\":\"ListItem\",\"position\":1,\"name\":\"Startseite\",\"item\":\"https:\\\/\\\/www.sv-freiendiez.de\\\/\"},{\"@type\":\"ListItem\",\"position\":2,\"name\":\"K\u00f6nigsschie\u00dfen 2025\"}]},{\"@type\":\"WebSite\",\"@id\":\"https:\\\/\\\/www.sv-freiendiez.de\\\/#website\",\"url\":\"https:\\\/\\\/www.sv-freiendiez.de\\\/\",\"name\":\"SV Diez-Freiendiez 1928 e.V.\",\"description\":\"Sch\u00fctzenverein Diez-Freiendiez 1928 e.V.\",\"publisher\":{\"@id\":\"https:\\\/\\\/www.sv-freiendiez.de\\\/#organization\"},\"potentialAction\":[{\"@type\":\"SearchAction\",\"target\":{\"@type\":\"EntryPoint\",\"urlTemplate\":\"https:\\\/\\\/www.sv-freiendiez.de\\\/?s={search_term_string}\"},\"query-input\":{\"@type\":\"PropertyValueSpecification\",\"valueRequired\":true,\"valueName\":\"search_term_string\"}}],\"inLanguage\":\"de\"},{\"@type\":\"Organization\",\"@id\":\"https:\\\/\\\/www.sv-freiendiez.de\\\/#organization\",\"name\":\"SV Diez-Freiendiez 1928 e.V.\",\"url\":\"https:\\\/\\\/www.sv-freiendiez.de\\\/\",\"logo\":{\"@type\":\"ImageObject\",\"inLanguage\":\"de\",\"@id\":\"https:\\\/\\\/www.sv-freiendiez.de\\\/#\\\/schema\\\/logo\\\/image\\\/\",\"url\":\"https:\\\/\\\/www.sv-freiendiez.de\\\/wp-content\\\/uploads\\\/2016\\\/12\\\/cropped-wappen250.png\",\"contentUrl\":\"https:\\\/\\\/www.sv-freiendiez.de\\\/wp-content\\\/uploads\\\/2016\\\/12\\\/cropped-wappen250.png\",\"width\":250,\"height\":250,\"caption\":\"SV Diez-Freiendiez 1928 e.V.\"},\"image\":{\"@id\":\"https:\\\/\\\/www.sv-freiendiez.de\\\/#\\\/schema\\\/logo\\\/image\\\/\"},\"sameAs\":[\"https:\\\/\\\/www.facebook.com\\\/svfreiendiez\\\/\"]},{\"@type\":\"Person\",\"@id\":\"https:\\\/\\\/www.sv-freiendiez.de\\\/#\\\/schema\\\/person\\\/e506fdcfcb3a8d0b33fb2982e44b9b79\",\"name\":\"editor\",\"image\":{\"@type\":\"ImageObject\",\"inLanguage\":\"de\",\"@id\":\"https:\\\/\\\/secure.gravatar.com\\\/avatar\\\/2e61a0e3091a1495360fb924e613dd25bace1d4a95a687bd9add8c68191636ff?s=96&d=mm&r=g\",\"url\":\"https:\\\/\\\/secure.gravatar.com\\\/avatar\\\/2e61a0e3091a1495360fb924e613dd25bace1d4a95a687bd9add8c68191636ff?s=96&d=mm&r=g\",\"contentUrl\":\"https:\\\/\\\/secure.gravatar.com\\\/avatar\\\/2e61a0e3091a1495360fb924e613dd25bace1d4a95a687bd9add8c68191636ff?s=96&d=mm&r=g\",\"caption\":\"editor\"},\"url\":\"https:\\\/\\\/www.sv-freiendiez.de\\\/?author=1\"}]}<\/script>\n<!-- \/ Yoast SEO plugin. -->","yoast_head_json":{"title":"K\u00f6nigsschie\u00dfen 2025 - SV Diez-Freiendiez 1928 e.V.","robots":{"index":"index","follow":"follow","max-snippet":"max-snippet:-1","max-image-preview":"max-image-preview:large","max-video-preview":"max-video-preview:-1"},"canonical":"https:\/\/www.sv-freiendiez.de\/?p=4862","og_locale":"de_DE","og_type":"article","og_title":"K\u00f6nigsschie\u00dfen 2025 - SV Diez-Freiendiez 1928 e.V.","og_description":"Wenn der Parkplatz am Sch\u00fctzenhaus in Freiendiez am Sonntag voller ist als sonst \u2013 dann kann das nur eines bedeuten: Wir schie\u00dfen unseren Sch\u00fctzenk\u00f6nig:in aus! F\u00fcr 9 Uhr hatte die amtierende Sch\u00fctzenk\u00f6nigen Meltem Tanklay ihr Gefolge zum Fr\u00fchst\u00fcck geladen, damit alle um 10 Uhr gest\u00e4rkt in den Wettbewerb gehen konnten. Insgesamt 25 Sch\u00fctzen bewarben sich &hellip; \u201eK\u00f6nigsschie\u00dfen 2025\u201c weiterlesen","og_url":"https:\/\/www.sv-freiendiez.de\/?p=4862","og_site_name":"SV Diez-Freiendiez 1928 e.V.","article_publisher":"https:\/\/www.facebook.com\/svfreiendiez\/","article_published_time":"2025-09-05T08:21:41+00:00","article_modified_time":"2025-09-05T08:31:14+00:00","og_image":[{"width":1280,"height":960,"url":"https:\/\/www.sv-freiendiez.de\/wp-content\/uploads\/2025\/09\/schuetzenkoenig25.jpg","type":"image\/jpeg"}],"author":"editor","twitter_card":"summary_large_image","twitter_misc":{"Verfasst von":"editor","Gesch\u00e4tzte Lesezeit":"2\u00a0Minuten"},"schema":{"@context":"https:\/\/schema.org","@graph":[{"@type":"Article","@id":"https:\/\/www.sv-freiendiez.de\/?p=4862#article","isPartOf":{"@id":"https:\/\/www.sv-freiendiez.de\/?p=4862"},"author":{"name":"editor","@id":"https:\/\/www.sv-freiendiez.de\/#\/schema\/person\/e506fdcfcb3a8d0b33fb2982e44b9b79"},"headline":"K\u00f6nigsschie\u00dfen 2025","datePublished":"2025-09-05T08:21:41+00:00","dateModified":"2025-09-05T08:31:14+00:00","mainEntityOfPage":{"@id":"https:\/\/www.sv-freiendiez.de\/?p=4862"},"wordCount":282,"publisher":{"@id":"https:\/\/www.sv-freiendiez.de\/#organization"},"image":{"@id":"https:\/\/www.sv-freiendiez.de\/?p=4862#primaryimage"},"thumbnailUrl":"https:\/\/www.sv-freiendiez.de\/wp-content\/uploads\/2025\/09\/schuetzenkoenig25-1024x768.jpg","articleSection":["K\u00f6nigsschie\u00dfen","Veranstaltungen"],"inLanguage":"de"},{"@type":"WebPage","@id":"https:\/\/www.sv-freiendiez.de\/?p=4862","url":"https:\/\/www.sv-freiendiez.de\/?p=4862","name":"K\u00f6nigsschie\u00dfen 2025 - SV Diez-Freiendiez 1928 e.V.","isPartOf":{"@id":"https:\/\/www.sv-freiendiez.de\/#website"},"primaryImageOfPage":{"@id":"https:\/\/www.sv-freiendiez.de\/?p=4862#primaryimage"},"image":{"@id":"https:\/\/www.sv-freiendiez.de\/?p=4862#primaryimage"},"thumbnailUrl":"https:\/\/www.sv-freiendiez.de\/wp-content\/uploads\/2025\/09\/schuetzenkoenig25-1024x768.jpg","datePublished":"2025-09-05T08:21:41+00:00","dateModified":"2025-09-05T08:31:14+00:00","breadcrumb":{"@id":"https:\/\/www.sv-freiendiez.de\/?p=4862#breadcrumb"},"inLanguage":"de","potentialAction":[{"@type":"ReadAction","target":["https:\/\/www.sv-freiendiez.de\/?p=4862"]}]},{"@type":"ImageObject","inLanguage":"de","@id":"https:\/\/www.sv-freiendiez.de\/?p=4862#primaryimage","url":"https:\/\/www.sv-freiendiez.de\/wp-content\/uploads\/2025\/09\/schuetzenkoenig25.jpg","contentUrl":"https:\/\/www.sv-freiendiez.de\/wp-content\/uploads\/2025\/09\/schuetzenkoenig25.jpg","width":1280,"height":960,"caption":"(C) SV Diez-Freiendiez 1928 e.V. - v.l.n.r.: 2. Ritter Mafred Tremper, Sch\u00fctzenk\u00f6nig H\u00fcseyin \u00dcnal, 1. Ritter Thomas Tanklay"},{"@type":"BreadcrumbList","@id":"https:\/\/www.sv-freiendiez.de\/?p=4862#breadcrumb","itemListElement":[{"@type":"ListItem","position":1,"name":"Startseite","item":"https:\/\/www.sv-freiendiez.de\/"},{"@type":"ListItem","position":2,"name":"K\u00f6nigsschie\u00dfen 2025"}]},{"@type":"WebSite","@id":"https:\/\/www.sv-freiendiez.de\/#website","url":"https:\/\/www.sv-freiendiez.de\/","name":"SV Diez-Freiendiez 1928 e.V.","description":"Sch\u00fctzenverein Diez-Freiendiez 1928 e.V.","publisher":{"@id":"https:\/\/www.sv-freiendiez.de\/#organization"},"potentialAction":[{"@type":"SearchAction","target":{"@type":"EntryPoint","urlTemplate":"https:\/\/www.sv-freiendiez.de\/?s={search_term_string}"},"query-input":{"@type":"PropertyValueSpecification","valueRequired":true,"valueName":"search_term_string"}}],"inLanguage":"de"},{"@type":"Organization","@id":"https:\/\/www.sv-freiendiez.de\/#organization","name":"SV Diez-Freiendiez 1928 e.V.","url":"https:\/\/www.sv-freiendiez.de\/","logo":{"@type":"ImageObject","inLanguage":"de","@id":"https:\/\/www.sv-freiendiez.de\/#\/schema\/logo\/image\/","url":"https:\/\/www.sv-freiendiez.de\/wp-content\/uploads\/2016\/12\/cropped-wappen250.png","contentUrl":"https:\/\/www.sv-freiendiez.de\/wp-content\/uploads\/2016\/12\/cropped-wappen250.png","width":250,"height":250,"caption":"SV Diez-Freiendiez 1928 e.V."},"image":{"@id":"https:\/\/www.sv-freiendiez.de\/#\/schema\/logo\/image\/"},"sameAs":["https:\/\/www.facebook.com\/svfreiendiez\/"]},{"@type":"Person","@id":"https:\/\/www.sv-freiendiez.de\/#\/schema\/person\/e506fdcfcb3a8d0b33fb2982e44b9b79","name":"editor","image":{"@type":"ImageObject","inLanguage":"de","@id":"https:\/\/secure.gravatar.com\/avatar\/2e61a0e3091a1495360fb924e613dd25bace1d4a95a687bd9add8c68191636ff?s=96&d=mm&r=g","url":"https:\/\/secure.gravatar.com\/avatar\/2e61a0e3091a1495360fb924e613dd25bace1d4a95a687bd9add8c68191636ff?s=96&d=mm&r=g","contentUrl":"https:\/\/secure.gravatar.com\/avatar\/2e61a0e3091a1495360fb924e613dd25bace1d4a95a687bd9add8c68191636ff?s=96&d=mm&r=g","caption":"editor"},"url":"https:\/\/www.sv-freiendiez.de\/?author=1"}]}},"_links":{"self":[{"href":"https:\/\/www.sv-freiendiez.de\/index.php?rest_route=\/wp\/v2\/posts\/4862","targetHints":{"allow":["GET"]}}],"collection":[{"href":"https:\/\/www.sv-freiendiez.de\/index.php?rest_route=\/wp\/v2\/posts"}],"about":[{"href":"https:\/\/www.sv-freiendiez.de\/index.php?rest_route=\/wp\/v2\/types\/post"}],"author":[{"embeddable":true,"href":"https:\/\/www.sv-freiendiez.de\/index.php?rest_route=\/wp\/v2\/users\/1"}],"replies":[{"embeddable":true,"href":"https:\/\/www.sv-freiendiez.de\/index.php?rest_route=%2Fwp%2Fv2%2Fcomments&post=4862"}],"version-history":[{"count":3,"href":"https:\/\/www.sv-freiendiez.de\/index.php?rest_route=\/wp\/v2\/posts\/4862\/revisions"}],"predecessor-version":[{"id":4865,"href":"https:\/\/www.sv-freiendiez.de\/index.php?rest_route=\/wp\/v2\/posts\/4862\/revisions\/4865"}],"wp:attachment":[{"href":"https:\/\/www.sv-freiendiez.de\/index.php?rest_route=%2Fwp%2Fv2%2Fmedia&parent=4862"}],"wp:term":[{"taxonomy":"category","embeddable":true,"href":"https:\/\/www.sv-freiendiez.de\/index.php?rest_route=%2Fwp%2Fv2%2Fcategories&post=4862"},{"taxonomy":"post_tag","embeddable":true,"href":"https:\/\/www.sv-freiendiez.de\/index.php?rest_route=%2Fwp%2Fv2%2Ftags&post=4862"}],"curies":[{"name":"wp","href":"https:\/\/api.w.org\/{rel}","templated":true}]}}