{"id":4829,"date":"2025-05-22T20:00:10","date_gmt":"2025-05-22T18:00:10","guid":{"rendered":"https:\/\/www.sv-freiendiez.de\/?p=4829"},"modified":"2025-05-22T20:05:26","modified_gmt":"2025-05-22T18:05:26","slug":"erfolgreiche-wochenenden-bei-den-landesmeisterschaften","status":"publish","type":"post","link":"https:\/\/www.sv-freiendiez.de\/?p=4829","title":{"rendered":"Erfolgreiche Wochenenden bei den Landesmeisterschaften"},"content":{"rendered":"<p style=\"text-align: justify;\"><strong>Zweites und Drittes Wochenende bei den Landesmeisterschaften des Rheinischen Sch\u00fctzenbundes 2025 f\u00fcr die Sportsch\u00fctzen des Sch\u00fctzenvereins Diez-Freiendiez mit der Pistole erneut sehr erfolgreich und Europa-Cup Siege in Suhl f\u00fcr Patrick Meyer<\/strong><\/p>\n<p style=\"text-align: justify;\">Bereits am ersten Wochenende der Landesmeisterschaften der Sportsch\u00fctzen des Rheinischen Sch\u00fctzenbundes 2025 (am 26.\/27. April) hatten die Sportsch\u00fctzen des Sch\u00fctzenvereins Diez-Freiendiez die ersten Titel und Medaillen in den 25m Disziplinen Zentralfeuer- und Standardpistole errungen.<!--more--><\/p>\n<p style=\"text-align: justify;\">Ein Wochenende danach trafen sich die 10m Luftpistolensch\u00fctzen des Rheinischen Sch\u00fctzenbundes zu ihrer Landesmeisterschaft im Leistungszentrum des Westf\u00e4lischen Sch\u00fctzenbundes in Dortmund. Mit dabei waren auch zwei Sch\u00fctzen des SV Diez-Freiendiez. Am Samstag den 3.Mai ging der 15-j\u00e4hrige <strong>Paul Rutz<\/strong> in der Jugendklasse an den Start und zeigte, dass er auch das 40 Schuss Programm mit Ausdauer bestehen kann (im Vorjahr musste er bei den Meisterschaften noch 20 Wettkampfsch\u00fcsse in der Sch\u00fclerklasse abgeben). Paul erzielte mit 342 Ringe die gleiche Ringzahl wie der sp\u00e4tere Sieger, der aber eine h\u00f6here \u201eletzte 10-er Serie\u201c aufwies und belegte damit den 2. Platz. Paul \u00fcbertraf mit seiner Ringzahl aber die Qualifikationsringzahl f\u00fcr die Zulassung zur Deutschen Meisterschaft des letzten Jahres um 5 Ringe und hat sich damit (voraussichtlich) f\u00fcr die Deutsche Meisterschaft 2025 qualifiziert.&nbsp;<\/p>\n<p>Am Sonntag den 4.Mai ging dann <strong>Fabian Geiter<\/strong>, der erst vor etwa einem Jahr mit dem Sportschie\u00dfen mit der Luftpistole begonnen hat, in Dortmund an den Start. Er absolviert sein 40-Schuss-Programm mit konstant guten Einzelserien und belegte mit insgesamt 346 Ringen in der Klasse Herren I den 35.Platz von insgesamt 47 Teilnehmern in seiner Klasse.<\/p>\n<p style=\"text-align: justify;\">Ein weiteres Wochenende sp\u00e4ter (am 10. und 11. Mai) hatten die Freiendiezer Sportsch\u00fctzen <strong>Patrick Meyer<\/strong> und <strong>Pierre Michel<\/strong> bereits ihren n\u00e4chsten sportlichen Einsatz. Am ersten <strong>Europacup Wettkampf 2025 in Suhl<\/strong> in Th\u00fcringen nahmen sie f\u00fcr den Deutschen Sch\u00fctzenbund in den 25m Disziplinen Zentralfeuerpistole und Standardpistole teil. In beiden Wettk\u00e4mpfen siegte Patrick Meyer in der Einzelwertung. Pierre Michel belegte mit der Zentralfeuerpistole in der Einzelwertung den sechsten Rang. Mit diesen tollen Einzel-Platzierungen qualifizierten sich beide Sch\u00fctzen in beiden Disziplinen bereits im ersten von insgesamt vier Qualifikations-Wettk\u00e4mpfen f\u00fcr das Europacup-Finale, das Ende September 2025 in Sofia (Bulgarien) stattfindet. &nbsp;&nbsp;&nbsp;<\/p>\n<p>Mit der Nationalmannschaft des Deutschen Sch\u00fctzenbundes belegten Patrick und Pierre in Suhl mit der Zentralfeuerpistole \u2013 nur einen Ring hinter der Mannschaft von Frankreich I \u2013 den zweiten Platz in der Mannschaftswertung. Und mit dem 3. Platz mit der Standardpistolen-Mannschaft rundeten sie \u2013 und insbesondere Patrick Meyer \u2013 ihr \u00fcberaus erfolgreiches Abschneiden beim Europacup-Wettkampf in Suhl ab.<\/p>\n<p style=\"text-align: justify;\">Bereits ein weiteres Wochenende danach (am 17. und 18. Mai) fanden weitere Landesmeisterschaften f\u00fcr die Freiendiezer Sportsch\u00fctzen statt. In Bingen gingen am 17.Mai die besten Schnellfeuerpistolen Sch\u00fctzen des Rheinischen Sch\u00fctzenbundes in den Kalibern 22lang und 22kurz an den Start. Mit den Sportsch\u00fctzen <strong>Ingo Rutz<\/strong>, <strong>Thomas Rodenkirchen<\/strong> und <strong>Pierre Michel<\/strong> stellte der SV Diez-Freiendiez in beiden Disziplinen jeweils eine Mannschaft. Und wieder gab es Medaillen. Insgesamt vier Landesmeistertitel, zwei Zweite Pl\u00e4tze und einen Dritten Platz konnten die Freiendiezer Sportsch\u00fctzen an diesem Tag erk\u00e4mpfen.&nbsp;<\/p>\n<p>Erfolgreichster Sch\u00fctze in den Schnellfeuerdisziplinen mit 4 Goldmedaillen wurde <strong>Ingo Rutz<\/strong>. In der Einzelwertung wurde er zweifacher Landesmeister in der Klasse Herren III, wobei er mit der Schnellfeuerpistole im Kaliber .22kurz mit 566 Ringen einen neuen Landesrekord aufstellte. Und mit den beiden Mannschaften erhielt Ingo in der Klasse Herren I zwei weitere Goldmedaillen.&nbsp;&nbsp;&nbsp;&nbsp;&nbsp;<\/p>\n<p><strong>Thomas Rodenkirchen<\/strong> belegte neben den beiden Landesmeistertiteln mit den Mannschaften in der Einzelwertung der Klasse Herren III mit dem Kaliber 22lang noch eine Silbermedaille und mit dem Kaliber 22kurz einen Dritten Platz.<\/p>\n<p>Und auch der dritte Schnellfeuerpistolen Sch\u00fctze des SV Diez-Freiendiez ging nicht leer aus. <strong>Pierre Michel<\/strong> erhielt neben den beiden Goldmedaillen f\u00fcr die Mannschaftswertungen in der Klasse Herren I noch eine Silbermedaille in der Klasse Herren II mit dem Kaliber 22kurz.<\/p>\n<p>Am Sonntag den 18.Mai wurde dann erneut in Bingen die vorerst letzte Landesmeisterschaft 2025 des Rheinischen Sch\u00fctzenbundes ausgetragen.&nbsp;&nbsp;&nbsp;&nbsp;&nbsp;<br \/>\n&nbsp;&nbsp;&nbsp;&nbsp;<br \/>\nAn diesem Tag waren die Sportler in der Disziplin 25m Pistole und in den Klassen Herren I und II am Start. Und erneut waren die \u201ePistolen-Kadersch\u00fctzen\u201c des SV Diez-Freiendiez \u2013 <strong>Patrick Meyer<\/strong>, <strong>Torben Engel<\/strong> und <strong>Pierre Michel<\/strong> \u2013 mit einer Mannschaft am Start. <strong>Pierre Michel<\/strong> startete als erster Mannschaftssch\u00fctze und beendete sein 60-Schuss Programm mit guten 560 Ringen, was ihm am Ende die Silbermedaille in der Einzelwertung der Klasse Herren II bescherte. Als zweiter Mannschaftssch\u00fctze war <strong>Torben Engel<\/strong> an der Reihe, der mit 571 Ringen das Einzel Niveau bereits deutlich anhob und der nach Ende dieser Meisterschaft die Goldmedaille in der Einzelwertung der Klasse Herren II errang. Aber dann startete der derzeit beste und erfolgreichste Pistolensch\u00fctze des SV Diez-Freiendiez <strong>Patrick Meyer<\/strong>. Und Patrick schraubte das Bestergebnis auf hervorragende 586 Ringe. Damit wurde er Landesmeister in der Klasse Herren I und stellte damit zugleich einen neuen Landesrekord auf.&nbsp; Die Mannschaft wurde mit 1.717 Ringen Landesmeister.<\/p>\n<p style=\"text-align: justify;\">(Nach derzeitigem Stand hat der SV Diez-Freiendiez bei den Landesmeisterschaften 2025:&nbsp;&nbsp;&nbsp; 12 Gold-, 6 Silber- und 5 Bronzemedaillen gewonnen sowie 3 neue Landesrekorde aufgestellt.)<\/p>\n<p>Bericht von Viktor Engel<\/p>\n","protected":false},"excerpt":{"rendered":"<p>Zweites und Drittes Wochenende bei den Landesmeisterschaften des Rheinischen Sch\u00fctzenbundes 2025 f\u00fcr die Sportsch\u00fctzen des Sch\u00fctzenvereins Diez-Freiendiez mit der Pistole erneut sehr erfolgreich und Europa-Cup Siege in Suhl f\u00fcr Patrick Meyer Bereits am ersten Wochenende der Landesmeisterschaften der Sportsch\u00fctzen des Rheinischen Sch\u00fctzenbundes 2025 (am 26.\/27. April) hatten die Sportsch\u00fctzen des Sch\u00fctzenvereins Diez-Freiendiez die ersten Titel &hellip; <\/p>\n<p class=\"link-more\"><a href=\"https:\/\/www.sv-freiendiez.de\/?p=4829\" class=\"more-link\"><span class=\"screen-reader-text\">\u201eErfolgreiche Wochenenden bei den Landesmeisterschaften\u201c<\/span> weiterlesen<\/a><\/p>\n","protected":false},"author":1,"featured_media":0,"comment_status":"closed","ping_status":"closed","sticky":false,"template":"","format":"standard","meta":{"ngg_post_thumbnail":0,"footnotes":""},"categories":[7,29],"tags":[],"class_list":["post-4829","post","type-post","status-publish","format-standard","hentry","category-ergebnisse","category-landesverbandsmeisterschaften-rsb"],"yoast_head":"<!-- This site is optimized with the Yoast SEO plugin v27.5 - https:\/\/yoast.com\/product\/yoast-seo-wordpress\/ -->\n<title>Erfolgreiche Wochenenden bei den Landesmeisterschaften - SV Diez-Freiendiez 1928 e.V.<\/title>\n<meta name=\"robots\" content=\"index, follow, max-snippet:-1, max-image-preview:large, max-video-preview:-1\" \/>\n<link rel=\"canonical\" href=\"https:\/\/www.sv-freiendiez.de\/?p=4829\" \/>\n<meta property=\"og:locale\" content=\"de_DE\" \/>\n<meta property=\"og:type\" content=\"article\" \/>\n<meta property=\"og:title\" content=\"Erfolgreiche Wochenenden bei den Landesmeisterschaften - SV Diez-Freiendiez 1928 e.V.\" \/>\n<meta property=\"og:description\" content=\"Zweites und Drittes Wochenende bei den Landesmeisterschaften des Rheinischen Sch\u00fctzenbundes 2025 f\u00fcr die Sportsch\u00fctzen des Sch\u00fctzenvereins Diez-Freiendiez mit der Pistole erneut sehr erfolgreich und Europa-Cup Siege in Suhl f\u00fcr Patrick Meyer Bereits am ersten Wochenende der Landesmeisterschaften der Sportsch\u00fctzen des Rheinischen Sch\u00fctzenbundes 2025 (am 26.\/27. April) hatten die Sportsch\u00fctzen des Sch\u00fctzenvereins Diez-Freiendiez die ersten Titel &hellip; \u201eErfolgreiche Wochenenden bei den Landesmeisterschaften\u201c weiterlesen\" \/>\n<meta property=\"og:url\" content=\"https:\/\/www.sv-freiendiez.de\/?p=4829\" \/>\n<meta property=\"og:site_name\" content=\"SV Diez-Freiendiez 1928 e.V.\" \/>\n<meta property=\"article:publisher\" content=\"https:\/\/www.facebook.com\/svfreiendiez\/\" \/>\n<meta property=\"article:published_time\" content=\"2025-05-22T18:00:10+00:00\" \/>\n<meta property=\"article:modified_time\" content=\"2025-05-22T18:05:26+00:00\" \/>\n<meta name=\"author\" content=\"editor\" \/>\n<meta name=\"twitter:card\" content=\"summary_large_image\" \/>\n<meta name=\"twitter:label1\" content=\"Verfasst von\" \/>\n\t<meta name=\"twitter:data1\" content=\"editor\" \/>\n\t<meta name=\"twitter:label2\" content=\"Gesch\u00e4tzte Lesezeit\" \/>\n\t<meta name=\"twitter:data2\" content=\"5\u00a0Minuten\" \/>\n<script type=\"application\/ld+json\" class=\"yoast-schema-graph\">{\"@context\":\"https:\\\/\\\/schema.org\",\"@graph\":[{\"@type\":\"Article\",\"@id\":\"https:\\\/\\\/www.sv-freiendiez.de\\\/?p=4829#article\",\"isPartOf\":{\"@id\":\"https:\\\/\\\/www.sv-freiendiez.de\\\/?p=4829\"},\"author\":{\"name\":\"editor\",\"@id\":\"https:\\\/\\\/www.sv-freiendiez.de\\\/#\\\/schema\\\/person\\\/e506fdcfcb3a8d0b33fb2982e44b9b79\"},\"headline\":\"Erfolgreiche Wochenenden bei den Landesmeisterschaften\",\"datePublished\":\"2025-05-22T18:00:10+00:00\",\"dateModified\":\"2025-05-22T18:05:26+00:00\",\"mainEntityOfPage\":{\"@id\":\"https:\\\/\\\/www.sv-freiendiez.de\\\/?p=4829\"},\"wordCount\":850,\"publisher\":{\"@id\":\"https:\\\/\\\/www.sv-freiendiez.de\\\/#organization\"},\"articleSection\":[\"Ergebnisse\",\"Landesverbandsmeisterschaften RSB\"],\"inLanguage\":\"de\"},{\"@type\":\"WebPage\",\"@id\":\"https:\\\/\\\/www.sv-freiendiez.de\\\/?p=4829\",\"url\":\"https:\\\/\\\/www.sv-freiendiez.de\\\/?p=4829\",\"name\":\"Erfolgreiche Wochenenden bei den Landesmeisterschaften - SV Diez-Freiendiez 1928 e.V.\",\"isPartOf\":{\"@id\":\"https:\\\/\\\/www.sv-freiendiez.de\\\/#website\"},\"datePublished\":\"2025-05-22T18:00:10+00:00\",\"dateModified\":\"2025-05-22T18:05:26+00:00\",\"breadcrumb\":{\"@id\":\"https:\\\/\\\/www.sv-freiendiez.de\\\/?p=4829#breadcrumb\"},\"inLanguage\":\"de\",\"potentialAction\":[{\"@type\":\"ReadAction\",\"target\":[\"https:\\\/\\\/www.sv-freiendiez.de\\\/?p=4829\"]}]},{\"@type\":\"BreadcrumbList\",\"@id\":\"https:\\\/\\\/www.sv-freiendiez.de\\\/?p=4829#breadcrumb\",\"itemListElement\":[{\"@type\":\"ListItem\",\"position\":1,\"name\":\"Startseite\",\"item\":\"https:\\\/\\\/www.sv-freiendiez.de\\\/\"},{\"@type\":\"ListItem\",\"position\":2,\"name\":\"Erfolgreiche Wochenenden bei den Landesmeisterschaften\"}]},{\"@type\":\"WebSite\",\"@id\":\"https:\\\/\\\/www.sv-freiendiez.de\\\/#website\",\"url\":\"https:\\\/\\\/www.sv-freiendiez.de\\\/\",\"name\":\"SV Diez-Freiendiez 1928 e.V.\",\"description\":\"Sch\u00fctzenverein Diez-Freiendiez 1928 e.V.\",\"publisher\":{\"@id\":\"https:\\\/\\\/www.sv-freiendiez.de\\\/#organization\"},\"potentialAction\":[{\"@type\":\"SearchAction\",\"target\":{\"@type\":\"EntryPoint\",\"urlTemplate\":\"https:\\\/\\\/www.sv-freiendiez.de\\\/?s={search_term_string}\"},\"query-input\":{\"@type\":\"PropertyValueSpecification\",\"valueRequired\":true,\"valueName\":\"search_term_string\"}}],\"inLanguage\":\"de\"},{\"@type\":\"Organization\",\"@id\":\"https:\\\/\\\/www.sv-freiendiez.de\\\/#organization\",\"name\":\"SV Diez-Freiendiez 1928 e.V.\",\"url\":\"https:\\\/\\\/www.sv-freiendiez.de\\\/\",\"logo\":{\"@type\":\"ImageObject\",\"inLanguage\":\"de\",\"@id\":\"https:\\\/\\\/www.sv-freiendiez.de\\\/#\\\/schema\\\/logo\\\/image\\\/\",\"url\":\"https:\\\/\\\/www.sv-freiendiez.de\\\/wp-content\\\/uploads\\\/2016\\\/12\\\/cropped-wappen250.png\",\"contentUrl\":\"https:\\\/\\\/www.sv-freiendiez.de\\\/wp-content\\\/uploads\\\/2016\\\/12\\\/cropped-wappen250.png\",\"width\":250,\"height\":250,\"caption\":\"SV Diez-Freiendiez 1928 e.V.\"},\"image\":{\"@id\":\"https:\\\/\\\/www.sv-freiendiez.de\\\/#\\\/schema\\\/logo\\\/image\\\/\"},\"sameAs\":[\"https:\\\/\\\/www.facebook.com\\\/svfreiendiez\\\/\"]},{\"@type\":\"Person\",\"@id\":\"https:\\\/\\\/www.sv-freiendiez.de\\\/#\\\/schema\\\/person\\\/e506fdcfcb3a8d0b33fb2982e44b9b79\",\"name\":\"editor\",\"image\":{\"@type\":\"ImageObject\",\"inLanguage\":\"de\",\"@id\":\"https:\\\/\\\/secure.gravatar.com\\\/avatar\\\/2e61a0e3091a1495360fb924e613dd25bace1d4a95a687bd9add8c68191636ff?s=96&d=mm&r=g\",\"url\":\"https:\\\/\\\/secure.gravatar.com\\\/avatar\\\/2e61a0e3091a1495360fb924e613dd25bace1d4a95a687bd9add8c68191636ff?s=96&d=mm&r=g\",\"contentUrl\":\"https:\\\/\\\/secure.gravatar.com\\\/avatar\\\/2e61a0e3091a1495360fb924e613dd25bace1d4a95a687bd9add8c68191636ff?s=96&d=mm&r=g\",\"caption\":\"editor\"},\"url\":\"https:\\\/\\\/www.sv-freiendiez.de\\\/?author=1\"}]}<\/script>\n<!-- \/ Yoast SEO plugin. -->","yoast_head_json":{"title":"Erfolgreiche Wochenenden bei den Landesmeisterschaften - SV Diez-Freiendiez 1928 e.V.","robots":{"index":"index","follow":"follow","max-snippet":"max-snippet:-1","max-image-preview":"max-image-preview:large","max-video-preview":"max-video-preview:-1"},"canonical":"https:\/\/www.sv-freiendiez.de\/?p=4829","og_locale":"de_DE","og_type":"article","og_title":"Erfolgreiche Wochenenden bei den Landesmeisterschaften - SV Diez-Freiendiez 1928 e.V.","og_description":"Zweites und Drittes Wochenende bei den Landesmeisterschaften des Rheinischen Sch\u00fctzenbundes 2025 f\u00fcr die Sportsch\u00fctzen des Sch\u00fctzenvereins Diez-Freiendiez mit der Pistole erneut sehr erfolgreich und Europa-Cup Siege in Suhl f\u00fcr Patrick Meyer Bereits am ersten Wochenende der Landesmeisterschaften der Sportsch\u00fctzen des Rheinischen Sch\u00fctzenbundes 2025 (am 26.\/27. April) hatten die Sportsch\u00fctzen des Sch\u00fctzenvereins Diez-Freiendiez die ersten Titel &hellip; \u201eErfolgreiche Wochenenden bei den Landesmeisterschaften\u201c weiterlesen","og_url":"https:\/\/www.sv-freiendiez.de\/?p=4829","og_site_name":"SV Diez-Freiendiez 1928 e.V.","article_publisher":"https:\/\/www.facebook.com\/svfreiendiez\/","article_published_time":"2025-05-22T18:00:10+00:00","article_modified_time":"2025-05-22T18:05:26+00:00","author":"editor","twitter_card":"summary_large_image","twitter_misc":{"Verfasst von":"editor","Gesch\u00e4tzte Lesezeit":"5\u00a0Minuten"},"schema":{"@context":"https:\/\/schema.org","@graph":[{"@type":"Article","@id":"https:\/\/www.sv-freiendiez.de\/?p=4829#article","isPartOf":{"@id":"https:\/\/www.sv-freiendiez.de\/?p=4829"},"author":{"name":"editor","@id":"https:\/\/www.sv-freiendiez.de\/#\/schema\/person\/e506fdcfcb3a8d0b33fb2982e44b9b79"},"headline":"Erfolgreiche Wochenenden bei den Landesmeisterschaften","datePublished":"2025-05-22T18:00:10+00:00","dateModified":"2025-05-22T18:05:26+00:00","mainEntityOfPage":{"@id":"https:\/\/www.sv-freiendiez.de\/?p=4829"},"wordCount":850,"publisher":{"@id":"https:\/\/www.sv-freiendiez.de\/#organization"},"articleSection":["Ergebnisse","Landesverbandsmeisterschaften RSB"],"inLanguage":"de"},{"@type":"WebPage","@id":"https:\/\/www.sv-freiendiez.de\/?p=4829","url":"https:\/\/www.sv-freiendiez.de\/?p=4829","name":"Erfolgreiche Wochenenden bei den Landesmeisterschaften - SV Diez-Freiendiez 1928 e.V.","isPartOf":{"@id":"https:\/\/www.sv-freiendiez.de\/#website"},"datePublished":"2025-05-22T18:00:10+00:00","dateModified":"2025-05-22T18:05:26+00:00","breadcrumb":{"@id":"https:\/\/www.sv-freiendiez.de\/?p=4829#breadcrumb"},"inLanguage":"de","potentialAction":[{"@type":"ReadAction","target":["https:\/\/www.sv-freiendiez.de\/?p=4829"]}]},{"@type":"BreadcrumbList","@id":"https:\/\/www.sv-freiendiez.de\/?p=4829#breadcrumb","itemListElement":[{"@type":"ListItem","position":1,"name":"Startseite","item":"https:\/\/www.sv-freiendiez.de\/"},{"@type":"ListItem","position":2,"name":"Erfolgreiche Wochenenden bei den Landesmeisterschaften"}]},{"@type":"WebSite","@id":"https:\/\/www.sv-freiendiez.de\/#website","url":"https:\/\/www.sv-freiendiez.de\/","name":"SV Diez-Freiendiez 1928 e.V.","description":"Sch\u00fctzenverein Diez-Freiendiez 1928 e.V.","publisher":{"@id":"https:\/\/www.sv-freiendiez.de\/#organization"},"potentialAction":[{"@type":"SearchAction","target":{"@type":"EntryPoint","urlTemplate":"https:\/\/www.sv-freiendiez.de\/?s={search_term_string}"},"query-input":{"@type":"PropertyValueSpecification","valueRequired":true,"valueName":"search_term_string"}}],"inLanguage":"de"},{"@type":"Organization","@id":"https:\/\/www.sv-freiendiez.de\/#organization","name":"SV Diez-Freiendiez 1928 e.V.","url":"https:\/\/www.sv-freiendiez.de\/","logo":{"@type":"ImageObject","inLanguage":"de","@id":"https:\/\/www.sv-freiendiez.de\/#\/schema\/logo\/image\/","url":"https:\/\/www.sv-freiendiez.de\/wp-content\/uploads\/2016\/12\/cropped-wappen250.png","contentUrl":"https:\/\/www.sv-freiendiez.de\/wp-content\/uploads\/2016\/12\/cropped-wappen250.png","width":250,"height":250,"caption":"SV Diez-Freiendiez 1928 e.V."},"image":{"@id":"https:\/\/www.sv-freiendiez.de\/#\/schema\/logo\/image\/"},"sameAs":["https:\/\/www.facebook.com\/svfreiendiez\/"]},{"@type":"Person","@id":"https:\/\/www.sv-freiendiez.de\/#\/schema\/person\/e506fdcfcb3a8d0b33fb2982e44b9b79","name":"editor","image":{"@type":"ImageObject","inLanguage":"de","@id":"https:\/\/secure.gravatar.com\/avatar\/2e61a0e3091a1495360fb924e613dd25bace1d4a95a687bd9add8c68191636ff?s=96&d=mm&r=g","url":"https:\/\/secure.gravatar.com\/avatar\/2e61a0e3091a1495360fb924e613dd25bace1d4a95a687bd9add8c68191636ff?s=96&d=mm&r=g","contentUrl":"https:\/\/secure.gravatar.com\/avatar\/2e61a0e3091a1495360fb924e613dd25bace1d4a95a687bd9add8c68191636ff?s=96&d=mm&r=g","caption":"editor"},"url":"https:\/\/www.sv-freiendiez.de\/?author=1"}]}},"_links":{"self":[{"href":"https:\/\/www.sv-freiendiez.de\/index.php?rest_route=\/wp\/v2\/posts\/4829","targetHints":{"allow":["GET"]}}],"collection":[{"href":"https:\/\/www.sv-freiendiez.de\/index.php?rest_route=\/wp\/v2\/posts"}],"about":[{"href":"https:\/\/www.sv-freiendiez.de\/index.php?rest_route=\/wp\/v2\/types\/post"}],"author":[{"embeddable":true,"href":"https:\/\/www.sv-freiendiez.de\/index.php?rest_route=\/wp\/v2\/users\/1"}],"replies":[{"embeddable":true,"href":"https:\/\/www.sv-freiendiez.de\/index.php?rest_route=%2Fwp%2Fv2%2Fcomments&post=4829"}],"version-history":[{"count":2,"href":"https:\/\/www.sv-freiendiez.de\/index.php?rest_route=\/wp\/v2\/posts\/4829\/revisions"}],"predecessor-version":[{"id":4832,"href":"https:\/\/www.sv-freiendiez.de\/index.php?rest_route=\/wp\/v2\/posts\/4829\/revisions\/4832"}],"wp:attachment":[{"href":"https:\/\/www.sv-freiendiez.de\/index.php?rest_route=%2Fwp%2Fv2%2Fmedia&parent=4829"}],"wp:term":[{"taxonomy":"category","embeddable":true,"href":"https:\/\/www.sv-freiendiez.de\/index.php?rest_route=%2Fwp%2Fv2%2Fcategories&post=4829"},{"taxonomy":"post_tag","embeddable":true,"href":"https:\/\/www.sv-freiendiez.de\/index.php?rest_route=%2Fwp%2Fv2%2Ftags&post=4829"}],"curies":[{"name":"wp","href":"https:\/\/api.w.org\/{rel}","templated":true}]}}