{"id":4819,"date":"2025-04-06T16:42:40","date_gmt":"2025-04-06T14:42:40","guid":{"rendered":"https:\/\/www.sv-freiendiez.de\/?p=4819"},"modified":"2025-04-06T16:42:40","modified_gmt":"2025-04-06T14:42:40","slug":"jahreshauptversammlung-mit-rueckblick-auf-sportliche-erfolge","status":"publish","type":"post","link":"https:\/\/www.sv-freiendiez.de\/?p=4819","title":{"rendered":"Jahreshauptversammlung mit R\u00fcckblick auf sportliche Erfolge"},"content":{"rendered":"<p><strong>Der Sch\u00fctzenverein Diez-Freiendiez blickt auf ein erfolgreiches Sport-Jahr mit vielen Erfolgen zur\u00fcck<\/strong><\/p>\n<p style=\"text-align: justify;\">Am 29.03.2025 lud der SV Diez-Freiendiez 1928 e.V. seine Mitglieder zu seiner j\u00e4hrlichen Jahreshauptversammlung. Der 1. Vorsitzende Holger L\u00f6ber er\u00f6ffnete die Veranstaltung mit der Begr\u00fc\u00dfung der zahlreich erschienen Vereinsmitglieder im Freiendiezer Sch\u00fctzenhaus. Er berichtete \u00fcber das vergangene Jahr, wie gr\u00f6\u00dfere Erhaltungsma\u00dfnahmen rund um das Sch\u00fctzenhaus oder Investitionen und Anschaffungen rund um die Sportst\u00e4tte. Er bedankte sich bei allen Mitgliedern, die bei diesem Ma\u00dfnahmen zupackten und nachihren M\u00f6glichkeiten halfen. \u201eEs geh\u00f6rt einiges an finanziellen Mitteln und Arbeit dazu, unsere Sportst\u00e4tte in gewohnter Qualit\u00e4t zu erhalten\u201c sagte L\u00f6ber.<\/p>\n<p style=\"text-align: justify;\">Der stellvertretende Jugendleiter Eric Frankenberger berichtete von der erfolgreichen Jugendarbeit und dem derzeitig hohen Andrang beim Training, so dass manchmal die vorhandenen Sch\u00fctzenst\u00e4nde f\u00fcr Luftdruckwaffen f\u00fcr alle anwesenden Jugendlichen nicht ausreichen w\u00fcrden. Ein Indiz f\u00fcr gute Jugendarbeit im Verein. Die Versammlung best\u00e4tigte dies durch viel Beifall.<!--more--><\/p>\n<p style=\"text-align: justify;\">Die wachsende Anzahl an Sch\u00fctzen, die im letzten Jahr an den vielen Wettbewerben teilgenommen haben, hob der Sportleiter Mario Linowski zu Beginn seines Berichtes hervor. \u201eDie Begeisterung am Sport und auch der Anstieg der Mitgliederzahlen haben diese Entwicklung im Verein m\u00f6glich gemacht\u201c f\u00fchrt er aus. Er dankte allen aktiven und erfolgreichen Sch\u00fctzen im Verein. Die w\u00fcrde dazu beitragen das der Name \u201eFreiendiez\u201c nicht nur in der Region ein Begriff ist.<\/p>\n<p style=\"text-align: justify;\">So gab es bei der Vereinsmeisterschaft \u00fcber 150 Starts in 19 Disziplinen, vorwiegend in den Kurzwaffen Disziplinen. Hier gab es zwei Sch\u00fctzen, Oliver Stahlhofen und H\u00fcseyin \u00dcnal, die in vier verschiedenen Gro\u00dfkaliber Kurzwaffen Disziplinen vier Mal den ersten Platz erreichen konnten.<\/p>\n<p style=\"text-align: justify;\">Bei der Kreismeisterschaft gab es immer noch 85 Starts. Hier erreichten die Freiendiezer Sch\u00fctzen 19 Mal Gold (11 Einzel \/ 8 Mannschaft), 15 Mal Silber (alles Einzel) und 12 Mal Bronze (11 Einzel \/ 1 Mannschaft) in den seit jeher stark besetzten Langwaffe Disziplinen 10m Luftgewehr aufgelegt, 50m KK Gewehr aufgelegt und in den Kurzwaffen Disziplinen.<\/p>\n<p style=\"text-align: justify;\">Bemerkenswerte 50 Starts bei der Bezirksmeisterschaft waren zu vermelden. 12 Mal Gold, 6 Mal Silber und 4 Mal Bronze konnten in den Einzelwettbewerben errungen werden. Bei den Mannschaften reichte es f\u00fcr 2 mal Gold. Besonders erfreulich war die Gold-Medaille in der Jugend! Besonders hervorzuheben ist wiedermal die Leistung des Freiendiezer Sch\u00fctzen H\u00fcseyin \u00dcnal, der in seiner Altersklasse in drei Gro\u00dfkaliber Disziplinen eine Gold-Medaille erzielte. Mit den Worten \u201eDas muss man erstmal machen\u201c hob der Sportleiter die Leistung \u00dcnal\u2019s hervor, welche mit viel Applaus der Anwesenden best\u00e4tigt wurden. Auch die Gold Medaille des Jugend-Sch\u00fctzen Paul-G\u00fcnther Rutz in der Disziplin 10m Luftpistole wurde namentlich gew\u00fcrdigt.<\/p>\n<p style=\"text-align: justify;\">In der Bezirksliga konnten sich Mannschaften der Freiendiezer in den Disziplinen Sportpistole und Luftpistole auf den ersten Platz vork\u00e4mpfen. In der KK Gewehr Auflage Gruppe 2 reichte es sogar f\u00fcr einen ersten und einen zweiten Platz von zwei Mannschaften.<\/p>\n<p style=\"text-align: justify;\">In Vertretung des nichtanwesenden Kader-Sch\u00fctzen Coaches Viktor Engel berichtete der Sportleiter von den Erfolgen der Kadersch\u00fctzen bei den nationalen Wettbewerben.<\/p>\n<p style=\"text-align: justify;\">Bei den Landesmeisterschaften 2024 des Rheinischen Sch\u00fctzenbundes errangen unsere Einzelsch\u00fctzen und Mannschaften beinahe doppelt so viele Medaillenpl\u00e4tze wie 2023. Im Jahr 2024 waren dies: 12 Landesmeistertitel (Vorjahr 7), 9 Zweite (Vorjahr 4) und 4 Dritte Pl\u00e4tze (Vorjahr 3).<\/p>\n<p style=\"text-align: justify;\">An den Deutschen Meisterschaften 2024 in M\u00fcnchen nahmen 8 Sportsch\u00fctzen des SV Diez Freiendiez (Stefan Decker, Torben Engel, Patrick Meyer, Pierre Michel, Thomas Rodenkirchen, Ingo Rutz, Philipp Sersch und Wolfgang Th\u00fcneman\u0131n) teil. Diese 8 Sch\u00fctzen waren mit insgesamt 26 Einzel-Starts in 8 Mannschaften des SV Diez-Freiendiez bei den Deutschen Meisterschaften der Sportsch\u00fctzen in M\u00fcnchen in den Pistolenwettbewerben im Einsatz und erneut \u00fcberaus erfolgreich.<\/p>\n<p style=\"text-align: justify;\">Hervorzuheben sind die dabei errungenen insgesamt 7 Medaillenpl\u00e4tze unserer Sch\u00fctzen:<\/p>\n<p>Den 1.Platz und damit Deutscher Meister 2024 mit der 25m Zentralfeuerpistole belegte Torben Engel in der Einzelwertung der Herrenklasse Il und verteidigte damit seinen Titel, den er bereits 2022 und 2023 errungen hat. Einen 2.Platz belegte Pierre Michel ebenfalls mit der 25m Zentralfeuerpistole in der Einzelwertung der Klasse Herren Il.<\/p>\n<p>Einen weiteren 2. Platz belegte unsere Mannschaft mit der 25m Zentralfeuerpistole mit den Sch\u00fctzen Torben Engel, Pierre Michel und Patrick Meyer in der Klasse Herren I. Und erneut einen weiteren 2.Platz erk\u00e4mpfte sich unsere Mannschaft mit der 25m Sportpistole und den Sch\u00fctzen Pierre Michel, Patrick Meyer und Torben Engel in der Klasse Herren I.<\/p>\n<p>Und auch drei Dritte Pl\u00e4tze wurden bei der DM von Sch\u00fctzen des SV Diez-Freiendiez errungen: Einen 3. Platz belegte Thomas Rodenkirchen mit der 25m Schnellfeuerpistole in der Klasse Herren Ill. Den weiteren 3.Platz erzielte Pierre Michel mit der 25m Standardpistole in der Klasse Herren II. Unsere Standardpistolen-Mannschaft mit den Sch\u00fctzen Pierre Michel, Patrick Meyer und Torben Engel, die bei den letzten neun Deutschen Meisterschaften &#8211; immer in der gleichen Besetzung \u2014 sechsmal den Ersten und zweimal den dritten Platz belegten, errang erneut den 3.Platz.<\/p>\n<p style=\"text-align: justify;\">Die Leistungen unseres Deutschen Meisters 2024 und unserer Landesmeister 2024 wurden am 8.M\u00e4rz 2025 anl\u00e4sslich der Sportlerehrung der Stadt Diez durch die Stadtb\u00fcrgermeisterin Frau Wick gew\u00fcrdigt.<\/p>\n<p style=\"text-align: justify;\">\u201eEin langer Bericht, aber der Sport und die dabei erzielten Erfolge sind die Daseinsberechtigung unseres Vereins\u201c schloss Mario Linowski seine Ausf\u00fchrungen ab.<\/p>\n<p style=\"text-align: justify;\">Der Kassenwart Arnd Deimling erl\u00e4uterte die finanzielle Situation des Vereins und tat das, was ein Kassierer tun muss \u2013 er mahnte zur Sparsamkeit. Die Anwesenden Kassenpr\u00fcfer trugen ebenfalls ihren Bericht vor und baten die Versammlung um Entlastung des Vorstandes. Der Bitte wurde einstimmig entsprochen.<\/p>\n<p style=\"text-align: justify;\">Dem Vorsitzenden L\u00f6ber lagen keine weiteren Antr\u00e4ge vor und beendete die Jahreshauptversammlung.<\/p>\n<p>&nbsp;<\/p>\n","protected":false},"excerpt":{"rendered":"<p>Der Sch\u00fctzenverein Diez-Freiendiez blickt auf ein erfolgreiches Sport-Jahr mit vielen Erfolgen zur\u00fcck Am 29.03.2025 lud der SV Diez-Freiendiez 1928 e.V. seine Mitglieder zu seiner j\u00e4hrlichen Jahreshauptversammlung. Der 1. Vorsitzende Holger L\u00f6ber er\u00f6ffnete die Veranstaltung mit der Begr\u00fc\u00dfung der zahlreich erschienen Vereinsmitglieder im Freiendiezer Sch\u00fctzenhaus. Er berichtete \u00fcber das vergangene Jahr, wie gr\u00f6\u00dfere Erhaltungsma\u00dfnahmen rund um &hellip; <\/p>\n<p class=\"link-more\"><a href=\"https:\/\/www.sv-freiendiez.de\/?p=4819\" class=\"more-link\"><span class=\"screen-reader-text\">\u201eJahreshauptversammlung mit R\u00fcckblick auf sportliche Erfolge\u201c<\/span> weiterlesen<\/a><\/p>\n","protected":false},"author":1,"featured_media":0,"comment_status":"closed","ping_status":"closed","sticky":false,"template":"","format":"standard","meta":{"ngg_post_thumbnail":0,"footnotes":""},"categories":[45],"tags":[],"class_list":["post-4819","post","type-post","status-publish","format-standard","hentry","category-jahreshauptversammlung"],"yoast_head":"<!-- This site is optimized with the Yoast SEO plugin v27.5 - https:\/\/yoast.com\/product\/yoast-seo-wordpress\/ -->\n<title>Jahreshauptversammlung mit R\u00fcckblick auf sportliche Erfolge - SV Diez-Freiendiez 1928 e.V.<\/title>\n<meta name=\"robots\" content=\"index, follow, max-snippet:-1, max-image-preview:large, max-video-preview:-1\" \/>\n<link rel=\"canonical\" href=\"https:\/\/www.sv-freiendiez.de\/?p=4819\" \/>\n<meta property=\"og:locale\" content=\"de_DE\" \/>\n<meta property=\"og:type\" content=\"article\" \/>\n<meta property=\"og:title\" content=\"Jahreshauptversammlung mit R\u00fcckblick auf sportliche Erfolge - SV Diez-Freiendiez 1928 e.V.\" \/>\n<meta property=\"og:description\" content=\"Der Sch\u00fctzenverein Diez-Freiendiez blickt auf ein erfolgreiches Sport-Jahr mit vielen Erfolgen zur\u00fcck Am 29.03.2025 lud der SV Diez-Freiendiez 1928 e.V. seine Mitglieder zu seiner j\u00e4hrlichen Jahreshauptversammlung. Der 1. Vorsitzende Holger L\u00f6ber er\u00f6ffnete die Veranstaltung mit der Begr\u00fc\u00dfung der zahlreich erschienen Vereinsmitglieder im Freiendiezer Sch\u00fctzenhaus. Er berichtete \u00fcber das vergangene Jahr, wie gr\u00f6\u00dfere Erhaltungsma\u00dfnahmen rund um &hellip; \u201eJahreshauptversammlung mit R\u00fcckblick auf sportliche Erfolge\u201c weiterlesen\" \/>\n<meta property=\"og:url\" content=\"https:\/\/www.sv-freiendiez.de\/?p=4819\" \/>\n<meta property=\"og:site_name\" content=\"SV Diez-Freiendiez 1928 e.V.\" \/>\n<meta property=\"article:publisher\" content=\"https:\/\/www.facebook.com\/svfreiendiez\/\" \/>\n<meta property=\"article:published_time\" content=\"2025-04-06T14:42:40+00:00\" \/>\n<meta name=\"author\" content=\"editor\" \/>\n<meta name=\"twitter:card\" content=\"summary_large_image\" \/>\n<meta name=\"twitter:label1\" content=\"Verfasst von\" \/>\n\t<meta name=\"twitter:data1\" content=\"editor\" \/>\n\t<meta name=\"twitter:label2\" content=\"Gesch\u00e4tzte Lesezeit\" \/>\n\t<meta name=\"twitter:data2\" content=\"5\u00a0Minuten\" \/>\n<script type=\"application\/ld+json\" class=\"yoast-schema-graph\">{\"@context\":\"https:\\\/\\\/schema.org\",\"@graph\":[{\"@type\":\"Article\",\"@id\":\"https:\\\/\\\/www.sv-freiendiez.de\\\/?p=4819#article\",\"isPartOf\":{\"@id\":\"https:\\\/\\\/www.sv-freiendiez.de\\\/?p=4819\"},\"author\":{\"name\":\"editor\",\"@id\":\"https:\\\/\\\/www.sv-freiendiez.de\\\/#\\\/schema\\\/person\\\/e506fdcfcb3a8d0b33fb2982e44b9b79\"},\"headline\":\"Jahreshauptversammlung mit R\u00fcckblick auf sportliche Erfolge\",\"datePublished\":\"2025-04-06T14:42:40+00:00\",\"mainEntityOfPage\":{\"@id\":\"https:\\\/\\\/www.sv-freiendiez.de\\\/?p=4819\"},\"wordCount\":913,\"publisher\":{\"@id\":\"https:\\\/\\\/www.sv-freiendiez.de\\\/#organization\"},\"articleSection\":[\"Jahreshauptversammlung\"],\"inLanguage\":\"de\"},{\"@type\":\"WebPage\",\"@id\":\"https:\\\/\\\/www.sv-freiendiez.de\\\/?p=4819\",\"url\":\"https:\\\/\\\/www.sv-freiendiez.de\\\/?p=4819\",\"name\":\"Jahreshauptversammlung mit R\u00fcckblick auf sportliche Erfolge - SV Diez-Freiendiez 1928 e.V.\",\"isPartOf\":{\"@id\":\"https:\\\/\\\/www.sv-freiendiez.de\\\/#website\"},\"datePublished\":\"2025-04-06T14:42:40+00:00\",\"breadcrumb\":{\"@id\":\"https:\\\/\\\/www.sv-freiendiez.de\\\/?p=4819#breadcrumb\"},\"inLanguage\":\"de\",\"potentialAction\":[{\"@type\":\"ReadAction\",\"target\":[\"https:\\\/\\\/www.sv-freiendiez.de\\\/?p=4819\"]}]},{\"@type\":\"BreadcrumbList\",\"@id\":\"https:\\\/\\\/www.sv-freiendiez.de\\\/?p=4819#breadcrumb\",\"itemListElement\":[{\"@type\":\"ListItem\",\"position\":1,\"name\":\"Startseite\",\"item\":\"https:\\\/\\\/www.sv-freiendiez.de\\\/\"},{\"@type\":\"ListItem\",\"position\":2,\"name\":\"Jahreshauptversammlung mit R\u00fcckblick auf sportliche Erfolge\"}]},{\"@type\":\"WebSite\",\"@id\":\"https:\\\/\\\/www.sv-freiendiez.de\\\/#website\",\"url\":\"https:\\\/\\\/www.sv-freiendiez.de\\\/\",\"name\":\"SV Diez-Freiendiez 1928 e.V.\",\"description\":\"Sch\u00fctzenverein Diez-Freiendiez 1928 e.V.\",\"publisher\":{\"@id\":\"https:\\\/\\\/www.sv-freiendiez.de\\\/#organization\"},\"potentialAction\":[{\"@type\":\"SearchAction\",\"target\":{\"@type\":\"EntryPoint\",\"urlTemplate\":\"https:\\\/\\\/www.sv-freiendiez.de\\\/?s={search_term_string}\"},\"query-input\":{\"@type\":\"PropertyValueSpecification\",\"valueRequired\":true,\"valueName\":\"search_term_string\"}}],\"inLanguage\":\"de\"},{\"@type\":\"Organization\",\"@id\":\"https:\\\/\\\/www.sv-freiendiez.de\\\/#organization\",\"name\":\"SV Diez-Freiendiez 1928 e.V.\",\"url\":\"https:\\\/\\\/www.sv-freiendiez.de\\\/\",\"logo\":{\"@type\":\"ImageObject\",\"inLanguage\":\"de\",\"@id\":\"https:\\\/\\\/www.sv-freiendiez.de\\\/#\\\/schema\\\/logo\\\/image\\\/\",\"url\":\"https:\\\/\\\/www.sv-freiendiez.de\\\/wp-content\\\/uploads\\\/2016\\\/12\\\/cropped-wappen250.png\",\"contentUrl\":\"https:\\\/\\\/www.sv-freiendiez.de\\\/wp-content\\\/uploads\\\/2016\\\/12\\\/cropped-wappen250.png\",\"width\":250,\"height\":250,\"caption\":\"SV Diez-Freiendiez 1928 e.V.\"},\"image\":{\"@id\":\"https:\\\/\\\/www.sv-freiendiez.de\\\/#\\\/schema\\\/logo\\\/image\\\/\"},\"sameAs\":[\"https:\\\/\\\/www.facebook.com\\\/svfreiendiez\\\/\"]},{\"@type\":\"Person\",\"@id\":\"https:\\\/\\\/www.sv-freiendiez.de\\\/#\\\/schema\\\/person\\\/e506fdcfcb3a8d0b33fb2982e44b9b79\",\"name\":\"editor\",\"image\":{\"@type\":\"ImageObject\",\"inLanguage\":\"de\",\"@id\":\"https:\\\/\\\/secure.gravatar.com\\\/avatar\\\/2e61a0e3091a1495360fb924e613dd25bace1d4a95a687bd9add8c68191636ff?s=96&d=mm&r=g\",\"url\":\"https:\\\/\\\/secure.gravatar.com\\\/avatar\\\/2e61a0e3091a1495360fb924e613dd25bace1d4a95a687bd9add8c68191636ff?s=96&d=mm&r=g\",\"contentUrl\":\"https:\\\/\\\/secure.gravatar.com\\\/avatar\\\/2e61a0e3091a1495360fb924e613dd25bace1d4a95a687bd9add8c68191636ff?s=96&d=mm&r=g\",\"caption\":\"editor\"},\"url\":\"https:\\\/\\\/www.sv-freiendiez.de\\\/?author=1\"}]}<\/script>\n<!-- \/ Yoast SEO plugin. -->","yoast_head_json":{"title":"Jahreshauptversammlung mit R\u00fcckblick auf sportliche Erfolge - SV Diez-Freiendiez 1928 e.V.","robots":{"index":"index","follow":"follow","max-snippet":"max-snippet:-1","max-image-preview":"max-image-preview:large","max-video-preview":"max-video-preview:-1"},"canonical":"https:\/\/www.sv-freiendiez.de\/?p=4819","og_locale":"de_DE","og_type":"article","og_title":"Jahreshauptversammlung mit R\u00fcckblick auf sportliche Erfolge - SV Diez-Freiendiez 1928 e.V.","og_description":"Der Sch\u00fctzenverein Diez-Freiendiez blickt auf ein erfolgreiches Sport-Jahr mit vielen Erfolgen zur\u00fcck Am 29.03.2025 lud der SV Diez-Freiendiez 1928 e.V. seine Mitglieder zu seiner j\u00e4hrlichen Jahreshauptversammlung. Der 1. Vorsitzende Holger L\u00f6ber er\u00f6ffnete die Veranstaltung mit der Begr\u00fc\u00dfung der zahlreich erschienen Vereinsmitglieder im Freiendiezer Sch\u00fctzenhaus. Er berichtete \u00fcber das vergangene Jahr, wie gr\u00f6\u00dfere Erhaltungsma\u00dfnahmen rund um &hellip; \u201eJahreshauptversammlung mit R\u00fcckblick auf sportliche Erfolge\u201c weiterlesen","og_url":"https:\/\/www.sv-freiendiez.de\/?p=4819","og_site_name":"SV Diez-Freiendiez 1928 e.V.","article_publisher":"https:\/\/www.facebook.com\/svfreiendiez\/","article_published_time":"2025-04-06T14:42:40+00:00","author":"editor","twitter_card":"summary_large_image","twitter_misc":{"Verfasst von":"editor","Gesch\u00e4tzte Lesezeit":"5\u00a0Minuten"},"schema":{"@context":"https:\/\/schema.org","@graph":[{"@type":"Article","@id":"https:\/\/www.sv-freiendiez.de\/?p=4819#article","isPartOf":{"@id":"https:\/\/www.sv-freiendiez.de\/?p=4819"},"author":{"name":"editor","@id":"https:\/\/www.sv-freiendiez.de\/#\/schema\/person\/e506fdcfcb3a8d0b33fb2982e44b9b79"},"headline":"Jahreshauptversammlung mit R\u00fcckblick auf sportliche Erfolge","datePublished":"2025-04-06T14:42:40+00:00","mainEntityOfPage":{"@id":"https:\/\/www.sv-freiendiez.de\/?p=4819"},"wordCount":913,"publisher":{"@id":"https:\/\/www.sv-freiendiez.de\/#organization"},"articleSection":["Jahreshauptversammlung"],"inLanguage":"de"},{"@type":"WebPage","@id":"https:\/\/www.sv-freiendiez.de\/?p=4819","url":"https:\/\/www.sv-freiendiez.de\/?p=4819","name":"Jahreshauptversammlung mit R\u00fcckblick auf sportliche Erfolge - SV Diez-Freiendiez 1928 e.V.","isPartOf":{"@id":"https:\/\/www.sv-freiendiez.de\/#website"},"datePublished":"2025-04-06T14:42:40+00:00","breadcrumb":{"@id":"https:\/\/www.sv-freiendiez.de\/?p=4819#breadcrumb"},"inLanguage":"de","potentialAction":[{"@type":"ReadAction","target":["https:\/\/www.sv-freiendiez.de\/?p=4819"]}]},{"@type":"BreadcrumbList","@id":"https:\/\/www.sv-freiendiez.de\/?p=4819#breadcrumb","itemListElement":[{"@type":"ListItem","position":1,"name":"Startseite","item":"https:\/\/www.sv-freiendiez.de\/"},{"@type":"ListItem","position":2,"name":"Jahreshauptversammlung mit R\u00fcckblick auf sportliche Erfolge"}]},{"@type":"WebSite","@id":"https:\/\/www.sv-freiendiez.de\/#website","url":"https:\/\/www.sv-freiendiez.de\/","name":"SV Diez-Freiendiez 1928 e.V.","description":"Sch\u00fctzenverein Diez-Freiendiez 1928 e.V.","publisher":{"@id":"https:\/\/www.sv-freiendiez.de\/#organization"},"potentialAction":[{"@type":"SearchAction","target":{"@type":"EntryPoint","urlTemplate":"https:\/\/www.sv-freiendiez.de\/?s={search_term_string}"},"query-input":{"@type":"PropertyValueSpecification","valueRequired":true,"valueName":"search_term_string"}}],"inLanguage":"de"},{"@type":"Organization","@id":"https:\/\/www.sv-freiendiez.de\/#organization","name":"SV Diez-Freiendiez 1928 e.V.","url":"https:\/\/www.sv-freiendiez.de\/","logo":{"@type":"ImageObject","inLanguage":"de","@id":"https:\/\/www.sv-freiendiez.de\/#\/schema\/logo\/image\/","url":"https:\/\/www.sv-freiendiez.de\/wp-content\/uploads\/2016\/12\/cropped-wappen250.png","contentUrl":"https:\/\/www.sv-freiendiez.de\/wp-content\/uploads\/2016\/12\/cropped-wappen250.png","width":250,"height":250,"caption":"SV Diez-Freiendiez 1928 e.V."},"image":{"@id":"https:\/\/www.sv-freiendiez.de\/#\/schema\/logo\/image\/"},"sameAs":["https:\/\/www.facebook.com\/svfreiendiez\/"]},{"@type":"Person","@id":"https:\/\/www.sv-freiendiez.de\/#\/schema\/person\/e506fdcfcb3a8d0b33fb2982e44b9b79","name":"editor","image":{"@type":"ImageObject","inLanguage":"de","@id":"https:\/\/secure.gravatar.com\/avatar\/2e61a0e3091a1495360fb924e613dd25bace1d4a95a687bd9add8c68191636ff?s=96&d=mm&r=g","url":"https:\/\/secure.gravatar.com\/avatar\/2e61a0e3091a1495360fb924e613dd25bace1d4a95a687bd9add8c68191636ff?s=96&d=mm&r=g","contentUrl":"https:\/\/secure.gravatar.com\/avatar\/2e61a0e3091a1495360fb924e613dd25bace1d4a95a687bd9add8c68191636ff?s=96&d=mm&r=g","caption":"editor"},"url":"https:\/\/www.sv-freiendiez.de\/?author=1"}]}},"_links":{"self":[{"href":"https:\/\/www.sv-freiendiez.de\/index.php?rest_route=\/wp\/v2\/posts\/4819","targetHints":{"allow":["GET"]}}],"collection":[{"href":"https:\/\/www.sv-freiendiez.de\/index.php?rest_route=\/wp\/v2\/posts"}],"about":[{"href":"https:\/\/www.sv-freiendiez.de\/index.php?rest_route=\/wp\/v2\/types\/post"}],"author":[{"embeddable":true,"href":"https:\/\/www.sv-freiendiez.de\/index.php?rest_route=\/wp\/v2\/users\/1"}],"replies":[{"embeddable":true,"href":"https:\/\/www.sv-freiendiez.de\/index.php?rest_route=%2Fwp%2Fv2%2Fcomments&post=4819"}],"version-history":[{"count":1,"href":"https:\/\/www.sv-freiendiez.de\/index.php?rest_route=\/wp\/v2\/posts\/4819\/revisions"}],"predecessor-version":[{"id":4820,"href":"https:\/\/www.sv-freiendiez.de\/index.php?rest_route=\/wp\/v2\/posts\/4819\/revisions\/4820"}],"wp:attachment":[{"href":"https:\/\/www.sv-freiendiez.de\/index.php?rest_route=%2Fwp%2Fv2%2Fmedia&parent=4819"}],"wp:term":[{"taxonomy":"category","embeddable":true,"href":"https:\/\/www.sv-freiendiez.de\/index.php?rest_route=%2Fwp%2Fv2%2Fcategories&post=4819"},{"taxonomy":"post_tag","embeddable":true,"href":"https:\/\/www.sv-freiendiez.de\/index.php?rest_route=%2Fwp%2Fv2%2Ftags&post=4819"}],"curies":[{"name":"wp","href":"https:\/\/api.w.org\/{rel}","templated":true}]}}