{"id":4810,"date":"2025-03-18T09:46:27","date_gmt":"2025-03-18T08:46:27","guid":{"rendered":"https:\/\/www.sv-freiendiez.de\/?p=4810"},"modified":"2025-03-18T09:49:22","modified_gmt":"2025-03-18T08:49:22","slug":"4810","status":"publish","type":"post","link":"https:\/\/www.sv-freiendiez.de\/?p=4810","title":{"rendered":"Sportlerehrung der Stadt Diez 2024"},"content":{"rendered":"<p style=\"text-align: justify;\">Unsere Kadersch\u00fctzen wurden bei dem der Sportlerehrung der Stadt Diez am 08 M\u00e4rz 2025 in der Sporthalle des Sportvereins Diez-Freiendiez f\u00fcr errungene Erfolge im Jahr 2024 ausgezeichnet. In Vertretung f\u00fcr alle nicht anwesenden geehrten Sch\u00fctzen (sie ware durch die Teilnahme an Wettk\u00e4mpfen verhindert) erhielt Torben Engel und Ingo Rutz in Vertretung Urkunden und eine Einkaufsgutscheine aus den H\u00e4nden der Stadtb\u00fcrgermeisterin Witt und des Mitinitiators der Ehrung, Axel Fickeis.<\/p>\n<p>Ausgezeichnet wurden unsere Sch\u00fctzen<\/p>\n<p><strong>Torben Engel als Deutscher Meister 2024<\/strong> in der Disziplin 25m Zentralfeuerpistole Herren II, Einzelwertung.<!--more--><\/p>\n<p>In der Landesmeisterschaft gewannen unsere Kadersch\u00fctzen folgende Disziplinen:<\/p>\n<p><strong>Torben Engel (5-facher Landesmeister)<\/strong><\/p>\n<table style=\"height: 250px; width: 98.7075%;\" width=\"471\">\n<tbody>\n<tr style=\"height: 50px;\">\n<td style=\"height: 50px; width: 50.7827%;\" width=\"219\">50m Pistole<\/td>\n<td style=\"height: 50px; width: 19.422%;\" width=\"73\">Herren I<\/td>\n<td style=\"height: 50px; width: 51.7569%;\" width=\"179\">Mannschaftswertung<\/td>\n<\/tr>\n<tr style=\"height: 50px;\">\n<td style=\"height: 50px; width: 50.7827%;\" width=\"219\">25m Sportpistole<\/td>\n<td style=\"height: 50px; width: 19.422%;\" width=\"73\">Herren I<\/td>\n<td style=\"height: 50px; width: 51.7569%;\" width=\"179\">Mannschaftswertung<\/td>\n<\/tr>\n<tr style=\"height: 50px;\">\n<td style=\"height: 50px; width: 50.7827%;\" width=\"219\">25m Zentralfeuerpistole<\/td>\n<td style=\"height: 50px; width: 19.422%;\" width=\"73\">Herren II<\/td>\n<td style=\"height: 50px; width: 51.7569%;\" width=\"179\">Einzelwertung<\/td>\n<\/tr>\n<tr style=\"height: 50px;\">\n<td style=\"height: 50px; width: 50.7827%;\" width=\"219\">25m Zentralfeuerpistole<\/td>\n<td style=\"height: 50px; width: 19.422%;\" width=\"73\">Herren I<\/td>\n<td style=\"height: 50px; width: 51.7569%;\" width=\"179\">Mannschaftswertung<\/td>\n<\/tr>\n<tr style=\"height: 50px;\">\n<td style=\"height: 50px; width: 50.7827%;\" width=\"219\">25m Standardpistole<\/td>\n<td style=\"height: 50px; width: 19.422%;\" width=\"73\">Herren I<\/td>\n<td style=\"height: 50px; width: 51.7569%;\" width=\"179\">Mannschaftswertung<\/td>\n<\/tr>\n<\/tbody>\n<\/table>\n<p><strong>Patrick Meyer (6-facher Landesmeister)<\/strong><\/p>\n<table width=\"471\">\n<tbody>\n<tr>\n<td width=\"219\">50m Pistole<\/td>\n<td width=\"73\">Herren I<\/td>\n<td width=\"179\">Einzelwertung<\/td>\n<\/tr>\n<tr>\n<td width=\"219\">50m Pistole<\/td>\n<td width=\"73\">Herren I<\/td>\n<td width=\"179\">Mannschaftswertung<\/td>\n<\/tr>\n<tr>\n<td width=\"219\">25m Sportpistole<\/td>\n<td width=\"73\">Herren I<\/td>\n<td width=\"179\">Einzelwertung<\/td>\n<\/tr>\n<tr>\n<td width=\"219\">25m Sportpistole<\/td>\n<td width=\"73\">Herren I<\/td>\n<td width=\"179\">Mannschaftswertung<\/td>\n<\/tr>\n<tr>\n<td width=\"219\">25m Zentralfeuerpistole<\/td>\n<td width=\"73\">Herren I<\/td>\n<td width=\"179\">Mannschaftswertung<\/td>\n<\/tr>\n<tr>\n<td width=\"219\">25m Standardpistole<\/td>\n<td width=\"73\">Herren I<\/td>\n<td width=\"179\">Mannschaftswertung<\/td>\n<\/tr>\n<\/tbody>\n<\/table>\n<p><strong>Pierre Michel (6-facher Landesmeister)<\/strong><\/p>\n<table width=\"471\">\n<tbody>\n<tr>\n<td width=\"219\">50m Pistole<\/td>\n<td width=\"73\">Herren I<\/td>\n<td width=\"179\">Mannschaftswertung<\/td>\n<\/tr>\n<tr>\n<td width=\"219\">25m Schnellfeuerpistole .22lang<\/td>\n<td width=\"73\">Herren I<\/td>\n<td width=\"179\">Mannschaftswertung<\/td>\n<\/tr>\n<tr>\n<td width=\"219\">25m Sportpistole<\/td>\n<td width=\"73\">Herren I<\/td>\n<td width=\"179\">Mannschaftswertung<\/td>\n<\/tr>\n<tr>\n<td width=\"219\">25m Zentralfeuerpistole<\/td>\n<td width=\"73\">Herren I<\/td>\n<td width=\"179\">Mannschaftswertung<\/td>\n<\/tr>\n<tr>\n<td width=\"219\">25m Standardpistole<\/td>\n<td width=\"73\">Herren II<\/td>\n<td width=\"179\">Einzelwertung<\/td>\n<\/tr>\n<tr>\n<td width=\"219\">25m Standardpistole<\/td>\n<td width=\"73\">Herren I<\/td>\n<td width=\"179\">Mannschaftswertung<\/td>\n<\/tr>\n<\/tbody>\n<\/table>\n<p><strong>Thomas Rodenkirchen (2-facher Landesmeister)<\/strong><\/p>\n<table width=\"471\">\n<tbody>\n<tr>\n<td width=\"219\">25m Schnellfeuerpistole .22lang<\/td>\n<td width=\"73\">Herren I<\/td>\n<td width=\"179\">Mannschaftswertung<\/td>\n<\/tr>\n<tr>\n<td width=\"219\">25m Sportpistole<\/td>\n<td width=\"73\">Herren III<\/td>\n<td width=\"179\">Mannschaftswertung<\/td>\n<\/tr>\n<\/tbody>\n<\/table>\n<p><strong>Ingo Rutz (4-facher Landesmeister)<\/strong><\/p>\n<table width=\"471\">\n<tbody>\n<tr>\n<td width=\"219\">25m Schnellfeuerpistole .22lang<\/td>\n<td width=\"73\">Herren III<\/td>\n<td width=\"179\">Einzelwertung<\/td>\n<\/tr>\n<tr>\n<td width=\"219\">25m Schnellfeuerpistole .22lang<\/td>\n<td width=\"73\">Herren I<\/td>\n<td width=\"179\">Mannschaftswertung<\/td>\n<\/tr>\n<tr>\n<td width=\"219\">25m Schnellfeuerpistole .22kurz<\/td>\n<td width=\"73\">Herren III<\/td>\n<td width=\"179\">Einzelwertung<\/td>\n<\/tr>\n<tr>\n<td width=\"219\">25m Sportpistole<\/td>\n<td width=\"73\">Herren III<\/td>\n<td width=\"179\">Mannschaftswertung<\/td>\n<\/tr>\n<\/tbody>\n<\/table>\n<p><strong>Wolfgang Th\u00fcnemann (Landesmeister)<\/strong><\/p>\n<table width=\"471\">\n<tbody>\n<tr>\n<td width=\"219\">25m Sportpistole<\/td>\n<td width=\"73\">Herren III<\/td>\n<td width=\"179\">Mannschaftswertung<\/td>\n<\/tr>\n<\/tbody>\n<\/table>\n<p style=\"text-align: justify;\">Wir danken der Stadt Diez und der Stadtb\u00fcrgermeisterin Annette Wick f\u00fcr die Auszeichnungen unserer Sch\u00fctzen und hoffen n\u00e4chstes Jahr wieder erfolgreich dabei zu sein.<\/p>\n<p><a href=\"https:\/\/www.sv-freiendiez.de\/wp-content\/uploads\/2025\/03\/sportlerehrung2025_50.jpg\"><img loading=\"lazy\" decoding=\"async\" class=\"aligncenter wp-image-4811 size-full\" src=\"https:\/\/www.sv-freiendiez.de\/wp-content\/uploads\/2025\/03\/sportlerehrung2025_50.jpg\" alt=\"\" width=\"1994\" height=\"1007\" srcset=\"https:\/\/www.sv-freiendiez.de\/wp-content\/uploads\/2025\/03\/sportlerehrung2025_50.jpg 1994w, https:\/\/www.sv-freiendiez.de\/wp-content\/uploads\/2025\/03\/sportlerehrung2025_50-300x152.jpg 300w, https:\/\/www.sv-freiendiez.de\/wp-content\/uploads\/2025\/03\/sportlerehrung2025_50-1024x517.jpg 1024w, https:\/\/www.sv-freiendiez.de\/wp-content\/uploads\/2025\/03\/sportlerehrung2025_50-768x388.jpg 768w, https:\/\/www.sv-freiendiez.de\/wp-content\/uploads\/2025\/03\/sportlerehrung2025_50-1536x776.jpg 1536w, https:\/\/www.sv-freiendiez.de\/wp-content\/uploads\/2025\/03\/sportlerehrung2025_50-1320x667.jpg 1320w\" sizes=\"auto, (max-width: 767px) 89vw, (max-width: 1000px) 54vw, (max-width: 1071px) 543px, 580px\" \/><\/a><\/p>\n","protected":false},"excerpt":{"rendered":"<p>Unsere Kadersch\u00fctzen wurden bei dem der Sportlerehrung der Stadt Diez am 08 M\u00e4rz 2025 in der Sporthalle des Sportvereins Diez-Freiendiez f\u00fcr errungene Erfolge im Jahr 2024 ausgezeichnet. In Vertretung f\u00fcr alle nicht anwesenden geehrten Sch\u00fctzen (sie ware durch die Teilnahme an Wettk\u00e4mpfen verhindert) erhielt Torben Engel und Ingo Rutz in Vertretung Urkunden und eine Einkaufsgutscheine &hellip; <\/p>\n<p class=\"link-more\"><a href=\"https:\/\/www.sv-freiendiez.de\/?p=4810\" class=\"more-link\"><span class=\"screen-reader-text\">\u201eSportlerehrung der Stadt Diez 2024\u201c<\/span> weiterlesen<\/a><\/p>\n","protected":false},"author":1,"featured_media":0,"comment_status":"closed","ping_status":"closed","sticky":false,"template":"","format":"standard","meta":{"ngg_post_thumbnail":0,"footnotes":""},"categories":[53,11],"tags":[],"class_list":["post-4810","post","type-post","status-publish","format-standard","hentry","category-ehrung","category-erfolge"],"yoast_head":"<!-- This site is optimized with the Yoast SEO plugin v27.5 - https:\/\/yoast.com\/product\/yoast-seo-wordpress\/ -->\n<title>Sportlerehrung der Stadt Diez 2024 - SV Diez-Freiendiez 1928 e.V.<\/title>\n<meta name=\"robots\" content=\"index, follow, max-snippet:-1, max-image-preview:large, max-video-preview:-1\" \/>\n<link rel=\"canonical\" href=\"https:\/\/www.sv-freiendiez.de\/?p=4810\" \/>\n<meta property=\"og:locale\" content=\"de_DE\" \/>\n<meta property=\"og:type\" content=\"article\" \/>\n<meta property=\"og:title\" content=\"Sportlerehrung der Stadt Diez 2024 - SV Diez-Freiendiez 1928 e.V.\" \/>\n<meta property=\"og:description\" content=\"Unsere Kadersch\u00fctzen wurden bei dem der Sportlerehrung der Stadt Diez am 08 M\u00e4rz 2025 in der Sporthalle des Sportvereins Diez-Freiendiez f\u00fcr errungene Erfolge im Jahr 2024 ausgezeichnet. In Vertretung f\u00fcr alle nicht anwesenden geehrten Sch\u00fctzen (sie ware durch die Teilnahme an Wettk\u00e4mpfen verhindert) erhielt Torben Engel und Ingo Rutz in Vertretung Urkunden und eine Einkaufsgutscheine &hellip; \u201eSportlerehrung der Stadt Diez 2024\u201c weiterlesen\" \/>\n<meta property=\"og:url\" content=\"https:\/\/www.sv-freiendiez.de\/?p=4810\" \/>\n<meta property=\"og:site_name\" content=\"SV Diez-Freiendiez 1928 e.V.\" \/>\n<meta property=\"article:publisher\" content=\"https:\/\/www.facebook.com\/svfreiendiez\/\" \/>\n<meta property=\"article:published_time\" content=\"2025-03-18T08:46:27+00:00\" \/>\n<meta property=\"article:modified_time\" content=\"2025-03-18T08:49:22+00:00\" \/>\n<meta property=\"og:image\" content=\"https:\/\/www.sv-freiendiez.de\/wp-content\/uploads\/2025\/03\/sportlerehrung2025_50.jpg\" \/>\n\t<meta property=\"og:image:width\" content=\"1994\" \/>\n\t<meta property=\"og:image:height\" content=\"1007\" \/>\n\t<meta property=\"og:image:type\" content=\"image\/jpeg\" \/>\n<meta name=\"author\" content=\"editor\" \/>\n<meta name=\"twitter:card\" content=\"summary_large_image\" \/>\n<meta name=\"twitter:label1\" content=\"Verfasst von\" \/>\n\t<meta name=\"twitter:data1\" content=\"editor\" \/>\n\t<meta name=\"twitter:label2\" content=\"Gesch\u00e4tzte Lesezeit\" \/>\n\t<meta name=\"twitter:data2\" content=\"2\u00a0Minuten\" \/>\n<script type=\"application\/ld+json\" class=\"yoast-schema-graph\">{\"@context\":\"https:\\\/\\\/schema.org\",\"@graph\":[{\"@type\":\"Article\",\"@id\":\"https:\\\/\\\/www.sv-freiendiez.de\\\/?p=4810#article\",\"isPartOf\":{\"@id\":\"https:\\\/\\\/www.sv-freiendiez.de\\\/?p=4810\"},\"author\":{\"name\":\"editor\",\"@id\":\"https:\\\/\\\/www.sv-freiendiez.de\\\/#\\\/schema\\\/person\\\/e506fdcfcb3a8d0b33fb2982e44b9b79\"},\"headline\":\"Sportlerehrung der Stadt Diez 2024\",\"datePublished\":\"2025-03-18T08:46:27+00:00\",\"dateModified\":\"2025-03-18T08:49:22+00:00\",\"mainEntityOfPage\":{\"@id\":\"https:\\\/\\\/www.sv-freiendiez.de\\\/?p=4810\"},\"wordCount\":281,\"publisher\":{\"@id\":\"https:\\\/\\\/www.sv-freiendiez.de\\\/#organization\"},\"image\":{\"@id\":\"https:\\\/\\\/www.sv-freiendiez.de\\\/?p=4810#primaryimage\"},\"thumbnailUrl\":\"https:\\\/\\\/www.sv-freiendiez.de\\\/wp-content\\\/uploads\\\/2025\\\/03\\\/sportlerehrung2025_50.jpg\",\"articleSection\":[\"Ehrung\",\"Erfolge\"],\"inLanguage\":\"de\"},{\"@type\":\"WebPage\",\"@id\":\"https:\\\/\\\/www.sv-freiendiez.de\\\/?p=4810\",\"url\":\"https:\\\/\\\/www.sv-freiendiez.de\\\/?p=4810\",\"name\":\"Sportlerehrung der Stadt Diez 2024 - SV Diez-Freiendiez 1928 e.V.\",\"isPartOf\":{\"@id\":\"https:\\\/\\\/www.sv-freiendiez.de\\\/#website\"},\"primaryImageOfPage\":{\"@id\":\"https:\\\/\\\/www.sv-freiendiez.de\\\/?p=4810#primaryimage\"},\"image\":{\"@id\":\"https:\\\/\\\/www.sv-freiendiez.de\\\/?p=4810#primaryimage\"},\"thumbnailUrl\":\"https:\\\/\\\/www.sv-freiendiez.de\\\/wp-content\\\/uploads\\\/2025\\\/03\\\/sportlerehrung2025_50.jpg\",\"datePublished\":\"2025-03-18T08:46:27+00:00\",\"dateModified\":\"2025-03-18T08:49:22+00:00\",\"breadcrumb\":{\"@id\":\"https:\\\/\\\/www.sv-freiendiez.de\\\/?p=4810#breadcrumb\"},\"inLanguage\":\"de\",\"potentialAction\":[{\"@type\":\"ReadAction\",\"target\":[\"https:\\\/\\\/www.sv-freiendiez.de\\\/?p=4810\"]}]},{\"@type\":\"ImageObject\",\"inLanguage\":\"de\",\"@id\":\"https:\\\/\\\/www.sv-freiendiez.de\\\/?p=4810#primaryimage\",\"url\":\"https:\\\/\\\/www.sv-freiendiez.de\\\/wp-content\\\/uploads\\\/2025\\\/03\\\/sportlerehrung2025_50.jpg\",\"contentUrl\":\"https:\\\/\\\/www.sv-freiendiez.de\\\/wp-content\\\/uploads\\\/2025\\\/03\\\/sportlerehrung2025_50.jpg\"},{\"@type\":\"BreadcrumbList\",\"@id\":\"https:\\\/\\\/www.sv-freiendiez.de\\\/?p=4810#breadcrumb\",\"itemListElement\":[{\"@type\":\"ListItem\",\"position\":1,\"name\":\"Startseite\",\"item\":\"https:\\\/\\\/www.sv-freiendiez.de\\\/\"},{\"@type\":\"ListItem\",\"position\":2,\"name\":\"Sportlerehrung der Stadt Diez 2024\"}]},{\"@type\":\"WebSite\",\"@id\":\"https:\\\/\\\/www.sv-freiendiez.de\\\/#website\",\"url\":\"https:\\\/\\\/www.sv-freiendiez.de\\\/\",\"name\":\"SV Diez-Freiendiez 1928 e.V.\",\"description\":\"Sch\u00fctzenverein Diez-Freiendiez 1928 e.V.\",\"publisher\":{\"@id\":\"https:\\\/\\\/www.sv-freiendiez.de\\\/#organization\"},\"potentialAction\":[{\"@type\":\"SearchAction\",\"target\":{\"@type\":\"EntryPoint\",\"urlTemplate\":\"https:\\\/\\\/www.sv-freiendiez.de\\\/?s={search_term_string}\"},\"query-input\":{\"@type\":\"PropertyValueSpecification\",\"valueRequired\":true,\"valueName\":\"search_term_string\"}}],\"inLanguage\":\"de\"},{\"@type\":\"Organization\",\"@id\":\"https:\\\/\\\/www.sv-freiendiez.de\\\/#organization\",\"name\":\"SV Diez-Freiendiez 1928 e.V.\",\"url\":\"https:\\\/\\\/www.sv-freiendiez.de\\\/\",\"logo\":{\"@type\":\"ImageObject\",\"inLanguage\":\"de\",\"@id\":\"https:\\\/\\\/www.sv-freiendiez.de\\\/#\\\/schema\\\/logo\\\/image\\\/\",\"url\":\"https:\\\/\\\/www.sv-freiendiez.de\\\/wp-content\\\/uploads\\\/2016\\\/12\\\/cropped-wappen250.png\",\"contentUrl\":\"https:\\\/\\\/www.sv-freiendiez.de\\\/wp-content\\\/uploads\\\/2016\\\/12\\\/cropped-wappen250.png\",\"width\":250,\"height\":250,\"caption\":\"SV Diez-Freiendiez 1928 e.V.\"},\"image\":{\"@id\":\"https:\\\/\\\/www.sv-freiendiez.de\\\/#\\\/schema\\\/logo\\\/image\\\/\"},\"sameAs\":[\"https:\\\/\\\/www.facebook.com\\\/svfreiendiez\\\/\"]},{\"@type\":\"Person\",\"@id\":\"https:\\\/\\\/www.sv-freiendiez.de\\\/#\\\/schema\\\/person\\\/e506fdcfcb3a8d0b33fb2982e44b9b79\",\"name\":\"editor\",\"image\":{\"@type\":\"ImageObject\",\"inLanguage\":\"de\",\"@id\":\"https:\\\/\\\/secure.gravatar.com\\\/avatar\\\/2e61a0e3091a1495360fb924e613dd25bace1d4a95a687bd9add8c68191636ff?s=96&d=mm&r=g\",\"url\":\"https:\\\/\\\/secure.gravatar.com\\\/avatar\\\/2e61a0e3091a1495360fb924e613dd25bace1d4a95a687bd9add8c68191636ff?s=96&d=mm&r=g\",\"contentUrl\":\"https:\\\/\\\/secure.gravatar.com\\\/avatar\\\/2e61a0e3091a1495360fb924e613dd25bace1d4a95a687bd9add8c68191636ff?s=96&d=mm&r=g\",\"caption\":\"editor\"},\"url\":\"https:\\\/\\\/www.sv-freiendiez.de\\\/?author=1\"}]}<\/script>\n<!-- \/ Yoast SEO plugin. -->","yoast_head_json":{"title":"Sportlerehrung der Stadt Diez 2024 - SV Diez-Freiendiez 1928 e.V.","robots":{"index":"index","follow":"follow","max-snippet":"max-snippet:-1","max-image-preview":"max-image-preview:large","max-video-preview":"max-video-preview:-1"},"canonical":"https:\/\/www.sv-freiendiez.de\/?p=4810","og_locale":"de_DE","og_type":"article","og_title":"Sportlerehrung der Stadt Diez 2024 - SV Diez-Freiendiez 1928 e.V.","og_description":"Unsere Kadersch\u00fctzen wurden bei dem der Sportlerehrung der Stadt Diez am 08 M\u00e4rz 2025 in der Sporthalle des Sportvereins Diez-Freiendiez f\u00fcr errungene Erfolge im Jahr 2024 ausgezeichnet. In Vertretung f\u00fcr alle nicht anwesenden geehrten Sch\u00fctzen (sie ware durch die Teilnahme an Wettk\u00e4mpfen verhindert) erhielt Torben Engel und Ingo Rutz in Vertretung Urkunden und eine Einkaufsgutscheine &hellip; \u201eSportlerehrung der Stadt Diez 2024\u201c weiterlesen","og_url":"https:\/\/www.sv-freiendiez.de\/?p=4810","og_site_name":"SV Diez-Freiendiez 1928 e.V.","article_publisher":"https:\/\/www.facebook.com\/svfreiendiez\/","article_published_time":"2025-03-18T08:46:27+00:00","article_modified_time":"2025-03-18T08:49:22+00:00","og_image":[{"width":1994,"height":1007,"url":"https:\/\/www.sv-freiendiez.de\/wp-content\/uploads\/2025\/03\/sportlerehrung2025_50.jpg","type":"image\/jpeg"}],"author":"editor","twitter_card":"summary_large_image","twitter_misc":{"Verfasst von":"editor","Gesch\u00e4tzte Lesezeit":"2\u00a0Minuten"},"schema":{"@context":"https:\/\/schema.org","@graph":[{"@type":"Article","@id":"https:\/\/www.sv-freiendiez.de\/?p=4810#article","isPartOf":{"@id":"https:\/\/www.sv-freiendiez.de\/?p=4810"},"author":{"name":"editor","@id":"https:\/\/www.sv-freiendiez.de\/#\/schema\/person\/e506fdcfcb3a8d0b33fb2982e44b9b79"},"headline":"Sportlerehrung der Stadt Diez 2024","datePublished":"2025-03-18T08:46:27+00:00","dateModified":"2025-03-18T08:49:22+00:00","mainEntityOfPage":{"@id":"https:\/\/www.sv-freiendiez.de\/?p=4810"},"wordCount":281,"publisher":{"@id":"https:\/\/www.sv-freiendiez.de\/#organization"},"image":{"@id":"https:\/\/www.sv-freiendiez.de\/?p=4810#primaryimage"},"thumbnailUrl":"https:\/\/www.sv-freiendiez.de\/wp-content\/uploads\/2025\/03\/sportlerehrung2025_50.jpg","articleSection":["Ehrung","Erfolge"],"inLanguage":"de"},{"@type":"WebPage","@id":"https:\/\/www.sv-freiendiez.de\/?p=4810","url":"https:\/\/www.sv-freiendiez.de\/?p=4810","name":"Sportlerehrung der Stadt Diez 2024 - SV Diez-Freiendiez 1928 e.V.","isPartOf":{"@id":"https:\/\/www.sv-freiendiez.de\/#website"},"primaryImageOfPage":{"@id":"https:\/\/www.sv-freiendiez.de\/?p=4810#primaryimage"},"image":{"@id":"https:\/\/www.sv-freiendiez.de\/?p=4810#primaryimage"},"thumbnailUrl":"https:\/\/www.sv-freiendiez.de\/wp-content\/uploads\/2025\/03\/sportlerehrung2025_50.jpg","datePublished":"2025-03-18T08:46:27+00:00","dateModified":"2025-03-18T08:49:22+00:00","breadcrumb":{"@id":"https:\/\/www.sv-freiendiez.de\/?p=4810#breadcrumb"},"inLanguage":"de","potentialAction":[{"@type":"ReadAction","target":["https:\/\/www.sv-freiendiez.de\/?p=4810"]}]},{"@type":"ImageObject","inLanguage":"de","@id":"https:\/\/www.sv-freiendiez.de\/?p=4810#primaryimage","url":"https:\/\/www.sv-freiendiez.de\/wp-content\/uploads\/2025\/03\/sportlerehrung2025_50.jpg","contentUrl":"https:\/\/www.sv-freiendiez.de\/wp-content\/uploads\/2025\/03\/sportlerehrung2025_50.jpg"},{"@type":"BreadcrumbList","@id":"https:\/\/www.sv-freiendiez.de\/?p=4810#breadcrumb","itemListElement":[{"@type":"ListItem","position":1,"name":"Startseite","item":"https:\/\/www.sv-freiendiez.de\/"},{"@type":"ListItem","position":2,"name":"Sportlerehrung der Stadt Diez 2024"}]},{"@type":"WebSite","@id":"https:\/\/www.sv-freiendiez.de\/#website","url":"https:\/\/www.sv-freiendiez.de\/","name":"SV Diez-Freiendiez 1928 e.V.","description":"Sch\u00fctzenverein Diez-Freiendiez 1928 e.V.","publisher":{"@id":"https:\/\/www.sv-freiendiez.de\/#organization"},"potentialAction":[{"@type":"SearchAction","target":{"@type":"EntryPoint","urlTemplate":"https:\/\/www.sv-freiendiez.de\/?s={search_term_string}"},"query-input":{"@type":"PropertyValueSpecification","valueRequired":true,"valueName":"search_term_string"}}],"inLanguage":"de"},{"@type":"Organization","@id":"https:\/\/www.sv-freiendiez.de\/#organization","name":"SV Diez-Freiendiez 1928 e.V.","url":"https:\/\/www.sv-freiendiez.de\/","logo":{"@type":"ImageObject","inLanguage":"de","@id":"https:\/\/www.sv-freiendiez.de\/#\/schema\/logo\/image\/","url":"https:\/\/www.sv-freiendiez.de\/wp-content\/uploads\/2016\/12\/cropped-wappen250.png","contentUrl":"https:\/\/www.sv-freiendiez.de\/wp-content\/uploads\/2016\/12\/cropped-wappen250.png","width":250,"height":250,"caption":"SV Diez-Freiendiez 1928 e.V."},"image":{"@id":"https:\/\/www.sv-freiendiez.de\/#\/schema\/logo\/image\/"},"sameAs":["https:\/\/www.facebook.com\/svfreiendiez\/"]},{"@type":"Person","@id":"https:\/\/www.sv-freiendiez.de\/#\/schema\/person\/e506fdcfcb3a8d0b33fb2982e44b9b79","name":"editor","image":{"@type":"ImageObject","inLanguage":"de","@id":"https:\/\/secure.gravatar.com\/avatar\/2e61a0e3091a1495360fb924e613dd25bace1d4a95a687bd9add8c68191636ff?s=96&d=mm&r=g","url":"https:\/\/secure.gravatar.com\/avatar\/2e61a0e3091a1495360fb924e613dd25bace1d4a95a687bd9add8c68191636ff?s=96&d=mm&r=g","contentUrl":"https:\/\/secure.gravatar.com\/avatar\/2e61a0e3091a1495360fb924e613dd25bace1d4a95a687bd9add8c68191636ff?s=96&d=mm&r=g","caption":"editor"},"url":"https:\/\/www.sv-freiendiez.de\/?author=1"}]}},"_links":{"self":[{"href":"https:\/\/www.sv-freiendiez.de\/index.php?rest_route=\/wp\/v2\/posts\/4810","targetHints":{"allow":["GET"]}}],"collection":[{"href":"https:\/\/www.sv-freiendiez.de\/index.php?rest_route=\/wp\/v2\/posts"}],"about":[{"href":"https:\/\/www.sv-freiendiez.de\/index.php?rest_route=\/wp\/v2\/types\/post"}],"author":[{"embeddable":true,"href":"https:\/\/www.sv-freiendiez.de\/index.php?rest_route=\/wp\/v2\/users\/1"}],"replies":[{"embeddable":true,"href":"https:\/\/www.sv-freiendiez.de\/index.php?rest_route=%2Fwp%2Fv2%2Fcomments&post=4810"}],"version-history":[{"count":5,"href":"https:\/\/www.sv-freiendiez.de\/index.php?rest_route=\/wp\/v2\/posts\/4810\/revisions"}],"predecessor-version":[{"id":4816,"href":"https:\/\/www.sv-freiendiez.de\/index.php?rest_route=\/wp\/v2\/posts\/4810\/revisions\/4816"}],"wp:attachment":[{"href":"https:\/\/www.sv-freiendiez.de\/index.php?rest_route=%2Fwp%2Fv2%2Fmedia&parent=4810"}],"wp:term":[{"taxonomy":"category","embeddable":true,"href":"https:\/\/www.sv-freiendiez.de\/index.php?rest_route=%2Fwp%2Fv2%2Fcategories&post=4810"},{"taxonomy":"post_tag","embeddable":true,"href":"https:\/\/www.sv-freiendiez.de\/index.php?rest_route=%2Fwp%2Fv2%2Ftags&post=4810"}],"curies":[{"name":"wp","href":"https:\/\/api.w.org\/{rel}","templated":true}]}}