{"id":4716,"date":"2024-03-24T13:34:17","date_gmt":"2024-03-24T12:34:17","guid":{"rendered":"https:\/\/www.sv-freiendiez.de\/?p=4716"},"modified":"2024-03-27T15:29:46","modified_gmt":"2024-03-27T14:29:46","slug":"jahreshauptversammlung-2024-neuer-2-vorsitzender-gewaehlt-kassierer-und-sportleiter-im-amt-bestaetigt","status":"publish","type":"post","link":"https:\/\/www.sv-freiendiez.de\/?p=4716","title":{"rendered":"Jahreshauptversammlung 2024: Neuer 2. Vorsitzender und 2. Kassiererin gew\u00e4hlt, Kassierer und Sportleiter im Amt best\u00e4tigt."},"content":{"rendered":"<figure id=\"attachment_4721\" aria-describedby=\"caption-attachment-4721\" style=\"width: 300px\" class=\"wp-caption alignleft\"><img loading=\"lazy\" decoding=\"async\" class=\"size-medium wp-image-4721\" src=\"https:\/\/www.sv-freiendiez.de\/wp-content\/uploads\/2024\/03\/BroederLoeberJHV2024-300x238.jpg\" alt=\"\" width=\"300\" height=\"238\" srcset=\"https:\/\/www.sv-freiendiez.de\/wp-content\/uploads\/2024\/03\/BroederLoeberJHV2024-300x238.jpg 300w, https:\/\/www.sv-freiendiez.de\/wp-content\/uploads\/2024\/03\/BroederLoeberJHV2024-1024x811.jpg 1024w, https:\/\/www.sv-freiendiez.de\/wp-content\/uploads\/2024\/03\/BroederLoeberJHV2024-768x608.jpg 768w, https:\/\/www.sv-freiendiez.de\/wp-content\/uploads\/2024\/03\/BroederLoeberJHV2024-1536x1216.jpg 1536w, https:\/\/www.sv-freiendiez.de\/wp-content\/uploads\/2024\/03\/BroederLoeberJHV2024-2048x1622.jpg 2048w, https:\/\/www.sv-freiendiez.de\/wp-content\/uploads\/2024\/03\/BroederLoeberJHV2024-1320x1045.jpg 1320w\" sizes=\"auto, (max-width: 300px) 100vw, 300px\" \/><figcaption id=\"caption-attachment-4721\" class=\"wp-caption-text\">(C) 2024 SV Diez-Freiendiez<br \/>v.l.n.r. J\u00fcrgen Br\u00f6der, Holger L\u00f6ber<\/figcaption><\/figure>\n<p style=\"text-align: justify;\">Nach \u00fcber 15 Jahren ist unser bisheriger 2. Vorsitzender J\u00fcrgen Br\u00f6der in den verdienten Vereinsruhestand gegangen. Er stellte sich bei der Satzungsgem\u00e4\u00dfen Neuwahl des 2. Vorsitzenden nicht mehr zur Wiederwahl. Der Vorsitzende Holger L\u00f6ber w\u00fcrdigte seine Arbeit und seinen Einsatz f\u00fcr den Verein und ernannte ihn zum Ehrenmitglied. Wohlwissend, das der Verein nicht auf seine Expertise verzichten kann, wurde er zum Beisitzer Geb\u00e4ude-Technik im Vorstand ernannt. Als Dank \u00fcberreichte der 1. Vorsitzende eine Urkunde und eine kleine Aufmerksamkeit. Der Verein dankt J\u00fcrgen Br\u00f6der f\u00fcr seinen unerm\u00fcdlichen Einsatz zum Wohle des Vereins!<\/p>\n<p style=\"text-align: justify;\">Als neuer 2. Vorsitzender wurde Manfred Tremper gew\u00e4hlt. Er wird unseren 1. Vorsitzenden in Zukunft bei seiner Arbeit im Verein unterst\u00fctzen. Er bekam die uneingeschr\u00e4nkte Unterst\u00fctzung f\u00fcr sein Amt durch eine einstimmige Wahl durch die anwesende Versammlung.<!--more--><\/p>\n<p style=\"text-align: justify;\">Es standen drei weitere Wahlen an. Sowohl die Position des Kassierers als auch die des Sportleiters mussten satzungsgem\u00e4\u00df neu gew\u00e4hlt werden. Bei beiden Wahlg\u00e4ngen durch die Anwesende Versammlung wurden bei bisherigen Amtsinhaber wiedergew\u00e4hlt. Als Kassierer wurde Arnd Deimling wiedergew\u00e4hlt und als Sportleiter Mario Linowski. Neu besetzt wurde die Position des stellvertretenden Kassierers bzw. Kassiererin: Eike Schulz wurde durch die Anwesenden zu diesem Amt berufen. Damit haben wir ein erfreuliches Novum erreicht: Die erste Frau im Vorstand seit Gr\u00fcndung des Vereins!Ein herzliches Willkommen an unsere beiden neuen Vorstandsmitglieder!<\/p>\n<p>Der 1. Vorsitzende Holger L\u00f6ber erstattete Bericht \u00fcber das letzte Jahr, \u00fcber Investitionen und Ereignissen rund um den Verein, sowie notwendige Bauma\u00dfnahmen. Er mahnte aber auch an, das die Beteiligung an Arbeitseins\u00e4tzen durch die Mitglieder das Vereins durchaus h\u00f6her sein k\u00f6nnte. Helfen w\u00fcrden meistens immer die gleichen Personen, die aber alterm\u00e4\u00dfig auch nicht mehr so k\u00f6nnten wie sie wollten. Auch um die Mithilfe beim freit\u00e4glichen K\u00fcchendienst wurde gebeten. Derzeit g\u00e4be es nur 4 Teams, was zu einer hohen Zusatzbelastung Weniger f\u00fchren w\u00fcrde. Es wurden einige Verbesserungsvorschl\u00e4ge angebracht, \u00fcber die in einer der n\u00e4chsten Vorstandssitzung diskutiert wird.<\/p>\n<p style=\"text-align: justify;\">Im weiteren Verlauf der Jahreshauptversammlung erstatteten die entsprechenden Ressortleiter Bericht aus dem letzten Jahr. Der Kassierer erl\u00e4uterte die finanzielle Situation des Vereins und wurde anschlie\u00dfend nach dem Bericht der Kassenpr\u00fcfer durch die Versammlung entlastet. Der stellvertretende Jugendleiter berichtete von der erfreulichen Entwicklung im Jugendbereich durch zahlreiche Neuzug\u00e4nge. Der Sportleiter lobte die Beteiligung an den Vereins- Bezirksmeisterschaften, die Zahlenm\u00e4\u00dfig das Vor-Corona Niveau erreicht haben und teilweise sogar \u00fcberschritten haben.<\/p>\n<p style=\"text-align: justify;\">Der Vorstand freut sich und bedankt sich ausdr\u00fccklich \u00fcber das zahlreiche Erscheinen der Mitglieder! Zum ersten mal gingen uns die Pl\u00e4tze aus. Auch bei unserem Koch Harald Zemla bedanken wir uns zum wiederholten Male f\u00fcr das zubereiten eines leckeren Essens!<\/p>\n","protected":false},"excerpt":{"rendered":"<p>Nach \u00fcber 15 Jahren ist unser bisheriger 2. Vorsitzender J\u00fcrgen Br\u00f6der in den verdienten Vereinsruhestand gegangen. Er stellte sich bei der Satzungsgem\u00e4\u00dfen Neuwahl des 2. Vorsitzenden nicht mehr zur Wiederwahl. Der Vorsitzende Holger L\u00f6ber w\u00fcrdigte seine Arbeit und seinen Einsatz f\u00fcr den Verein und ernannte ihn zum Ehrenmitglied. Wohlwissend, das der Verein nicht auf seine &hellip; <\/p>\n<p class=\"link-more\"><a href=\"https:\/\/www.sv-freiendiez.de\/?p=4716\" class=\"more-link\"><span class=\"screen-reader-text\">\u201eJahreshauptversammlung 2024: Neuer 2. Vorsitzender und 2. Kassiererin gew\u00e4hlt, Kassierer und Sportleiter im Amt best\u00e4tigt.\u201c<\/span> weiterlesen<\/a><\/p>\n","protected":false},"author":1,"featured_media":0,"comment_status":"closed","ping_status":"closed","sticky":false,"template":"","format":"standard","meta":{"ngg_post_thumbnail":0,"footnotes":""},"categories":[45],"tags":[],"class_list":["post-4716","post","type-post","status-publish","format-standard","hentry","category-jahreshauptversammlung"],"yoast_head":"<!-- This site is optimized with the Yoast SEO plugin v27.5 - https:\/\/yoast.com\/product\/yoast-seo-wordpress\/ -->\n<title>Jahreshauptversammlung 2024: Neuer 2. Vorsitzender und 2. Kassiererin gew\u00e4hlt, Kassierer und Sportleiter im Amt best\u00e4tigt. - SV Diez-Freiendiez 1928 e.V.<\/title>\n<meta name=\"robots\" content=\"index, follow, max-snippet:-1, max-image-preview:large, max-video-preview:-1\" \/>\n<link rel=\"canonical\" href=\"https:\/\/www.sv-freiendiez.de\/?p=4716\" \/>\n<meta property=\"og:locale\" content=\"de_DE\" \/>\n<meta property=\"og:type\" content=\"article\" \/>\n<meta property=\"og:title\" content=\"Jahreshauptversammlung 2024: Neuer 2. Vorsitzender und 2. Kassiererin gew\u00e4hlt, Kassierer und Sportleiter im Amt best\u00e4tigt. - SV Diez-Freiendiez 1928 e.V.\" \/>\n<meta property=\"og:description\" content=\"Nach \u00fcber 15 Jahren ist unser bisheriger 2. Vorsitzender J\u00fcrgen Br\u00f6der in den verdienten Vereinsruhestand gegangen. Er stellte sich bei der Satzungsgem\u00e4\u00dfen Neuwahl des 2. Vorsitzenden nicht mehr zur Wiederwahl. Der Vorsitzende Holger L\u00f6ber w\u00fcrdigte seine Arbeit und seinen Einsatz f\u00fcr den Verein und ernannte ihn zum Ehrenmitglied. Wohlwissend, das der Verein nicht auf seine &hellip; \u201eJahreshauptversammlung 2024: Neuer 2. Vorsitzender und 2. Kassiererin gew\u00e4hlt, Kassierer und Sportleiter im Amt best\u00e4tigt.\u201c weiterlesen\" \/>\n<meta property=\"og:url\" content=\"https:\/\/www.sv-freiendiez.de\/?p=4716\" \/>\n<meta property=\"og:site_name\" content=\"SV Diez-Freiendiez 1928 e.V.\" \/>\n<meta property=\"article:publisher\" content=\"https:\/\/www.facebook.com\/svfreiendiez\/\" \/>\n<meta property=\"article:published_time\" content=\"2024-03-24T12:34:17+00:00\" \/>\n<meta property=\"article:modified_time\" content=\"2024-03-27T14:29:46+00:00\" \/>\n<meta property=\"og:image\" content=\"https:\/\/www.sv-freiendiez.de\/wp-content\/uploads\/2024\/03\/BroederLoeberJHV2024-300x238.jpg\" \/>\n<meta name=\"author\" content=\"editor\" \/>\n<meta name=\"twitter:card\" content=\"summary_large_image\" \/>\n<meta name=\"twitter:label1\" content=\"Verfasst von\" \/>\n\t<meta name=\"twitter:data1\" content=\"editor\" \/>\n\t<meta name=\"twitter:label2\" content=\"Gesch\u00e4tzte Lesezeit\" \/>\n\t<meta name=\"twitter:data2\" content=\"3\u00a0Minuten\" \/>\n<script type=\"application\/ld+json\" class=\"yoast-schema-graph\">{\"@context\":\"https:\\\/\\\/schema.org\",\"@graph\":[{\"@type\":\"Article\",\"@id\":\"https:\\\/\\\/www.sv-freiendiez.de\\\/?p=4716#article\",\"isPartOf\":{\"@id\":\"https:\\\/\\\/www.sv-freiendiez.de\\\/?p=4716\"},\"author\":{\"name\":\"editor\",\"@id\":\"https:\\\/\\\/www.sv-freiendiez.de\\\/#\\\/schema\\\/person\\\/e506fdcfcb3a8d0b33fb2982e44b9b79\"},\"headline\":\"Jahreshauptversammlung 2024: Neuer 2. Vorsitzender und 2. Kassiererin gew\u00e4hlt, Kassierer und Sportleiter im Amt best\u00e4tigt.\",\"datePublished\":\"2024-03-24T12:34:17+00:00\",\"dateModified\":\"2024-03-27T14:29:46+00:00\",\"mainEntityOfPage\":{\"@id\":\"https:\\\/\\\/www.sv-freiendiez.de\\\/?p=4716\"},\"wordCount\":490,\"publisher\":{\"@id\":\"https:\\\/\\\/www.sv-freiendiez.de\\\/#organization\"},\"image\":{\"@id\":\"https:\\\/\\\/www.sv-freiendiez.de\\\/?p=4716#primaryimage\"},\"thumbnailUrl\":\"https:\\\/\\\/www.sv-freiendiez.de\\\/wp-content\\\/uploads\\\/2024\\\/03\\\/BroederLoeberJHV2024-300x238.jpg\",\"articleSection\":[\"Jahreshauptversammlung\"],\"inLanguage\":\"de\"},{\"@type\":\"WebPage\",\"@id\":\"https:\\\/\\\/www.sv-freiendiez.de\\\/?p=4716\",\"url\":\"https:\\\/\\\/www.sv-freiendiez.de\\\/?p=4716\",\"name\":\"Jahreshauptversammlung 2024: Neuer 2. Vorsitzender und 2. Kassiererin gew\u00e4hlt, Kassierer und Sportleiter im Amt best\u00e4tigt. - SV Diez-Freiendiez 1928 e.V.\",\"isPartOf\":{\"@id\":\"https:\\\/\\\/www.sv-freiendiez.de\\\/#website\"},\"primaryImageOfPage\":{\"@id\":\"https:\\\/\\\/www.sv-freiendiez.de\\\/?p=4716#primaryimage\"},\"image\":{\"@id\":\"https:\\\/\\\/www.sv-freiendiez.de\\\/?p=4716#primaryimage\"},\"thumbnailUrl\":\"https:\\\/\\\/www.sv-freiendiez.de\\\/wp-content\\\/uploads\\\/2024\\\/03\\\/BroederLoeberJHV2024-300x238.jpg\",\"datePublished\":\"2024-03-24T12:34:17+00:00\",\"dateModified\":\"2024-03-27T14:29:46+00:00\",\"breadcrumb\":{\"@id\":\"https:\\\/\\\/www.sv-freiendiez.de\\\/?p=4716#breadcrumb\"},\"inLanguage\":\"de\",\"potentialAction\":[{\"@type\":\"ReadAction\",\"target\":[\"https:\\\/\\\/www.sv-freiendiez.de\\\/?p=4716\"]}]},{\"@type\":\"ImageObject\",\"inLanguage\":\"de\",\"@id\":\"https:\\\/\\\/www.sv-freiendiez.de\\\/?p=4716#primaryimage\",\"url\":\"https:\\\/\\\/www.sv-freiendiez.de\\\/wp-content\\\/uploads\\\/2024\\\/03\\\/BroederLoeberJHV2024.jpg\",\"contentUrl\":\"https:\\\/\\\/www.sv-freiendiez.de\\\/wp-content\\\/uploads\\\/2024\\\/03\\\/BroederLoeberJHV2024.jpg\",\"width\":2142,\"height\":1696,\"caption\":\"(C) 2024 SV Diez-Freiendiez v.l.n.r. J\u00fcrgen Br\u00f6der, Holger L\u00f6ber\"},{\"@type\":\"BreadcrumbList\",\"@id\":\"https:\\\/\\\/www.sv-freiendiez.de\\\/?p=4716#breadcrumb\",\"itemListElement\":[{\"@type\":\"ListItem\",\"position\":1,\"name\":\"Startseite\",\"item\":\"https:\\\/\\\/www.sv-freiendiez.de\\\/\"},{\"@type\":\"ListItem\",\"position\":2,\"name\":\"Jahreshauptversammlung 2024: Neuer 2. Vorsitzender und 2. Kassiererin gew\u00e4hlt, Kassierer und Sportleiter im Amt best\u00e4tigt.\"}]},{\"@type\":\"WebSite\",\"@id\":\"https:\\\/\\\/www.sv-freiendiez.de\\\/#website\",\"url\":\"https:\\\/\\\/www.sv-freiendiez.de\\\/\",\"name\":\"SV Diez-Freiendiez 1928 e.V.\",\"description\":\"Sch\u00fctzenverein Diez-Freiendiez 1928 e.V.\",\"publisher\":{\"@id\":\"https:\\\/\\\/www.sv-freiendiez.de\\\/#organization\"},\"potentialAction\":[{\"@type\":\"SearchAction\",\"target\":{\"@type\":\"EntryPoint\",\"urlTemplate\":\"https:\\\/\\\/www.sv-freiendiez.de\\\/?s={search_term_string}\"},\"query-input\":{\"@type\":\"PropertyValueSpecification\",\"valueRequired\":true,\"valueName\":\"search_term_string\"}}],\"inLanguage\":\"de\"},{\"@type\":\"Organization\",\"@id\":\"https:\\\/\\\/www.sv-freiendiez.de\\\/#organization\",\"name\":\"SV Diez-Freiendiez 1928 e.V.\",\"url\":\"https:\\\/\\\/www.sv-freiendiez.de\\\/\",\"logo\":{\"@type\":\"ImageObject\",\"inLanguage\":\"de\",\"@id\":\"https:\\\/\\\/www.sv-freiendiez.de\\\/#\\\/schema\\\/logo\\\/image\\\/\",\"url\":\"https:\\\/\\\/www.sv-freiendiez.de\\\/wp-content\\\/uploads\\\/2016\\\/12\\\/cropped-wappen250.png\",\"contentUrl\":\"https:\\\/\\\/www.sv-freiendiez.de\\\/wp-content\\\/uploads\\\/2016\\\/12\\\/cropped-wappen250.png\",\"width\":250,\"height\":250,\"caption\":\"SV Diez-Freiendiez 1928 e.V.\"},\"image\":{\"@id\":\"https:\\\/\\\/www.sv-freiendiez.de\\\/#\\\/schema\\\/logo\\\/image\\\/\"},\"sameAs\":[\"https:\\\/\\\/www.facebook.com\\\/svfreiendiez\\\/\"]},{\"@type\":\"Person\",\"@id\":\"https:\\\/\\\/www.sv-freiendiez.de\\\/#\\\/schema\\\/person\\\/e506fdcfcb3a8d0b33fb2982e44b9b79\",\"name\":\"editor\",\"image\":{\"@type\":\"ImageObject\",\"inLanguage\":\"de\",\"@id\":\"https:\\\/\\\/secure.gravatar.com\\\/avatar\\\/2e61a0e3091a1495360fb924e613dd25bace1d4a95a687bd9add8c68191636ff?s=96&d=mm&r=g\",\"url\":\"https:\\\/\\\/secure.gravatar.com\\\/avatar\\\/2e61a0e3091a1495360fb924e613dd25bace1d4a95a687bd9add8c68191636ff?s=96&d=mm&r=g\",\"contentUrl\":\"https:\\\/\\\/secure.gravatar.com\\\/avatar\\\/2e61a0e3091a1495360fb924e613dd25bace1d4a95a687bd9add8c68191636ff?s=96&d=mm&r=g\",\"caption\":\"editor\"},\"url\":\"https:\\\/\\\/www.sv-freiendiez.de\\\/?author=1\"}]}<\/script>\n<!-- \/ Yoast SEO plugin. -->","yoast_head_json":{"title":"Jahreshauptversammlung 2024: Neuer 2. Vorsitzender und 2. Kassiererin gew\u00e4hlt, Kassierer und Sportleiter im Amt best\u00e4tigt. - SV Diez-Freiendiez 1928 e.V.","robots":{"index":"index","follow":"follow","max-snippet":"max-snippet:-1","max-image-preview":"max-image-preview:large","max-video-preview":"max-video-preview:-1"},"canonical":"https:\/\/www.sv-freiendiez.de\/?p=4716","og_locale":"de_DE","og_type":"article","og_title":"Jahreshauptversammlung 2024: Neuer 2. Vorsitzender und 2. Kassiererin gew\u00e4hlt, Kassierer und Sportleiter im Amt best\u00e4tigt. - SV Diez-Freiendiez 1928 e.V.","og_description":"Nach \u00fcber 15 Jahren ist unser bisheriger 2. Vorsitzender J\u00fcrgen Br\u00f6der in den verdienten Vereinsruhestand gegangen. Er stellte sich bei der Satzungsgem\u00e4\u00dfen Neuwahl des 2. Vorsitzenden nicht mehr zur Wiederwahl. Der Vorsitzende Holger L\u00f6ber w\u00fcrdigte seine Arbeit und seinen Einsatz f\u00fcr den Verein und ernannte ihn zum Ehrenmitglied. Wohlwissend, das der Verein nicht auf seine &hellip; \u201eJahreshauptversammlung 2024: Neuer 2. Vorsitzender und 2. Kassiererin gew\u00e4hlt, Kassierer und Sportleiter im Amt best\u00e4tigt.\u201c weiterlesen","og_url":"https:\/\/www.sv-freiendiez.de\/?p=4716","og_site_name":"SV Diez-Freiendiez 1928 e.V.","article_publisher":"https:\/\/www.facebook.com\/svfreiendiez\/","article_published_time":"2024-03-24T12:34:17+00:00","article_modified_time":"2024-03-27T14:29:46+00:00","og_image":[{"url":"https:\/\/www.sv-freiendiez.de\/wp-content\/uploads\/2024\/03\/BroederLoeberJHV2024-300x238.jpg","type":"","width":"","height":""}],"author":"editor","twitter_card":"summary_large_image","twitter_misc":{"Verfasst von":"editor","Gesch\u00e4tzte Lesezeit":"3\u00a0Minuten"},"schema":{"@context":"https:\/\/schema.org","@graph":[{"@type":"Article","@id":"https:\/\/www.sv-freiendiez.de\/?p=4716#article","isPartOf":{"@id":"https:\/\/www.sv-freiendiez.de\/?p=4716"},"author":{"name":"editor","@id":"https:\/\/www.sv-freiendiez.de\/#\/schema\/person\/e506fdcfcb3a8d0b33fb2982e44b9b79"},"headline":"Jahreshauptversammlung 2024: Neuer 2. Vorsitzender und 2. Kassiererin gew\u00e4hlt, Kassierer und Sportleiter im Amt best\u00e4tigt.","datePublished":"2024-03-24T12:34:17+00:00","dateModified":"2024-03-27T14:29:46+00:00","mainEntityOfPage":{"@id":"https:\/\/www.sv-freiendiez.de\/?p=4716"},"wordCount":490,"publisher":{"@id":"https:\/\/www.sv-freiendiez.de\/#organization"},"image":{"@id":"https:\/\/www.sv-freiendiez.de\/?p=4716#primaryimage"},"thumbnailUrl":"https:\/\/www.sv-freiendiez.de\/wp-content\/uploads\/2024\/03\/BroederLoeberJHV2024-300x238.jpg","articleSection":["Jahreshauptversammlung"],"inLanguage":"de"},{"@type":"WebPage","@id":"https:\/\/www.sv-freiendiez.de\/?p=4716","url":"https:\/\/www.sv-freiendiez.de\/?p=4716","name":"Jahreshauptversammlung 2024: Neuer 2. Vorsitzender und 2. Kassiererin gew\u00e4hlt, Kassierer und Sportleiter im Amt best\u00e4tigt. - SV Diez-Freiendiez 1928 e.V.","isPartOf":{"@id":"https:\/\/www.sv-freiendiez.de\/#website"},"primaryImageOfPage":{"@id":"https:\/\/www.sv-freiendiez.de\/?p=4716#primaryimage"},"image":{"@id":"https:\/\/www.sv-freiendiez.de\/?p=4716#primaryimage"},"thumbnailUrl":"https:\/\/www.sv-freiendiez.de\/wp-content\/uploads\/2024\/03\/BroederLoeberJHV2024-300x238.jpg","datePublished":"2024-03-24T12:34:17+00:00","dateModified":"2024-03-27T14:29:46+00:00","breadcrumb":{"@id":"https:\/\/www.sv-freiendiez.de\/?p=4716#breadcrumb"},"inLanguage":"de","potentialAction":[{"@type":"ReadAction","target":["https:\/\/www.sv-freiendiez.de\/?p=4716"]}]},{"@type":"ImageObject","inLanguage":"de","@id":"https:\/\/www.sv-freiendiez.de\/?p=4716#primaryimage","url":"https:\/\/www.sv-freiendiez.de\/wp-content\/uploads\/2024\/03\/BroederLoeberJHV2024.jpg","contentUrl":"https:\/\/www.sv-freiendiez.de\/wp-content\/uploads\/2024\/03\/BroederLoeberJHV2024.jpg","width":2142,"height":1696,"caption":"(C) 2024 SV Diez-Freiendiez v.l.n.r. J\u00fcrgen Br\u00f6der, Holger L\u00f6ber"},{"@type":"BreadcrumbList","@id":"https:\/\/www.sv-freiendiez.de\/?p=4716#breadcrumb","itemListElement":[{"@type":"ListItem","position":1,"name":"Startseite","item":"https:\/\/www.sv-freiendiez.de\/"},{"@type":"ListItem","position":2,"name":"Jahreshauptversammlung 2024: Neuer 2. Vorsitzender und 2. Kassiererin gew\u00e4hlt, Kassierer und Sportleiter im Amt best\u00e4tigt."}]},{"@type":"WebSite","@id":"https:\/\/www.sv-freiendiez.de\/#website","url":"https:\/\/www.sv-freiendiez.de\/","name":"SV Diez-Freiendiez 1928 e.V.","description":"Sch\u00fctzenverein Diez-Freiendiez 1928 e.V.","publisher":{"@id":"https:\/\/www.sv-freiendiez.de\/#organization"},"potentialAction":[{"@type":"SearchAction","target":{"@type":"EntryPoint","urlTemplate":"https:\/\/www.sv-freiendiez.de\/?s={search_term_string}"},"query-input":{"@type":"PropertyValueSpecification","valueRequired":true,"valueName":"search_term_string"}}],"inLanguage":"de"},{"@type":"Organization","@id":"https:\/\/www.sv-freiendiez.de\/#organization","name":"SV Diez-Freiendiez 1928 e.V.","url":"https:\/\/www.sv-freiendiez.de\/","logo":{"@type":"ImageObject","inLanguage":"de","@id":"https:\/\/www.sv-freiendiez.de\/#\/schema\/logo\/image\/","url":"https:\/\/www.sv-freiendiez.de\/wp-content\/uploads\/2016\/12\/cropped-wappen250.png","contentUrl":"https:\/\/www.sv-freiendiez.de\/wp-content\/uploads\/2016\/12\/cropped-wappen250.png","width":250,"height":250,"caption":"SV Diez-Freiendiez 1928 e.V."},"image":{"@id":"https:\/\/www.sv-freiendiez.de\/#\/schema\/logo\/image\/"},"sameAs":["https:\/\/www.facebook.com\/svfreiendiez\/"]},{"@type":"Person","@id":"https:\/\/www.sv-freiendiez.de\/#\/schema\/person\/e506fdcfcb3a8d0b33fb2982e44b9b79","name":"editor","image":{"@type":"ImageObject","inLanguage":"de","@id":"https:\/\/secure.gravatar.com\/avatar\/2e61a0e3091a1495360fb924e613dd25bace1d4a95a687bd9add8c68191636ff?s=96&d=mm&r=g","url":"https:\/\/secure.gravatar.com\/avatar\/2e61a0e3091a1495360fb924e613dd25bace1d4a95a687bd9add8c68191636ff?s=96&d=mm&r=g","contentUrl":"https:\/\/secure.gravatar.com\/avatar\/2e61a0e3091a1495360fb924e613dd25bace1d4a95a687bd9add8c68191636ff?s=96&d=mm&r=g","caption":"editor"},"url":"https:\/\/www.sv-freiendiez.de\/?author=1"}]}},"_links":{"self":[{"href":"https:\/\/www.sv-freiendiez.de\/index.php?rest_route=\/wp\/v2\/posts\/4716","targetHints":{"allow":["GET"]}}],"collection":[{"href":"https:\/\/www.sv-freiendiez.de\/index.php?rest_route=\/wp\/v2\/posts"}],"about":[{"href":"https:\/\/www.sv-freiendiez.de\/index.php?rest_route=\/wp\/v2\/types\/post"}],"author":[{"embeddable":true,"href":"https:\/\/www.sv-freiendiez.de\/index.php?rest_route=\/wp\/v2\/users\/1"}],"replies":[{"embeddable":true,"href":"https:\/\/www.sv-freiendiez.de\/index.php?rest_route=%2Fwp%2Fv2%2Fcomments&post=4716"}],"version-history":[{"count":6,"href":"https:\/\/www.sv-freiendiez.de\/index.php?rest_route=\/wp\/v2\/posts\/4716\/revisions"}],"predecessor-version":[{"id":4726,"href":"https:\/\/www.sv-freiendiez.de\/index.php?rest_route=\/wp\/v2\/posts\/4716\/revisions\/4726"}],"wp:attachment":[{"href":"https:\/\/www.sv-freiendiez.de\/index.php?rest_route=%2Fwp%2Fv2%2Fmedia&parent=4716"}],"wp:term":[{"taxonomy":"category","embeddable":true,"href":"https:\/\/www.sv-freiendiez.de\/index.php?rest_route=%2Fwp%2Fv2%2Fcategories&post=4716"},{"taxonomy":"post_tag","embeddable":true,"href":"https:\/\/www.sv-freiendiez.de\/index.php?rest_route=%2Fwp%2Fv2%2Ftags&post=4716"}],"curies":[{"name":"wp","href":"https:\/\/api.w.org\/{rel}","templated":true}]}}