{"id":4665,"date":"2023-10-29T14:22:09","date_gmt":"2023-10-29T13:22:09","guid":{"rendered":"https:\/\/www.sv-freiendiez.de\/?p=4665"},"modified":"2023-11-02T17:32:04","modified_gmt":"2023-11-02T16:32:04","slug":"freiendiezer-kirmes-anboellern-und-uebergabe-der-koenigsscheibe-von-2022","status":"publish","type":"post","link":"https:\/\/www.sv-freiendiez.de\/?p=4665","title":{"rendered":"Freiendiezer Kirmes anb\u00f6llern und \u00dcbergabe der K\u00f6nigsscheibe von 2022"},"content":{"rendered":"<p style=\"text-align: justify;\"><img loading=\"lazy\" decoding=\"async\" class=\"alignright size-medium wp-image-4666\" src=\"https:\/\/www.sv-freiendiez.de\/wp-content\/uploads\/2023\/10\/20231027_190855-300x169.jpg\" alt=\"\" width=\"300\" height=\"169\" srcset=\"https:\/\/www.sv-freiendiez.de\/wp-content\/uploads\/2023\/10\/20231027_190855-300x169.jpg 300w, https:\/\/www.sv-freiendiez.de\/wp-content\/uploads\/2023\/10\/20231027_190855-1024x576.jpg 1024w, https:\/\/www.sv-freiendiez.de\/wp-content\/uploads\/2023\/10\/20231027_190855-768x432.jpg 768w, https:\/\/www.sv-freiendiez.de\/wp-content\/uploads\/2023\/10\/20231027_190855-1536x864.jpg 1536w, https:\/\/www.sv-freiendiez.de\/wp-content\/uploads\/2023\/10\/20231027_190855-2048x1152.jpg 2048w, https:\/\/www.sv-freiendiez.de\/wp-content\/uploads\/2023\/10\/20231027_190855-1320x743.jpg 1320w\" sizes=\"auto, (max-width: 300px) 100vw, 300px\" \/>Am vergangenen Freitag hatten wir wieder die Ehre, die Freiendiezer Kirmes 2023 &#8222;anzub\u00f6llern&#8220;. Zur Unterst\u00fctzung unserer B\u00f6llerm\u00e4nner kamen auch einige unserer Mitglieder und wohnten dem Spektakel bei. Auch eine Abordnung des Freiendiezer e.V. war anwesend, als die B\u00f6ller mit lautem Krachen den Start der Kirmes markierten.<\/p>\n<p style=\"text-align: justify;\">Wir nutzten den Anlass um dem B\u00fcrgerk\u00f6nig aus dem Jahr 2022, Fabian Felix, Mitglied im Freiendiezer e.V., die ihm zustehende Ehrenscheibe zu \u00fcberreichen. Unser 1. Vorsitzender Holger L\u00f6ber \u00fcbereichte die Scheibe, die einen Ehrenplatz im Vereinsheim des Freiendiezer e.V. bekommen wird. Wir w\u00fcnschen den Freiendiezern weiterhin eine sch\u00f6ne Kirmes!<\/p>\n","protected":false},"excerpt":{"rendered":"<p>Am vergangenen Freitag hatten wir wieder die Ehre, die Freiendiezer Kirmes 2023 &#8222;anzub\u00f6llern&#8220;. Zur Unterst\u00fctzung unserer B\u00f6llerm\u00e4nner kamen auch einige unserer Mitglieder und wohnten dem Spektakel bei. Auch eine Abordnung des Freiendiezer e.V. war anwesend, als die B\u00f6ller mit lautem Krachen den Start der Kirmes markierten. Wir nutzten den Anlass um dem B\u00fcrgerk\u00f6nig aus dem &hellip; <\/p>\n<p class=\"link-more\"><a href=\"https:\/\/www.sv-freiendiez.de\/?p=4665\" class=\"more-link\"><span class=\"screen-reader-text\">\u201eFreiendiezer Kirmes anb\u00f6llern und \u00dcbergabe der K\u00f6nigsscheibe von 2022\u201c<\/span> weiterlesen<\/a><\/p>\n","protected":false},"author":1,"featured_media":0,"comment_status":"closed","ping_status":"closed","sticky":false,"template":"","format":"standard","meta":{"ngg_post_thumbnail":0,"footnotes":""},"categories":[1],"tags":[],"class_list":["post-4665","post","type-post","status-publish","format-standard","hentry","category-allgemein"],"yoast_head":"<!-- This site is optimized with the Yoast SEO plugin v27.5 - https:\/\/yoast.com\/product\/yoast-seo-wordpress\/ -->\n<title>Freiendiezer Kirmes anb\u00f6llern und \u00dcbergabe der K\u00f6nigsscheibe von 2022 - SV Diez-Freiendiez 1928 e.V.<\/title>\n<meta name=\"robots\" content=\"index, follow, max-snippet:-1, max-image-preview:large, max-video-preview:-1\" \/>\n<link rel=\"canonical\" href=\"https:\/\/www.sv-freiendiez.de\/?p=4665\" \/>\n<meta property=\"og:locale\" content=\"de_DE\" \/>\n<meta property=\"og:type\" content=\"article\" \/>\n<meta property=\"og:title\" content=\"Freiendiezer Kirmes anb\u00f6llern und \u00dcbergabe der K\u00f6nigsscheibe von 2022 - SV Diez-Freiendiez 1928 e.V.\" \/>\n<meta property=\"og:description\" content=\"Am vergangenen Freitag hatten wir wieder die Ehre, die Freiendiezer Kirmes 2023 &#8222;anzub\u00f6llern&#8220;. Zur Unterst\u00fctzung unserer B\u00f6llerm\u00e4nner kamen auch einige unserer Mitglieder und wohnten dem Spektakel bei. Auch eine Abordnung des Freiendiezer e.V. war anwesend, als die B\u00f6ller mit lautem Krachen den Start der Kirmes markierten. Wir nutzten den Anlass um dem B\u00fcrgerk\u00f6nig aus dem &hellip; \u201eFreiendiezer Kirmes anb\u00f6llern und \u00dcbergabe der K\u00f6nigsscheibe von 2022\u201c weiterlesen\" \/>\n<meta property=\"og:url\" content=\"https:\/\/www.sv-freiendiez.de\/?p=4665\" \/>\n<meta property=\"og:site_name\" content=\"SV Diez-Freiendiez 1928 e.V.\" \/>\n<meta property=\"article:publisher\" content=\"https:\/\/www.facebook.com\/svfreiendiez\/\" \/>\n<meta property=\"article:published_time\" content=\"2023-10-29T13:22:09+00:00\" \/>\n<meta property=\"article:modified_time\" content=\"2023-11-02T16:32:04+00:00\" \/>\n<meta property=\"og:image\" content=\"https:\/\/www.sv-freiendiez.de\/wp-content\/uploads\/2023\/10\/20231027_190855-300x169.jpg\" \/>\n<meta name=\"author\" content=\"editor\" \/>\n<meta name=\"twitter:card\" content=\"summary_large_image\" \/>\n<meta name=\"twitter:label1\" content=\"Verfasst von\" \/>\n\t<meta name=\"twitter:data1\" content=\"editor\" \/>\n\t<meta name=\"twitter:label2\" content=\"Gesch\u00e4tzte Lesezeit\" \/>\n\t<meta name=\"twitter:data2\" content=\"1\u00a0Minute\" \/>\n<script type=\"application\/ld+json\" class=\"yoast-schema-graph\">{\"@context\":\"https:\\\/\\\/schema.org\",\"@graph\":[{\"@type\":\"Article\",\"@id\":\"https:\\\/\\\/www.sv-freiendiez.de\\\/?p=4665#article\",\"isPartOf\":{\"@id\":\"https:\\\/\\\/www.sv-freiendiez.de\\\/?p=4665\"},\"author\":{\"name\":\"editor\",\"@id\":\"https:\\\/\\\/www.sv-freiendiez.de\\\/#\\\/schema\\\/person\\\/e506fdcfcb3a8d0b33fb2982e44b9b79\"},\"headline\":\"Freiendiezer Kirmes anb\u00f6llern und \u00dcbergabe der K\u00f6nigsscheibe von 2022\",\"datePublished\":\"2023-10-29T13:22:09+00:00\",\"dateModified\":\"2023-11-02T16:32:04+00:00\",\"mainEntityOfPage\":{\"@id\":\"https:\\\/\\\/www.sv-freiendiez.de\\\/?p=4665\"},\"wordCount\":115,\"publisher\":{\"@id\":\"https:\\\/\\\/www.sv-freiendiez.de\\\/#organization\"},\"image\":{\"@id\":\"https:\\\/\\\/www.sv-freiendiez.de\\\/?p=4665#primaryimage\"},\"thumbnailUrl\":\"https:\\\/\\\/www.sv-freiendiez.de\\\/wp-content\\\/uploads\\\/2023\\\/10\\\/20231027_190855-300x169.jpg\",\"inLanguage\":\"de\"},{\"@type\":\"WebPage\",\"@id\":\"https:\\\/\\\/www.sv-freiendiez.de\\\/?p=4665\",\"url\":\"https:\\\/\\\/www.sv-freiendiez.de\\\/?p=4665\",\"name\":\"Freiendiezer Kirmes anb\u00f6llern und \u00dcbergabe der K\u00f6nigsscheibe von 2022 - SV Diez-Freiendiez 1928 e.V.\",\"isPartOf\":{\"@id\":\"https:\\\/\\\/www.sv-freiendiez.de\\\/#website\"},\"primaryImageOfPage\":{\"@id\":\"https:\\\/\\\/www.sv-freiendiez.de\\\/?p=4665#primaryimage\"},\"image\":{\"@id\":\"https:\\\/\\\/www.sv-freiendiez.de\\\/?p=4665#primaryimage\"},\"thumbnailUrl\":\"https:\\\/\\\/www.sv-freiendiez.de\\\/wp-content\\\/uploads\\\/2023\\\/10\\\/20231027_190855-300x169.jpg\",\"datePublished\":\"2023-10-29T13:22:09+00:00\",\"dateModified\":\"2023-11-02T16:32:04+00:00\",\"breadcrumb\":{\"@id\":\"https:\\\/\\\/www.sv-freiendiez.de\\\/?p=4665#breadcrumb\"},\"inLanguage\":\"de\",\"potentialAction\":[{\"@type\":\"ReadAction\",\"target\":[\"https:\\\/\\\/www.sv-freiendiez.de\\\/?p=4665\"]}]},{\"@type\":\"ImageObject\",\"inLanguage\":\"de\",\"@id\":\"https:\\\/\\\/www.sv-freiendiez.de\\\/?p=4665#primaryimage\",\"url\":\"https:\\\/\\\/www.sv-freiendiez.de\\\/wp-content\\\/uploads\\\/2023\\\/10\\\/20231027_190855-scaled.jpg\",\"contentUrl\":\"https:\\\/\\\/www.sv-freiendiez.de\\\/wp-content\\\/uploads\\\/2023\\\/10\\\/20231027_190855-scaled.jpg\",\"width\":2560,\"height\":1440},{\"@type\":\"BreadcrumbList\",\"@id\":\"https:\\\/\\\/www.sv-freiendiez.de\\\/?p=4665#breadcrumb\",\"itemListElement\":[{\"@type\":\"ListItem\",\"position\":1,\"name\":\"Startseite\",\"item\":\"https:\\\/\\\/www.sv-freiendiez.de\\\/\"},{\"@type\":\"ListItem\",\"position\":2,\"name\":\"Freiendiezer Kirmes anb\u00f6llern und \u00dcbergabe der K\u00f6nigsscheibe von 2022\"}]},{\"@type\":\"WebSite\",\"@id\":\"https:\\\/\\\/www.sv-freiendiez.de\\\/#website\",\"url\":\"https:\\\/\\\/www.sv-freiendiez.de\\\/\",\"name\":\"SV Diez-Freiendiez 1928 e.V.\",\"description\":\"Sch\u00fctzenverein Diez-Freiendiez 1928 e.V.\",\"publisher\":{\"@id\":\"https:\\\/\\\/www.sv-freiendiez.de\\\/#organization\"},\"potentialAction\":[{\"@type\":\"SearchAction\",\"target\":{\"@type\":\"EntryPoint\",\"urlTemplate\":\"https:\\\/\\\/www.sv-freiendiez.de\\\/?s={search_term_string}\"},\"query-input\":{\"@type\":\"PropertyValueSpecification\",\"valueRequired\":true,\"valueName\":\"search_term_string\"}}],\"inLanguage\":\"de\"},{\"@type\":\"Organization\",\"@id\":\"https:\\\/\\\/www.sv-freiendiez.de\\\/#organization\",\"name\":\"SV Diez-Freiendiez 1928 e.V.\",\"url\":\"https:\\\/\\\/www.sv-freiendiez.de\\\/\",\"logo\":{\"@type\":\"ImageObject\",\"inLanguage\":\"de\",\"@id\":\"https:\\\/\\\/www.sv-freiendiez.de\\\/#\\\/schema\\\/logo\\\/image\\\/\",\"url\":\"https:\\\/\\\/www.sv-freiendiez.de\\\/wp-content\\\/uploads\\\/2016\\\/12\\\/cropped-wappen250.png\",\"contentUrl\":\"https:\\\/\\\/www.sv-freiendiez.de\\\/wp-content\\\/uploads\\\/2016\\\/12\\\/cropped-wappen250.png\",\"width\":250,\"height\":250,\"caption\":\"SV Diez-Freiendiez 1928 e.V.\"},\"image\":{\"@id\":\"https:\\\/\\\/www.sv-freiendiez.de\\\/#\\\/schema\\\/logo\\\/image\\\/\"},\"sameAs\":[\"https:\\\/\\\/www.facebook.com\\\/svfreiendiez\\\/\"]},{\"@type\":\"Person\",\"@id\":\"https:\\\/\\\/www.sv-freiendiez.de\\\/#\\\/schema\\\/person\\\/e506fdcfcb3a8d0b33fb2982e44b9b79\",\"name\":\"editor\",\"image\":{\"@type\":\"ImageObject\",\"inLanguage\":\"de\",\"@id\":\"https:\\\/\\\/secure.gravatar.com\\\/avatar\\\/2e61a0e3091a1495360fb924e613dd25bace1d4a95a687bd9add8c68191636ff?s=96&d=mm&r=g\",\"url\":\"https:\\\/\\\/secure.gravatar.com\\\/avatar\\\/2e61a0e3091a1495360fb924e613dd25bace1d4a95a687bd9add8c68191636ff?s=96&d=mm&r=g\",\"contentUrl\":\"https:\\\/\\\/secure.gravatar.com\\\/avatar\\\/2e61a0e3091a1495360fb924e613dd25bace1d4a95a687bd9add8c68191636ff?s=96&d=mm&r=g\",\"caption\":\"editor\"},\"url\":\"https:\\\/\\\/www.sv-freiendiez.de\\\/?author=1\"}]}<\/script>\n<!-- \/ Yoast SEO plugin. -->","yoast_head_json":{"title":"Freiendiezer Kirmes anb\u00f6llern und \u00dcbergabe der K\u00f6nigsscheibe von 2022 - SV Diez-Freiendiez 1928 e.V.","robots":{"index":"index","follow":"follow","max-snippet":"max-snippet:-1","max-image-preview":"max-image-preview:large","max-video-preview":"max-video-preview:-1"},"canonical":"https:\/\/www.sv-freiendiez.de\/?p=4665","og_locale":"de_DE","og_type":"article","og_title":"Freiendiezer Kirmes anb\u00f6llern und \u00dcbergabe der K\u00f6nigsscheibe von 2022 - SV Diez-Freiendiez 1928 e.V.","og_description":"Am vergangenen Freitag hatten wir wieder die Ehre, die Freiendiezer Kirmes 2023 &#8222;anzub\u00f6llern&#8220;. Zur Unterst\u00fctzung unserer B\u00f6llerm\u00e4nner kamen auch einige unserer Mitglieder und wohnten dem Spektakel bei. Auch eine Abordnung des Freiendiezer e.V. war anwesend, als die B\u00f6ller mit lautem Krachen den Start der Kirmes markierten. Wir nutzten den Anlass um dem B\u00fcrgerk\u00f6nig aus dem &hellip; \u201eFreiendiezer Kirmes anb\u00f6llern und \u00dcbergabe der K\u00f6nigsscheibe von 2022\u201c weiterlesen","og_url":"https:\/\/www.sv-freiendiez.de\/?p=4665","og_site_name":"SV Diez-Freiendiez 1928 e.V.","article_publisher":"https:\/\/www.facebook.com\/svfreiendiez\/","article_published_time":"2023-10-29T13:22:09+00:00","article_modified_time":"2023-11-02T16:32:04+00:00","og_image":[{"url":"https:\/\/www.sv-freiendiez.de\/wp-content\/uploads\/2023\/10\/20231027_190855-300x169.jpg","type":"","width":"","height":""}],"author":"editor","twitter_card":"summary_large_image","twitter_misc":{"Verfasst von":"editor","Gesch\u00e4tzte Lesezeit":"1\u00a0Minute"},"schema":{"@context":"https:\/\/schema.org","@graph":[{"@type":"Article","@id":"https:\/\/www.sv-freiendiez.de\/?p=4665#article","isPartOf":{"@id":"https:\/\/www.sv-freiendiez.de\/?p=4665"},"author":{"name":"editor","@id":"https:\/\/www.sv-freiendiez.de\/#\/schema\/person\/e506fdcfcb3a8d0b33fb2982e44b9b79"},"headline":"Freiendiezer Kirmes anb\u00f6llern und \u00dcbergabe der K\u00f6nigsscheibe von 2022","datePublished":"2023-10-29T13:22:09+00:00","dateModified":"2023-11-02T16:32:04+00:00","mainEntityOfPage":{"@id":"https:\/\/www.sv-freiendiez.de\/?p=4665"},"wordCount":115,"publisher":{"@id":"https:\/\/www.sv-freiendiez.de\/#organization"},"image":{"@id":"https:\/\/www.sv-freiendiez.de\/?p=4665#primaryimage"},"thumbnailUrl":"https:\/\/www.sv-freiendiez.de\/wp-content\/uploads\/2023\/10\/20231027_190855-300x169.jpg","inLanguage":"de"},{"@type":"WebPage","@id":"https:\/\/www.sv-freiendiez.de\/?p=4665","url":"https:\/\/www.sv-freiendiez.de\/?p=4665","name":"Freiendiezer Kirmes anb\u00f6llern und \u00dcbergabe der K\u00f6nigsscheibe von 2022 - SV Diez-Freiendiez 1928 e.V.","isPartOf":{"@id":"https:\/\/www.sv-freiendiez.de\/#website"},"primaryImageOfPage":{"@id":"https:\/\/www.sv-freiendiez.de\/?p=4665#primaryimage"},"image":{"@id":"https:\/\/www.sv-freiendiez.de\/?p=4665#primaryimage"},"thumbnailUrl":"https:\/\/www.sv-freiendiez.de\/wp-content\/uploads\/2023\/10\/20231027_190855-300x169.jpg","datePublished":"2023-10-29T13:22:09+00:00","dateModified":"2023-11-02T16:32:04+00:00","breadcrumb":{"@id":"https:\/\/www.sv-freiendiez.de\/?p=4665#breadcrumb"},"inLanguage":"de","potentialAction":[{"@type":"ReadAction","target":["https:\/\/www.sv-freiendiez.de\/?p=4665"]}]},{"@type":"ImageObject","inLanguage":"de","@id":"https:\/\/www.sv-freiendiez.de\/?p=4665#primaryimage","url":"https:\/\/www.sv-freiendiez.de\/wp-content\/uploads\/2023\/10\/20231027_190855-scaled.jpg","contentUrl":"https:\/\/www.sv-freiendiez.de\/wp-content\/uploads\/2023\/10\/20231027_190855-scaled.jpg","width":2560,"height":1440},{"@type":"BreadcrumbList","@id":"https:\/\/www.sv-freiendiez.de\/?p=4665#breadcrumb","itemListElement":[{"@type":"ListItem","position":1,"name":"Startseite","item":"https:\/\/www.sv-freiendiez.de\/"},{"@type":"ListItem","position":2,"name":"Freiendiezer Kirmes anb\u00f6llern und \u00dcbergabe der K\u00f6nigsscheibe von 2022"}]},{"@type":"WebSite","@id":"https:\/\/www.sv-freiendiez.de\/#website","url":"https:\/\/www.sv-freiendiez.de\/","name":"SV Diez-Freiendiez 1928 e.V.","description":"Sch\u00fctzenverein Diez-Freiendiez 1928 e.V.","publisher":{"@id":"https:\/\/www.sv-freiendiez.de\/#organization"},"potentialAction":[{"@type":"SearchAction","target":{"@type":"EntryPoint","urlTemplate":"https:\/\/www.sv-freiendiez.de\/?s={search_term_string}"},"query-input":{"@type":"PropertyValueSpecification","valueRequired":true,"valueName":"search_term_string"}}],"inLanguage":"de"},{"@type":"Organization","@id":"https:\/\/www.sv-freiendiez.de\/#organization","name":"SV Diez-Freiendiez 1928 e.V.","url":"https:\/\/www.sv-freiendiez.de\/","logo":{"@type":"ImageObject","inLanguage":"de","@id":"https:\/\/www.sv-freiendiez.de\/#\/schema\/logo\/image\/","url":"https:\/\/www.sv-freiendiez.de\/wp-content\/uploads\/2016\/12\/cropped-wappen250.png","contentUrl":"https:\/\/www.sv-freiendiez.de\/wp-content\/uploads\/2016\/12\/cropped-wappen250.png","width":250,"height":250,"caption":"SV Diez-Freiendiez 1928 e.V."},"image":{"@id":"https:\/\/www.sv-freiendiez.de\/#\/schema\/logo\/image\/"},"sameAs":["https:\/\/www.facebook.com\/svfreiendiez\/"]},{"@type":"Person","@id":"https:\/\/www.sv-freiendiez.de\/#\/schema\/person\/e506fdcfcb3a8d0b33fb2982e44b9b79","name":"editor","image":{"@type":"ImageObject","inLanguage":"de","@id":"https:\/\/secure.gravatar.com\/avatar\/2e61a0e3091a1495360fb924e613dd25bace1d4a95a687bd9add8c68191636ff?s=96&d=mm&r=g","url":"https:\/\/secure.gravatar.com\/avatar\/2e61a0e3091a1495360fb924e613dd25bace1d4a95a687bd9add8c68191636ff?s=96&d=mm&r=g","contentUrl":"https:\/\/secure.gravatar.com\/avatar\/2e61a0e3091a1495360fb924e613dd25bace1d4a95a687bd9add8c68191636ff?s=96&d=mm&r=g","caption":"editor"},"url":"https:\/\/www.sv-freiendiez.de\/?author=1"}]}},"_links":{"self":[{"href":"https:\/\/www.sv-freiendiez.de\/index.php?rest_route=\/wp\/v2\/posts\/4665","targetHints":{"allow":["GET"]}}],"collection":[{"href":"https:\/\/www.sv-freiendiez.de\/index.php?rest_route=\/wp\/v2\/posts"}],"about":[{"href":"https:\/\/www.sv-freiendiez.de\/index.php?rest_route=\/wp\/v2\/types\/post"}],"author":[{"embeddable":true,"href":"https:\/\/www.sv-freiendiez.de\/index.php?rest_route=\/wp\/v2\/users\/1"}],"replies":[{"embeddable":true,"href":"https:\/\/www.sv-freiendiez.de\/index.php?rest_route=%2Fwp%2Fv2%2Fcomments&post=4665"}],"version-history":[{"count":2,"href":"https:\/\/www.sv-freiendiez.de\/index.php?rest_route=\/wp\/v2\/posts\/4665\/revisions"}],"predecessor-version":[{"id":4678,"href":"https:\/\/www.sv-freiendiez.de\/index.php?rest_route=\/wp\/v2\/posts\/4665\/revisions\/4678"}],"wp:attachment":[{"href":"https:\/\/www.sv-freiendiez.de\/index.php?rest_route=%2Fwp%2Fv2%2Fmedia&parent=4665"}],"wp:term":[{"taxonomy":"category","embeddable":true,"href":"https:\/\/www.sv-freiendiez.de\/index.php?rest_route=%2Fwp%2Fv2%2Fcategories&post=4665"},{"taxonomy":"post_tag","embeddable":true,"href":"https:\/\/www.sv-freiendiez.de\/index.php?rest_route=%2Fwp%2Fv2%2Ftags&post=4665"}],"curies":[{"name":"wp","href":"https:\/\/api.w.org\/{rel}","templated":true}]}}