{"id":4661,"date":"2023-10-25T18:49:03","date_gmt":"2023-10-25T16:49:03","guid":{"rendered":"https:\/\/www.sv-freiendiez.de\/?p=4661"},"modified":"2023-11-02T17:35:17","modified_gmt":"2023-11-02T16:35:17","slug":"kirmes-boellern","status":"publish","type":"post","link":"https:\/\/www.sv-freiendiez.de\/?p=4661","title":{"rendered":"Kirmes &#8211; B\u00f6llern"},"content":{"rendered":"<p style=\"text-align: justify;\"><img loading=\"lazy\" decoding=\"async\" class=\"alignleft size-medium wp-image-4663\" src=\"https:\/\/www.sv-freiendiez.de\/wp-content\/uploads\/2023\/10\/fdk-300x157.jpg\" alt=\"\" width=\"300\" height=\"157\" srcset=\"https:\/\/www.sv-freiendiez.de\/wp-content\/uploads\/2023\/10\/fdk-300x157.jpg 300w, https:\/\/www.sv-freiendiez.de\/wp-content\/uploads\/2023\/10\/fdk-1024x537.jpg 1024w, https:\/\/www.sv-freiendiez.de\/wp-content\/uploads\/2023\/10\/fdk-768x403.jpg 768w, https:\/\/www.sv-freiendiez.de\/wp-content\/uploads\/2023\/10\/fdk-1536x806.jpg 1536w, https:\/\/www.sv-freiendiez.de\/wp-content\/uploads\/2023\/10\/fdk-1320x692.jpg 1320w, https:\/\/www.sv-freiendiez.de\/wp-content\/uploads\/2023\/10\/fdk.jpg 2048w\" sizes=\"auto, (max-width: 300px) 100vw, 300px\" \/>Am kommenden Freitag ist es wieder so weit: die Freiendiezer Kirmes startet! Und wir d\u00fcrfen die Kirmes traditionsgem\u00e4\u00df &#8222;anb\u00f6llern&#8220;!<\/p>\n<p style=\"text-align: justify;\">Unsere &#8222;Bollerm\u00e4nner&#8220; Holger und Manfred werden gegen 19 Uhr mit ihren B\u00f6llern ein akustisches Zeichen daf\u00fcr setzen, das die Freieniezer Kirmes startet. Es ist uns auch dieses Jahr wieder eine Freude und Ehre dabei zu sein!<\/p>\n<p style=\"text-align: justify;\">Alle Freiendiezer, Freunde und Mitglieder sind eingeladen, dem Anb\u00f6llern beizuwohnen. Die Freiendiezer Kirmes startet dieses Jahr am Freitag, den 27.10.2023 und endet am Montag, dem 30.10.2023.<\/p>\n<p><img loading=\"lazy\" decoding=\"async\" class=\"aligncenter size-full wp-image-4662\" src=\"https:\/\/www.sv-freiendiez.de\/wp-content\/uploads\/2023\/10\/386255326_18021487306739396_2695636924156380018_n.jpg\" alt=\"\" width=\"1440\" height=\"1440\" srcset=\"https:\/\/www.sv-freiendiez.de\/wp-content\/uploads\/2023\/10\/386255326_18021487306739396_2695636924156380018_n.jpg 1440w, https:\/\/www.sv-freiendiez.de\/wp-content\/uploads\/2023\/10\/386255326_18021487306739396_2695636924156380018_n-300x300.jpg 300w, https:\/\/www.sv-freiendiez.de\/wp-content\/uploads\/2023\/10\/386255326_18021487306739396_2695636924156380018_n-1024x1024.jpg 1024w, https:\/\/www.sv-freiendiez.de\/wp-content\/uploads\/2023\/10\/386255326_18021487306739396_2695636924156380018_n-150x150.jpg 150w, https:\/\/www.sv-freiendiez.de\/wp-content\/uploads\/2023\/10\/386255326_18021487306739396_2695636924156380018_n-768x768.jpg 768w, https:\/\/www.sv-freiendiez.de\/wp-content\/uploads\/2023\/10\/386255326_18021487306739396_2695636924156380018_n-100x100.jpg 100w, https:\/\/www.sv-freiendiez.de\/wp-content\/uploads\/2023\/10\/386255326_18021487306739396_2695636924156380018_n-1320x1320.jpg 1320w\" sizes=\"auto, (max-width: 767px) 89vw, (max-width: 1000px) 54vw, (max-width: 1071px) 543px, 580px\" \/><\/p>\n","protected":false},"excerpt":{"rendered":"<p>Am kommenden Freitag ist es wieder so weit: die Freiendiezer Kirmes startet! Und wir d\u00fcrfen die Kirmes traditionsgem\u00e4\u00df &#8222;anb\u00f6llern&#8220;! Unsere &#8222;Bollerm\u00e4nner&#8220; Holger und Manfred werden gegen 19 Uhr mit ihren B\u00f6llern ein akustisches Zeichen daf\u00fcr setzen, das die Freieniezer Kirmes startet. Es ist uns auch dieses Jahr wieder eine Freude und Ehre dabei zu sein! &hellip; <\/p>\n<p class=\"link-more\"><a href=\"https:\/\/www.sv-freiendiez.de\/?p=4661\" class=\"more-link\"><span class=\"screen-reader-text\">\u201eKirmes &#8211; B\u00f6llern\u201c<\/span> weiterlesen<\/a><\/p>\n","protected":false},"author":1,"featured_media":0,"comment_status":"closed","ping_status":"closed","sticky":false,"template":"","format":"standard","meta":{"ngg_post_thumbnail":0,"footnotes":""},"categories":[1],"tags":[],"class_list":["post-4661","post","type-post","status-publish","format-standard","hentry","category-allgemein"],"yoast_head":"<!-- This site is optimized with the Yoast SEO plugin v27.5 - https:\/\/yoast.com\/product\/yoast-seo-wordpress\/ -->\n<title>Kirmes - B\u00f6llern - SV Diez-Freiendiez 1928 e.V.<\/title>\n<meta name=\"robots\" content=\"index, follow, max-snippet:-1, max-image-preview:large, max-video-preview:-1\" \/>\n<link rel=\"canonical\" href=\"https:\/\/www.sv-freiendiez.de\/?p=4661\" \/>\n<meta property=\"og:locale\" content=\"de_DE\" \/>\n<meta property=\"og:type\" content=\"article\" \/>\n<meta property=\"og:title\" content=\"Kirmes - B\u00f6llern - SV Diez-Freiendiez 1928 e.V.\" \/>\n<meta property=\"og:description\" content=\"Am kommenden Freitag ist es wieder so weit: die Freiendiezer Kirmes startet! Und wir d\u00fcrfen die Kirmes traditionsgem\u00e4\u00df &#8222;anb\u00f6llern&#8220;! Unsere &#8222;Bollerm\u00e4nner&#8220; Holger und Manfred werden gegen 19 Uhr mit ihren B\u00f6llern ein akustisches Zeichen daf\u00fcr setzen, das die Freieniezer Kirmes startet. Es ist uns auch dieses Jahr wieder eine Freude und Ehre dabei zu sein! &hellip; \u201eKirmes &#8211; B\u00f6llern\u201c weiterlesen\" \/>\n<meta property=\"og:url\" content=\"https:\/\/www.sv-freiendiez.de\/?p=4661\" \/>\n<meta property=\"og:site_name\" content=\"SV Diez-Freiendiez 1928 e.V.\" \/>\n<meta property=\"article:publisher\" content=\"https:\/\/www.facebook.com\/svfreiendiez\/\" \/>\n<meta property=\"article:published_time\" content=\"2023-10-25T16:49:03+00:00\" \/>\n<meta property=\"article:modified_time\" content=\"2023-11-02T16:35:17+00:00\" \/>\n<meta property=\"og:image\" content=\"https:\/\/www.sv-freiendiez.de\/wp-content\/uploads\/2023\/10\/fdk-300x157.jpg\" \/>\n<meta name=\"author\" content=\"editor\" \/>\n<meta name=\"twitter:card\" content=\"summary_large_image\" \/>\n<meta name=\"twitter:label1\" content=\"Verfasst von\" \/>\n\t<meta name=\"twitter:data1\" content=\"editor\" \/>\n\t<meta name=\"twitter:label2\" content=\"Gesch\u00e4tzte Lesezeit\" \/>\n\t<meta name=\"twitter:data2\" content=\"1\u00a0Minute\" \/>\n<script type=\"application\/ld+json\" class=\"yoast-schema-graph\">{\"@context\":\"https:\\\/\\\/schema.org\",\"@graph\":[{\"@type\":\"Article\",\"@id\":\"https:\\\/\\\/www.sv-freiendiez.de\\\/?p=4661#article\",\"isPartOf\":{\"@id\":\"https:\\\/\\\/www.sv-freiendiez.de\\\/?p=4661\"},\"author\":{\"name\":\"editor\",\"@id\":\"https:\\\/\\\/www.sv-freiendiez.de\\\/#\\\/schema\\\/person\\\/e506fdcfcb3a8d0b33fb2982e44b9b79\"},\"headline\":\"Kirmes &#8211; B\u00f6llern\",\"datePublished\":\"2023-10-25T16:49:03+00:00\",\"dateModified\":\"2023-11-02T16:35:17+00:00\",\"mainEntityOfPage\":{\"@id\":\"https:\\\/\\\/www.sv-freiendiez.de\\\/?p=4661\"},\"wordCount\":88,\"publisher\":{\"@id\":\"https:\\\/\\\/www.sv-freiendiez.de\\\/#organization\"},\"image\":{\"@id\":\"https:\\\/\\\/www.sv-freiendiez.de\\\/?p=4661#primaryimage\"},\"thumbnailUrl\":\"https:\\\/\\\/www.sv-freiendiez.de\\\/wp-content\\\/uploads\\\/2023\\\/10\\\/fdk-300x157.jpg\",\"inLanguage\":\"de\"},{\"@type\":\"WebPage\",\"@id\":\"https:\\\/\\\/www.sv-freiendiez.de\\\/?p=4661\",\"url\":\"https:\\\/\\\/www.sv-freiendiez.de\\\/?p=4661\",\"name\":\"Kirmes - B\u00f6llern - SV Diez-Freiendiez 1928 e.V.\",\"isPartOf\":{\"@id\":\"https:\\\/\\\/www.sv-freiendiez.de\\\/#website\"},\"primaryImageOfPage\":{\"@id\":\"https:\\\/\\\/www.sv-freiendiez.de\\\/?p=4661#primaryimage\"},\"image\":{\"@id\":\"https:\\\/\\\/www.sv-freiendiez.de\\\/?p=4661#primaryimage\"},\"thumbnailUrl\":\"https:\\\/\\\/www.sv-freiendiez.de\\\/wp-content\\\/uploads\\\/2023\\\/10\\\/fdk-300x157.jpg\",\"datePublished\":\"2023-10-25T16:49:03+00:00\",\"dateModified\":\"2023-11-02T16:35:17+00:00\",\"breadcrumb\":{\"@id\":\"https:\\\/\\\/www.sv-freiendiez.de\\\/?p=4661#breadcrumb\"},\"inLanguage\":\"de\",\"potentialAction\":[{\"@type\":\"ReadAction\",\"target\":[\"https:\\\/\\\/www.sv-freiendiez.de\\\/?p=4661\"]}]},{\"@type\":\"ImageObject\",\"inLanguage\":\"de\",\"@id\":\"https:\\\/\\\/www.sv-freiendiez.de\\\/?p=4661#primaryimage\",\"url\":\"https:\\\/\\\/www.sv-freiendiez.de\\\/wp-content\\\/uploads\\\/2023\\\/10\\\/fdk.jpg\",\"contentUrl\":\"https:\\\/\\\/www.sv-freiendiez.de\\\/wp-content\\\/uploads\\\/2023\\\/10\\\/fdk.jpg\",\"width\":2048,\"height\":1074},{\"@type\":\"BreadcrumbList\",\"@id\":\"https:\\\/\\\/www.sv-freiendiez.de\\\/?p=4661#breadcrumb\",\"itemListElement\":[{\"@type\":\"ListItem\",\"position\":1,\"name\":\"Startseite\",\"item\":\"https:\\\/\\\/www.sv-freiendiez.de\\\/\"},{\"@type\":\"ListItem\",\"position\":2,\"name\":\"Kirmes &#8211; B\u00f6llern\"}]},{\"@type\":\"WebSite\",\"@id\":\"https:\\\/\\\/www.sv-freiendiez.de\\\/#website\",\"url\":\"https:\\\/\\\/www.sv-freiendiez.de\\\/\",\"name\":\"SV Diez-Freiendiez 1928 e.V.\",\"description\":\"Sch\u00fctzenverein Diez-Freiendiez 1928 e.V.\",\"publisher\":{\"@id\":\"https:\\\/\\\/www.sv-freiendiez.de\\\/#organization\"},\"potentialAction\":[{\"@type\":\"SearchAction\",\"target\":{\"@type\":\"EntryPoint\",\"urlTemplate\":\"https:\\\/\\\/www.sv-freiendiez.de\\\/?s={search_term_string}\"},\"query-input\":{\"@type\":\"PropertyValueSpecification\",\"valueRequired\":true,\"valueName\":\"search_term_string\"}}],\"inLanguage\":\"de\"},{\"@type\":\"Organization\",\"@id\":\"https:\\\/\\\/www.sv-freiendiez.de\\\/#organization\",\"name\":\"SV Diez-Freiendiez 1928 e.V.\",\"url\":\"https:\\\/\\\/www.sv-freiendiez.de\\\/\",\"logo\":{\"@type\":\"ImageObject\",\"inLanguage\":\"de\",\"@id\":\"https:\\\/\\\/www.sv-freiendiez.de\\\/#\\\/schema\\\/logo\\\/image\\\/\",\"url\":\"https:\\\/\\\/www.sv-freiendiez.de\\\/wp-content\\\/uploads\\\/2016\\\/12\\\/cropped-wappen250.png\",\"contentUrl\":\"https:\\\/\\\/www.sv-freiendiez.de\\\/wp-content\\\/uploads\\\/2016\\\/12\\\/cropped-wappen250.png\",\"width\":250,\"height\":250,\"caption\":\"SV Diez-Freiendiez 1928 e.V.\"},\"image\":{\"@id\":\"https:\\\/\\\/www.sv-freiendiez.de\\\/#\\\/schema\\\/logo\\\/image\\\/\"},\"sameAs\":[\"https:\\\/\\\/www.facebook.com\\\/svfreiendiez\\\/\"]},{\"@type\":\"Person\",\"@id\":\"https:\\\/\\\/www.sv-freiendiez.de\\\/#\\\/schema\\\/person\\\/e506fdcfcb3a8d0b33fb2982e44b9b79\",\"name\":\"editor\",\"image\":{\"@type\":\"ImageObject\",\"inLanguage\":\"de\",\"@id\":\"https:\\\/\\\/secure.gravatar.com\\\/avatar\\\/2e61a0e3091a1495360fb924e613dd25bace1d4a95a687bd9add8c68191636ff?s=96&d=mm&r=g\",\"url\":\"https:\\\/\\\/secure.gravatar.com\\\/avatar\\\/2e61a0e3091a1495360fb924e613dd25bace1d4a95a687bd9add8c68191636ff?s=96&d=mm&r=g\",\"contentUrl\":\"https:\\\/\\\/secure.gravatar.com\\\/avatar\\\/2e61a0e3091a1495360fb924e613dd25bace1d4a95a687bd9add8c68191636ff?s=96&d=mm&r=g\",\"caption\":\"editor\"},\"url\":\"https:\\\/\\\/www.sv-freiendiez.de\\\/?author=1\"}]}<\/script>\n<!-- \/ Yoast SEO plugin. -->","yoast_head_json":{"title":"Kirmes - B\u00f6llern - SV Diez-Freiendiez 1928 e.V.","robots":{"index":"index","follow":"follow","max-snippet":"max-snippet:-1","max-image-preview":"max-image-preview:large","max-video-preview":"max-video-preview:-1"},"canonical":"https:\/\/www.sv-freiendiez.de\/?p=4661","og_locale":"de_DE","og_type":"article","og_title":"Kirmes - B\u00f6llern - SV Diez-Freiendiez 1928 e.V.","og_description":"Am kommenden Freitag ist es wieder so weit: die Freiendiezer Kirmes startet! Und wir d\u00fcrfen die Kirmes traditionsgem\u00e4\u00df &#8222;anb\u00f6llern&#8220;! Unsere &#8222;Bollerm\u00e4nner&#8220; Holger und Manfred werden gegen 19 Uhr mit ihren B\u00f6llern ein akustisches Zeichen daf\u00fcr setzen, das die Freieniezer Kirmes startet. Es ist uns auch dieses Jahr wieder eine Freude und Ehre dabei zu sein! &hellip; \u201eKirmes &#8211; B\u00f6llern\u201c weiterlesen","og_url":"https:\/\/www.sv-freiendiez.de\/?p=4661","og_site_name":"SV Diez-Freiendiez 1928 e.V.","article_publisher":"https:\/\/www.facebook.com\/svfreiendiez\/","article_published_time":"2023-10-25T16:49:03+00:00","article_modified_time":"2023-11-02T16:35:17+00:00","og_image":[{"url":"https:\/\/www.sv-freiendiez.de\/wp-content\/uploads\/2023\/10\/fdk-300x157.jpg","type":"","width":"","height":""}],"author":"editor","twitter_card":"summary_large_image","twitter_misc":{"Verfasst von":"editor","Gesch\u00e4tzte Lesezeit":"1\u00a0Minute"},"schema":{"@context":"https:\/\/schema.org","@graph":[{"@type":"Article","@id":"https:\/\/www.sv-freiendiez.de\/?p=4661#article","isPartOf":{"@id":"https:\/\/www.sv-freiendiez.de\/?p=4661"},"author":{"name":"editor","@id":"https:\/\/www.sv-freiendiez.de\/#\/schema\/person\/e506fdcfcb3a8d0b33fb2982e44b9b79"},"headline":"Kirmes &#8211; B\u00f6llern","datePublished":"2023-10-25T16:49:03+00:00","dateModified":"2023-11-02T16:35:17+00:00","mainEntityOfPage":{"@id":"https:\/\/www.sv-freiendiez.de\/?p=4661"},"wordCount":88,"publisher":{"@id":"https:\/\/www.sv-freiendiez.de\/#organization"},"image":{"@id":"https:\/\/www.sv-freiendiez.de\/?p=4661#primaryimage"},"thumbnailUrl":"https:\/\/www.sv-freiendiez.de\/wp-content\/uploads\/2023\/10\/fdk-300x157.jpg","inLanguage":"de"},{"@type":"WebPage","@id":"https:\/\/www.sv-freiendiez.de\/?p=4661","url":"https:\/\/www.sv-freiendiez.de\/?p=4661","name":"Kirmes - B\u00f6llern - SV Diez-Freiendiez 1928 e.V.","isPartOf":{"@id":"https:\/\/www.sv-freiendiez.de\/#website"},"primaryImageOfPage":{"@id":"https:\/\/www.sv-freiendiez.de\/?p=4661#primaryimage"},"image":{"@id":"https:\/\/www.sv-freiendiez.de\/?p=4661#primaryimage"},"thumbnailUrl":"https:\/\/www.sv-freiendiez.de\/wp-content\/uploads\/2023\/10\/fdk-300x157.jpg","datePublished":"2023-10-25T16:49:03+00:00","dateModified":"2023-11-02T16:35:17+00:00","breadcrumb":{"@id":"https:\/\/www.sv-freiendiez.de\/?p=4661#breadcrumb"},"inLanguage":"de","potentialAction":[{"@type":"ReadAction","target":["https:\/\/www.sv-freiendiez.de\/?p=4661"]}]},{"@type":"ImageObject","inLanguage":"de","@id":"https:\/\/www.sv-freiendiez.de\/?p=4661#primaryimage","url":"https:\/\/www.sv-freiendiez.de\/wp-content\/uploads\/2023\/10\/fdk.jpg","contentUrl":"https:\/\/www.sv-freiendiez.de\/wp-content\/uploads\/2023\/10\/fdk.jpg","width":2048,"height":1074},{"@type":"BreadcrumbList","@id":"https:\/\/www.sv-freiendiez.de\/?p=4661#breadcrumb","itemListElement":[{"@type":"ListItem","position":1,"name":"Startseite","item":"https:\/\/www.sv-freiendiez.de\/"},{"@type":"ListItem","position":2,"name":"Kirmes &#8211; B\u00f6llern"}]},{"@type":"WebSite","@id":"https:\/\/www.sv-freiendiez.de\/#website","url":"https:\/\/www.sv-freiendiez.de\/","name":"SV Diez-Freiendiez 1928 e.V.","description":"Sch\u00fctzenverein Diez-Freiendiez 1928 e.V.","publisher":{"@id":"https:\/\/www.sv-freiendiez.de\/#organization"},"potentialAction":[{"@type":"SearchAction","target":{"@type":"EntryPoint","urlTemplate":"https:\/\/www.sv-freiendiez.de\/?s={search_term_string}"},"query-input":{"@type":"PropertyValueSpecification","valueRequired":true,"valueName":"search_term_string"}}],"inLanguage":"de"},{"@type":"Organization","@id":"https:\/\/www.sv-freiendiez.de\/#organization","name":"SV Diez-Freiendiez 1928 e.V.","url":"https:\/\/www.sv-freiendiez.de\/","logo":{"@type":"ImageObject","inLanguage":"de","@id":"https:\/\/www.sv-freiendiez.de\/#\/schema\/logo\/image\/","url":"https:\/\/www.sv-freiendiez.de\/wp-content\/uploads\/2016\/12\/cropped-wappen250.png","contentUrl":"https:\/\/www.sv-freiendiez.de\/wp-content\/uploads\/2016\/12\/cropped-wappen250.png","width":250,"height":250,"caption":"SV Diez-Freiendiez 1928 e.V."},"image":{"@id":"https:\/\/www.sv-freiendiez.de\/#\/schema\/logo\/image\/"},"sameAs":["https:\/\/www.facebook.com\/svfreiendiez\/"]},{"@type":"Person","@id":"https:\/\/www.sv-freiendiez.de\/#\/schema\/person\/e506fdcfcb3a8d0b33fb2982e44b9b79","name":"editor","image":{"@type":"ImageObject","inLanguage":"de","@id":"https:\/\/secure.gravatar.com\/avatar\/2e61a0e3091a1495360fb924e613dd25bace1d4a95a687bd9add8c68191636ff?s=96&d=mm&r=g","url":"https:\/\/secure.gravatar.com\/avatar\/2e61a0e3091a1495360fb924e613dd25bace1d4a95a687bd9add8c68191636ff?s=96&d=mm&r=g","contentUrl":"https:\/\/secure.gravatar.com\/avatar\/2e61a0e3091a1495360fb924e613dd25bace1d4a95a687bd9add8c68191636ff?s=96&d=mm&r=g","caption":"editor"},"url":"https:\/\/www.sv-freiendiez.de\/?author=1"}]}},"_links":{"self":[{"href":"https:\/\/www.sv-freiendiez.de\/index.php?rest_route=\/wp\/v2\/posts\/4661","targetHints":{"allow":["GET"]}}],"collection":[{"href":"https:\/\/www.sv-freiendiez.de\/index.php?rest_route=\/wp\/v2\/posts"}],"about":[{"href":"https:\/\/www.sv-freiendiez.de\/index.php?rest_route=\/wp\/v2\/types\/post"}],"author":[{"embeddable":true,"href":"https:\/\/www.sv-freiendiez.de\/index.php?rest_route=\/wp\/v2\/users\/1"}],"replies":[{"embeddable":true,"href":"https:\/\/www.sv-freiendiez.de\/index.php?rest_route=%2Fwp%2Fv2%2Fcomments&post=4661"}],"version-history":[{"count":3,"href":"https:\/\/www.sv-freiendiez.de\/index.php?rest_route=\/wp\/v2\/posts\/4661\/revisions"}],"predecessor-version":[{"id":4680,"href":"https:\/\/www.sv-freiendiez.de\/index.php?rest_route=\/wp\/v2\/posts\/4661\/revisions\/4680"}],"wp:attachment":[{"href":"https:\/\/www.sv-freiendiez.de\/index.php?rest_route=%2Fwp%2Fv2%2Fmedia&parent=4661"}],"wp:term":[{"taxonomy":"category","embeddable":true,"href":"https:\/\/www.sv-freiendiez.de\/index.php?rest_route=%2Fwp%2Fv2%2Fcategories&post=4661"},{"taxonomy":"post_tag","embeddable":true,"href":"https:\/\/www.sv-freiendiez.de\/index.php?rest_route=%2Fwp%2Fv2%2Ftags&post=4661"}],"curies":[{"name":"wp","href":"https:\/\/api.w.org\/{rel}","templated":true}]}}