{"id":4621,"date":"2023-09-07T15:54:13","date_gmt":"2023-09-07T13:54:13","guid":{"rendered":"https:\/\/www.sv-freiendiez.de\/?p=4621"},"modified":"2023-09-07T15:58:05","modified_gmt":"2023-09-07T13:58:05","slug":"das-drk-siegt-beim-buergerkoenigsschiessen","status":"publish","type":"post","link":"https:\/\/www.sv-freiendiez.de\/?p=4621","title":{"rendered":"Das DRK siegt beim B\u00fcrgerk\u00f6nigsschie\u00dfen"},"content":{"rendered":"<figure id=\"attachment_4622\" aria-describedby=\"caption-attachment-4622\" style=\"width: 300px\" class=\"wp-caption alignleft\"><img loading=\"lazy\" decoding=\"async\" class=\"size-medium wp-image-4622\" src=\"https:\/\/www.sv-freiendiez.de\/wp-content\/uploads\/2023\/09\/DRK-Siegerbild-300x224.jpg\" alt=\"\" width=\"300\" height=\"224\" srcset=\"https:\/\/www.sv-freiendiez.de\/wp-content\/uploads\/2023\/09\/DRK-Siegerbild-300x224.jpg 300w, https:\/\/www.sv-freiendiez.de\/wp-content\/uploads\/2023\/09\/DRK-Siegerbild-1024x766.jpg 1024w, https:\/\/www.sv-freiendiez.de\/wp-content\/uploads\/2023\/09\/DRK-Siegerbild-768x574.jpg 768w, https:\/\/www.sv-freiendiez.de\/wp-content\/uploads\/2023\/09\/DRK-Siegerbild-1536x1149.jpg 1536w, https:\/\/www.sv-freiendiez.de\/wp-content\/uploads\/2023\/09\/DRK-Siegerbild-2048x1532.jpg 2048w, https:\/\/www.sv-freiendiez.de\/wp-content\/uploads\/2023\/09\/DRK-Siegerbild-1320x987.jpg 1320w\" sizes=\"auto, (max-width: 300px) 100vw, 300px\" \/><figcaption id=\"caption-attachment-4622\" class=\"wp-caption-text\">(C) 2023 SV Diez-Freiendiez 1928 e.V:<br \/>Die Siegreiche Mannschaft des DRK OV DIez mit dem B\u00fcrgerk\u00f6nig J\u00f6rg Schwenk.<\/figcaption><\/figure>\n<p style=\"text-align: justify;\">Am ersten September Wochenende haben wir unser traditionelles B\u00fcrgerk\u00f6nigsschie\u00dfen mit dem Schie\u00dfen der Ortsvereine veranstaltet. Obwohl aufgrund von Termin\u00fcberschneidungen und ausklingender Urlaubszeit nur 2 Mannschaften zum Vergleichsschie\u00dfen antraten, kam wieder richtig Stimmung im Sch\u00fctzenhaus des Freiendiezer Sch\u00fctzenvereins auf. In einem spannenden Wettbewerb setzte sich ein weiteres Mal die Mannschaft des DRK Ortsverein Diez (114 Ringe) mit einem Ring Vorsprung gegen die Freiendiezer Kirmesgesellschaft (113 Ringe) denkbar knapp durch. Im anschlie\u00dfenden Schie\u00dfen auf die Ehrenscheibe konnte sich J\u00f6rg Schwenk aus der Mannschaft des DRK als bester Sch\u00fctze beweisen und wurde damit in der Einzelwertung B\u00fcrgerk\u00f6nig.<!--more--><\/p>\n<p style=\"text-align: justify;\">Der Sch\u00fctzenverein bedankt sich bei den Vereinen f\u00fcr ihr Kommen und freut sich, schon auf das n\u00e4chste Jahr!<\/p>\nngg_shortcode_0_placeholder\n","protected":false},"excerpt":{"rendered":"<p>Am ersten September Wochenende haben wir unser traditionelles B\u00fcrgerk\u00f6nigsschie\u00dfen mit dem Schie\u00dfen der Ortsvereine veranstaltet. Obwohl aufgrund von Termin\u00fcberschneidungen und ausklingender Urlaubszeit nur 2 Mannschaften zum Vergleichsschie\u00dfen antraten, kam wieder richtig Stimmung im Sch\u00fctzenhaus des Freiendiezer Sch\u00fctzenvereins auf. In einem spannenden Wettbewerb setzte sich ein weiteres Mal die Mannschaft des DRK Ortsverein Diez (114 Ringe) &hellip; <\/p>\n<p class=\"link-more\"><a href=\"https:\/\/www.sv-freiendiez.de\/?p=4621\" class=\"more-link\"><span class=\"screen-reader-text\">\u201eDas DRK siegt beim B\u00fcrgerk\u00f6nigsschie\u00dfen\u201c<\/span> weiterlesen<\/a><\/p>\n","protected":false},"author":1,"featured_media":0,"comment_status":"closed","ping_status":"closed","sticky":false,"template":"","format":"standard","meta":{"ngg_post_thumbnail":0,"footnotes":""},"categories":[1,51,6],"tags":[],"class_list":["post-4621","post","type-post","status-publish","format-standard","hentry","category-allgemein","category-buergerkoenig","category-veranstaltungen"],"yoast_head":"<!-- This site is optimized with the Yoast SEO plugin v27.5 - https:\/\/yoast.com\/product\/yoast-seo-wordpress\/ -->\n<title>Das DRK siegt beim B\u00fcrgerk\u00f6nigsschie\u00dfen - SV Diez-Freiendiez 1928 e.V.<\/title>\n<meta name=\"robots\" content=\"index, follow, max-snippet:-1, max-image-preview:large, max-video-preview:-1\" \/>\n<link rel=\"canonical\" href=\"https:\/\/www.sv-freiendiez.de\/?p=4621\" \/>\n<meta property=\"og:locale\" content=\"de_DE\" \/>\n<meta property=\"og:type\" content=\"article\" \/>\n<meta property=\"og:title\" content=\"Das DRK siegt beim B\u00fcrgerk\u00f6nigsschie\u00dfen - SV Diez-Freiendiez 1928 e.V.\" \/>\n<meta property=\"og:description\" content=\"Am ersten September Wochenende haben wir unser traditionelles B\u00fcrgerk\u00f6nigsschie\u00dfen mit dem Schie\u00dfen der Ortsvereine veranstaltet. Obwohl aufgrund von Termin\u00fcberschneidungen und ausklingender Urlaubszeit nur 2 Mannschaften zum Vergleichsschie\u00dfen antraten, kam wieder richtig Stimmung im Sch\u00fctzenhaus des Freiendiezer Sch\u00fctzenvereins auf. In einem spannenden Wettbewerb setzte sich ein weiteres Mal die Mannschaft des DRK Ortsverein Diez (114 Ringe) &hellip; \u201eDas DRK siegt beim B\u00fcrgerk\u00f6nigsschie\u00dfen\u201c weiterlesen\" \/>\n<meta property=\"og:url\" content=\"https:\/\/www.sv-freiendiez.de\/?p=4621\" \/>\n<meta property=\"og:site_name\" content=\"SV Diez-Freiendiez 1928 e.V.\" \/>\n<meta property=\"article:publisher\" content=\"https:\/\/www.facebook.com\/svfreiendiez\/\" \/>\n<meta property=\"article:published_time\" content=\"2023-09-07T13:54:13+00:00\" \/>\n<meta property=\"article:modified_time\" content=\"2023-09-07T13:58:05+00:00\" \/>\n<meta property=\"og:image\" content=\"https:\/\/www.sv-freiendiez.de\/wp-content\/uploads\/2023\/09\/DRK-Siegerbild-300x224.jpg\" \/>\n<meta name=\"author\" content=\"editor\" \/>\n<meta name=\"twitter:card\" content=\"summary_large_image\" \/>\n<meta name=\"twitter:label1\" content=\"Verfasst von\" \/>\n\t<meta name=\"twitter:data1\" content=\"editor\" \/>\n\t<meta name=\"twitter:label2\" content=\"Gesch\u00e4tzte Lesezeit\" \/>\n\t<meta name=\"twitter:data2\" content=\"1\u00a0Minute\" \/>\n<script type=\"application\/ld+json\" class=\"yoast-schema-graph\">{\"@context\":\"https:\\\/\\\/schema.org\",\"@graph\":[{\"@type\":\"Article\",\"@id\":\"https:\\\/\\\/www.sv-freiendiez.de\\\/?p=4621#article\",\"isPartOf\":{\"@id\":\"https:\\\/\\\/www.sv-freiendiez.de\\\/?p=4621\"},\"author\":{\"name\":\"editor\",\"@id\":\"https:\\\/\\\/www.sv-freiendiez.de\\\/#\\\/schema\\\/person\\\/e506fdcfcb3a8d0b33fb2982e44b9b79\"},\"headline\":\"Das DRK siegt beim B\u00fcrgerk\u00f6nigsschie\u00dfen\",\"datePublished\":\"2023-09-07T13:54:13+00:00\",\"dateModified\":\"2023-09-07T13:58:05+00:00\",\"mainEntityOfPage\":{\"@id\":\"https:\\\/\\\/www.sv-freiendiez.de\\\/?p=4621\"},\"wordCount\":168,\"publisher\":{\"@id\":\"https:\\\/\\\/www.sv-freiendiez.de\\\/#organization\"},\"image\":{\"@id\":\"https:\\\/\\\/www.sv-freiendiez.de\\\/?p=4621#primaryimage\"},\"thumbnailUrl\":\"https:\\\/\\\/www.sv-freiendiez.de\\\/wp-content\\\/uploads\\\/2023\\\/09\\\/DRK-Siegerbild-300x224.jpg\",\"articleSection\":{\"1\":\"B\u00fcrgerk\u00f6nig\",\"2\":\"Veranstaltungen\"},\"inLanguage\":\"de\"},{\"@type\":\"WebPage\",\"@id\":\"https:\\\/\\\/www.sv-freiendiez.de\\\/?p=4621\",\"url\":\"https:\\\/\\\/www.sv-freiendiez.de\\\/?p=4621\",\"name\":\"Das DRK siegt beim B\u00fcrgerk\u00f6nigsschie\u00dfen - SV Diez-Freiendiez 1928 e.V.\",\"isPartOf\":{\"@id\":\"https:\\\/\\\/www.sv-freiendiez.de\\\/#website\"},\"primaryImageOfPage\":{\"@id\":\"https:\\\/\\\/www.sv-freiendiez.de\\\/?p=4621#primaryimage\"},\"image\":{\"@id\":\"https:\\\/\\\/www.sv-freiendiez.de\\\/?p=4621#primaryimage\"},\"thumbnailUrl\":\"https:\\\/\\\/www.sv-freiendiez.de\\\/wp-content\\\/uploads\\\/2023\\\/09\\\/DRK-Siegerbild-300x224.jpg\",\"datePublished\":\"2023-09-07T13:54:13+00:00\",\"dateModified\":\"2023-09-07T13:58:05+00:00\",\"breadcrumb\":{\"@id\":\"https:\\\/\\\/www.sv-freiendiez.de\\\/?p=4621#breadcrumb\"},\"inLanguage\":\"de\",\"potentialAction\":[{\"@type\":\"ReadAction\",\"target\":[\"https:\\\/\\\/www.sv-freiendiez.de\\\/?p=4621\"]}]},{\"@type\":\"ImageObject\",\"inLanguage\":\"de\",\"@id\":\"https:\\\/\\\/www.sv-freiendiez.de\\\/?p=4621#primaryimage\",\"url\":\"https:\\\/\\\/www.sv-freiendiez.de\\\/wp-content\\\/uploads\\\/2023\\\/09\\\/DRK-Siegerbild-scaled.jpg\",\"contentUrl\":\"https:\\\/\\\/www.sv-freiendiez.de\\\/wp-content\\\/uploads\\\/2023\\\/09\\\/DRK-Siegerbild-scaled.jpg\",\"width\":2560,\"height\":1915,\"caption\":\"(C) 2023 SV Diez-Freiendiez 1928 e.V: Die Siegreiche Mannschaft des DRK OV DIez mit dem B\u00fcrgerk\u00f6nig J\u00f6rg Schwenk.\"},{\"@type\":\"BreadcrumbList\",\"@id\":\"https:\\\/\\\/www.sv-freiendiez.de\\\/?p=4621#breadcrumb\",\"itemListElement\":[{\"@type\":\"ListItem\",\"position\":1,\"name\":\"Startseite\",\"item\":\"https:\\\/\\\/www.sv-freiendiez.de\\\/\"},{\"@type\":\"ListItem\",\"position\":2,\"name\":\"Das DRK siegt beim B\u00fcrgerk\u00f6nigsschie\u00dfen\"}]},{\"@type\":\"WebSite\",\"@id\":\"https:\\\/\\\/www.sv-freiendiez.de\\\/#website\",\"url\":\"https:\\\/\\\/www.sv-freiendiez.de\\\/\",\"name\":\"SV Diez-Freiendiez 1928 e.V.\",\"description\":\"Sch\u00fctzenverein Diez-Freiendiez 1928 e.V.\",\"publisher\":{\"@id\":\"https:\\\/\\\/www.sv-freiendiez.de\\\/#organization\"},\"potentialAction\":[{\"@type\":\"SearchAction\",\"target\":{\"@type\":\"EntryPoint\",\"urlTemplate\":\"https:\\\/\\\/www.sv-freiendiez.de\\\/?s={search_term_string}\"},\"query-input\":{\"@type\":\"PropertyValueSpecification\",\"valueRequired\":true,\"valueName\":\"search_term_string\"}}],\"inLanguage\":\"de\"},{\"@type\":\"Organization\",\"@id\":\"https:\\\/\\\/www.sv-freiendiez.de\\\/#organization\",\"name\":\"SV Diez-Freiendiez 1928 e.V.\",\"url\":\"https:\\\/\\\/www.sv-freiendiez.de\\\/\",\"logo\":{\"@type\":\"ImageObject\",\"inLanguage\":\"de\",\"@id\":\"https:\\\/\\\/www.sv-freiendiez.de\\\/#\\\/schema\\\/logo\\\/image\\\/\",\"url\":\"https:\\\/\\\/www.sv-freiendiez.de\\\/wp-content\\\/uploads\\\/2016\\\/12\\\/cropped-wappen250.png\",\"contentUrl\":\"https:\\\/\\\/www.sv-freiendiez.de\\\/wp-content\\\/uploads\\\/2016\\\/12\\\/cropped-wappen250.png\",\"width\":250,\"height\":250,\"caption\":\"SV Diez-Freiendiez 1928 e.V.\"},\"image\":{\"@id\":\"https:\\\/\\\/www.sv-freiendiez.de\\\/#\\\/schema\\\/logo\\\/image\\\/\"},\"sameAs\":[\"https:\\\/\\\/www.facebook.com\\\/svfreiendiez\\\/\"]},{\"@type\":\"Person\",\"@id\":\"https:\\\/\\\/www.sv-freiendiez.de\\\/#\\\/schema\\\/person\\\/e506fdcfcb3a8d0b33fb2982e44b9b79\",\"name\":\"editor\",\"image\":{\"@type\":\"ImageObject\",\"inLanguage\":\"de\",\"@id\":\"https:\\\/\\\/secure.gravatar.com\\\/avatar\\\/2e61a0e3091a1495360fb924e613dd25bace1d4a95a687bd9add8c68191636ff?s=96&d=mm&r=g\",\"url\":\"https:\\\/\\\/secure.gravatar.com\\\/avatar\\\/2e61a0e3091a1495360fb924e613dd25bace1d4a95a687bd9add8c68191636ff?s=96&d=mm&r=g\",\"contentUrl\":\"https:\\\/\\\/secure.gravatar.com\\\/avatar\\\/2e61a0e3091a1495360fb924e613dd25bace1d4a95a687bd9add8c68191636ff?s=96&d=mm&r=g\",\"caption\":\"editor\"},\"url\":\"https:\\\/\\\/www.sv-freiendiez.de\\\/?author=1\"}]}<\/script>\n<!-- \/ Yoast SEO plugin. -->","yoast_head_json":{"title":"Das DRK siegt beim B\u00fcrgerk\u00f6nigsschie\u00dfen - SV Diez-Freiendiez 1928 e.V.","robots":{"index":"index","follow":"follow","max-snippet":"max-snippet:-1","max-image-preview":"max-image-preview:large","max-video-preview":"max-video-preview:-1"},"canonical":"https:\/\/www.sv-freiendiez.de\/?p=4621","og_locale":"de_DE","og_type":"article","og_title":"Das DRK siegt beim B\u00fcrgerk\u00f6nigsschie\u00dfen - SV Diez-Freiendiez 1928 e.V.","og_description":"Am ersten September Wochenende haben wir unser traditionelles B\u00fcrgerk\u00f6nigsschie\u00dfen mit dem Schie\u00dfen der Ortsvereine veranstaltet. Obwohl aufgrund von Termin\u00fcberschneidungen und ausklingender Urlaubszeit nur 2 Mannschaften zum Vergleichsschie\u00dfen antraten, kam wieder richtig Stimmung im Sch\u00fctzenhaus des Freiendiezer Sch\u00fctzenvereins auf. In einem spannenden Wettbewerb setzte sich ein weiteres Mal die Mannschaft des DRK Ortsverein Diez (114 Ringe) &hellip; \u201eDas DRK siegt beim B\u00fcrgerk\u00f6nigsschie\u00dfen\u201c weiterlesen","og_url":"https:\/\/www.sv-freiendiez.de\/?p=4621","og_site_name":"SV Diez-Freiendiez 1928 e.V.","article_publisher":"https:\/\/www.facebook.com\/svfreiendiez\/","article_published_time":"2023-09-07T13:54:13+00:00","article_modified_time":"2023-09-07T13:58:05+00:00","og_image":[{"url":"https:\/\/www.sv-freiendiez.de\/wp-content\/uploads\/2023\/09\/DRK-Siegerbild-300x224.jpg","type":"","width":"","height":""}],"author":"editor","twitter_card":"summary_large_image","twitter_misc":{"Verfasst von":"editor","Gesch\u00e4tzte Lesezeit":"1\u00a0Minute"},"schema":{"@context":"https:\/\/schema.org","@graph":[{"@type":"Article","@id":"https:\/\/www.sv-freiendiez.de\/?p=4621#article","isPartOf":{"@id":"https:\/\/www.sv-freiendiez.de\/?p=4621"},"author":{"name":"editor","@id":"https:\/\/www.sv-freiendiez.de\/#\/schema\/person\/e506fdcfcb3a8d0b33fb2982e44b9b79"},"headline":"Das DRK siegt beim B\u00fcrgerk\u00f6nigsschie\u00dfen","datePublished":"2023-09-07T13:54:13+00:00","dateModified":"2023-09-07T13:58:05+00:00","mainEntityOfPage":{"@id":"https:\/\/www.sv-freiendiez.de\/?p=4621"},"wordCount":168,"publisher":{"@id":"https:\/\/www.sv-freiendiez.de\/#organization"},"image":{"@id":"https:\/\/www.sv-freiendiez.de\/?p=4621#primaryimage"},"thumbnailUrl":"https:\/\/www.sv-freiendiez.de\/wp-content\/uploads\/2023\/09\/DRK-Siegerbild-300x224.jpg","articleSection":{"1":"B\u00fcrgerk\u00f6nig","2":"Veranstaltungen"},"inLanguage":"de"},{"@type":"WebPage","@id":"https:\/\/www.sv-freiendiez.de\/?p=4621","url":"https:\/\/www.sv-freiendiez.de\/?p=4621","name":"Das DRK siegt beim B\u00fcrgerk\u00f6nigsschie\u00dfen - SV Diez-Freiendiez 1928 e.V.","isPartOf":{"@id":"https:\/\/www.sv-freiendiez.de\/#website"},"primaryImageOfPage":{"@id":"https:\/\/www.sv-freiendiez.de\/?p=4621#primaryimage"},"image":{"@id":"https:\/\/www.sv-freiendiez.de\/?p=4621#primaryimage"},"thumbnailUrl":"https:\/\/www.sv-freiendiez.de\/wp-content\/uploads\/2023\/09\/DRK-Siegerbild-300x224.jpg","datePublished":"2023-09-07T13:54:13+00:00","dateModified":"2023-09-07T13:58:05+00:00","breadcrumb":{"@id":"https:\/\/www.sv-freiendiez.de\/?p=4621#breadcrumb"},"inLanguage":"de","potentialAction":[{"@type":"ReadAction","target":["https:\/\/www.sv-freiendiez.de\/?p=4621"]}]},{"@type":"ImageObject","inLanguage":"de","@id":"https:\/\/www.sv-freiendiez.de\/?p=4621#primaryimage","url":"https:\/\/www.sv-freiendiez.de\/wp-content\/uploads\/2023\/09\/DRK-Siegerbild-scaled.jpg","contentUrl":"https:\/\/www.sv-freiendiez.de\/wp-content\/uploads\/2023\/09\/DRK-Siegerbild-scaled.jpg","width":2560,"height":1915,"caption":"(C) 2023 SV Diez-Freiendiez 1928 e.V: Die Siegreiche Mannschaft des DRK OV DIez mit dem B\u00fcrgerk\u00f6nig J\u00f6rg Schwenk."},{"@type":"BreadcrumbList","@id":"https:\/\/www.sv-freiendiez.de\/?p=4621#breadcrumb","itemListElement":[{"@type":"ListItem","position":1,"name":"Startseite","item":"https:\/\/www.sv-freiendiez.de\/"},{"@type":"ListItem","position":2,"name":"Das DRK siegt beim B\u00fcrgerk\u00f6nigsschie\u00dfen"}]},{"@type":"WebSite","@id":"https:\/\/www.sv-freiendiez.de\/#website","url":"https:\/\/www.sv-freiendiez.de\/","name":"SV Diez-Freiendiez 1928 e.V.","description":"Sch\u00fctzenverein Diez-Freiendiez 1928 e.V.","publisher":{"@id":"https:\/\/www.sv-freiendiez.de\/#organization"},"potentialAction":[{"@type":"SearchAction","target":{"@type":"EntryPoint","urlTemplate":"https:\/\/www.sv-freiendiez.de\/?s={search_term_string}"},"query-input":{"@type":"PropertyValueSpecification","valueRequired":true,"valueName":"search_term_string"}}],"inLanguage":"de"},{"@type":"Organization","@id":"https:\/\/www.sv-freiendiez.de\/#organization","name":"SV Diez-Freiendiez 1928 e.V.","url":"https:\/\/www.sv-freiendiez.de\/","logo":{"@type":"ImageObject","inLanguage":"de","@id":"https:\/\/www.sv-freiendiez.de\/#\/schema\/logo\/image\/","url":"https:\/\/www.sv-freiendiez.de\/wp-content\/uploads\/2016\/12\/cropped-wappen250.png","contentUrl":"https:\/\/www.sv-freiendiez.de\/wp-content\/uploads\/2016\/12\/cropped-wappen250.png","width":250,"height":250,"caption":"SV Diez-Freiendiez 1928 e.V."},"image":{"@id":"https:\/\/www.sv-freiendiez.de\/#\/schema\/logo\/image\/"},"sameAs":["https:\/\/www.facebook.com\/svfreiendiez\/"]},{"@type":"Person","@id":"https:\/\/www.sv-freiendiez.de\/#\/schema\/person\/e506fdcfcb3a8d0b33fb2982e44b9b79","name":"editor","image":{"@type":"ImageObject","inLanguage":"de","@id":"https:\/\/secure.gravatar.com\/avatar\/2e61a0e3091a1495360fb924e613dd25bace1d4a95a687bd9add8c68191636ff?s=96&d=mm&r=g","url":"https:\/\/secure.gravatar.com\/avatar\/2e61a0e3091a1495360fb924e613dd25bace1d4a95a687bd9add8c68191636ff?s=96&d=mm&r=g","contentUrl":"https:\/\/secure.gravatar.com\/avatar\/2e61a0e3091a1495360fb924e613dd25bace1d4a95a687bd9add8c68191636ff?s=96&d=mm&r=g","caption":"editor"},"url":"https:\/\/www.sv-freiendiez.de\/?author=1"}]}},"_links":{"self":[{"href":"https:\/\/www.sv-freiendiez.de\/index.php?rest_route=\/wp\/v2\/posts\/4621","targetHints":{"allow":["GET"]}}],"collection":[{"href":"https:\/\/www.sv-freiendiez.de\/index.php?rest_route=\/wp\/v2\/posts"}],"about":[{"href":"https:\/\/www.sv-freiendiez.de\/index.php?rest_route=\/wp\/v2\/types\/post"}],"author":[{"embeddable":true,"href":"https:\/\/www.sv-freiendiez.de\/index.php?rest_route=\/wp\/v2\/users\/1"}],"replies":[{"embeddable":true,"href":"https:\/\/www.sv-freiendiez.de\/index.php?rest_route=%2Fwp%2Fv2%2Fcomments&post=4621"}],"version-history":[{"count":2,"href":"https:\/\/www.sv-freiendiez.de\/index.php?rest_route=\/wp\/v2\/posts\/4621\/revisions"}],"predecessor-version":[{"id":4639,"href":"https:\/\/www.sv-freiendiez.de\/index.php?rest_route=\/wp\/v2\/posts\/4621\/revisions\/4639"}],"wp:attachment":[{"href":"https:\/\/www.sv-freiendiez.de\/index.php?rest_route=%2Fwp%2Fv2%2Fmedia&parent=4621"}],"wp:term":[{"taxonomy":"category","embeddable":true,"href":"https:\/\/www.sv-freiendiez.de\/index.php?rest_route=%2Fwp%2Fv2%2Fcategories&post=4621"},{"taxonomy":"post_tag","embeddable":true,"href":"https:\/\/www.sv-freiendiez.de\/index.php?rest_route=%2Fwp%2Fv2%2Ftags&post=4621"}],"curies":[{"name":"wp","href":"https:\/\/api.w.org\/{rel}","templated":true}]}}