{"id":4607,"date":"2023-08-29T17:10:08","date_gmt":"2023-08-29T15:10:08","guid":{"rendered":"https:\/\/www.sv-freiendiez.de\/?p=4607"},"modified":"2023-09-15T09:09:42","modified_gmt":"2023-09-15T07:09:42","slug":"abschlussbericht-von-der-deutschen-meisterschaft-im-sportschiessen-in-muenchen-hochbrueck","status":"publish","type":"post","link":"https:\/\/www.sv-freiendiez.de\/?p=4607","title":{"rendered":"Medaillen Regen bei der Deutschen Meisterschaft im Sportschie\u00dfen in M\u00fcnchen-Hochbr\u00fcck!"},"content":{"rendered":"<p style=\"text-align: justify;\">Viktor Engel hat die DM in M\u00fcnchen vor Ort begleitet. Hier nun sein Bericht aus M\u00fcnchen mit sehr erfreulichen Ergebnissen:<\/p>\n<p style=\"text-align: justify;\">Am Anfang der Meisterschaften konnten sich unsere teilnehmenden Pistolensch\u00fctzen noch nicht mit Medaillen aber mit zwei hervorragenden 4. Pl\u00e4tzen belohnen. Thomas Rodenkirchen belegte nach seinem 2-Tages-Wettkampf mit der Schnellfeuerpistole am 20. und 21.August in der Klasse Herren III den 4.Platz in der Einzelwertung und unsere Sportpistolen-Mannschaft (Kal.22 lang) mit den Sch\u00fctzen Patrick Meyer, Torben Engel und Pierre Michel belegte am 22.08. ebenfalls den 4. Platz in der Klasse Herren I.<!--more--><\/p>\n<figure id=\"attachment_4644\" aria-describedby=\"caption-attachment-4644\" style=\"width: 225px\" class=\"wp-caption alignleft\"><img loading=\"lazy\" decoding=\"async\" class=\"size-medium wp-image-4644\" src=\"https:\/\/www.sv-freiendiez.de\/wp-content\/uploads\/2023\/08\/3-IMG_7763-RSB-Torben-StP-2-225x300.jpg\" alt=\"\" width=\"225\" height=\"300\" srcset=\"https:\/\/www.sv-freiendiez.de\/wp-content\/uploads\/2023\/08\/3-IMG_7763-RSB-Torben-StP-2-225x300.jpg 225w, https:\/\/www.sv-freiendiez.de\/wp-content\/uploads\/2023\/08\/3-IMG_7763-RSB-Torben-StP-2-768x1024.jpg 768w, https:\/\/www.sv-freiendiez.de\/wp-content\/uploads\/2023\/08\/3-IMG_7763-RSB-Torben-StP-2-1152x1536.jpg 1152w, https:\/\/www.sv-freiendiez.de\/wp-content\/uploads\/2023\/08\/3-IMG_7763-RSB-Torben-StP-2.jpg 1296w\" sizes=\"auto, (max-width: 225px) 100vw, 225px\" \/><figcaption id=\"caption-attachment-4644\" class=\"wp-caption-text\">(C) Viktor Engel<br \/>Torben Engel -Deutscher Meister Einzel Zentralfeuerpistole Herren II, Vizemeister Standardpistole<\/figcaption><\/figure>\n<p style=\"text-align: justify;\">Am Mittwoch den 23.08. wurden unsere Sch\u00fctzen zum ersten Mal bei dieser DM mit Medaillen belohnt. Die Mannschaft in der Disziplin 50m Freien Pistole mit den Sch\u00fctzen Patrick Meyer, Torben Engel und Pierre Michel belegte den 3. Platz und Patrick Meyer gewann in der Klasse Herren I in der Einzelwertung die Silbermedaille.<\/p>\n<p style=\"text-align: justify;\">Am Donnerstag den 24.08. folgte ein Ruhetag f\u00fcr unsere Sch\u00fctzen, den zwei unserer Sch\u00fctzen zur Regeneration auch dringend ben\u00f6tigten. Denn Pierre Michel war mit einem Bandscheibenvorfall und Torben Engel mit starken Tennisarm-Beschwerden am rechten Schie\u00dfarm zur DM angereist.<\/p>\n<p style=\"text-align: justify;\">Umso erfolgreicher wurden die Wettk\u00e4mpfe am Freitag den 25.08. in der Disziplin 25m Zentralfeuerpistole wieder aufgenommen. In dieser Disziplin hatten sich 2 Mannschaften unseres Vereins zur DM qualifiziert und ich hatte vor Wettkampfbeginn die Mannschaftszusammenstellungen (wegen Pierre\u2019s Bandscheibenbeschwerden) ver\u00e4ndert. Diese Umstellung stellte sich als Gl\u00fccksfall heraus, denn dadurch belegten unsere beiden Mannschaften Platz 1 und Platz 2 von insgesamt 20 teilnehmenden Mannschaften. Unsere 1. Mannschaft mit den Sch\u00fctzen Patrick Meyer, Torben Engel und Philipp Sersch wurde Deutscher Meister und unsere 2. Mannschaft mit den Sch\u00fctzen Pierre Michel, Stefan Decker und Wolfgang Th\u00fcnemann belegte den 2. Platz und wurde damit Deutscher-Vizemeister. Ohne die personelle Umstellung h\u00e4tte unsere 2. Mannschaft keinen Podestplatz errungen, Gl\u00fcck gehabt!<\/p>\n<figure id=\"attachment_4643\" aria-describedby=\"caption-attachment-4643\" style=\"width: 300px\" class=\"wp-caption alignright\"><img loading=\"lazy\" decoding=\"async\" class=\"size-medium wp-image-4643\" src=\"https:\/\/www.sv-freiendiez.de\/wp-content\/uploads\/2023\/08\/2-IMG_7765-RSB-Mannschaft-StP-1-300x225.jpg\" alt=\"\" width=\"300\" height=\"225\" srcset=\"https:\/\/www.sv-freiendiez.de\/wp-content\/uploads\/2023\/08\/2-IMG_7765-RSB-Mannschaft-StP-1-300x225.jpg 300w, https:\/\/www.sv-freiendiez.de\/wp-content\/uploads\/2023\/08\/2-IMG_7765-RSB-Mannschaft-StP-1-1024x768.jpg 1024w, https:\/\/www.sv-freiendiez.de\/wp-content\/uploads\/2023\/08\/2-IMG_7765-RSB-Mannschaft-StP-1-768x576.jpg 768w, https:\/\/www.sv-freiendiez.de\/wp-content\/uploads\/2023\/08\/2-IMG_7765-RSB-Mannschaft-StP-1-1536x1152.jpg 1536w, https:\/\/www.sv-freiendiez.de\/wp-content\/uploads\/2023\/08\/2-IMG_7765-RSB-Mannschaft-StP-1-1320x990.jpg 1320w, https:\/\/www.sv-freiendiez.de\/wp-content\/uploads\/2023\/08\/2-IMG_7765-RSB-Mannschaft-StP-1.jpg 1728w\" sizes=\"auto, (max-width: 300px) 100vw, 300px\" \/><figcaption id=\"caption-attachment-4643\" class=\"wp-caption-text\">(C) Viktor Engel<br \/>Siegerehrung Standardpistole Mannschaft (v.l.n.r. Torben Engel, Patrick Meyer, Pierre Michel<\/figcaption><\/figure>\n<p style=\"text-align: justify;\">In der Einzelwertung gab es in der Zentralfeuerpistolen-Disziplin weitere Medaillen. So wurde Torben Engel 1. und damit Deutscher Meister in der Klasse Herren II, Patrick Meyer wurde 2. und damit Deutscher-Vizemeister in der Klasse Herren I und Pierre Michel wurde ebenfalls 2. und damit ebenfalls Deutscher-Vizemeister in der Klasse Herren II.<\/p>\n<p style=\"text-align: justify;\">Dies war mit insgesamt 5 Medaillen der bisher erfolgreichste Tag unseres Vereins bei einer Deutschen Meisterschaft. Und es sollten noch nicht alle Medaillen f\u00fcr unsere Sch\u00fctzen bei diesen Deutschen Meisterschaften sein.<\/p>\n<p style=\"text-align: justify;\">Am Samstag den 26.08. ging Thomas Rodenkirchen in der Disziplin 25m Sportpistole (Kal.22 lang) als Einzelsch\u00fctze an den Start; seine beiden Mannschaftskollegen hatten bei den Landesmeisterschaften leider nicht die Qualifikation zur DM erreicht. Thomas belegte bei seinem DM-Einzelstart Platz 23 von insgesamt 36 Startern.<\/p>\n<p style=\"text-align: justify;\">Am letzten Tag dieser DM, am Sonntag dem 27.08., hatten wir erneut 2 Mannschaften, diesmal in der Disziplin Standardpistole, am Start und wieder konnten Medaillen errungen werden. Unsere 2. Mannschaft mit den Sch\u00fctzen Philipp Sersch, Stefan Decker und Wolfgang Th\u00fcnemann belegte einen beachtlichen 11. Platz von insgesamt 18 Mannschaften. Und unsere 1. Mannschaft mit den Sch\u00fctzen Patrick Meyer, Torben Engel und Pierre Michel wurde (wieder einmal) Deutscher Meister und Torben Engel wurde in der Einzelwertung der Klasse Herren II Deutscher Vizemeister.<\/p>\n<p style=\"text-align: justify;\">Ich kann mich nicht erinnern, dass wir in der Vergangenheit schon einmal einen derartigen Erfolg bei den Deutschen Meisterschaften erzielen konnten. <a href=\"https:\/\/www.schuetzenkreis-115.de\/2023\/09\/11\/die-reise-nach-muenchen-hat-sich-gelohnt\/\" target=\"_blank\" rel=\"noopener\">Siehe auch den Bericht auf der Webseite unseres Sch\u00fctzenkreises.<\/a><\/p>\n<blockquote>\n<figure id=\"attachment_4608\" aria-describedby=\"caption-attachment-4608\" style=\"width: 1200px\" class=\"wp-caption aligncenter\"><img loading=\"lazy\" decoding=\"async\" class=\"wp-image-4608 size-full\" src=\"https:\/\/www.sv-freiendiez.de\/wp-content\/uploads\/2023\/08\/exRSB.jpg\" alt=\"\" width=\"1200\" height=\"750\" srcset=\"https:\/\/www.sv-freiendiez.de\/wp-content\/uploads\/2023\/08\/exRSB.jpg 1200w, https:\/\/www.sv-freiendiez.de\/wp-content\/uploads\/2023\/08\/exRSB-300x188.jpg 300w, https:\/\/www.sv-freiendiez.de\/wp-content\/uploads\/2023\/08\/exRSB-1024x640.jpg 1024w, https:\/\/www.sv-freiendiez.de\/wp-content\/uploads\/2023\/08\/exRSB-768x480.jpg 768w\" sizes=\"auto, (max-width: 767px) 89vw, (max-width: 1000px) 54vw, (max-width: 1071px) 543px, 580px\" \/><figcaption id=\"caption-attachment-4608\" class=\"wp-caption-text\">Quelle: RSB<\/figcaption><\/figure><\/blockquote>\n<p style=\"text-align: justify;\">Bild oben:&nbsp; Quelle RSB. In der Disziplin Zentralfeuerpistole 25m erreichten unsere beiden angetretenen Mannschaften Gold und Silber! Das Gold-Team v.l.n.r.: Torben Engel, Philipp Sersch, Patrick Meyer. Silber Team v.l.n.r.: Pierre Michel, Stefan Decker, Wolfgang Th\u00fcnemann<\/p>\n","protected":false},"excerpt":{"rendered":"<p>Viktor Engel hat die DM in M\u00fcnchen vor Ort begleitet. Hier nun sein Bericht aus M\u00fcnchen mit sehr erfreulichen Ergebnissen: Am Anfang der Meisterschaften konnten sich unsere teilnehmenden Pistolensch\u00fctzen noch nicht mit Medaillen aber mit zwei hervorragenden 4. Pl\u00e4tzen belohnen. Thomas Rodenkirchen belegte nach seinem 2-Tages-Wettkampf mit der Schnellfeuerpistole am 20. und 21.August in der &hellip; <\/p>\n<p class=\"link-more\"><a href=\"https:\/\/www.sv-freiendiez.de\/?p=4607\" class=\"more-link\"><span class=\"screen-reader-text\">\u201eMedaillen Regen bei der Deutschen Meisterschaft im Sportschie\u00dfen in M\u00fcnchen-Hochbr\u00fcck!\u201c<\/span> weiterlesen<\/a><\/p>\n","protected":false},"author":1,"featured_media":4608,"comment_status":"closed","ping_status":"closed","sticky":false,"template":"","format":"standard","meta":{"ngg_post_thumbnail":0,"footnotes":""},"categories":[1,14,27,11],"tags":[],"class_list":["post-4607","post","type-post","status-publish","format-standard","has-post-thumbnail","hentry","category-allgemein","category-deutsche-meisterschaft","category-dsb","category-erfolge"],"yoast_head":"<!-- This site is optimized with the Yoast SEO plugin v27.5 - https:\/\/yoast.com\/product\/yoast-seo-wordpress\/ -->\n<title>Medaillen Regen bei der Deutschen Meisterschaft im Sportschie\u00dfen in M\u00fcnchen-Hochbr\u00fcck! - SV Diez-Freiendiez 1928 e.V.<\/title>\n<meta name=\"robots\" content=\"index, follow, max-snippet:-1, max-image-preview:large, max-video-preview:-1\" \/>\n<link rel=\"canonical\" href=\"https:\/\/www.sv-freiendiez.de\/?p=4607\" \/>\n<meta property=\"og:locale\" content=\"de_DE\" \/>\n<meta property=\"og:type\" content=\"article\" \/>\n<meta property=\"og:title\" content=\"Medaillen Regen bei der Deutschen Meisterschaft im Sportschie\u00dfen in M\u00fcnchen-Hochbr\u00fcck! - SV Diez-Freiendiez 1928 e.V.\" \/>\n<meta property=\"og:description\" content=\"Viktor Engel hat die DM in M\u00fcnchen vor Ort begleitet. Hier nun sein Bericht aus M\u00fcnchen mit sehr erfreulichen Ergebnissen: Am Anfang der Meisterschaften konnten sich unsere teilnehmenden Pistolensch\u00fctzen noch nicht mit Medaillen aber mit zwei hervorragenden 4. Pl\u00e4tzen belohnen. Thomas Rodenkirchen belegte nach seinem 2-Tages-Wettkampf mit der Schnellfeuerpistole am 20. und 21.August in der &hellip; \u201eMedaillen Regen bei der Deutschen Meisterschaft im Sportschie\u00dfen in M\u00fcnchen-Hochbr\u00fcck!\u201c weiterlesen\" \/>\n<meta property=\"og:url\" content=\"https:\/\/www.sv-freiendiez.de\/?p=4607\" \/>\n<meta property=\"og:site_name\" content=\"SV Diez-Freiendiez 1928 e.V.\" \/>\n<meta property=\"article:publisher\" content=\"https:\/\/www.facebook.com\/svfreiendiez\/\" \/>\n<meta property=\"article:published_time\" content=\"2023-08-29T15:10:08+00:00\" \/>\n<meta property=\"article:modified_time\" content=\"2023-09-15T07:09:42+00:00\" \/>\n<meta property=\"og:image\" content=\"https:\/\/www.sv-freiendiez.de\/wp-content\/uploads\/2023\/08\/exRSB.jpg\" \/>\n\t<meta property=\"og:image:width\" content=\"1200\" \/>\n\t<meta property=\"og:image:height\" content=\"750\" \/>\n\t<meta property=\"og:image:type\" content=\"image\/jpeg\" \/>\n<meta name=\"author\" content=\"editor\" \/>\n<meta name=\"twitter:card\" content=\"summary_large_image\" \/>\n<meta name=\"twitter:label1\" content=\"Verfasst von\" \/>\n\t<meta name=\"twitter:data1\" content=\"editor\" \/>\n\t<meta name=\"twitter:label2\" content=\"Gesch\u00e4tzte Lesezeit\" \/>\n\t<meta name=\"twitter:data2\" content=\"4\u00a0Minuten\" \/>\n<script type=\"application\/ld+json\" class=\"yoast-schema-graph\">{\"@context\":\"https:\\\/\\\/schema.org\",\"@graph\":[{\"@type\":\"Article\",\"@id\":\"https:\\\/\\\/www.sv-freiendiez.de\\\/?p=4607#article\",\"isPartOf\":{\"@id\":\"https:\\\/\\\/www.sv-freiendiez.de\\\/?p=4607\"},\"author\":{\"name\":\"editor\",\"@id\":\"https:\\\/\\\/www.sv-freiendiez.de\\\/#\\\/schema\\\/person\\\/e506fdcfcb3a8d0b33fb2982e44b9b79\"},\"headline\":\"Medaillen Regen bei der Deutschen Meisterschaft im Sportschie\u00dfen in M\u00fcnchen-Hochbr\u00fcck!\",\"datePublished\":\"2023-08-29T15:10:08+00:00\",\"dateModified\":\"2023-09-15T07:09:42+00:00\",\"mainEntityOfPage\":{\"@id\":\"https:\\\/\\\/www.sv-freiendiez.de\\\/?p=4607\"},\"wordCount\":635,\"publisher\":{\"@id\":\"https:\\\/\\\/www.sv-freiendiez.de\\\/#organization\"},\"image\":{\"@id\":\"https:\\\/\\\/www.sv-freiendiez.de\\\/?p=4607#primaryimage\"},\"thumbnailUrl\":\"https:\\\/\\\/www.sv-freiendiez.de\\\/wp-content\\\/uploads\\\/2023\\\/08\\\/exRSB.jpg\",\"articleSection\":{\"1\":\"Deutsche Meisterschaft\",\"2\":\"DSB\",\"3\":\"Erfolge\"},\"inLanguage\":\"de\"},{\"@type\":\"WebPage\",\"@id\":\"https:\\\/\\\/www.sv-freiendiez.de\\\/?p=4607\",\"url\":\"https:\\\/\\\/www.sv-freiendiez.de\\\/?p=4607\",\"name\":\"Medaillen Regen bei der Deutschen Meisterschaft im Sportschie\u00dfen in M\u00fcnchen-Hochbr\u00fcck! - SV Diez-Freiendiez 1928 e.V.\",\"isPartOf\":{\"@id\":\"https:\\\/\\\/www.sv-freiendiez.de\\\/#website\"},\"primaryImageOfPage\":{\"@id\":\"https:\\\/\\\/www.sv-freiendiez.de\\\/?p=4607#primaryimage\"},\"image\":{\"@id\":\"https:\\\/\\\/www.sv-freiendiez.de\\\/?p=4607#primaryimage\"},\"thumbnailUrl\":\"https:\\\/\\\/www.sv-freiendiez.de\\\/wp-content\\\/uploads\\\/2023\\\/08\\\/exRSB.jpg\",\"datePublished\":\"2023-08-29T15:10:08+00:00\",\"dateModified\":\"2023-09-15T07:09:42+00:00\",\"breadcrumb\":{\"@id\":\"https:\\\/\\\/www.sv-freiendiez.de\\\/?p=4607#breadcrumb\"},\"inLanguage\":\"de\",\"potentialAction\":[{\"@type\":\"ReadAction\",\"target\":[\"https:\\\/\\\/www.sv-freiendiez.de\\\/?p=4607\"]}]},{\"@type\":\"ImageObject\",\"inLanguage\":\"de\",\"@id\":\"https:\\\/\\\/www.sv-freiendiez.de\\\/?p=4607#primaryimage\",\"url\":\"https:\\\/\\\/www.sv-freiendiez.de\\\/wp-content\\\/uploads\\\/2023\\\/08\\\/exRSB.jpg\",\"contentUrl\":\"https:\\\/\\\/www.sv-freiendiez.de\\\/wp-content\\\/uploads\\\/2023\\\/08\\\/exRSB.jpg\",\"width\":1200,\"height\":750,\"caption\":\"Quelle: RSB\"},{\"@type\":\"BreadcrumbList\",\"@id\":\"https:\\\/\\\/www.sv-freiendiez.de\\\/?p=4607#breadcrumb\",\"itemListElement\":[{\"@type\":\"ListItem\",\"position\":1,\"name\":\"Startseite\",\"item\":\"https:\\\/\\\/www.sv-freiendiez.de\\\/\"},{\"@type\":\"ListItem\",\"position\":2,\"name\":\"Medaillen Regen bei der Deutschen Meisterschaft im Sportschie\u00dfen in M\u00fcnchen-Hochbr\u00fcck!\"}]},{\"@type\":\"WebSite\",\"@id\":\"https:\\\/\\\/www.sv-freiendiez.de\\\/#website\",\"url\":\"https:\\\/\\\/www.sv-freiendiez.de\\\/\",\"name\":\"SV Diez-Freiendiez 1928 e.V.\",\"description\":\"Sch\u00fctzenverein Diez-Freiendiez 1928 e.V.\",\"publisher\":{\"@id\":\"https:\\\/\\\/www.sv-freiendiez.de\\\/#organization\"},\"potentialAction\":[{\"@type\":\"SearchAction\",\"target\":{\"@type\":\"EntryPoint\",\"urlTemplate\":\"https:\\\/\\\/www.sv-freiendiez.de\\\/?s={search_term_string}\"},\"query-input\":{\"@type\":\"PropertyValueSpecification\",\"valueRequired\":true,\"valueName\":\"search_term_string\"}}],\"inLanguage\":\"de\"},{\"@type\":\"Organization\",\"@id\":\"https:\\\/\\\/www.sv-freiendiez.de\\\/#organization\",\"name\":\"SV Diez-Freiendiez 1928 e.V.\",\"url\":\"https:\\\/\\\/www.sv-freiendiez.de\\\/\",\"logo\":{\"@type\":\"ImageObject\",\"inLanguage\":\"de\",\"@id\":\"https:\\\/\\\/www.sv-freiendiez.de\\\/#\\\/schema\\\/logo\\\/image\\\/\",\"url\":\"https:\\\/\\\/www.sv-freiendiez.de\\\/wp-content\\\/uploads\\\/2016\\\/12\\\/cropped-wappen250.png\",\"contentUrl\":\"https:\\\/\\\/www.sv-freiendiez.de\\\/wp-content\\\/uploads\\\/2016\\\/12\\\/cropped-wappen250.png\",\"width\":250,\"height\":250,\"caption\":\"SV Diez-Freiendiez 1928 e.V.\"},\"image\":{\"@id\":\"https:\\\/\\\/www.sv-freiendiez.de\\\/#\\\/schema\\\/logo\\\/image\\\/\"},\"sameAs\":[\"https:\\\/\\\/www.facebook.com\\\/svfreiendiez\\\/\"]},{\"@type\":\"Person\",\"@id\":\"https:\\\/\\\/www.sv-freiendiez.de\\\/#\\\/schema\\\/person\\\/e506fdcfcb3a8d0b33fb2982e44b9b79\",\"name\":\"editor\",\"image\":{\"@type\":\"ImageObject\",\"inLanguage\":\"de\",\"@id\":\"https:\\\/\\\/secure.gravatar.com\\\/avatar\\\/2e61a0e3091a1495360fb924e613dd25bace1d4a95a687bd9add8c68191636ff?s=96&d=mm&r=g\",\"url\":\"https:\\\/\\\/secure.gravatar.com\\\/avatar\\\/2e61a0e3091a1495360fb924e613dd25bace1d4a95a687bd9add8c68191636ff?s=96&d=mm&r=g\",\"contentUrl\":\"https:\\\/\\\/secure.gravatar.com\\\/avatar\\\/2e61a0e3091a1495360fb924e613dd25bace1d4a95a687bd9add8c68191636ff?s=96&d=mm&r=g\",\"caption\":\"editor\"},\"url\":\"https:\\\/\\\/www.sv-freiendiez.de\\\/?author=1\"}]}<\/script>\n<!-- \/ Yoast SEO plugin. -->","yoast_head_json":{"title":"Medaillen Regen bei der Deutschen Meisterschaft im Sportschie\u00dfen in M\u00fcnchen-Hochbr\u00fcck! - SV Diez-Freiendiez 1928 e.V.","robots":{"index":"index","follow":"follow","max-snippet":"max-snippet:-1","max-image-preview":"max-image-preview:large","max-video-preview":"max-video-preview:-1"},"canonical":"https:\/\/www.sv-freiendiez.de\/?p=4607","og_locale":"de_DE","og_type":"article","og_title":"Medaillen Regen bei der Deutschen Meisterschaft im Sportschie\u00dfen in M\u00fcnchen-Hochbr\u00fcck! - SV Diez-Freiendiez 1928 e.V.","og_description":"Viktor Engel hat die DM in M\u00fcnchen vor Ort begleitet. Hier nun sein Bericht aus M\u00fcnchen mit sehr erfreulichen Ergebnissen: Am Anfang der Meisterschaften konnten sich unsere teilnehmenden Pistolensch\u00fctzen noch nicht mit Medaillen aber mit zwei hervorragenden 4. Pl\u00e4tzen belohnen. Thomas Rodenkirchen belegte nach seinem 2-Tages-Wettkampf mit der Schnellfeuerpistole am 20. und 21.August in der &hellip; \u201eMedaillen Regen bei der Deutschen Meisterschaft im Sportschie\u00dfen in M\u00fcnchen-Hochbr\u00fcck!\u201c weiterlesen","og_url":"https:\/\/www.sv-freiendiez.de\/?p=4607","og_site_name":"SV Diez-Freiendiez 1928 e.V.","article_publisher":"https:\/\/www.facebook.com\/svfreiendiez\/","article_published_time":"2023-08-29T15:10:08+00:00","article_modified_time":"2023-09-15T07:09:42+00:00","og_image":[{"width":1200,"height":750,"url":"https:\/\/www.sv-freiendiez.de\/wp-content\/uploads\/2023\/08\/exRSB.jpg","type":"image\/jpeg"}],"author":"editor","twitter_card":"summary_large_image","twitter_misc":{"Verfasst von":"editor","Gesch\u00e4tzte Lesezeit":"4\u00a0Minuten"},"schema":{"@context":"https:\/\/schema.org","@graph":[{"@type":"Article","@id":"https:\/\/www.sv-freiendiez.de\/?p=4607#article","isPartOf":{"@id":"https:\/\/www.sv-freiendiez.de\/?p=4607"},"author":{"name":"editor","@id":"https:\/\/www.sv-freiendiez.de\/#\/schema\/person\/e506fdcfcb3a8d0b33fb2982e44b9b79"},"headline":"Medaillen Regen bei der Deutschen Meisterschaft im Sportschie\u00dfen in M\u00fcnchen-Hochbr\u00fcck!","datePublished":"2023-08-29T15:10:08+00:00","dateModified":"2023-09-15T07:09:42+00:00","mainEntityOfPage":{"@id":"https:\/\/www.sv-freiendiez.de\/?p=4607"},"wordCount":635,"publisher":{"@id":"https:\/\/www.sv-freiendiez.de\/#organization"},"image":{"@id":"https:\/\/www.sv-freiendiez.de\/?p=4607#primaryimage"},"thumbnailUrl":"https:\/\/www.sv-freiendiez.de\/wp-content\/uploads\/2023\/08\/exRSB.jpg","articleSection":{"1":"Deutsche Meisterschaft","2":"DSB","3":"Erfolge"},"inLanguage":"de"},{"@type":"WebPage","@id":"https:\/\/www.sv-freiendiez.de\/?p=4607","url":"https:\/\/www.sv-freiendiez.de\/?p=4607","name":"Medaillen Regen bei der Deutschen Meisterschaft im Sportschie\u00dfen in M\u00fcnchen-Hochbr\u00fcck! - SV Diez-Freiendiez 1928 e.V.","isPartOf":{"@id":"https:\/\/www.sv-freiendiez.de\/#website"},"primaryImageOfPage":{"@id":"https:\/\/www.sv-freiendiez.de\/?p=4607#primaryimage"},"image":{"@id":"https:\/\/www.sv-freiendiez.de\/?p=4607#primaryimage"},"thumbnailUrl":"https:\/\/www.sv-freiendiez.de\/wp-content\/uploads\/2023\/08\/exRSB.jpg","datePublished":"2023-08-29T15:10:08+00:00","dateModified":"2023-09-15T07:09:42+00:00","breadcrumb":{"@id":"https:\/\/www.sv-freiendiez.de\/?p=4607#breadcrumb"},"inLanguage":"de","potentialAction":[{"@type":"ReadAction","target":["https:\/\/www.sv-freiendiez.de\/?p=4607"]}]},{"@type":"ImageObject","inLanguage":"de","@id":"https:\/\/www.sv-freiendiez.de\/?p=4607#primaryimage","url":"https:\/\/www.sv-freiendiez.de\/wp-content\/uploads\/2023\/08\/exRSB.jpg","contentUrl":"https:\/\/www.sv-freiendiez.de\/wp-content\/uploads\/2023\/08\/exRSB.jpg","width":1200,"height":750,"caption":"Quelle: RSB"},{"@type":"BreadcrumbList","@id":"https:\/\/www.sv-freiendiez.de\/?p=4607#breadcrumb","itemListElement":[{"@type":"ListItem","position":1,"name":"Startseite","item":"https:\/\/www.sv-freiendiez.de\/"},{"@type":"ListItem","position":2,"name":"Medaillen Regen bei der Deutschen Meisterschaft im Sportschie\u00dfen in M\u00fcnchen-Hochbr\u00fcck!"}]},{"@type":"WebSite","@id":"https:\/\/www.sv-freiendiez.de\/#website","url":"https:\/\/www.sv-freiendiez.de\/","name":"SV Diez-Freiendiez 1928 e.V.","description":"Sch\u00fctzenverein Diez-Freiendiez 1928 e.V.","publisher":{"@id":"https:\/\/www.sv-freiendiez.de\/#organization"},"potentialAction":[{"@type":"SearchAction","target":{"@type":"EntryPoint","urlTemplate":"https:\/\/www.sv-freiendiez.de\/?s={search_term_string}"},"query-input":{"@type":"PropertyValueSpecification","valueRequired":true,"valueName":"search_term_string"}}],"inLanguage":"de"},{"@type":"Organization","@id":"https:\/\/www.sv-freiendiez.de\/#organization","name":"SV Diez-Freiendiez 1928 e.V.","url":"https:\/\/www.sv-freiendiez.de\/","logo":{"@type":"ImageObject","inLanguage":"de","@id":"https:\/\/www.sv-freiendiez.de\/#\/schema\/logo\/image\/","url":"https:\/\/www.sv-freiendiez.de\/wp-content\/uploads\/2016\/12\/cropped-wappen250.png","contentUrl":"https:\/\/www.sv-freiendiez.de\/wp-content\/uploads\/2016\/12\/cropped-wappen250.png","width":250,"height":250,"caption":"SV Diez-Freiendiez 1928 e.V."},"image":{"@id":"https:\/\/www.sv-freiendiez.de\/#\/schema\/logo\/image\/"},"sameAs":["https:\/\/www.facebook.com\/svfreiendiez\/"]},{"@type":"Person","@id":"https:\/\/www.sv-freiendiez.de\/#\/schema\/person\/e506fdcfcb3a8d0b33fb2982e44b9b79","name":"editor","image":{"@type":"ImageObject","inLanguage":"de","@id":"https:\/\/secure.gravatar.com\/avatar\/2e61a0e3091a1495360fb924e613dd25bace1d4a95a687bd9add8c68191636ff?s=96&d=mm&r=g","url":"https:\/\/secure.gravatar.com\/avatar\/2e61a0e3091a1495360fb924e613dd25bace1d4a95a687bd9add8c68191636ff?s=96&d=mm&r=g","contentUrl":"https:\/\/secure.gravatar.com\/avatar\/2e61a0e3091a1495360fb924e613dd25bace1d4a95a687bd9add8c68191636ff?s=96&d=mm&r=g","caption":"editor"},"url":"https:\/\/www.sv-freiendiez.de\/?author=1"}]}},"_links":{"self":[{"href":"https:\/\/www.sv-freiendiez.de\/index.php?rest_route=\/wp\/v2\/posts\/4607","targetHints":{"allow":["GET"]}}],"collection":[{"href":"https:\/\/www.sv-freiendiez.de\/index.php?rest_route=\/wp\/v2\/posts"}],"about":[{"href":"https:\/\/www.sv-freiendiez.de\/index.php?rest_route=\/wp\/v2\/types\/post"}],"author":[{"embeddable":true,"href":"https:\/\/www.sv-freiendiez.de\/index.php?rest_route=\/wp\/v2\/users\/1"}],"replies":[{"embeddable":true,"href":"https:\/\/www.sv-freiendiez.de\/index.php?rest_route=%2Fwp%2Fv2%2Fcomments&post=4607"}],"version-history":[{"count":7,"href":"https:\/\/www.sv-freiendiez.de\/index.php?rest_route=\/wp\/v2\/posts\/4607\/revisions"}],"predecessor-version":[{"id":4645,"href":"https:\/\/www.sv-freiendiez.de\/index.php?rest_route=\/wp\/v2\/posts\/4607\/revisions\/4645"}],"wp:featuredmedia":[{"embeddable":true,"href":"https:\/\/www.sv-freiendiez.de\/index.php?rest_route=\/wp\/v2\/media\/4608"}],"wp:attachment":[{"href":"https:\/\/www.sv-freiendiez.de\/index.php?rest_route=%2Fwp%2Fv2%2Fmedia&parent=4607"}],"wp:term":[{"taxonomy":"category","embeddable":true,"href":"https:\/\/www.sv-freiendiez.de\/index.php?rest_route=%2Fwp%2Fv2%2Fcategories&post=4607"},{"taxonomy":"post_tag","embeddable":true,"href":"https:\/\/www.sv-freiendiez.de\/index.php?rest_route=%2Fwp%2Fv2%2Ftags&post=4607"}],"curies":[{"name":"wp","href":"https:\/\/api.w.org\/{rel}","templated":true}]}}