{"id":4599,"date":"2023-08-27T20:40:22","date_gmt":"2023-08-27T18:40:22","guid":{"rendered":"https:\/\/www.sv-freiendiez.de\/?p=4599"},"modified":"2023-08-29T16:11:32","modified_gmt":"2023-08-29T14:11:32","slug":"die-neuen-majestaeten-2023-wurden-gekuert","status":"publish","type":"post","link":"https:\/\/www.sv-freiendiez.de\/?p=4599","title":{"rendered":"[KORREKTUR]: Die neuen Majest\u00e4ten 2023 wurden gek\u00fcrt"},"content":{"rendered":"<p style=\"text-align: justify;\"><img loading=\"lazy\" decoding=\"async\" class=\"alignleft size-medium wp-image-4603\" src=\"https:\/\/www.sv-freiendiez.de\/wp-content\/uploads\/2023\/08\/holzadler-300x237.png\" alt=\"\" width=\"300\" height=\"237\" srcset=\"https:\/\/www.sv-freiendiez.de\/wp-content\/uploads\/2023\/08\/holzadler-300x237.png 300w, https:\/\/www.sv-freiendiez.de\/wp-content\/uploads\/2023\/08\/holzadler-768x607.png 768w, https:\/\/www.sv-freiendiez.de\/wp-content\/uploads\/2023\/08\/holzadler.png 946w\" sizes=\"auto, (max-width: 300px) 100vw, 300px\" \/><strong>[KORREKTUR]<\/strong> In diesem Beitrag und auch in dem Zeitungsartikel vom 29.08.2023 in der Rhein-Lahn-Zeitung hie\u00df es urspr\u00fcnglich, da\u00df die jetzige Sch\u00fctzenk\u00f6nigin die erste Sch\u00fctzenk\u00f6nigin der Vereinsgeschichte sei. Das ist nicht korrekt. Es wurde an mich herangetragen, da\u00df es bereits zwei Sch\u00fctzenk\u00f6niginnen in der Vereinsgeschichte gab. Ich bitte dies zu entschuldigen. Hier nun der angepasste Bericht:<\/p>\n<p style=\"text-align: justify;\">Um 9 Uhr trafen sich alle Mitglieder, die sich um das Amt der Sch\u00fctzenk\u00f6nigs\/-k\u00f6nigin bewarben. Nach einem reichhaltigen Fr\u00fcst\u00fcck, welch3es vom noch amtierenden Sch\u00fctzenk\u00f6nig Ivo Ivanov ausgerichtet wurde, traten 21 Sch\u00fctzen zum Ausschie\u00dfen der Majest\u00e4ten an.<\/p>\n<p style=\"text-align: justify;\">Beim K\u00f6nigsschie\u00dfen wird in unserem Verein traditionell auf einen Holzadler mit dem Kleinkaliber-Gewehr geschossen. Der Holzadler besteht aus vier Teilen: den beiden Fl\u00fcgel, der Schwanz und der Kopf mit dem Torso. Zuerst werden durch das Anvisieren der Verbindungsstellen die beiden Fl\u00fcgel vom Rest des Adlers getrennt. Der Sch\u00fctze, nach dessen Schuss der erste Fl\u00fcgel f\u00e4llt, ist der 1. Ritter. Der Sch\u00fctze, der den zweiten Fl\u00fcgel vom Adler trennt, ist der zweite Ritter. Sch\u00fctzenk\u00f6nig\/-k\u00f6nigin wird, wer mit seinem Schuss den Schwanz final vom Rumpf trennt.<!--more--><\/p>\n<p style=\"text-align: justify;\">Der erste Fl\u00fcgel fiel nach rekordverd\u00e4chtigen 12 Sch\u00fcssen durch einen Sonntagsschuss von unserem 2. Vorsitzenden J\u00fcrgen Br\u00f6der. P\u00fcnktlich zur Mittagspause wurde der zweite Fl\u00fcgel vom Rumpf&nbsp; getrennt &#8211; nach 108 Sch\u00fcssen fiel er durch einen Schuss unseres Sport- und Schie\u00dfleiters Mario Linowski<\/p>\n<p style=\"text-align: justify;\">Durch das Mittagessen gest\u00e4rkt, traten die Sch\u00fctzen zum letzten Teil des K\u00f6nigsschie\u00dfen an. Nach moderaten 46 Sch\u00fcssen fiel auch der Schwanz durch einen wohlgezielten Schuss unserer Sch\u00fctzenkollegin Karin Tietze!<\/p>\n<p style=\"text-align: justify;\">Wir gratulieren den neuen Majest\u00e4ten und w\u00fcnschen eine gute Hand f\u00fcr die Regentschaft der n\u00e4chsten 12 Monate!<\/p>\n<figure id=\"attachment_4600\" aria-describedby=\"caption-attachment-4600\" style=\"width: 978px\" class=\"wp-caption aligncenter\"><img loading=\"lazy\" decoding=\"async\" class=\"size-full wp-image-4600\" src=\"https:\/\/www.sv-freiendiez.de\/wp-content\/uploads\/2023\/08\/Majestaeten2023.png\" alt=\"\" width=\"978\" height=\"832\" srcset=\"https:\/\/www.sv-freiendiez.de\/wp-content\/uploads\/2023\/08\/Majestaeten2023.png 978w, https:\/\/www.sv-freiendiez.de\/wp-content\/uploads\/2023\/08\/Majestaeten2023-300x255.png 300w, https:\/\/www.sv-freiendiez.de\/wp-content\/uploads\/2023\/08\/Majestaeten2023-768x653.png 768w\" sizes=\"auto, (max-width: 767px) 89vw, (max-width: 1000px) 54vw, (max-width: 1071px) 543px, 580px\" \/><figcaption id=\"caption-attachment-4600\" class=\"wp-caption-text\">(C) SV Diez-Freiendiez 1928 e.V.<br \/>v.l.n.r.: Holger L\u00f6ber (1. Vorsitzender), 2. Ritter Mario Linowski, Sch\u00fctzenk\u00f6nigin Karin Tietze, 1. Ritter J\u00fcrgen Br\u00f6der<\/figcaption><\/figure>\n","protected":false},"excerpt":{"rendered":"<p>[KORREKTUR] In diesem Beitrag und auch in dem Zeitungsartikel vom 29.08.2023 in der Rhein-Lahn-Zeitung hie\u00df es urspr\u00fcnglich, da\u00df die jetzige Sch\u00fctzenk\u00f6nigin die erste Sch\u00fctzenk\u00f6nigin der Vereinsgeschichte sei. Das ist nicht korrekt. Es wurde an mich herangetragen, da\u00df es bereits zwei Sch\u00fctzenk\u00f6niginnen in der Vereinsgeschichte gab. Ich bitte dies zu entschuldigen. Hier nun der angepasste Bericht: &hellip; <\/p>\n<p class=\"link-more\"><a href=\"https:\/\/www.sv-freiendiez.de\/?p=4599\" class=\"more-link\"><span class=\"screen-reader-text\">\u201e[KORREKTUR]: Die neuen Majest\u00e4ten 2023 wurden gek\u00fcrt\u201c<\/span> weiterlesen<\/a><\/p>\n","protected":false},"author":1,"featured_media":0,"comment_status":"closed","ping_status":"closed","sticky":false,"template":"","format":"standard","meta":{"ngg_post_thumbnail":0,"footnotes":""},"categories":[40,6],"tags":[],"class_list":["post-4599","post","type-post","status-publish","format-standard","hentry","category-koenigsschiessen","category-veranstaltungen"],"yoast_head":"<!-- This site is optimized with the Yoast SEO plugin v27.5 - https:\/\/yoast.com\/product\/yoast-seo-wordpress\/ -->\n<title>[KORREKTUR]: Die neuen Majest\u00e4ten 2023 wurden gek\u00fcrt - SV Diez-Freiendiez 1928 e.V.<\/title>\n<meta name=\"robots\" content=\"index, follow, max-snippet:-1, max-image-preview:large, max-video-preview:-1\" \/>\n<link rel=\"canonical\" href=\"https:\/\/www.sv-freiendiez.de\/?p=4599\" \/>\n<meta property=\"og:locale\" content=\"de_DE\" \/>\n<meta property=\"og:type\" content=\"article\" \/>\n<meta property=\"og:title\" content=\"[KORREKTUR]: Die neuen Majest\u00e4ten 2023 wurden gek\u00fcrt - SV Diez-Freiendiez 1928 e.V.\" \/>\n<meta property=\"og:description\" content=\"[KORREKTUR] In diesem Beitrag und auch in dem Zeitungsartikel vom 29.08.2023 in der Rhein-Lahn-Zeitung hie\u00df es urspr\u00fcnglich, da\u00df die jetzige Sch\u00fctzenk\u00f6nigin die erste Sch\u00fctzenk\u00f6nigin der Vereinsgeschichte sei. Das ist nicht korrekt. Es wurde an mich herangetragen, da\u00df es bereits zwei Sch\u00fctzenk\u00f6niginnen in der Vereinsgeschichte gab. Ich bitte dies zu entschuldigen. Hier nun der angepasste Bericht: &hellip; \u201e[KORREKTUR]: Die neuen Majest\u00e4ten 2023 wurden gek\u00fcrt\u201c weiterlesen\" \/>\n<meta property=\"og:url\" content=\"https:\/\/www.sv-freiendiez.de\/?p=4599\" \/>\n<meta property=\"og:site_name\" content=\"SV Diez-Freiendiez 1928 e.V.\" \/>\n<meta property=\"article:publisher\" content=\"https:\/\/www.facebook.com\/svfreiendiez\/\" \/>\n<meta property=\"article:published_time\" content=\"2023-08-27T18:40:22+00:00\" \/>\n<meta property=\"article:modified_time\" content=\"2023-08-29T14:11:32+00:00\" \/>\n<meta property=\"og:image\" content=\"https:\/\/www.sv-freiendiez.de\/wp-content\/uploads\/2023\/08\/holzadler-300x237.png\" \/>\n<meta name=\"author\" content=\"editor\" \/>\n<meta name=\"twitter:card\" content=\"summary_large_image\" \/>\n<meta name=\"twitter:label1\" content=\"Verfasst von\" \/>\n\t<meta name=\"twitter:data1\" content=\"editor\" \/>\n\t<meta name=\"twitter:label2\" content=\"Gesch\u00e4tzte Lesezeit\" \/>\n\t<meta name=\"twitter:data2\" content=\"3\u00a0Minuten\" \/>\n<script type=\"application\/ld+json\" class=\"yoast-schema-graph\">{\"@context\":\"https:\\\/\\\/schema.org\",\"@graph\":[{\"@type\":\"Article\",\"@id\":\"https:\\\/\\\/www.sv-freiendiez.de\\\/?p=4599#article\",\"isPartOf\":{\"@id\":\"https:\\\/\\\/www.sv-freiendiez.de\\\/?p=4599\"},\"author\":{\"name\":\"editor\",\"@id\":\"https:\\\/\\\/www.sv-freiendiez.de\\\/#\\\/schema\\\/person\\\/e506fdcfcb3a8d0b33fb2982e44b9b79\"},\"headline\":\"[KORREKTUR]: Die neuen Majest\u00e4ten 2023 wurden gek\u00fcrt\",\"datePublished\":\"2023-08-27T18:40:22+00:00\",\"dateModified\":\"2023-08-29T14:11:32+00:00\",\"mainEntityOfPage\":{\"@id\":\"https:\\\/\\\/www.sv-freiendiez.de\\\/?p=4599\"},\"wordCount\":347,\"publisher\":{\"@id\":\"https:\\\/\\\/www.sv-freiendiez.de\\\/#organization\"},\"image\":{\"@id\":\"https:\\\/\\\/www.sv-freiendiez.de\\\/?p=4599#primaryimage\"},\"thumbnailUrl\":\"https:\\\/\\\/www.sv-freiendiez.de\\\/wp-content\\\/uploads\\\/2023\\\/08\\\/holzadler-300x237.png\",\"articleSection\":[\"K\u00f6nigsschie\u00dfen\",\"Veranstaltungen\"],\"inLanguage\":\"de\"},{\"@type\":\"WebPage\",\"@id\":\"https:\\\/\\\/www.sv-freiendiez.de\\\/?p=4599\",\"url\":\"https:\\\/\\\/www.sv-freiendiez.de\\\/?p=4599\",\"name\":\"[KORREKTUR]: Die neuen Majest\u00e4ten 2023 wurden gek\u00fcrt - SV Diez-Freiendiez 1928 e.V.\",\"isPartOf\":{\"@id\":\"https:\\\/\\\/www.sv-freiendiez.de\\\/#website\"},\"primaryImageOfPage\":{\"@id\":\"https:\\\/\\\/www.sv-freiendiez.de\\\/?p=4599#primaryimage\"},\"image\":{\"@id\":\"https:\\\/\\\/www.sv-freiendiez.de\\\/?p=4599#primaryimage\"},\"thumbnailUrl\":\"https:\\\/\\\/www.sv-freiendiez.de\\\/wp-content\\\/uploads\\\/2023\\\/08\\\/holzadler-300x237.png\",\"datePublished\":\"2023-08-27T18:40:22+00:00\",\"dateModified\":\"2023-08-29T14:11:32+00:00\",\"breadcrumb\":{\"@id\":\"https:\\\/\\\/www.sv-freiendiez.de\\\/?p=4599#breadcrumb\"},\"inLanguage\":\"de\",\"potentialAction\":[{\"@type\":\"ReadAction\",\"target\":[\"https:\\\/\\\/www.sv-freiendiez.de\\\/?p=4599\"]}]},{\"@type\":\"ImageObject\",\"inLanguage\":\"de\",\"@id\":\"https:\\\/\\\/www.sv-freiendiez.de\\\/?p=4599#primaryimage\",\"url\":\"https:\\\/\\\/www.sv-freiendiez.de\\\/wp-content\\\/uploads\\\/2023\\\/08\\\/holzadler.png\",\"contentUrl\":\"https:\\\/\\\/www.sv-freiendiez.de\\\/wp-content\\\/uploads\\\/2023\\\/08\\\/holzadler.png\",\"width\":946,\"height\":748},{\"@type\":\"BreadcrumbList\",\"@id\":\"https:\\\/\\\/www.sv-freiendiez.de\\\/?p=4599#breadcrumb\",\"itemListElement\":[{\"@type\":\"ListItem\",\"position\":1,\"name\":\"Startseite\",\"item\":\"https:\\\/\\\/www.sv-freiendiez.de\\\/\"},{\"@type\":\"ListItem\",\"position\":2,\"name\":\"[KORREKTUR]: Die neuen Majest\u00e4ten 2023 wurden gek\u00fcrt\"}]},{\"@type\":\"WebSite\",\"@id\":\"https:\\\/\\\/www.sv-freiendiez.de\\\/#website\",\"url\":\"https:\\\/\\\/www.sv-freiendiez.de\\\/\",\"name\":\"SV Diez-Freiendiez 1928 e.V.\",\"description\":\"Sch\u00fctzenverein Diez-Freiendiez 1928 e.V.\",\"publisher\":{\"@id\":\"https:\\\/\\\/www.sv-freiendiez.de\\\/#organization\"},\"potentialAction\":[{\"@type\":\"SearchAction\",\"target\":{\"@type\":\"EntryPoint\",\"urlTemplate\":\"https:\\\/\\\/www.sv-freiendiez.de\\\/?s={search_term_string}\"},\"query-input\":{\"@type\":\"PropertyValueSpecification\",\"valueRequired\":true,\"valueName\":\"search_term_string\"}}],\"inLanguage\":\"de\"},{\"@type\":\"Organization\",\"@id\":\"https:\\\/\\\/www.sv-freiendiez.de\\\/#organization\",\"name\":\"SV Diez-Freiendiez 1928 e.V.\",\"url\":\"https:\\\/\\\/www.sv-freiendiez.de\\\/\",\"logo\":{\"@type\":\"ImageObject\",\"inLanguage\":\"de\",\"@id\":\"https:\\\/\\\/www.sv-freiendiez.de\\\/#\\\/schema\\\/logo\\\/image\\\/\",\"url\":\"https:\\\/\\\/www.sv-freiendiez.de\\\/wp-content\\\/uploads\\\/2016\\\/12\\\/cropped-wappen250.png\",\"contentUrl\":\"https:\\\/\\\/www.sv-freiendiez.de\\\/wp-content\\\/uploads\\\/2016\\\/12\\\/cropped-wappen250.png\",\"width\":250,\"height\":250,\"caption\":\"SV Diez-Freiendiez 1928 e.V.\"},\"image\":{\"@id\":\"https:\\\/\\\/www.sv-freiendiez.de\\\/#\\\/schema\\\/logo\\\/image\\\/\"},\"sameAs\":[\"https:\\\/\\\/www.facebook.com\\\/svfreiendiez\\\/\"]},{\"@type\":\"Person\",\"@id\":\"https:\\\/\\\/www.sv-freiendiez.de\\\/#\\\/schema\\\/person\\\/e506fdcfcb3a8d0b33fb2982e44b9b79\",\"name\":\"editor\",\"image\":{\"@type\":\"ImageObject\",\"inLanguage\":\"de\",\"@id\":\"https:\\\/\\\/secure.gravatar.com\\\/avatar\\\/2e61a0e3091a1495360fb924e613dd25bace1d4a95a687bd9add8c68191636ff?s=96&d=mm&r=g\",\"url\":\"https:\\\/\\\/secure.gravatar.com\\\/avatar\\\/2e61a0e3091a1495360fb924e613dd25bace1d4a95a687bd9add8c68191636ff?s=96&d=mm&r=g\",\"contentUrl\":\"https:\\\/\\\/secure.gravatar.com\\\/avatar\\\/2e61a0e3091a1495360fb924e613dd25bace1d4a95a687bd9add8c68191636ff?s=96&d=mm&r=g\",\"caption\":\"editor\"},\"url\":\"https:\\\/\\\/www.sv-freiendiez.de\\\/?author=1\"}]}<\/script>\n<!-- \/ Yoast SEO plugin. -->","yoast_head_json":{"title":"[KORREKTUR]: Die neuen Majest\u00e4ten 2023 wurden gek\u00fcrt - SV Diez-Freiendiez 1928 e.V.","robots":{"index":"index","follow":"follow","max-snippet":"max-snippet:-1","max-image-preview":"max-image-preview:large","max-video-preview":"max-video-preview:-1"},"canonical":"https:\/\/www.sv-freiendiez.de\/?p=4599","og_locale":"de_DE","og_type":"article","og_title":"[KORREKTUR]: Die neuen Majest\u00e4ten 2023 wurden gek\u00fcrt - SV Diez-Freiendiez 1928 e.V.","og_description":"[KORREKTUR] In diesem Beitrag und auch in dem Zeitungsartikel vom 29.08.2023 in der Rhein-Lahn-Zeitung hie\u00df es urspr\u00fcnglich, da\u00df die jetzige Sch\u00fctzenk\u00f6nigin die erste Sch\u00fctzenk\u00f6nigin der Vereinsgeschichte sei. Das ist nicht korrekt. Es wurde an mich herangetragen, da\u00df es bereits zwei Sch\u00fctzenk\u00f6niginnen in der Vereinsgeschichte gab. Ich bitte dies zu entschuldigen. Hier nun der angepasste Bericht: &hellip; \u201e[KORREKTUR]: Die neuen Majest\u00e4ten 2023 wurden gek\u00fcrt\u201c weiterlesen","og_url":"https:\/\/www.sv-freiendiez.de\/?p=4599","og_site_name":"SV Diez-Freiendiez 1928 e.V.","article_publisher":"https:\/\/www.facebook.com\/svfreiendiez\/","article_published_time":"2023-08-27T18:40:22+00:00","article_modified_time":"2023-08-29T14:11:32+00:00","og_image":[{"url":"https:\/\/www.sv-freiendiez.de\/wp-content\/uploads\/2023\/08\/holzadler-300x237.png","type":"","width":"","height":""}],"author":"editor","twitter_card":"summary_large_image","twitter_misc":{"Verfasst von":"editor","Gesch\u00e4tzte Lesezeit":"3\u00a0Minuten"},"schema":{"@context":"https:\/\/schema.org","@graph":[{"@type":"Article","@id":"https:\/\/www.sv-freiendiez.de\/?p=4599#article","isPartOf":{"@id":"https:\/\/www.sv-freiendiez.de\/?p=4599"},"author":{"name":"editor","@id":"https:\/\/www.sv-freiendiez.de\/#\/schema\/person\/e506fdcfcb3a8d0b33fb2982e44b9b79"},"headline":"[KORREKTUR]: Die neuen Majest\u00e4ten 2023 wurden gek\u00fcrt","datePublished":"2023-08-27T18:40:22+00:00","dateModified":"2023-08-29T14:11:32+00:00","mainEntityOfPage":{"@id":"https:\/\/www.sv-freiendiez.de\/?p=4599"},"wordCount":347,"publisher":{"@id":"https:\/\/www.sv-freiendiez.de\/#organization"},"image":{"@id":"https:\/\/www.sv-freiendiez.de\/?p=4599#primaryimage"},"thumbnailUrl":"https:\/\/www.sv-freiendiez.de\/wp-content\/uploads\/2023\/08\/holzadler-300x237.png","articleSection":["K\u00f6nigsschie\u00dfen","Veranstaltungen"],"inLanguage":"de"},{"@type":"WebPage","@id":"https:\/\/www.sv-freiendiez.de\/?p=4599","url":"https:\/\/www.sv-freiendiez.de\/?p=4599","name":"[KORREKTUR]: Die neuen Majest\u00e4ten 2023 wurden gek\u00fcrt - SV Diez-Freiendiez 1928 e.V.","isPartOf":{"@id":"https:\/\/www.sv-freiendiez.de\/#website"},"primaryImageOfPage":{"@id":"https:\/\/www.sv-freiendiez.de\/?p=4599#primaryimage"},"image":{"@id":"https:\/\/www.sv-freiendiez.de\/?p=4599#primaryimage"},"thumbnailUrl":"https:\/\/www.sv-freiendiez.de\/wp-content\/uploads\/2023\/08\/holzadler-300x237.png","datePublished":"2023-08-27T18:40:22+00:00","dateModified":"2023-08-29T14:11:32+00:00","breadcrumb":{"@id":"https:\/\/www.sv-freiendiez.de\/?p=4599#breadcrumb"},"inLanguage":"de","potentialAction":[{"@type":"ReadAction","target":["https:\/\/www.sv-freiendiez.de\/?p=4599"]}]},{"@type":"ImageObject","inLanguage":"de","@id":"https:\/\/www.sv-freiendiez.de\/?p=4599#primaryimage","url":"https:\/\/www.sv-freiendiez.de\/wp-content\/uploads\/2023\/08\/holzadler.png","contentUrl":"https:\/\/www.sv-freiendiez.de\/wp-content\/uploads\/2023\/08\/holzadler.png","width":946,"height":748},{"@type":"BreadcrumbList","@id":"https:\/\/www.sv-freiendiez.de\/?p=4599#breadcrumb","itemListElement":[{"@type":"ListItem","position":1,"name":"Startseite","item":"https:\/\/www.sv-freiendiez.de\/"},{"@type":"ListItem","position":2,"name":"[KORREKTUR]: Die neuen Majest\u00e4ten 2023 wurden gek\u00fcrt"}]},{"@type":"WebSite","@id":"https:\/\/www.sv-freiendiez.de\/#website","url":"https:\/\/www.sv-freiendiez.de\/","name":"SV Diez-Freiendiez 1928 e.V.","description":"Sch\u00fctzenverein Diez-Freiendiez 1928 e.V.","publisher":{"@id":"https:\/\/www.sv-freiendiez.de\/#organization"},"potentialAction":[{"@type":"SearchAction","target":{"@type":"EntryPoint","urlTemplate":"https:\/\/www.sv-freiendiez.de\/?s={search_term_string}"},"query-input":{"@type":"PropertyValueSpecification","valueRequired":true,"valueName":"search_term_string"}}],"inLanguage":"de"},{"@type":"Organization","@id":"https:\/\/www.sv-freiendiez.de\/#organization","name":"SV Diez-Freiendiez 1928 e.V.","url":"https:\/\/www.sv-freiendiez.de\/","logo":{"@type":"ImageObject","inLanguage":"de","@id":"https:\/\/www.sv-freiendiez.de\/#\/schema\/logo\/image\/","url":"https:\/\/www.sv-freiendiez.de\/wp-content\/uploads\/2016\/12\/cropped-wappen250.png","contentUrl":"https:\/\/www.sv-freiendiez.de\/wp-content\/uploads\/2016\/12\/cropped-wappen250.png","width":250,"height":250,"caption":"SV Diez-Freiendiez 1928 e.V."},"image":{"@id":"https:\/\/www.sv-freiendiez.de\/#\/schema\/logo\/image\/"},"sameAs":["https:\/\/www.facebook.com\/svfreiendiez\/"]},{"@type":"Person","@id":"https:\/\/www.sv-freiendiez.de\/#\/schema\/person\/e506fdcfcb3a8d0b33fb2982e44b9b79","name":"editor","image":{"@type":"ImageObject","inLanguage":"de","@id":"https:\/\/secure.gravatar.com\/avatar\/2e61a0e3091a1495360fb924e613dd25bace1d4a95a687bd9add8c68191636ff?s=96&d=mm&r=g","url":"https:\/\/secure.gravatar.com\/avatar\/2e61a0e3091a1495360fb924e613dd25bace1d4a95a687bd9add8c68191636ff?s=96&d=mm&r=g","contentUrl":"https:\/\/secure.gravatar.com\/avatar\/2e61a0e3091a1495360fb924e613dd25bace1d4a95a687bd9add8c68191636ff?s=96&d=mm&r=g","caption":"editor"},"url":"https:\/\/www.sv-freiendiez.de\/?author=1"}]}},"_links":{"self":[{"href":"https:\/\/www.sv-freiendiez.de\/index.php?rest_route=\/wp\/v2\/posts\/4599","targetHints":{"allow":["GET"]}}],"collection":[{"href":"https:\/\/www.sv-freiendiez.de\/index.php?rest_route=\/wp\/v2\/posts"}],"about":[{"href":"https:\/\/www.sv-freiendiez.de\/index.php?rest_route=\/wp\/v2\/types\/post"}],"author":[{"embeddable":true,"href":"https:\/\/www.sv-freiendiez.de\/index.php?rest_route=\/wp\/v2\/users\/1"}],"replies":[{"embeddable":true,"href":"https:\/\/www.sv-freiendiez.de\/index.php?rest_route=%2Fwp%2Fv2%2Fcomments&post=4599"}],"version-history":[{"count":5,"href":"https:\/\/www.sv-freiendiez.de\/index.php?rest_route=\/wp\/v2\/posts\/4599\/revisions"}],"predecessor-version":[{"id":4606,"href":"https:\/\/www.sv-freiendiez.de\/index.php?rest_route=\/wp\/v2\/posts\/4599\/revisions\/4606"}],"wp:attachment":[{"href":"https:\/\/www.sv-freiendiez.de\/index.php?rest_route=%2Fwp%2Fv2%2Fmedia&parent=4599"}],"wp:term":[{"taxonomy":"category","embeddable":true,"href":"https:\/\/www.sv-freiendiez.de\/index.php?rest_route=%2Fwp%2Fv2%2Fcategories&post=4599"},{"taxonomy":"post_tag","embeddable":true,"href":"https:\/\/www.sv-freiendiez.de\/index.php?rest_route=%2Fwp%2Fv2%2Ftags&post=4599"}],"curies":[{"name":"wp","href":"https:\/\/api.w.org\/{rel}","templated":true}]}}