{"id":4593,"date":"2023-08-27T19:48:37","date_gmt":"2023-08-27T17:48:37","guid":{"rendered":"https:\/\/www.sv-freiendiez.de\/?p=4593"},"modified":"2023-08-27T19:48:37","modified_gmt":"2023-08-27T17:48:37","slug":"neuer-zwischenbericht-von-der-dm-in-muenchen-hochbrueck","status":"publish","type":"post","link":"https:\/\/www.sv-freiendiez.de\/?p=4593","title":{"rendered":"Neuer Zwischenbericht von der DM in M\u00fcnchen-Hochbr\u00fcck"},"content":{"rendered":"<p style=\"text-align: justify;\">Der Freitag war ein sehr erfolgreicher Tag f\u00fcr die Sch\u00fctzen des SV Diez-Freiendiez.<\/p>\n<p style=\"text-align: justify;\">In der Disziplin Zentralfeuerpistole haben unsere Sch\u00fctzen zwei Gold- und drei Silbermedaillen gewonnen. Die erste Goldmedaille erk\u00e4mpfte sich unsere 1.Mannschaft mit den Sch\u00fctzen Patrick Meyer, Torben Engel und Philipp Sersch. Die zweite Goldmedaille errang Torben Engel in der Einzelwertung in der Klasse Herren II. Die erste Silbermedaille erk\u00e4mpfte sich unsere 2.Mannschaft mit den Sch\u00fctzen Pierre Michel, Stefan Decker und Wolfgang Th\u00fcnemann. Sie zweite Silbermedaille errang Patrick Meyer in der Einzelwertung in der Klasse Herren I. Und die dritte Silbermedaille errang Pierre Michel in der Einzelwertung in der Klasse Herren II.<\/p>\n<p style=\"text-align: justify;\">Am Samstag werden in diesj\u00e4hrig letzten Disziplin der Standardpistole ebenfalls zwei Mannschaften&nbsp; bei der DM antreten und hoffentlich erfolgreich abschneiden.<\/p>\n<p style=\"text-align: justify;\">Auf der Homepage des Deutschen Sch\u00fctzenbundes sind die offiziellen Ergebnislisten der Disziplin 2.45 (25m Zentralfeuerpistole) bereits einsehbar.<\/p>\n","protected":false},"excerpt":{"rendered":"<p>Der Freitag war ein sehr erfolgreicher Tag f\u00fcr die Sch\u00fctzen des SV Diez-Freiendiez. In der Disziplin Zentralfeuerpistole haben unsere Sch\u00fctzen zwei Gold- und drei Silbermedaillen gewonnen. Die erste Goldmedaille erk\u00e4mpfte sich unsere 1.Mannschaft mit den Sch\u00fctzen Patrick Meyer, Torben Engel und Philipp Sersch. Die zweite Goldmedaille errang Torben Engel in der Einzelwertung in der Klasse &hellip; <\/p>\n<p class=\"link-more\"><a href=\"https:\/\/www.sv-freiendiez.de\/?p=4593\" class=\"more-link\"><span class=\"screen-reader-text\">\u201eNeuer Zwischenbericht von der DM in M\u00fcnchen-Hochbr\u00fcck\u201c<\/span> weiterlesen<\/a><\/p>\n","protected":false},"author":1,"featured_media":0,"comment_status":"closed","ping_status":"closed","sticky":false,"template":"","format":"standard","meta":{"ngg_post_thumbnail":0,"footnotes":""},"categories":[14,11,7],"tags":[],"class_list":["post-4593","post","type-post","status-publish","format-standard","hentry","category-deutsche-meisterschaft","category-erfolge","category-ergebnisse"],"yoast_head":"<!-- This site is optimized with the Yoast SEO plugin v27.5 - https:\/\/yoast.com\/product\/yoast-seo-wordpress\/ -->\n<title>Neuer Zwischenbericht von der DM in M\u00fcnchen-Hochbr\u00fcck - SV Diez-Freiendiez 1928 e.V.<\/title>\n<meta name=\"robots\" content=\"index, follow, max-snippet:-1, max-image-preview:large, max-video-preview:-1\" \/>\n<link rel=\"canonical\" href=\"https:\/\/www.sv-freiendiez.de\/?p=4593\" \/>\n<meta property=\"og:locale\" content=\"de_DE\" \/>\n<meta property=\"og:type\" content=\"article\" \/>\n<meta property=\"og:title\" content=\"Neuer Zwischenbericht von der DM in M\u00fcnchen-Hochbr\u00fcck - SV Diez-Freiendiez 1928 e.V.\" \/>\n<meta property=\"og:description\" content=\"Der Freitag war ein sehr erfolgreicher Tag f\u00fcr die Sch\u00fctzen des SV Diez-Freiendiez. In der Disziplin Zentralfeuerpistole haben unsere Sch\u00fctzen zwei Gold- und drei Silbermedaillen gewonnen. Die erste Goldmedaille erk\u00e4mpfte sich unsere 1.Mannschaft mit den Sch\u00fctzen Patrick Meyer, Torben Engel und Philipp Sersch. Die zweite Goldmedaille errang Torben Engel in der Einzelwertung in der Klasse &hellip; \u201eNeuer Zwischenbericht von der DM in M\u00fcnchen-Hochbr\u00fcck\u201c weiterlesen\" \/>\n<meta property=\"og:url\" content=\"https:\/\/www.sv-freiendiez.de\/?p=4593\" \/>\n<meta property=\"og:site_name\" content=\"SV Diez-Freiendiez 1928 e.V.\" \/>\n<meta property=\"article:publisher\" content=\"https:\/\/www.facebook.com\/svfreiendiez\/\" \/>\n<meta property=\"article:published_time\" content=\"2023-08-27T17:48:37+00:00\" \/>\n<meta name=\"author\" content=\"editor\" \/>\n<meta name=\"twitter:card\" content=\"summary_large_image\" \/>\n<meta name=\"twitter:label1\" content=\"Verfasst von\" \/>\n\t<meta name=\"twitter:data1\" content=\"editor\" \/>\n\t<meta name=\"twitter:label2\" content=\"Gesch\u00e4tzte Lesezeit\" \/>\n\t<meta name=\"twitter:data2\" content=\"1\u00a0Minute\" \/>\n<script type=\"application\/ld+json\" class=\"yoast-schema-graph\">{\"@context\":\"https:\\\/\\\/schema.org\",\"@graph\":[{\"@type\":\"Article\",\"@id\":\"https:\\\/\\\/www.sv-freiendiez.de\\\/?p=4593#article\",\"isPartOf\":{\"@id\":\"https:\\\/\\\/www.sv-freiendiez.de\\\/?p=4593\"},\"author\":{\"name\":\"editor\",\"@id\":\"https:\\\/\\\/www.sv-freiendiez.de\\\/#\\\/schema\\\/person\\\/e506fdcfcb3a8d0b33fb2982e44b9b79\"},\"headline\":\"Neuer Zwischenbericht von der DM in M\u00fcnchen-Hochbr\u00fcck\",\"datePublished\":\"2023-08-27T17:48:37+00:00\",\"mainEntityOfPage\":{\"@id\":\"https:\\\/\\\/www.sv-freiendiez.de\\\/?p=4593\"},\"wordCount\":159,\"publisher\":{\"@id\":\"https:\\\/\\\/www.sv-freiendiez.de\\\/#organization\"},\"articleSection\":[\"Deutsche Meisterschaft\",\"Erfolge\",\"Ergebnisse\"],\"inLanguage\":\"de\"},{\"@type\":\"WebPage\",\"@id\":\"https:\\\/\\\/www.sv-freiendiez.de\\\/?p=4593\",\"url\":\"https:\\\/\\\/www.sv-freiendiez.de\\\/?p=4593\",\"name\":\"Neuer Zwischenbericht von der DM in M\u00fcnchen-Hochbr\u00fcck - SV Diez-Freiendiez 1928 e.V.\",\"isPartOf\":{\"@id\":\"https:\\\/\\\/www.sv-freiendiez.de\\\/#website\"},\"datePublished\":\"2023-08-27T17:48:37+00:00\",\"breadcrumb\":{\"@id\":\"https:\\\/\\\/www.sv-freiendiez.de\\\/?p=4593#breadcrumb\"},\"inLanguage\":\"de\",\"potentialAction\":[{\"@type\":\"ReadAction\",\"target\":[\"https:\\\/\\\/www.sv-freiendiez.de\\\/?p=4593\"]}]},{\"@type\":\"BreadcrumbList\",\"@id\":\"https:\\\/\\\/www.sv-freiendiez.de\\\/?p=4593#breadcrumb\",\"itemListElement\":[{\"@type\":\"ListItem\",\"position\":1,\"name\":\"Startseite\",\"item\":\"https:\\\/\\\/www.sv-freiendiez.de\\\/\"},{\"@type\":\"ListItem\",\"position\":2,\"name\":\"Neuer Zwischenbericht von der DM in M\u00fcnchen-Hochbr\u00fcck\"}]},{\"@type\":\"WebSite\",\"@id\":\"https:\\\/\\\/www.sv-freiendiez.de\\\/#website\",\"url\":\"https:\\\/\\\/www.sv-freiendiez.de\\\/\",\"name\":\"SV Diez-Freiendiez 1928 e.V.\",\"description\":\"Sch\u00fctzenverein Diez-Freiendiez 1928 e.V.\",\"publisher\":{\"@id\":\"https:\\\/\\\/www.sv-freiendiez.de\\\/#organization\"},\"potentialAction\":[{\"@type\":\"SearchAction\",\"target\":{\"@type\":\"EntryPoint\",\"urlTemplate\":\"https:\\\/\\\/www.sv-freiendiez.de\\\/?s={search_term_string}\"},\"query-input\":{\"@type\":\"PropertyValueSpecification\",\"valueRequired\":true,\"valueName\":\"search_term_string\"}}],\"inLanguage\":\"de\"},{\"@type\":\"Organization\",\"@id\":\"https:\\\/\\\/www.sv-freiendiez.de\\\/#organization\",\"name\":\"SV Diez-Freiendiez 1928 e.V.\",\"url\":\"https:\\\/\\\/www.sv-freiendiez.de\\\/\",\"logo\":{\"@type\":\"ImageObject\",\"inLanguage\":\"de\",\"@id\":\"https:\\\/\\\/www.sv-freiendiez.de\\\/#\\\/schema\\\/logo\\\/image\\\/\",\"url\":\"https:\\\/\\\/www.sv-freiendiez.de\\\/wp-content\\\/uploads\\\/2016\\\/12\\\/cropped-wappen250.png\",\"contentUrl\":\"https:\\\/\\\/www.sv-freiendiez.de\\\/wp-content\\\/uploads\\\/2016\\\/12\\\/cropped-wappen250.png\",\"width\":250,\"height\":250,\"caption\":\"SV Diez-Freiendiez 1928 e.V.\"},\"image\":{\"@id\":\"https:\\\/\\\/www.sv-freiendiez.de\\\/#\\\/schema\\\/logo\\\/image\\\/\"},\"sameAs\":[\"https:\\\/\\\/www.facebook.com\\\/svfreiendiez\\\/\"]},{\"@type\":\"Person\",\"@id\":\"https:\\\/\\\/www.sv-freiendiez.de\\\/#\\\/schema\\\/person\\\/e506fdcfcb3a8d0b33fb2982e44b9b79\",\"name\":\"editor\",\"image\":{\"@type\":\"ImageObject\",\"inLanguage\":\"de\",\"@id\":\"https:\\\/\\\/secure.gravatar.com\\\/avatar\\\/2e61a0e3091a1495360fb924e613dd25bace1d4a95a687bd9add8c68191636ff?s=96&d=mm&r=g\",\"url\":\"https:\\\/\\\/secure.gravatar.com\\\/avatar\\\/2e61a0e3091a1495360fb924e613dd25bace1d4a95a687bd9add8c68191636ff?s=96&d=mm&r=g\",\"contentUrl\":\"https:\\\/\\\/secure.gravatar.com\\\/avatar\\\/2e61a0e3091a1495360fb924e613dd25bace1d4a95a687bd9add8c68191636ff?s=96&d=mm&r=g\",\"caption\":\"editor\"},\"url\":\"https:\\\/\\\/www.sv-freiendiez.de\\\/?author=1\"}]}<\/script>\n<!-- \/ Yoast SEO plugin. -->","yoast_head_json":{"title":"Neuer Zwischenbericht von der DM in M\u00fcnchen-Hochbr\u00fcck - SV Diez-Freiendiez 1928 e.V.","robots":{"index":"index","follow":"follow","max-snippet":"max-snippet:-1","max-image-preview":"max-image-preview:large","max-video-preview":"max-video-preview:-1"},"canonical":"https:\/\/www.sv-freiendiez.de\/?p=4593","og_locale":"de_DE","og_type":"article","og_title":"Neuer Zwischenbericht von der DM in M\u00fcnchen-Hochbr\u00fcck - SV Diez-Freiendiez 1928 e.V.","og_description":"Der Freitag war ein sehr erfolgreicher Tag f\u00fcr die Sch\u00fctzen des SV Diez-Freiendiez. In der Disziplin Zentralfeuerpistole haben unsere Sch\u00fctzen zwei Gold- und drei Silbermedaillen gewonnen. Die erste Goldmedaille erk\u00e4mpfte sich unsere 1.Mannschaft mit den Sch\u00fctzen Patrick Meyer, Torben Engel und Philipp Sersch. Die zweite Goldmedaille errang Torben Engel in der Einzelwertung in der Klasse &hellip; \u201eNeuer Zwischenbericht von der DM in M\u00fcnchen-Hochbr\u00fcck\u201c weiterlesen","og_url":"https:\/\/www.sv-freiendiez.de\/?p=4593","og_site_name":"SV Diez-Freiendiez 1928 e.V.","article_publisher":"https:\/\/www.facebook.com\/svfreiendiez\/","article_published_time":"2023-08-27T17:48:37+00:00","author":"editor","twitter_card":"summary_large_image","twitter_misc":{"Verfasst von":"editor","Gesch\u00e4tzte Lesezeit":"1\u00a0Minute"},"schema":{"@context":"https:\/\/schema.org","@graph":[{"@type":"Article","@id":"https:\/\/www.sv-freiendiez.de\/?p=4593#article","isPartOf":{"@id":"https:\/\/www.sv-freiendiez.de\/?p=4593"},"author":{"name":"editor","@id":"https:\/\/www.sv-freiendiez.de\/#\/schema\/person\/e506fdcfcb3a8d0b33fb2982e44b9b79"},"headline":"Neuer Zwischenbericht von der DM in M\u00fcnchen-Hochbr\u00fcck","datePublished":"2023-08-27T17:48:37+00:00","mainEntityOfPage":{"@id":"https:\/\/www.sv-freiendiez.de\/?p=4593"},"wordCount":159,"publisher":{"@id":"https:\/\/www.sv-freiendiez.de\/#organization"},"articleSection":["Deutsche Meisterschaft","Erfolge","Ergebnisse"],"inLanguage":"de"},{"@type":"WebPage","@id":"https:\/\/www.sv-freiendiez.de\/?p=4593","url":"https:\/\/www.sv-freiendiez.de\/?p=4593","name":"Neuer Zwischenbericht von der DM in M\u00fcnchen-Hochbr\u00fcck - SV Diez-Freiendiez 1928 e.V.","isPartOf":{"@id":"https:\/\/www.sv-freiendiez.de\/#website"},"datePublished":"2023-08-27T17:48:37+00:00","breadcrumb":{"@id":"https:\/\/www.sv-freiendiez.de\/?p=4593#breadcrumb"},"inLanguage":"de","potentialAction":[{"@type":"ReadAction","target":["https:\/\/www.sv-freiendiez.de\/?p=4593"]}]},{"@type":"BreadcrumbList","@id":"https:\/\/www.sv-freiendiez.de\/?p=4593#breadcrumb","itemListElement":[{"@type":"ListItem","position":1,"name":"Startseite","item":"https:\/\/www.sv-freiendiez.de\/"},{"@type":"ListItem","position":2,"name":"Neuer Zwischenbericht von der DM in M\u00fcnchen-Hochbr\u00fcck"}]},{"@type":"WebSite","@id":"https:\/\/www.sv-freiendiez.de\/#website","url":"https:\/\/www.sv-freiendiez.de\/","name":"SV Diez-Freiendiez 1928 e.V.","description":"Sch\u00fctzenverein Diez-Freiendiez 1928 e.V.","publisher":{"@id":"https:\/\/www.sv-freiendiez.de\/#organization"},"potentialAction":[{"@type":"SearchAction","target":{"@type":"EntryPoint","urlTemplate":"https:\/\/www.sv-freiendiez.de\/?s={search_term_string}"},"query-input":{"@type":"PropertyValueSpecification","valueRequired":true,"valueName":"search_term_string"}}],"inLanguage":"de"},{"@type":"Organization","@id":"https:\/\/www.sv-freiendiez.de\/#organization","name":"SV Diez-Freiendiez 1928 e.V.","url":"https:\/\/www.sv-freiendiez.de\/","logo":{"@type":"ImageObject","inLanguage":"de","@id":"https:\/\/www.sv-freiendiez.de\/#\/schema\/logo\/image\/","url":"https:\/\/www.sv-freiendiez.de\/wp-content\/uploads\/2016\/12\/cropped-wappen250.png","contentUrl":"https:\/\/www.sv-freiendiez.de\/wp-content\/uploads\/2016\/12\/cropped-wappen250.png","width":250,"height":250,"caption":"SV Diez-Freiendiez 1928 e.V."},"image":{"@id":"https:\/\/www.sv-freiendiez.de\/#\/schema\/logo\/image\/"},"sameAs":["https:\/\/www.facebook.com\/svfreiendiez\/"]},{"@type":"Person","@id":"https:\/\/www.sv-freiendiez.de\/#\/schema\/person\/e506fdcfcb3a8d0b33fb2982e44b9b79","name":"editor","image":{"@type":"ImageObject","inLanguage":"de","@id":"https:\/\/secure.gravatar.com\/avatar\/2e61a0e3091a1495360fb924e613dd25bace1d4a95a687bd9add8c68191636ff?s=96&d=mm&r=g","url":"https:\/\/secure.gravatar.com\/avatar\/2e61a0e3091a1495360fb924e613dd25bace1d4a95a687bd9add8c68191636ff?s=96&d=mm&r=g","contentUrl":"https:\/\/secure.gravatar.com\/avatar\/2e61a0e3091a1495360fb924e613dd25bace1d4a95a687bd9add8c68191636ff?s=96&d=mm&r=g","caption":"editor"},"url":"https:\/\/www.sv-freiendiez.de\/?author=1"}]}},"_links":{"self":[{"href":"https:\/\/www.sv-freiendiez.de\/index.php?rest_route=\/wp\/v2\/posts\/4593","targetHints":{"allow":["GET"]}}],"collection":[{"href":"https:\/\/www.sv-freiendiez.de\/index.php?rest_route=\/wp\/v2\/posts"}],"about":[{"href":"https:\/\/www.sv-freiendiez.de\/index.php?rest_route=\/wp\/v2\/types\/post"}],"author":[{"embeddable":true,"href":"https:\/\/www.sv-freiendiez.de\/index.php?rest_route=\/wp\/v2\/users\/1"}],"replies":[{"embeddable":true,"href":"https:\/\/www.sv-freiendiez.de\/index.php?rest_route=%2Fwp%2Fv2%2Fcomments&post=4593"}],"version-history":[{"count":1,"href":"https:\/\/www.sv-freiendiez.de\/index.php?rest_route=\/wp\/v2\/posts\/4593\/revisions"}],"predecessor-version":[{"id":4594,"href":"https:\/\/www.sv-freiendiez.de\/index.php?rest_route=\/wp\/v2\/posts\/4593\/revisions\/4594"}],"wp:attachment":[{"href":"https:\/\/www.sv-freiendiez.de\/index.php?rest_route=%2Fwp%2Fv2%2Fmedia&parent=4593"}],"wp:term":[{"taxonomy":"category","embeddable":true,"href":"https:\/\/www.sv-freiendiez.de\/index.php?rest_route=%2Fwp%2Fv2%2Fcategories&post=4593"},{"taxonomy":"post_tag","embeddable":true,"href":"https:\/\/www.sv-freiendiez.de\/index.php?rest_route=%2Fwp%2Fv2%2Ftags&post=4593"}],"curies":[{"name":"wp","href":"https:\/\/api.w.org\/{rel}","templated":true}]}}