{"id":4590,"date":"2023-08-24T18:39:12","date_gmt":"2023-08-24T16:39:12","guid":{"rendered":"https:\/\/www.sv-freiendiez.de\/?p=4590"},"modified":"2023-08-24T12:43:54","modified_gmt":"2023-08-24T10:43:54","slug":"zwischenbericht-von-der-deutschen-meisterschaft-im-sportschiessen-2023-in-muenchen","status":"publish","type":"post","link":"https:\/\/www.sv-freiendiez.de\/?p=4590","title":{"rendered":"Zwischenbericht von der Deutschen Meisterschaft im Sportschie\u00dfen 2023 in M\u00fcnchen"},"content":{"rendered":"<p>Ein kleiner Zwischenbericht von unserem Viktor von der Deutschen Meisterschaft im Sportschie\u00dfen in M\u00fcnchen:<\/p>\n<p>Unser Sch\u00fctze Patrick Meyer hat mit 550 Ringen in der Klasse Herren I den Zweiten Platz belegt. Und unsere Mannschaft belegte den dritten Platz; ringgleich mit der Zweitplatzierten Mannschaft.<\/p>\n<p>Am Montag den 21.08. hat unser Sch\u00fctze Thomas Rodenkirchen bereits in der Klasse Herren III mit der Schnellfeuerpistole den 4. Platz belegt.<\/p>\n<p>Und am Mittwoch belegte unsere Sportpistolenmannschaft (25m Pistole) mit den Sch\u00fctzen Pierre Michel, Patrick Meyer und Torben Engel in der Klasse Herren I den Vierten Platz (2 Ringe hinter dem Drittplatzierten und 4 Ringe hinter der zweitplatzierten Mannschaft).<\/p>\n<p>Am Freitag geht es f\u00fcr unsere Mannschaften weiter.<\/p>\n","protected":false},"excerpt":{"rendered":"<p>Ein kleiner Zwischenbericht von unserem Viktor von der Deutschen Meisterschaft im Sportschie\u00dfen in M\u00fcnchen: Unser Sch\u00fctze Patrick Meyer hat mit 550 Ringen in der Klasse Herren I den Zweiten Platz belegt. Und unsere Mannschaft belegte den dritten Platz; ringgleich mit der Zweitplatzierten Mannschaft. Am Montag den 21.08. hat unser Sch\u00fctze Thomas Rodenkirchen bereits in der &hellip; <\/p>\n<p class=\"link-more\"><a href=\"https:\/\/www.sv-freiendiez.de\/?p=4590\" class=\"more-link\"><span class=\"screen-reader-text\">\u201eZwischenbericht von der Deutschen Meisterschaft im Sportschie\u00dfen 2023 in M\u00fcnchen\u201c<\/span> weiterlesen<\/a><\/p>\n","protected":false},"author":1,"featured_media":0,"comment_status":"closed","ping_status":"closed","sticky":false,"template":"","format":"standard","meta":{"ngg_post_thumbnail":0,"footnotes":""},"categories":[14,27,11,7],"tags":[],"class_list":["post-4590","post","type-post","status-publish","format-standard","hentry","category-deutsche-meisterschaft","category-dsb","category-erfolge","category-ergebnisse"],"yoast_head":"<!-- This site is optimized with the Yoast SEO plugin v27.5 - https:\/\/yoast.com\/product\/yoast-seo-wordpress\/ -->\n<title>Zwischenbericht von der Deutschen Meisterschaft im Sportschie\u00dfen 2023 in M\u00fcnchen - SV Diez-Freiendiez 1928 e.V.<\/title>\n<meta name=\"robots\" content=\"index, follow, max-snippet:-1, max-image-preview:large, max-video-preview:-1\" \/>\n<link rel=\"canonical\" href=\"https:\/\/www.sv-freiendiez.de\/?p=4590\" \/>\n<meta property=\"og:locale\" content=\"de_DE\" \/>\n<meta property=\"og:type\" content=\"article\" \/>\n<meta property=\"og:title\" content=\"Zwischenbericht von der Deutschen Meisterschaft im Sportschie\u00dfen 2023 in M\u00fcnchen - SV Diez-Freiendiez 1928 e.V.\" \/>\n<meta property=\"og:description\" content=\"Ein kleiner Zwischenbericht von unserem Viktor von der Deutschen Meisterschaft im Sportschie\u00dfen in M\u00fcnchen: Unser Sch\u00fctze Patrick Meyer hat mit 550 Ringen in der Klasse Herren I den Zweiten Platz belegt. Und unsere Mannschaft belegte den dritten Platz; ringgleich mit der Zweitplatzierten Mannschaft. Am Montag den 21.08. hat unser Sch\u00fctze Thomas Rodenkirchen bereits in der &hellip; \u201eZwischenbericht von der Deutschen Meisterschaft im Sportschie\u00dfen 2023 in M\u00fcnchen\u201c weiterlesen\" \/>\n<meta property=\"og:url\" content=\"https:\/\/www.sv-freiendiez.de\/?p=4590\" \/>\n<meta property=\"og:site_name\" content=\"SV Diez-Freiendiez 1928 e.V.\" \/>\n<meta property=\"article:publisher\" content=\"https:\/\/www.facebook.com\/svfreiendiez\/\" \/>\n<meta property=\"article:published_time\" content=\"2023-08-24T16:39:12+00:00\" \/>\n<meta name=\"author\" content=\"editor\" \/>\n<meta name=\"twitter:card\" content=\"summary_large_image\" \/>\n<meta name=\"twitter:label1\" content=\"Verfasst von\" \/>\n\t<meta name=\"twitter:data1\" content=\"editor\" \/>\n\t<meta name=\"twitter:label2\" content=\"Gesch\u00e4tzte Lesezeit\" \/>\n\t<meta name=\"twitter:data2\" content=\"1\u00a0Minute\" \/>\n<script type=\"application\/ld+json\" class=\"yoast-schema-graph\">{\"@context\":\"https:\\\/\\\/schema.org\",\"@graph\":[{\"@type\":\"Article\",\"@id\":\"https:\\\/\\\/www.sv-freiendiez.de\\\/?p=4590#article\",\"isPartOf\":{\"@id\":\"https:\\\/\\\/www.sv-freiendiez.de\\\/?p=4590\"},\"author\":{\"name\":\"editor\",\"@id\":\"https:\\\/\\\/www.sv-freiendiez.de\\\/#\\\/schema\\\/person\\\/e506fdcfcb3a8d0b33fb2982e44b9b79\"},\"headline\":\"Zwischenbericht von der Deutschen Meisterschaft im Sportschie\u00dfen 2023 in M\u00fcnchen\",\"datePublished\":\"2023-08-24T16:39:12+00:00\",\"mainEntityOfPage\":{\"@id\":\"https:\\\/\\\/www.sv-freiendiez.de\\\/?p=4590\"},\"wordCount\":123,\"publisher\":{\"@id\":\"https:\\\/\\\/www.sv-freiendiez.de\\\/#organization\"},\"articleSection\":[\"Deutsche Meisterschaft\",\"DSB\",\"Erfolge\",\"Ergebnisse\"],\"inLanguage\":\"de\"},{\"@type\":\"WebPage\",\"@id\":\"https:\\\/\\\/www.sv-freiendiez.de\\\/?p=4590\",\"url\":\"https:\\\/\\\/www.sv-freiendiez.de\\\/?p=4590\",\"name\":\"Zwischenbericht von der Deutschen Meisterschaft im Sportschie\u00dfen 2023 in M\u00fcnchen - SV Diez-Freiendiez 1928 e.V.\",\"isPartOf\":{\"@id\":\"https:\\\/\\\/www.sv-freiendiez.de\\\/#website\"},\"datePublished\":\"2023-08-24T16:39:12+00:00\",\"breadcrumb\":{\"@id\":\"https:\\\/\\\/www.sv-freiendiez.de\\\/?p=4590#breadcrumb\"},\"inLanguage\":\"de\",\"potentialAction\":[{\"@type\":\"ReadAction\",\"target\":[\"https:\\\/\\\/www.sv-freiendiez.de\\\/?p=4590\"]}]},{\"@type\":\"BreadcrumbList\",\"@id\":\"https:\\\/\\\/www.sv-freiendiez.de\\\/?p=4590#breadcrumb\",\"itemListElement\":[{\"@type\":\"ListItem\",\"position\":1,\"name\":\"Startseite\",\"item\":\"https:\\\/\\\/www.sv-freiendiez.de\\\/\"},{\"@type\":\"ListItem\",\"position\":2,\"name\":\"Zwischenbericht von der Deutschen Meisterschaft im Sportschie\u00dfen 2023 in M\u00fcnchen\"}]},{\"@type\":\"WebSite\",\"@id\":\"https:\\\/\\\/www.sv-freiendiez.de\\\/#website\",\"url\":\"https:\\\/\\\/www.sv-freiendiez.de\\\/\",\"name\":\"SV Diez-Freiendiez 1928 e.V.\",\"description\":\"Sch\u00fctzenverein Diez-Freiendiez 1928 e.V.\",\"publisher\":{\"@id\":\"https:\\\/\\\/www.sv-freiendiez.de\\\/#organization\"},\"potentialAction\":[{\"@type\":\"SearchAction\",\"target\":{\"@type\":\"EntryPoint\",\"urlTemplate\":\"https:\\\/\\\/www.sv-freiendiez.de\\\/?s={search_term_string}\"},\"query-input\":{\"@type\":\"PropertyValueSpecification\",\"valueRequired\":true,\"valueName\":\"search_term_string\"}}],\"inLanguage\":\"de\"},{\"@type\":\"Organization\",\"@id\":\"https:\\\/\\\/www.sv-freiendiez.de\\\/#organization\",\"name\":\"SV Diez-Freiendiez 1928 e.V.\",\"url\":\"https:\\\/\\\/www.sv-freiendiez.de\\\/\",\"logo\":{\"@type\":\"ImageObject\",\"inLanguage\":\"de\",\"@id\":\"https:\\\/\\\/www.sv-freiendiez.de\\\/#\\\/schema\\\/logo\\\/image\\\/\",\"url\":\"https:\\\/\\\/www.sv-freiendiez.de\\\/wp-content\\\/uploads\\\/2016\\\/12\\\/cropped-wappen250.png\",\"contentUrl\":\"https:\\\/\\\/www.sv-freiendiez.de\\\/wp-content\\\/uploads\\\/2016\\\/12\\\/cropped-wappen250.png\",\"width\":250,\"height\":250,\"caption\":\"SV Diez-Freiendiez 1928 e.V.\"},\"image\":{\"@id\":\"https:\\\/\\\/www.sv-freiendiez.de\\\/#\\\/schema\\\/logo\\\/image\\\/\"},\"sameAs\":[\"https:\\\/\\\/www.facebook.com\\\/svfreiendiez\\\/\"]},{\"@type\":\"Person\",\"@id\":\"https:\\\/\\\/www.sv-freiendiez.de\\\/#\\\/schema\\\/person\\\/e506fdcfcb3a8d0b33fb2982e44b9b79\",\"name\":\"editor\",\"image\":{\"@type\":\"ImageObject\",\"inLanguage\":\"de\",\"@id\":\"https:\\\/\\\/secure.gravatar.com\\\/avatar\\\/2e61a0e3091a1495360fb924e613dd25bace1d4a95a687bd9add8c68191636ff?s=96&d=mm&r=g\",\"url\":\"https:\\\/\\\/secure.gravatar.com\\\/avatar\\\/2e61a0e3091a1495360fb924e613dd25bace1d4a95a687bd9add8c68191636ff?s=96&d=mm&r=g\",\"contentUrl\":\"https:\\\/\\\/secure.gravatar.com\\\/avatar\\\/2e61a0e3091a1495360fb924e613dd25bace1d4a95a687bd9add8c68191636ff?s=96&d=mm&r=g\",\"caption\":\"editor\"},\"url\":\"https:\\\/\\\/www.sv-freiendiez.de\\\/?author=1\"}]}<\/script>\n<!-- \/ Yoast SEO plugin. -->","yoast_head_json":{"title":"Zwischenbericht von der Deutschen Meisterschaft im Sportschie\u00dfen 2023 in M\u00fcnchen - SV Diez-Freiendiez 1928 e.V.","robots":{"index":"index","follow":"follow","max-snippet":"max-snippet:-1","max-image-preview":"max-image-preview:large","max-video-preview":"max-video-preview:-1"},"canonical":"https:\/\/www.sv-freiendiez.de\/?p=4590","og_locale":"de_DE","og_type":"article","og_title":"Zwischenbericht von der Deutschen Meisterschaft im Sportschie\u00dfen 2023 in M\u00fcnchen - SV Diez-Freiendiez 1928 e.V.","og_description":"Ein kleiner Zwischenbericht von unserem Viktor von der Deutschen Meisterschaft im Sportschie\u00dfen in M\u00fcnchen: Unser Sch\u00fctze Patrick Meyer hat mit 550 Ringen in der Klasse Herren I den Zweiten Platz belegt. Und unsere Mannschaft belegte den dritten Platz; ringgleich mit der Zweitplatzierten Mannschaft. Am Montag den 21.08. hat unser Sch\u00fctze Thomas Rodenkirchen bereits in der &hellip; \u201eZwischenbericht von der Deutschen Meisterschaft im Sportschie\u00dfen 2023 in M\u00fcnchen\u201c weiterlesen","og_url":"https:\/\/www.sv-freiendiez.de\/?p=4590","og_site_name":"SV Diez-Freiendiez 1928 e.V.","article_publisher":"https:\/\/www.facebook.com\/svfreiendiez\/","article_published_time":"2023-08-24T16:39:12+00:00","author":"editor","twitter_card":"summary_large_image","twitter_misc":{"Verfasst von":"editor","Gesch\u00e4tzte Lesezeit":"1\u00a0Minute"},"schema":{"@context":"https:\/\/schema.org","@graph":[{"@type":"Article","@id":"https:\/\/www.sv-freiendiez.de\/?p=4590#article","isPartOf":{"@id":"https:\/\/www.sv-freiendiez.de\/?p=4590"},"author":{"name":"editor","@id":"https:\/\/www.sv-freiendiez.de\/#\/schema\/person\/e506fdcfcb3a8d0b33fb2982e44b9b79"},"headline":"Zwischenbericht von der Deutschen Meisterschaft im Sportschie\u00dfen 2023 in M\u00fcnchen","datePublished":"2023-08-24T16:39:12+00:00","mainEntityOfPage":{"@id":"https:\/\/www.sv-freiendiez.de\/?p=4590"},"wordCount":123,"publisher":{"@id":"https:\/\/www.sv-freiendiez.de\/#organization"},"articleSection":["Deutsche Meisterschaft","DSB","Erfolge","Ergebnisse"],"inLanguage":"de"},{"@type":"WebPage","@id":"https:\/\/www.sv-freiendiez.de\/?p=4590","url":"https:\/\/www.sv-freiendiez.de\/?p=4590","name":"Zwischenbericht von der Deutschen Meisterschaft im Sportschie\u00dfen 2023 in M\u00fcnchen - SV Diez-Freiendiez 1928 e.V.","isPartOf":{"@id":"https:\/\/www.sv-freiendiez.de\/#website"},"datePublished":"2023-08-24T16:39:12+00:00","breadcrumb":{"@id":"https:\/\/www.sv-freiendiez.de\/?p=4590#breadcrumb"},"inLanguage":"de","potentialAction":[{"@type":"ReadAction","target":["https:\/\/www.sv-freiendiez.de\/?p=4590"]}]},{"@type":"BreadcrumbList","@id":"https:\/\/www.sv-freiendiez.de\/?p=4590#breadcrumb","itemListElement":[{"@type":"ListItem","position":1,"name":"Startseite","item":"https:\/\/www.sv-freiendiez.de\/"},{"@type":"ListItem","position":2,"name":"Zwischenbericht von der Deutschen Meisterschaft im Sportschie\u00dfen 2023 in M\u00fcnchen"}]},{"@type":"WebSite","@id":"https:\/\/www.sv-freiendiez.de\/#website","url":"https:\/\/www.sv-freiendiez.de\/","name":"SV Diez-Freiendiez 1928 e.V.","description":"Sch\u00fctzenverein Diez-Freiendiez 1928 e.V.","publisher":{"@id":"https:\/\/www.sv-freiendiez.de\/#organization"},"potentialAction":[{"@type":"SearchAction","target":{"@type":"EntryPoint","urlTemplate":"https:\/\/www.sv-freiendiez.de\/?s={search_term_string}"},"query-input":{"@type":"PropertyValueSpecification","valueRequired":true,"valueName":"search_term_string"}}],"inLanguage":"de"},{"@type":"Organization","@id":"https:\/\/www.sv-freiendiez.de\/#organization","name":"SV Diez-Freiendiez 1928 e.V.","url":"https:\/\/www.sv-freiendiez.de\/","logo":{"@type":"ImageObject","inLanguage":"de","@id":"https:\/\/www.sv-freiendiez.de\/#\/schema\/logo\/image\/","url":"https:\/\/www.sv-freiendiez.de\/wp-content\/uploads\/2016\/12\/cropped-wappen250.png","contentUrl":"https:\/\/www.sv-freiendiez.de\/wp-content\/uploads\/2016\/12\/cropped-wappen250.png","width":250,"height":250,"caption":"SV Diez-Freiendiez 1928 e.V."},"image":{"@id":"https:\/\/www.sv-freiendiez.de\/#\/schema\/logo\/image\/"},"sameAs":["https:\/\/www.facebook.com\/svfreiendiez\/"]},{"@type":"Person","@id":"https:\/\/www.sv-freiendiez.de\/#\/schema\/person\/e506fdcfcb3a8d0b33fb2982e44b9b79","name":"editor","image":{"@type":"ImageObject","inLanguage":"de","@id":"https:\/\/secure.gravatar.com\/avatar\/2e61a0e3091a1495360fb924e613dd25bace1d4a95a687bd9add8c68191636ff?s=96&d=mm&r=g","url":"https:\/\/secure.gravatar.com\/avatar\/2e61a0e3091a1495360fb924e613dd25bace1d4a95a687bd9add8c68191636ff?s=96&d=mm&r=g","contentUrl":"https:\/\/secure.gravatar.com\/avatar\/2e61a0e3091a1495360fb924e613dd25bace1d4a95a687bd9add8c68191636ff?s=96&d=mm&r=g","caption":"editor"},"url":"https:\/\/www.sv-freiendiez.de\/?author=1"}]}},"_links":{"self":[{"href":"https:\/\/www.sv-freiendiez.de\/index.php?rest_route=\/wp\/v2\/posts\/4590","targetHints":{"allow":["GET"]}}],"collection":[{"href":"https:\/\/www.sv-freiendiez.de\/index.php?rest_route=\/wp\/v2\/posts"}],"about":[{"href":"https:\/\/www.sv-freiendiez.de\/index.php?rest_route=\/wp\/v2\/types\/post"}],"author":[{"embeddable":true,"href":"https:\/\/www.sv-freiendiez.de\/index.php?rest_route=\/wp\/v2\/users\/1"}],"replies":[{"embeddable":true,"href":"https:\/\/www.sv-freiendiez.de\/index.php?rest_route=%2Fwp%2Fv2%2Fcomments&post=4590"}],"version-history":[{"count":1,"href":"https:\/\/www.sv-freiendiez.de\/index.php?rest_route=\/wp\/v2\/posts\/4590\/revisions"}],"predecessor-version":[{"id":4591,"href":"https:\/\/www.sv-freiendiez.de\/index.php?rest_route=\/wp\/v2\/posts\/4590\/revisions\/4591"}],"wp:attachment":[{"href":"https:\/\/www.sv-freiendiez.de\/index.php?rest_route=%2Fwp%2Fv2%2Fmedia&parent=4590"}],"wp:term":[{"taxonomy":"category","embeddable":true,"href":"https:\/\/www.sv-freiendiez.de\/index.php?rest_route=%2Fwp%2Fv2%2Fcategories&post=4590"},{"taxonomy":"post_tag","embeddable":true,"href":"https:\/\/www.sv-freiendiez.de\/index.php?rest_route=%2Fwp%2Fv2%2Ftags&post=4590"}],"curies":[{"name":"wp","href":"https:\/\/api.w.org\/{rel}","templated":true}]}}