{"id":4568,"date":"2023-08-13T18:03:12","date_gmt":"2023-08-13T16:03:12","guid":{"rendered":"https:\/\/www.sv-freiendiez.de\/?p=4568"},"modified":"2023-08-13T18:55:21","modified_gmt":"2023-08-13T16:55:21","slug":"dm2023-in-muenchen-startet-am-17-08-2023","status":"publish","type":"post","link":"https:\/\/www.sv-freiendiez.de\/?p=4568","title":{"rendered":"DM2023 in M\u00fcnchen startet am 17.08.2023"},"content":{"rendered":"<figure id=\"attachment_3498\" aria-describedby=\"caption-attachment-3498\" style=\"width: 82px\" class=\"wp-caption alignleft\"><img loading=\"lazy\" decoding=\"async\" class=\"size-full wp-image-3498\" src=\"https:\/\/www.sv-freiendiez.de\/wp-content\/uploads\/2019\/06\/dsb50.png\" alt=\"\" width=\"82\" height=\"50\"><figcaption id=\"caption-attachment-3498\" class=\"wp-caption-text\">DSB<\/figcaption><\/figure>\n<p style=\"text-align: justify;\">Die Deutsche Meisterschaft im Sportschie\u00dfen startet diese Woche am 17.08.2023. Der H\u00f6hepunkt des Sportjahres wird wie immer in M\u00fcnchen ausgetragen.<\/p>\n<p style=\"text-align: justify;\">Auch dieses Jahr werden wieder einige Sch\u00fctzen unseres Vereins auf der Deutschen Meisterschaft antreten. Wir w\u00fcnschen ihnen, dass sie an die Erfolge der letzten Jahre ankn\u00fcpfen k\u00f6nnen. An dieser Stelle viel Erfolg und &#8222;Gut Schuss!&#8220;<\/p>\n<p style=\"text-align: justify;\">Der Online-Dienst sportdeutschland.tv bietet an den Finaltagen jeweils einen kostenlose Stream an. Folgende Streams werden angeboten:<\/p>\n<p><a href=\"https:\/\/sportdeutschland.tv\/deutscher-schuetzenbund\/deutsche-meisterschaft-sportschiessen-tag-1-18-08-2023\" target=\"_blank\" rel=\"noopener\">18.08.2023 &#8211; 09:45 Uhr &#8211; Tag 1<\/a><\/p>\n<p><a href=\"https:\/\/sportdeutschland.tv\/deutscher-schuetzenbund\/deutsche-meisterschaft-sportschiessen-tag-2-19-08-2023\" target=\"_blank\" rel=\"noopener\">19.08.2023 &#8211; 11:45 Uhr &#8211; Tag 2<\/a><\/p>\n<p><a href=\"https:\/\/sportdeutschland.tv\/deutscher-schuetzenbund\/deutsche-meisterschaft-sportschiessen-tag-3-20-08-2023\" target=\"_blank\" rel=\"noopener\">20.08.2023 &#8211; 12:45 Uhr &#8211; Tag 3<\/a><\/p>\n<p><a href=\"https:\/\/sportdeutschland.tv\/deutscher-schuetzenbund\/deutsche-meisterschaft-sportschiessen-tag-4-21-08-2023\" target=\"_blank\" rel=\"noopener\">21.08.2023 &#8211; 14:45 Uhr &#8211; Tag 4<\/a><\/p>\n<p><strong>Olympisches Wochenende<\/strong><\/p>\n<p><a href=\"https:\/\/sportdeutschland.tv\/deutscher-schuetzenbund\/deutsche-meisterschaft-sportschiessen-tag-1-26-08-2022\" target=\"_blank\" rel=\"noopener\">26.08.2023 &#8211; 09:45 Uhr &#8211; Tag 1<\/a><\/p>\n<p><a href=\"https:\/\/sportdeutschland.tv\/deutscher-schuetzenbund\/deutsche-meisterschaft-sportschiessen-tag-2-27-08-2022\" target=\"_blank\" rel=\"noopener\">27.08.2023 &#8211; 11:15 Uhr &#8211; Tag 2<\/a><\/p>\n<p><a href=\"https:\/\/sportdeutschland.tv\/deutscher-schuetzenbund\/deutsche-meisterschaft-sportschiessen-tag-3-28-08-2022\" target=\"_blank\" rel=\"noopener\">28.08.2023 &#8211; 12:15 Uhr &#8211; Tag 3<\/a><\/p>\n<p>Den genauen Ablauf der Streams entnehmt Ihr bitte der Webseite des Anbieters <a href=\"https:\/\/sportdeutschland.tv\/deutscher-schuetzenbund\" target=\"_blank\" rel=\"noopener\">https:\/\/sportdeutschland.tv\/<\/a><\/p>\n","protected":false},"excerpt":{"rendered":"<p>Die Deutsche Meisterschaft im Sportschie\u00dfen startet diese Woche am 17.08.2023. Der H\u00f6hepunkt des Sportjahres wird wie immer in M\u00fcnchen ausgetragen. Auch dieses Jahr werden wieder einige Sch\u00fctzen unseres Vereins auf der Deutschen Meisterschaft antreten. Wir w\u00fcnschen ihnen, dass sie an die Erfolge der letzten Jahre ankn\u00fcpfen k\u00f6nnen. An dieser Stelle viel Erfolg und &#8222;Gut Schuss!&#8220; &hellip; <\/p>\n<p class=\"link-more\"><a href=\"https:\/\/www.sv-freiendiez.de\/?p=4568\" class=\"more-link\"><span class=\"screen-reader-text\">\u201eDM2023 in M\u00fcnchen startet am 17.08.2023\u201c<\/span> weiterlesen<\/a><\/p>\n","protected":false},"author":1,"featured_media":0,"comment_status":"closed","ping_status":"closed","sticky":false,"template":"","format":"standard","meta":{"ngg_post_thumbnail":0,"footnotes":""},"categories":[14,27,31],"tags":[],"class_list":["post-4568","post","type-post","status-publish","format-standard","hentry","category-deutsche-meisterschaft","category-dsb","category-termine"],"yoast_head":"<!-- This site is optimized with the Yoast SEO plugin v27.5 - https:\/\/yoast.com\/product\/yoast-seo-wordpress\/ -->\n<title>DM2023 in M\u00fcnchen startet am 17.08.2023 - SV Diez-Freiendiez 1928 e.V.<\/title>\n<meta name=\"robots\" content=\"index, follow, max-snippet:-1, max-image-preview:large, max-video-preview:-1\" \/>\n<link rel=\"canonical\" href=\"https:\/\/www.sv-freiendiez.de\/?p=4568\" \/>\n<meta property=\"og:locale\" content=\"de_DE\" \/>\n<meta property=\"og:type\" content=\"article\" \/>\n<meta property=\"og:title\" content=\"DM2023 in M\u00fcnchen startet am 17.08.2023 - SV Diez-Freiendiez 1928 e.V.\" \/>\n<meta property=\"og:description\" content=\"Die Deutsche Meisterschaft im Sportschie\u00dfen startet diese Woche am 17.08.2023. Der H\u00f6hepunkt des Sportjahres wird wie immer in M\u00fcnchen ausgetragen. Auch dieses Jahr werden wieder einige Sch\u00fctzen unseres Vereins auf der Deutschen Meisterschaft antreten. Wir w\u00fcnschen ihnen, dass sie an die Erfolge der letzten Jahre ankn\u00fcpfen k\u00f6nnen. An dieser Stelle viel Erfolg und &#8222;Gut Schuss!&#8220; &hellip; \u201eDM2023 in M\u00fcnchen startet am 17.08.2023\u201c weiterlesen\" \/>\n<meta property=\"og:url\" content=\"https:\/\/www.sv-freiendiez.de\/?p=4568\" \/>\n<meta property=\"og:site_name\" content=\"SV Diez-Freiendiez 1928 e.V.\" \/>\n<meta property=\"article:publisher\" content=\"https:\/\/www.facebook.com\/svfreiendiez\/\" \/>\n<meta property=\"article:published_time\" content=\"2023-08-13T16:03:12+00:00\" \/>\n<meta property=\"article:modified_time\" content=\"2023-08-13T16:55:21+00:00\" \/>\n<meta property=\"og:image\" content=\"https:\/\/www.sv-freiendiez.de\/wp-content\/uploads\/2019\/06\/dsb50.png\" \/>\n<meta name=\"author\" content=\"editor\" \/>\n<meta name=\"twitter:card\" content=\"summary_large_image\" \/>\n<meta name=\"twitter:label1\" content=\"Verfasst von\" \/>\n\t<meta name=\"twitter:data1\" content=\"editor\" \/>\n\t<meta name=\"twitter:label2\" content=\"Gesch\u00e4tzte Lesezeit\" \/>\n\t<meta name=\"twitter:data2\" content=\"1\u00a0Minute\" \/>\n<script type=\"application\/ld+json\" class=\"yoast-schema-graph\">{\"@context\":\"https:\\\/\\\/schema.org\",\"@graph\":[{\"@type\":\"Article\",\"@id\":\"https:\\\/\\\/www.sv-freiendiez.de\\\/?p=4568#article\",\"isPartOf\":{\"@id\":\"https:\\\/\\\/www.sv-freiendiez.de\\\/?p=4568\"},\"author\":{\"name\":\"editor\",\"@id\":\"https:\\\/\\\/www.sv-freiendiez.de\\\/#\\\/schema\\\/person\\\/e506fdcfcb3a8d0b33fb2982e44b9b79\"},\"headline\":\"DM2023 in M\u00fcnchen startet am 17.08.2023\",\"datePublished\":\"2023-08-13T16:03:12+00:00\",\"dateModified\":\"2023-08-13T16:55:21+00:00\",\"mainEntityOfPage\":{\"@id\":\"https:\\\/\\\/www.sv-freiendiez.de\\\/?p=4568\"},\"wordCount\":137,\"publisher\":{\"@id\":\"https:\\\/\\\/www.sv-freiendiez.de\\\/#organization\"},\"image\":{\"@id\":\"https:\\\/\\\/www.sv-freiendiez.de\\\/?p=4568#primaryimage\"},\"thumbnailUrl\":\"https:\\\/\\\/www.sv-freiendiez.de\\\/wp-content\\\/uploads\\\/2019\\\/06\\\/dsb50.png\",\"articleSection\":[\"Deutsche Meisterschaft\",\"DSB\",\"Termine\"],\"inLanguage\":\"de\"},{\"@type\":\"WebPage\",\"@id\":\"https:\\\/\\\/www.sv-freiendiez.de\\\/?p=4568\",\"url\":\"https:\\\/\\\/www.sv-freiendiez.de\\\/?p=4568\",\"name\":\"DM2023 in M\u00fcnchen startet am 17.08.2023 - SV Diez-Freiendiez 1928 e.V.\",\"isPartOf\":{\"@id\":\"https:\\\/\\\/www.sv-freiendiez.de\\\/#website\"},\"primaryImageOfPage\":{\"@id\":\"https:\\\/\\\/www.sv-freiendiez.de\\\/?p=4568#primaryimage\"},\"image\":{\"@id\":\"https:\\\/\\\/www.sv-freiendiez.de\\\/?p=4568#primaryimage\"},\"thumbnailUrl\":\"https:\\\/\\\/www.sv-freiendiez.de\\\/wp-content\\\/uploads\\\/2019\\\/06\\\/dsb50.png\",\"datePublished\":\"2023-08-13T16:03:12+00:00\",\"dateModified\":\"2023-08-13T16:55:21+00:00\",\"breadcrumb\":{\"@id\":\"https:\\\/\\\/www.sv-freiendiez.de\\\/?p=4568#breadcrumb\"},\"inLanguage\":\"de\",\"potentialAction\":[{\"@type\":\"ReadAction\",\"target\":[\"https:\\\/\\\/www.sv-freiendiez.de\\\/?p=4568\"]}]},{\"@type\":\"ImageObject\",\"inLanguage\":\"de\",\"@id\":\"https:\\\/\\\/www.sv-freiendiez.de\\\/?p=4568#primaryimage\",\"url\":\"https:\\\/\\\/www.sv-freiendiez.de\\\/wp-content\\\/uploads\\\/2019\\\/06\\\/dsb50.png\",\"contentUrl\":\"https:\\\/\\\/www.sv-freiendiez.de\\\/wp-content\\\/uploads\\\/2019\\\/06\\\/dsb50.png\",\"width\":82,\"height\":50,\"caption\":\"DSB\"},{\"@type\":\"BreadcrumbList\",\"@id\":\"https:\\\/\\\/www.sv-freiendiez.de\\\/?p=4568#breadcrumb\",\"itemListElement\":[{\"@type\":\"ListItem\",\"position\":1,\"name\":\"Startseite\",\"item\":\"https:\\\/\\\/www.sv-freiendiez.de\\\/\"},{\"@type\":\"ListItem\",\"position\":2,\"name\":\"DM2023 in M\u00fcnchen startet am 17.08.2023\"}]},{\"@type\":\"WebSite\",\"@id\":\"https:\\\/\\\/www.sv-freiendiez.de\\\/#website\",\"url\":\"https:\\\/\\\/www.sv-freiendiez.de\\\/\",\"name\":\"SV Diez-Freiendiez 1928 e.V.\",\"description\":\"Sch\u00fctzenverein Diez-Freiendiez 1928 e.V.\",\"publisher\":{\"@id\":\"https:\\\/\\\/www.sv-freiendiez.de\\\/#organization\"},\"potentialAction\":[{\"@type\":\"SearchAction\",\"target\":{\"@type\":\"EntryPoint\",\"urlTemplate\":\"https:\\\/\\\/www.sv-freiendiez.de\\\/?s={search_term_string}\"},\"query-input\":{\"@type\":\"PropertyValueSpecification\",\"valueRequired\":true,\"valueName\":\"search_term_string\"}}],\"inLanguage\":\"de\"},{\"@type\":\"Organization\",\"@id\":\"https:\\\/\\\/www.sv-freiendiez.de\\\/#organization\",\"name\":\"SV Diez-Freiendiez 1928 e.V.\",\"url\":\"https:\\\/\\\/www.sv-freiendiez.de\\\/\",\"logo\":{\"@type\":\"ImageObject\",\"inLanguage\":\"de\",\"@id\":\"https:\\\/\\\/www.sv-freiendiez.de\\\/#\\\/schema\\\/logo\\\/image\\\/\",\"url\":\"https:\\\/\\\/www.sv-freiendiez.de\\\/wp-content\\\/uploads\\\/2016\\\/12\\\/cropped-wappen250.png\",\"contentUrl\":\"https:\\\/\\\/www.sv-freiendiez.de\\\/wp-content\\\/uploads\\\/2016\\\/12\\\/cropped-wappen250.png\",\"width\":250,\"height\":250,\"caption\":\"SV Diez-Freiendiez 1928 e.V.\"},\"image\":{\"@id\":\"https:\\\/\\\/www.sv-freiendiez.de\\\/#\\\/schema\\\/logo\\\/image\\\/\"},\"sameAs\":[\"https:\\\/\\\/www.facebook.com\\\/svfreiendiez\\\/\"]},{\"@type\":\"Person\",\"@id\":\"https:\\\/\\\/www.sv-freiendiez.de\\\/#\\\/schema\\\/person\\\/e506fdcfcb3a8d0b33fb2982e44b9b79\",\"name\":\"editor\",\"image\":{\"@type\":\"ImageObject\",\"inLanguage\":\"de\",\"@id\":\"https:\\\/\\\/secure.gravatar.com\\\/avatar\\\/2e61a0e3091a1495360fb924e613dd25bace1d4a95a687bd9add8c68191636ff?s=96&d=mm&r=g\",\"url\":\"https:\\\/\\\/secure.gravatar.com\\\/avatar\\\/2e61a0e3091a1495360fb924e613dd25bace1d4a95a687bd9add8c68191636ff?s=96&d=mm&r=g\",\"contentUrl\":\"https:\\\/\\\/secure.gravatar.com\\\/avatar\\\/2e61a0e3091a1495360fb924e613dd25bace1d4a95a687bd9add8c68191636ff?s=96&d=mm&r=g\",\"caption\":\"editor\"},\"url\":\"https:\\\/\\\/www.sv-freiendiez.de\\\/?author=1\"}]}<\/script>\n<!-- \/ Yoast SEO plugin. -->","yoast_head_json":{"title":"DM2023 in M\u00fcnchen startet am 17.08.2023 - SV Diez-Freiendiez 1928 e.V.","robots":{"index":"index","follow":"follow","max-snippet":"max-snippet:-1","max-image-preview":"max-image-preview:large","max-video-preview":"max-video-preview:-1"},"canonical":"https:\/\/www.sv-freiendiez.de\/?p=4568","og_locale":"de_DE","og_type":"article","og_title":"DM2023 in M\u00fcnchen startet am 17.08.2023 - SV Diez-Freiendiez 1928 e.V.","og_description":"Die Deutsche Meisterschaft im Sportschie\u00dfen startet diese Woche am 17.08.2023. Der H\u00f6hepunkt des Sportjahres wird wie immer in M\u00fcnchen ausgetragen. Auch dieses Jahr werden wieder einige Sch\u00fctzen unseres Vereins auf der Deutschen Meisterschaft antreten. Wir w\u00fcnschen ihnen, dass sie an die Erfolge der letzten Jahre ankn\u00fcpfen k\u00f6nnen. An dieser Stelle viel Erfolg und &#8222;Gut Schuss!&#8220; &hellip; \u201eDM2023 in M\u00fcnchen startet am 17.08.2023\u201c weiterlesen","og_url":"https:\/\/www.sv-freiendiez.de\/?p=4568","og_site_name":"SV Diez-Freiendiez 1928 e.V.","article_publisher":"https:\/\/www.facebook.com\/svfreiendiez\/","article_published_time":"2023-08-13T16:03:12+00:00","article_modified_time":"2023-08-13T16:55:21+00:00","og_image":[{"url":"https:\/\/www.sv-freiendiez.de\/wp-content\/uploads\/2019\/06\/dsb50.png","type":"","width":"","height":""}],"author":"editor","twitter_card":"summary_large_image","twitter_misc":{"Verfasst von":"editor","Gesch\u00e4tzte Lesezeit":"1\u00a0Minute"},"schema":{"@context":"https:\/\/schema.org","@graph":[{"@type":"Article","@id":"https:\/\/www.sv-freiendiez.de\/?p=4568#article","isPartOf":{"@id":"https:\/\/www.sv-freiendiez.de\/?p=4568"},"author":{"name":"editor","@id":"https:\/\/www.sv-freiendiez.de\/#\/schema\/person\/e506fdcfcb3a8d0b33fb2982e44b9b79"},"headline":"DM2023 in M\u00fcnchen startet am 17.08.2023","datePublished":"2023-08-13T16:03:12+00:00","dateModified":"2023-08-13T16:55:21+00:00","mainEntityOfPage":{"@id":"https:\/\/www.sv-freiendiez.de\/?p=4568"},"wordCount":137,"publisher":{"@id":"https:\/\/www.sv-freiendiez.de\/#organization"},"image":{"@id":"https:\/\/www.sv-freiendiez.de\/?p=4568#primaryimage"},"thumbnailUrl":"https:\/\/www.sv-freiendiez.de\/wp-content\/uploads\/2019\/06\/dsb50.png","articleSection":["Deutsche Meisterschaft","DSB","Termine"],"inLanguage":"de"},{"@type":"WebPage","@id":"https:\/\/www.sv-freiendiez.de\/?p=4568","url":"https:\/\/www.sv-freiendiez.de\/?p=4568","name":"DM2023 in M\u00fcnchen startet am 17.08.2023 - SV Diez-Freiendiez 1928 e.V.","isPartOf":{"@id":"https:\/\/www.sv-freiendiez.de\/#website"},"primaryImageOfPage":{"@id":"https:\/\/www.sv-freiendiez.de\/?p=4568#primaryimage"},"image":{"@id":"https:\/\/www.sv-freiendiez.de\/?p=4568#primaryimage"},"thumbnailUrl":"https:\/\/www.sv-freiendiez.de\/wp-content\/uploads\/2019\/06\/dsb50.png","datePublished":"2023-08-13T16:03:12+00:00","dateModified":"2023-08-13T16:55:21+00:00","breadcrumb":{"@id":"https:\/\/www.sv-freiendiez.de\/?p=4568#breadcrumb"},"inLanguage":"de","potentialAction":[{"@type":"ReadAction","target":["https:\/\/www.sv-freiendiez.de\/?p=4568"]}]},{"@type":"ImageObject","inLanguage":"de","@id":"https:\/\/www.sv-freiendiez.de\/?p=4568#primaryimage","url":"https:\/\/www.sv-freiendiez.de\/wp-content\/uploads\/2019\/06\/dsb50.png","contentUrl":"https:\/\/www.sv-freiendiez.de\/wp-content\/uploads\/2019\/06\/dsb50.png","width":82,"height":50,"caption":"DSB"},{"@type":"BreadcrumbList","@id":"https:\/\/www.sv-freiendiez.de\/?p=4568#breadcrumb","itemListElement":[{"@type":"ListItem","position":1,"name":"Startseite","item":"https:\/\/www.sv-freiendiez.de\/"},{"@type":"ListItem","position":2,"name":"DM2023 in M\u00fcnchen startet am 17.08.2023"}]},{"@type":"WebSite","@id":"https:\/\/www.sv-freiendiez.de\/#website","url":"https:\/\/www.sv-freiendiez.de\/","name":"SV Diez-Freiendiez 1928 e.V.","description":"Sch\u00fctzenverein Diez-Freiendiez 1928 e.V.","publisher":{"@id":"https:\/\/www.sv-freiendiez.de\/#organization"},"potentialAction":[{"@type":"SearchAction","target":{"@type":"EntryPoint","urlTemplate":"https:\/\/www.sv-freiendiez.de\/?s={search_term_string}"},"query-input":{"@type":"PropertyValueSpecification","valueRequired":true,"valueName":"search_term_string"}}],"inLanguage":"de"},{"@type":"Organization","@id":"https:\/\/www.sv-freiendiez.de\/#organization","name":"SV Diez-Freiendiez 1928 e.V.","url":"https:\/\/www.sv-freiendiez.de\/","logo":{"@type":"ImageObject","inLanguage":"de","@id":"https:\/\/www.sv-freiendiez.de\/#\/schema\/logo\/image\/","url":"https:\/\/www.sv-freiendiez.de\/wp-content\/uploads\/2016\/12\/cropped-wappen250.png","contentUrl":"https:\/\/www.sv-freiendiez.de\/wp-content\/uploads\/2016\/12\/cropped-wappen250.png","width":250,"height":250,"caption":"SV Diez-Freiendiez 1928 e.V."},"image":{"@id":"https:\/\/www.sv-freiendiez.de\/#\/schema\/logo\/image\/"},"sameAs":["https:\/\/www.facebook.com\/svfreiendiez\/"]},{"@type":"Person","@id":"https:\/\/www.sv-freiendiez.de\/#\/schema\/person\/e506fdcfcb3a8d0b33fb2982e44b9b79","name":"editor","image":{"@type":"ImageObject","inLanguage":"de","@id":"https:\/\/secure.gravatar.com\/avatar\/2e61a0e3091a1495360fb924e613dd25bace1d4a95a687bd9add8c68191636ff?s=96&d=mm&r=g","url":"https:\/\/secure.gravatar.com\/avatar\/2e61a0e3091a1495360fb924e613dd25bace1d4a95a687bd9add8c68191636ff?s=96&d=mm&r=g","contentUrl":"https:\/\/secure.gravatar.com\/avatar\/2e61a0e3091a1495360fb924e613dd25bace1d4a95a687bd9add8c68191636ff?s=96&d=mm&r=g","caption":"editor"},"url":"https:\/\/www.sv-freiendiez.de\/?author=1"}]}},"_links":{"self":[{"href":"https:\/\/www.sv-freiendiez.de\/index.php?rest_route=\/wp\/v2\/posts\/4568","targetHints":{"allow":["GET"]}}],"collection":[{"href":"https:\/\/www.sv-freiendiez.de\/index.php?rest_route=\/wp\/v2\/posts"}],"about":[{"href":"https:\/\/www.sv-freiendiez.de\/index.php?rest_route=\/wp\/v2\/types\/post"}],"author":[{"embeddable":true,"href":"https:\/\/www.sv-freiendiez.de\/index.php?rest_route=\/wp\/v2\/users\/1"}],"replies":[{"embeddable":true,"href":"https:\/\/www.sv-freiendiez.de\/index.php?rest_route=%2Fwp%2Fv2%2Fcomments&post=4568"}],"version-history":[{"count":6,"href":"https:\/\/www.sv-freiendiez.de\/index.php?rest_route=\/wp\/v2\/posts\/4568\/revisions"}],"predecessor-version":[{"id":4574,"href":"https:\/\/www.sv-freiendiez.de\/index.php?rest_route=\/wp\/v2\/posts\/4568\/revisions\/4574"}],"wp:attachment":[{"href":"https:\/\/www.sv-freiendiez.de\/index.php?rest_route=%2Fwp%2Fv2%2Fmedia&parent=4568"}],"wp:term":[{"taxonomy":"category","embeddable":true,"href":"https:\/\/www.sv-freiendiez.de\/index.php?rest_route=%2Fwp%2Fv2%2Fcategories&post=4568"},{"taxonomy":"post_tag","embeddable":true,"href":"https:\/\/www.sv-freiendiez.de\/index.php?rest_route=%2Fwp%2Fv2%2Ftags&post=4568"}],"curies":[{"name":"wp","href":"https:\/\/api.w.org\/{rel}","templated":true}]}}