{"id":4461,"date":"2023-06-12T12:23:01","date_gmt":"2023-06-12T10:23:01","guid":{"rendered":"https:\/\/www.sv-freiendiez.de\/?p=4461"},"modified":"2023-06-13T11:02:26","modified_gmt":"2023-06-13T09:02:26","slug":"veranstaltungshinweise","status":"publish","type":"post","link":"https:\/\/www.sv-freiendiez.de\/?p=4461","title":{"rendered":"Veranstaltungshinweise"},"content":{"rendered":"<p style=\"text-align: justify;\">Sommerzeit ist Veranstaltungszeit! Viele Vereine und Institutionen nutzen die Sommermonate um sich selber der \u00d6ffentlichkeit zu pr\u00e4sentieren. An dieser Stelle m\u00f6chten wir auf zwei Veranstaltungen hinweisen, die uns am Herzen liegen.<\/p>\n<p style=\"text-align: justify;\"><strong><img loading=\"lazy\" decoding=\"async\" class=\"alignleft wp-image-4463\" src=\"https:\/\/www.sv-freiendiez.de\/wp-content\/uploads\/2023\/06\/Wappen-BPOLAST-Diez.jpg\" alt=\"\" width=\"154\" height=\"154\" srcset=\"https:\/\/www.sv-freiendiez.de\/wp-content\/uploads\/2023\/06\/Wappen-BPOLAST-Diez.jpg 300w, https:\/\/www.sv-freiendiez.de\/wp-content\/uploads\/2023\/06\/Wappen-BPOLAST-Diez-150x150.jpg 150w, https:\/\/www.sv-freiendiez.de\/wp-content\/uploads\/2023\/06\/Wappen-BPOLAST-Diez-100x100.jpg 100w\" sizes=\"auto, (max-width: 154px) 100vw, 154px\" \/>Bundespolizeiaus- und -fortbildungszentrum Diez<\/strong> &#8211; Das BPOLAST Diez hat seit einiger Zeit die Liegenschaften der ehemaligen Bundeswehr-Kaserne &#8222;Freiherr-vom-Stein&#8220; \u00fcbernommen um dort den eigenen Nachwuchs auszubilden. Es geh\u00f6rt inzwischen zu Diez wie es damals die Kasernen taten. Letztes Jahr durften wir in unserem Sch\u00fctzenhaus eine Ausbildungsgruppe der BPOL begr\u00fc\u00dfen, die sich \u00fcber unseren Sport und unserer Schie\u00dfst\u00e4tte informierten. Das BPOLAST l\u00e4dt am 02. Juli 2023 zum Tag der offenen T\u00fcr ein. Alle Diezer sind hierzu herzlich eingeladen.<\/p>\n<p><img loading=\"lazy\" decoding=\"async\" class=\"aligncenter size-large wp-image-4462\" src=\"https:\/\/www.sv-freiendiez.de\/wp-content\/uploads\/2023\/06\/bpol_tdot-714x1024.jpg\" alt=\"\" width=\"525\" height=\"753\" srcset=\"https:\/\/www.sv-freiendiez.de\/wp-content\/uploads\/2023\/06\/bpol_tdot-714x1024.jpg 714w, https:\/\/www.sv-freiendiez.de\/wp-content\/uploads\/2023\/06\/bpol_tdot-209x300.jpg 209w, https:\/\/www.sv-freiendiez.de\/wp-content\/uploads\/2023\/06\/bpol_tdot.jpg 725w\" sizes=\"auto, (max-width: 525px) 100vw, 525px\" \/><\/p>\n<p style=\"text-align: justify;\"><strong> <img loading=\"lazy\" decoding=\"async\" class=\"alignleft wp-image-4464\" src=\"https:\/\/www.sv-freiendiez.de\/wp-content\/uploads\/2023\/06\/image.jpg\" alt=\"\" width=\"194\" height=\"188\" srcset=\"https:\/\/www.sv-freiendiez.de\/wp-content\/uploads\/2023\/06\/image.jpg 412w, https:\/\/www.sv-freiendiez.de\/wp-content\/uploads\/2023\/06\/image-300x291.jpg 300w\" sizes=\"auto, (max-width: 194px) 100vw, 194px\" \/>Sch\u00fctzenverein Eppenrod 1980 e.V.<\/strong> &#8211; Der Sch\u00fctzenverein Eppenrod verf\u00fcgt seit 2022 \u00fcber ein neues Sch\u00fctzenhaus, das auch auf den Bogensport ausgerichtet ist. In Eppenrod kann man sowohl im Freien und im Winter oder bei schlechten Wetter auch in der Halle trainieren. Regelm\u00e4\u00dfig \u00f6ffnet auch der SV Eppenrod seine T\u00fcren f\u00fcr die interessierte \u00d6ffentlichkeit und lockt vor allem mit der M\u00f6glichkeit, seine Schie\u00dfk\u00fcnste am Bogen zu testen. Der SV Eppenrod l\u00e4dt dieses Jahr am 23. Juli 2023 zum Tag der offenen T\u00fcr ein in Verbindung mit dem B\u00fcrgerk\u00f6nigsschie\u00dfen.<\/p>\n<p><img loading=\"lazy\" decoding=\"async\" class=\"aligncenter size-large wp-image-4465\" src=\"https:\/\/www.sv-freiendiez.de\/wp-content\/uploads\/2023\/06\/sveppenrod_tdot-819x1024.jpg\" alt=\"\" width=\"525\" height=\"656\" srcset=\"https:\/\/www.sv-freiendiez.de\/wp-content\/uploads\/2023\/06\/sveppenrod_tdot-819x1024.jpg 819w, https:\/\/www.sv-freiendiez.de\/wp-content\/uploads\/2023\/06\/sveppenrod_tdot-240x300.jpg 240w, https:\/\/www.sv-freiendiez.de\/wp-content\/uploads\/2023\/06\/sveppenrod_tdot-768x960.jpg 768w, https:\/\/www.sv-freiendiez.de\/wp-content\/uploads\/2023\/06\/sveppenrod_tdot.jpg 1152w\" sizes=\"auto, (max-width: 525px) 100vw, 525px\" \/><\/p>\n","protected":false},"excerpt":{"rendered":"<p>Sommerzeit ist Veranstaltungszeit! Viele Vereine und Institutionen nutzen die Sommermonate um sich selber der \u00d6ffentlichkeit zu pr\u00e4sentieren. An dieser Stelle m\u00f6chten wir auf zwei Veranstaltungen hinweisen, die uns am Herzen liegen. Bundespolizeiaus- und -fortbildungszentrum Diez &#8211; Das BPOLAST Diez hat seit einiger Zeit die Liegenschaften der ehemaligen Bundeswehr-Kaserne &#8222;Freiherr-vom-Stein&#8220; \u00fcbernommen um dort den eigenen Nachwuchs &hellip; <\/p>\n<p class=\"link-more\"><a href=\"https:\/\/www.sv-freiendiez.de\/?p=4461\" class=\"more-link\"><span class=\"screen-reader-text\">\u201eVeranstaltungshinweise\u201c<\/span> weiterlesen<\/a><\/p>\n","protected":false},"author":1,"featured_media":0,"comment_status":"closed","ping_status":"closed","sticky":false,"template":"","format":"standard","meta":{"ngg_post_thumbnail":0,"footnotes":""},"categories":[1,6],"tags":[],"class_list":["post-4461","post","type-post","status-publish","format-standard","hentry","category-allgemein","category-veranstaltungen"],"yoast_head":"<!-- This site is optimized with the Yoast SEO plugin v27.5 - https:\/\/yoast.com\/product\/yoast-seo-wordpress\/ -->\n<title>Veranstaltungshinweise - SV Diez-Freiendiez 1928 e.V.<\/title>\n<meta name=\"robots\" content=\"index, follow, max-snippet:-1, max-image-preview:large, max-video-preview:-1\" \/>\n<link rel=\"canonical\" href=\"https:\/\/www.sv-freiendiez.de\/?p=4461\" \/>\n<meta property=\"og:locale\" content=\"de_DE\" \/>\n<meta property=\"og:type\" content=\"article\" \/>\n<meta property=\"og:title\" content=\"Veranstaltungshinweise - SV Diez-Freiendiez 1928 e.V.\" \/>\n<meta property=\"og:description\" content=\"Sommerzeit ist Veranstaltungszeit! Viele Vereine und Institutionen nutzen die Sommermonate um sich selber der \u00d6ffentlichkeit zu pr\u00e4sentieren. An dieser Stelle m\u00f6chten wir auf zwei Veranstaltungen hinweisen, die uns am Herzen liegen. Bundespolizeiaus- und -fortbildungszentrum Diez &#8211; Das BPOLAST Diez hat seit einiger Zeit die Liegenschaften der ehemaligen Bundeswehr-Kaserne &#8222;Freiherr-vom-Stein&#8220; \u00fcbernommen um dort den eigenen Nachwuchs &hellip; \u201eVeranstaltungshinweise\u201c weiterlesen\" \/>\n<meta property=\"og:url\" content=\"https:\/\/www.sv-freiendiez.de\/?p=4461\" \/>\n<meta property=\"og:site_name\" content=\"SV Diez-Freiendiez 1928 e.V.\" \/>\n<meta property=\"article:publisher\" content=\"https:\/\/www.facebook.com\/svfreiendiez\/\" \/>\n<meta property=\"article:published_time\" content=\"2023-06-12T10:23:01+00:00\" \/>\n<meta property=\"article:modified_time\" content=\"2023-06-13T09:02:26+00:00\" \/>\n<meta property=\"og:image\" content=\"https:\/\/www.sv-freiendiez.de\/wp-content\/uploads\/2023\/06\/Wappen-BPOLAST-Diez.jpg\" \/>\n<meta name=\"author\" content=\"editor\" \/>\n<meta name=\"twitter:card\" content=\"summary_large_image\" \/>\n<meta name=\"twitter:label1\" content=\"Verfasst von\" \/>\n\t<meta name=\"twitter:data1\" content=\"editor\" \/>\n\t<meta name=\"twitter:label2\" content=\"Gesch\u00e4tzte Lesezeit\" \/>\n\t<meta name=\"twitter:data2\" content=\"2\u00a0Minuten\" \/>\n<script type=\"application\/ld+json\" class=\"yoast-schema-graph\">{\"@context\":\"https:\\\/\\\/schema.org\",\"@graph\":[{\"@type\":\"Article\",\"@id\":\"https:\\\/\\\/www.sv-freiendiez.de\\\/?p=4461#article\",\"isPartOf\":{\"@id\":\"https:\\\/\\\/www.sv-freiendiez.de\\\/?p=4461\"},\"author\":{\"name\":\"editor\",\"@id\":\"https:\\\/\\\/www.sv-freiendiez.de\\\/#\\\/schema\\\/person\\\/e506fdcfcb3a8d0b33fb2982e44b9b79\"},\"headline\":\"Veranstaltungshinweise\",\"datePublished\":\"2023-06-12T10:23:01+00:00\",\"dateModified\":\"2023-06-13T09:02:26+00:00\",\"mainEntityOfPage\":{\"@id\":\"https:\\\/\\\/www.sv-freiendiez.de\\\/?p=4461\"},\"wordCount\":214,\"publisher\":{\"@id\":\"https:\\\/\\\/www.sv-freiendiez.de\\\/#organization\"},\"image\":{\"@id\":\"https:\\\/\\\/www.sv-freiendiez.de\\\/?p=4461#primaryimage\"},\"thumbnailUrl\":\"https:\\\/\\\/www.sv-freiendiez.de\\\/wp-content\\\/uploads\\\/2023\\\/06\\\/Wappen-BPOLAST-Diez.jpg\",\"articleSection\":{\"1\":\"Veranstaltungen\"},\"inLanguage\":\"de\"},{\"@type\":\"WebPage\",\"@id\":\"https:\\\/\\\/www.sv-freiendiez.de\\\/?p=4461\",\"url\":\"https:\\\/\\\/www.sv-freiendiez.de\\\/?p=4461\",\"name\":\"Veranstaltungshinweise - SV Diez-Freiendiez 1928 e.V.\",\"isPartOf\":{\"@id\":\"https:\\\/\\\/www.sv-freiendiez.de\\\/#website\"},\"primaryImageOfPage\":{\"@id\":\"https:\\\/\\\/www.sv-freiendiez.de\\\/?p=4461#primaryimage\"},\"image\":{\"@id\":\"https:\\\/\\\/www.sv-freiendiez.de\\\/?p=4461#primaryimage\"},\"thumbnailUrl\":\"https:\\\/\\\/www.sv-freiendiez.de\\\/wp-content\\\/uploads\\\/2023\\\/06\\\/Wappen-BPOLAST-Diez.jpg\",\"datePublished\":\"2023-06-12T10:23:01+00:00\",\"dateModified\":\"2023-06-13T09:02:26+00:00\",\"breadcrumb\":{\"@id\":\"https:\\\/\\\/www.sv-freiendiez.de\\\/?p=4461#breadcrumb\"},\"inLanguage\":\"de\",\"potentialAction\":[{\"@type\":\"ReadAction\",\"target\":[\"https:\\\/\\\/www.sv-freiendiez.de\\\/?p=4461\"]}]},{\"@type\":\"ImageObject\",\"inLanguage\":\"de\",\"@id\":\"https:\\\/\\\/www.sv-freiendiez.de\\\/?p=4461#primaryimage\",\"url\":\"https:\\\/\\\/www.sv-freiendiez.de\\\/wp-content\\\/uploads\\\/2023\\\/06\\\/Wappen-BPOLAST-Diez.jpg\",\"contentUrl\":\"https:\\\/\\\/www.sv-freiendiez.de\\\/wp-content\\\/uploads\\\/2023\\\/06\\\/Wappen-BPOLAST-Diez.jpg\",\"width\":300,\"height\":300},{\"@type\":\"BreadcrumbList\",\"@id\":\"https:\\\/\\\/www.sv-freiendiez.de\\\/?p=4461#breadcrumb\",\"itemListElement\":[{\"@type\":\"ListItem\",\"position\":1,\"name\":\"Startseite\",\"item\":\"https:\\\/\\\/www.sv-freiendiez.de\\\/\"},{\"@type\":\"ListItem\",\"position\":2,\"name\":\"Veranstaltungshinweise\"}]},{\"@type\":\"WebSite\",\"@id\":\"https:\\\/\\\/www.sv-freiendiez.de\\\/#website\",\"url\":\"https:\\\/\\\/www.sv-freiendiez.de\\\/\",\"name\":\"SV Diez-Freiendiez 1928 e.V.\",\"description\":\"Sch\u00fctzenverein Diez-Freiendiez 1928 e.V.\",\"publisher\":{\"@id\":\"https:\\\/\\\/www.sv-freiendiez.de\\\/#organization\"},\"potentialAction\":[{\"@type\":\"SearchAction\",\"target\":{\"@type\":\"EntryPoint\",\"urlTemplate\":\"https:\\\/\\\/www.sv-freiendiez.de\\\/?s={search_term_string}\"},\"query-input\":{\"@type\":\"PropertyValueSpecification\",\"valueRequired\":true,\"valueName\":\"search_term_string\"}}],\"inLanguage\":\"de\"},{\"@type\":\"Organization\",\"@id\":\"https:\\\/\\\/www.sv-freiendiez.de\\\/#organization\",\"name\":\"SV Diez-Freiendiez 1928 e.V.\",\"url\":\"https:\\\/\\\/www.sv-freiendiez.de\\\/\",\"logo\":{\"@type\":\"ImageObject\",\"inLanguage\":\"de\",\"@id\":\"https:\\\/\\\/www.sv-freiendiez.de\\\/#\\\/schema\\\/logo\\\/image\\\/\",\"url\":\"https:\\\/\\\/www.sv-freiendiez.de\\\/wp-content\\\/uploads\\\/2016\\\/12\\\/cropped-wappen250.png\",\"contentUrl\":\"https:\\\/\\\/www.sv-freiendiez.de\\\/wp-content\\\/uploads\\\/2016\\\/12\\\/cropped-wappen250.png\",\"width\":250,\"height\":250,\"caption\":\"SV Diez-Freiendiez 1928 e.V.\"},\"image\":{\"@id\":\"https:\\\/\\\/www.sv-freiendiez.de\\\/#\\\/schema\\\/logo\\\/image\\\/\"},\"sameAs\":[\"https:\\\/\\\/www.facebook.com\\\/svfreiendiez\\\/\"]},{\"@type\":\"Person\",\"@id\":\"https:\\\/\\\/www.sv-freiendiez.de\\\/#\\\/schema\\\/person\\\/e506fdcfcb3a8d0b33fb2982e44b9b79\",\"name\":\"editor\",\"image\":{\"@type\":\"ImageObject\",\"inLanguage\":\"de\",\"@id\":\"https:\\\/\\\/secure.gravatar.com\\\/avatar\\\/2e61a0e3091a1495360fb924e613dd25bace1d4a95a687bd9add8c68191636ff?s=96&d=mm&r=g\",\"url\":\"https:\\\/\\\/secure.gravatar.com\\\/avatar\\\/2e61a0e3091a1495360fb924e613dd25bace1d4a95a687bd9add8c68191636ff?s=96&d=mm&r=g\",\"contentUrl\":\"https:\\\/\\\/secure.gravatar.com\\\/avatar\\\/2e61a0e3091a1495360fb924e613dd25bace1d4a95a687bd9add8c68191636ff?s=96&d=mm&r=g\",\"caption\":\"editor\"},\"url\":\"https:\\\/\\\/www.sv-freiendiez.de\\\/?author=1\"}]}<\/script>\n<!-- \/ Yoast SEO plugin. -->","yoast_head_json":{"title":"Veranstaltungshinweise - SV Diez-Freiendiez 1928 e.V.","robots":{"index":"index","follow":"follow","max-snippet":"max-snippet:-1","max-image-preview":"max-image-preview:large","max-video-preview":"max-video-preview:-1"},"canonical":"https:\/\/www.sv-freiendiez.de\/?p=4461","og_locale":"de_DE","og_type":"article","og_title":"Veranstaltungshinweise - SV Diez-Freiendiez 1928 e.V.","og_description":"Sommerzeit ist Veranstaltungszeit! Viele Vereine und Institutionen nutzen die Sommermonate um sich selber der \u00d6ffentlichkeit zu pr\u00e4sentieren. An dieser Stelle m\u00f6chten wir auf zwei Veranstaltungen hinweisen, die uns am Herzen liegen. Bundespolizeiaus- und -fortbildungszentrum Diez &#8211; Das BPOLAST Diez hat seit einiger Zeit die Liegenschaften der ehemaligen Bundeswehr-Kaserne &#8222;Freiherr-vom-Stein&#8220; \u00fcbernommen um dort den eigenen Nachwuchs &hellip; \u201eVeranstaltungshinweise\u201c weiterlesen","og_url":"https:\/\/www.sv-freiendiez.de\/?p=4461","og_site_name":"SV Diez-Freiendiez 1928 e.V.","article_publisher":"https:\/\/www.facebook.com\/svfreiendiez\/","article_published_time":"2023-06-12T10:23:01+00:00","article_modified_time":"2023-06-13T09:02:26+00:00","og_image":[{"url":"https:\/\/www.sv-freiendiez.de\/wp-content\/uploads\/2023\/06\/Wappen-BPOLAST-Diez.jpg","type":"","width":"","height":""}],"author":"editor","twitter_card":"summary_large_image","twitter_misc":{"Verfasst von":"editor","Gesch\u00e4tzte Lesezeit":"2\u00a0Minuten"},"schema":{"@context":"https:\/\/schema.org","@graph":[{"@type":"Article","@id":"https:\/\/www.sv-freiendiez.de\/?p=4461#article","isPartOf":{"@id":"https:\/\/www.sv-freiendiez.de\/?p=4461"},"author":{"name":"editor","@id":"https:\/\/www.sv-freiendiez.de\/#\/schema\/person\/e506fdcfcb3a8d0b33fb2982e44b9b79"},"headline":"Veranstaltungshinweise","datePublished":"2023-06-12T10:23:01+00:00","dateModified":"2023-06-13T09:02:26+00:00","mainEntityOfPage":{"@id":"https:\/\/www.sv-freiendiez.de\/?p=4461"},"wordCount":214,"publisher":{"@id":"https:\/\/www.sv-freiendiez.de\/#organization"},"image":{"@id":"https:\/\/www.sv-freiendiez.de\/?p=4461#primaryimage"},"thumbnailUrl":"https:\/\/www.sv-freiendiez.de\/wp-content\/uploads\/2023\/06\/Wappen-BPOLAST-Diez.jpg","articleSection":{"1":"Veranstaltungen"},"inLanguage":"de"},{"@type":"WebPage","@id":"https:\/\/www.sv-freiendiez.de\/?p=4461","url":"https:\/\/www.sv-freiendiez.de\/?p=4461","name":"Veranstaltungshinweise - SV Diez-Freiendiez 1928 e.V.","isPartOf":{"@id":"https:\/\/www.sv-freiendiez.de\/#website"},"primaryImageOfPage":{"@id":"https:\/\/www.sv-freiendiez.de\/?p=4461#primaryimage"},"image":{"@id":"https:\/\/www.sv-freiendiez.de\/?p=4461#primaryimage"},"thumbnailUrl":"https:\/\/www.sv-freiendiez.de\/wp-content\/uploads\/2023\/06\/Wappen-BPOLAST-Diez.jpg","datePublished":"2023-06-12T10:23:01+00:00","dateModified":"2023-06-13T09:02:26+00:00","breadcrumb":{"@id":"https:\/\/www.sv-freiendiez.de\/?p=4461#breadcrumb"},"inLanguage":"de","potentialAction":[{"@type":"ReadAction","target":["https:\/\/www.sv-freiendiez.de\/?p=4461"]}]},{"@type":"ImageObject","inLanguage":"de","@id":"https:\/\/www.sv-freiendiez.de\/?p=4461#primaryimage","url":"https:\/\/www.sv-freiendiez.de\/wp-content\/uploads\/2023\/06\/Wappen-BPOLAST-Diez.jpg","contentUrl":"https:\/\/www.sv-freiendiez.de\/wp-content\/uploads\/2023\/06\/Wappen-BPOLAST-Diez.jpg","width":300,"height":300},{"@type":"BreadcrumbList","@id":"https:\/\/www.sv-freiendiez.de\/?p=4461#breadcrumb","itemListElement":[{"@type":"ListItem","position":1,"name":"Startseite","item":"https:\/\/www.sv-freiendiez.de\/"},{"@type":"ListItem","position":2,"name":"Veranstaltungshinweise"}]},{"@type":"WebSite","@id":"https:\/\/www.sv-freiendiez.de\/#website","url":"https:\/\/www.sv-freiendiez.de\/","name":"SV Diez-Freiendiez 1928 e.V.","description":"Sch\u00fctzenverein Diez-Freiendiez 1928 e.V.","publisher":{"@id":"https:\/\/www.sv-freiendiez.de\/#organization"},"potentialAction":[{"@type":"SearchAction","target":{"@type":"EntryPoint","urlTemplate":"https:\/\/www.sv-freiendiez.de\/?s={search_term_string}"},"query-input":{"@type":"PropertyValueSpecification","valueRequired":true,"valueName":"search_term_string"}}],"inLanguage":"de"},{"@type":"Organization","@id":"https:\/\/www.sv-freiendiez.de\/#organization","name":"SV Diez-Freiendiez 1928 e.V.","url":"https:\/\/www.sv-freiendiez.de\/","logo":{"@type":"ImageObject","inLanguage":"de","@id":"https:\/\/www.sv-freiendiez.de\/#\/schema\/logo\/image\/","url":"https:\/\/www.sv-freiendiez.de\/wp-content\/uploads\/2016\/12\/cropped-wappen250.png","contentUrl":"https:\/\/www.sv-freiendiez.de\/wp-content\/uploads\/2016\/12\/cropped-wappen250.png","width":250,"height":250,"caption":"SV Diez-Freiendiez 1928 e.V."},"image":{"@id":"https:\/\/www.sv-freiendiez.de\/#\/schema\/logo\/image\/"},"sameAs":["https:\/\/www.facebook.com\/svfreiendiez\/"]},{"@type":"Person","@id":"https:\/\/www.sv-freiendiez.de\/#\/schema\/person\/e506fdcfcb3a8d0b33fb2982e44b9b79","name":"editor","image":{"@type":"ImageObject","inLanguage":"de","@id":"https:\/\/secure.gravatar.com\/avatar\/2e61a0e3091a1495360fb924e613dd25bace1d4a95a687bd9add8c68191636ff?s=96&d=mm&r=g","url":"https:\/\/secure.gravatar.com\/avatar\/2e61a0e3091a1495360fb924e613dd25bace1d4a95a687bd9add8c68191636ff?s=96&d=mm&r=g","contentUrl":"https:\/\/secure.gravatar.com\/avatar\/2e61a0e3091a1495360fb924e613dd25bace1d4a95a687bd9add8c68191636ff?s=96&d=mm&r=g","caption":"editor"},"url":"https:\/\/www.sv-freiendiez.de\/?author=1"}]}},"_links":{"self":[{"href":"https:\/\/www.sv-freiendiez.de\/index.php?rest_route=\/wp\/v2\/posts\/4461","targetHints":{"allow":["GET"]}}],"collection":[{"href":"https:\/\/www.sv-freiendiez.de\/index.php?rest_route=\/wp\/v2\/posts"}],"about":[{"href":"https:\/\/www.sv-freiendiez.de\/index.php?rest_route=\/wp\/v2\/types\/post"}],"author":[{"embeddable":true,"href":"https:\/\/www.sv-freiendiez.de\/index.php?rest_route=\/wp\/v2\/users\/1"}],"replies":[{"embeddable":true,"href":"https:\/\/www.sv-freiendiez.de\/index.php?rest_route=%2Fwp%2Fv2%2Fcomments&post=4461"}],"version-history":[{"count":2,"href":"https:\/\/www.sv-freiendiez.de\/index.php?rest_route=\/wp\/v2\/posts\/4461\/revisions"}],"predecessor-version":[{"id":4467,"href":"https:\/\/www.sv-freiendiez.de\/index.php?rest_route=\/wp\/v2\/posts\/4461\/revisions\/4467"}],"wp:attachment":[{"href":"https:\/\/www.sv-freiendiez.de\/index.php?rest_route=%2Fwp%2Fv2%2Fmedia&parent=4461"}],"wp:term":[{"taxonomy":"category","embeddable":true,"href":"https:\/\/www.sv-freiendiez.de\/index.php?rest_route=%2Fwp%2Fv2%2Fcategories&post=4461"},{"taxonomy":"post_tag","embeddable":true,"href":"https:\/\/www.sv-freiendiez.de\/index.php?rest_route=%2Fwp%2Fv2%2Ftags&post=4461"}],"curies":[{"name":"wp","href":"https:\/\/api.w.org\/{rel}","templated":true}]}}