{"id":4448,"date":"2023-04-10T09:06:35","date_gmt":"2023-04-10T07:06:35","guid":{"rendered":"https:\/\/www.sv-freiendiez.de\/?p=4448"},"modified":"2023-04-10T09:09:45","modified_gmt":"2023-04-10T07:09:45","slug":"jahreshauptversammlung-im-zeichen-der-sportlichen-erfolge","status":"publish","type":"post","link":"https:\/\/www.sv-freiendiez.de\/?p=4448","title":{"rendered":"Jahreshauptversammlung im Zeichen der sportlichen Erfolge"},"content":{"rendered":"<p style=\"text-align: justify;\"><strong><img loading=\"lazy\" decoding=\"async\" class=\"alignleft size-full wp-image-2274\" src=\"https:\/\/www.sv-freiendiez.de\/wp-content\/uploads\/2017\/10\/wappen_klein_mskonto.png\" alt=\"\" width=\"176\" height=\"194\">Auf ein erfolgreiches Sportjahr 2022 wurde in der Jahreshauptversammlung 2023 des SV Diez-Freiendiez 1928 e.V. zur\u00fcckgeblickt.<\/strong><\/p>\n<p style=\"text-align: justify;\">Der im letzten Jahr fast komplett neu gew\u00e4hlte Vorstand, lud am 25. M\u00e4rz zur ersten Jahreshauptversammlung unter Leitung des neuen 1. Vorsitzenden Holger L\u00f6ber ins Sch\u00fctzenhaus nach Freiendiez.<!--more--><\/p>\n<p style=\"text-align: justify;\">Im Laufe seines Berichtes zum vergangenen Jahr, bedankte sich der 1. Vorsitzende bei seinen Vorstandskollegen f\u00fcr die hervorragende Unterst\u00fctzung seiner Arbeit, ohne die das letzte Jahr nicht so problemlos gelaufen w\u00e4re. Weiter berichtete er von umgesetzten Vorhaben und Veranstaltungen, wie zum Beispiel den Tag der Offenen T\u00fcr, der ohne das Engagement von den Vorstandskollegen und vielen Mitgliedern in der Form nicht m\u00f6glich gewesen w\u00e4ren. Auch konnte er positives \u00fcber die angespannte Parkplatz-Situation am Sch\u00fctzenhaus berichten: die Forst-Arbeiten rund ums Sch\u00fctzenhaus st\u00e4nden laut Zusage des zust\u00e4ndigen F\u00f6rsters kurz vor dem Abschluss, so dass die gesperrten Parkfl\u00e4chen bald wieder genutzt werden k\u00f6nnten.<\/p>\n<p style=\"text-align: justify;\">\u00dcber die Jugendarbeit im Verein berichtet Eric Frankenberger. Trotz vieler Alternativen konnte der Freiendiezer Sch\u00fctzenverein einige neue Jugendliche f\u00fcr den Sch\u00fctzensport interessieren, was sich in den letzten Wochen durch regen Jugend-Trainingsbetrieb bemerkbar machte. Nachwuchsgewinnung im Sch\u00fctzensport w\u00fcrde immer eine Herausforderung bleiben, merkte er weiter an. Deswegen w\u00fcrde man sich \u00fcber den aktuellen Trend sehr freuen.<\/p>\n<p style=\"text-align: justify;\">Der Sportleiter Mario Linowski freute sich \u00fcber eine rege Teilnahme nach der Corona Pause an den Vereins- und Kreismeisterschaften der Freiendiezer Sch\u00fctzen\/innen. Von \u00fcber 100 Starts in 18 Disziplinen und 56 Altersklassen traten die Sch\u00fctzen\/innen zum vereinsinternen Wettbewerb an. Bei der Kreismeisterschaft waren es noch 49 Starts in 38 von 100 ausgeschriebenen Disziplinen. Auf Kreisebene erreichten die Freiendiezer Sch\u00fctzen\/innen die erfreuliche Bilanz von 21 mal Gold, 17 mal Silber und 10 mal Bronze. Auch wenn die Zahlen noch nicht ganz das Vor-Corona-Niveau erreicht haben, war er mit der Teilnahme der Sch\u00fctzen und Sch\u00fctzinnen und deren Erfolge sehr zufrieden.<\/p>\n<p style=\"text-align: justify;\">Viele Erfolge konnten die Kadersch\u00fctzen des Freiendiezer Vereins bei \u00fcberregionalen Wettbewerben erzielen. Dar\u00fcber berichtete Viktor Engel, Beisitzer f\u00fcr den Bereich Sport im Vorstand.<\/p>\n<p style=\"text-align: justify;\">Bei den Landesmeisterschaften des Rheinischen Sch\u00fctzenbundes errangen die Einzelsch\u00fctzen und Mannschaften 10 Landesmeistertitel, 4 zweite Pl\u00e4tze und 5 dritte Pl\u00e4tze. Hervorzuheben dabei ist der neue Landesrekord unserer Zentralfeuermannschaft mit 1.686 Ringen und den Sch\u00fctzen Torben Engel, Florian Th\u00fcnemann und Patrick Meyer. Ebenfalls hervorzuheben ist unser Jugendsch\u00fctze Anton Federowitz, der erstmals an den Meisterschaften teilgenommen hat und mit der Luftpistole in der Sch\u00fclerklasse mit 161 (von 200 m\u00f6glichen) Ringen den dritten Platz belegte und sich damit f\u00fcr die Teilnahme an den Deutschen Meisterschaften 2022 qualifizierte.<\/p>\n<p style=\"text-align: justify;\">Bei den Deutschen Meisterschaften in M\u00fcnchen waren 10 Sportsch\u00fctzen des SV Diez Freiendiez (Stefan Decker, Torben Engel, Anton Federowitz, Patrick Meyer, Pierre Michel, Thomas Rodenkirchen, Philipp Sersch, Florian Th\u00fcnemann, Wolfgang Th\u00fcnemann und Stephan Trippel) mit insgesamt 26 Starts dabei und rangen um Medaillen. Den 1. Platz und damit Deutscher Meister 2022 belegte die Zentralfeuerpistolen-Mannschaft mit den Sch\u00fctzen Torben Engel, Patrick Meyer und Florian Th\u00fcnemann. Dabei stellte diese Mannschaft mit 1.692 Ringen im Jahr 2022 erneut einen neuen Landesrekord auf. Torben Engel wurde in dieser Disziplin in der Klasse Herren II Deutscher Einzelmeister und Patrick Meyer wurde in der Klasse Herren I Deutscher Vizemeister. Einen weiteren 2. Platz belegte die Kleinkaliber-Sportpistolenmannschaft in der Klasse Herren I mit den Sch\u00fctzen Patrick Meyer, Torben Engel und Pierre Michel. Zwei 3. Pl\u00e4tze in der Einzelwertung belegte Patrick Meyer mit der Freien Pistole und Pierre Michel mit der Standardpistole. Hervorzuheben ist auch das Ergebnis unseres Jugendsch\u00fctzens Anton Federowitz, der bei seiner ersten Deutschen Meisterschaft in der Sch\u00fclerklasse mit der Luftpistole 164 Ringe erzielte und damit den Platz 47 (von insgesamt 105 Startern) belegte.<\/p>\n<p style=\"text-align: justify;\">Viktor Engel f\u00fchrte weiter aus, das die Sch\u00fctzen Patrick Meyer, Pierre Michel und Stephan Trippel nahmen in 2022 als Mitglieder der Nationalmannschaften des Deutschen Sch\u00fctzenbundes sehr erfolgreich an den Europacup-Wettk\u00e4mpfen teilnahmen. Dabei belegten die Freiendiezer Sch\u00fctzen Patrick Meyer und Stephan Trippel mit der Mannschaft des Deutschen Sch\u00fctzenbundes beim Europacup-Wettkampf in Suhl jeweils den Zweiten Platz mit der Zentralfeuer- und der Standardpistole. Patrick Meyer und Stephan Trippel qualifizierten sich durch ihre guten Platzierungen auch f\u00fcr das Europacup-Finale, das im September in Lissabon\/Portugal ausgetragen wurde. Unter den besten teilnehmenden Einzelsch\u00fctzen Europas erreichte Patrick Meyer mit der Zentralfeuerpistole den dritten Platz und mit der Standardpistole den Zweiten Platz. Mit den Ergebnissen mit der Zentralfeuerpistole (584 Ringe) und Standardpistole (576 Ringe) stellte Patrick gleichzeitig neue Landesrekorde auf. Damit ist der Sch\u00fctzenverein Diez-Freiendiez mit insgesamt 11 Eintr\u00e4gen in der Liste der Landesrekorde des Rheinischen Sch\u00fctzenbundes e.V. 1872 (ab dem Sportjahr 2018) vertreten.<\/p>\n<p>Freiendiezer Sch\u00fctzen nahmen in 2022 auch an den Ligawettk\u00e4mpfen in der Landesoberliga des Rheinischen Sch\u00fctzenbundes im Gebiet S\u00fcd mit den Sch\u00fctzen Manfred Bender, Torben Engel, Viktor Engel, Patrick Meyer und Marcus Federowitz teil. In der Abschlusstabelle belegte die Mannschaft den 1.Platz. Bester Einzelsch\u00fctze wurde unser Sch\u00fctze Patrick Meyer und Torben Engel belegte den 2.Platz.<\/p>\n<p style=\"text-align: justify;\">Im weiteren Verlauf der Jahreshauptversammlung, berichtet der Kassierer Arnd Deimling \u00fcber die finanzielle Situation des Vereines Bericht. Die Kassenpr\u00fcfer best\u00e4tigten die Korrektheit der Zahlen und den verantwortungsvollen Umgang mit den Finanzen. Die Pr\u00fcfer empfahlen eine Entlastung des Vorstandes, die einstimmig von den Anwesenden Vereinsmitgliedern beschlossen wurde.<\/p>\n<p style=\"text-align: justify;\">So ging die Jahreshauptversammlung unter dem neuen Vorstand ohne weitere H\u00f6hepunkte zu ende. Der 1. Vorsitzende bedankte sich nochmals bei allen Anwesenden und beendete damit die Versammlung.<\/p>\n","protected":false},"excerpt":{"rendered":"<p>Auf ein erfolgreiches Sportjahr 2022 wurde in der Jahreshauptversammlung 2023 des SV Diez-Freiendiez 1928 e.V. zur\u00fcckgeblickt. Der im letzten Jahr fast komplett neu gew\u00e4hlte Vorstand, lud am 25. M\u00e4rz zur ersten Jahreshauptversammlung unter Leitung des neuen 1. Vorsitzenden Holger L\u00f6ber ins Sch\u00fctzenhaus nach Freiendiez.<\/p>\n","protected":false},"author":1,"featured_media":0,"comment_status":"closed","ping_status":"closed","sticky":false,"template":"","format":"standard","meta":{"ngg_post_thumbnail":0,"footnotes":""},"categories":[45],"tags":[],"class_list":["post-4448","post","type-post","status-publish","format-standard","hentry","category-jahreshauptversammlung"],"yoast_head":"<!-- This site is optimized with the Yoast SEO plugin v27.5 - https:\/\/yoast.com\/product\/yoast-seo-wordpress\/ -->\n<title>Jahreshauptversammlung im Zeichen der sportlichen Erfolge - SV Diez-Freiendiez 1928 e.V.<\/title>\n<meta name=\"robots\" content=\"index, follow, max-snippet:-1, max-image-preview:large, max-video-preview:-1\" \/>\n<link rel=\"canonical\" href=\"https:\/\/www.sv-freiendiez.de\/?p=4448\" \/>\n<meta property=\"og:locale\" content=\"de_DE\" \/>\n<meta property=\"og:type\" content=\"article\" \/>\n<meta property=\"og:title\" content=\"Jahreshauptversammlung im Zeichen der sportlichen Erfolge - SV Diez-Freiendiez 1928 e.V.\" \/>\n<meta property=\"og:description\" content=\"Auf ein erfolgreiches Sportjahr 2022 wurde in der Jahreshauptversammlung 2023 des SV Diez-Freiendiez 1928 e.V. zur\u00fcckgeblickt. Der im letzten Jahr fast komplett neu gew\u00e4hlte Vorstand, lud am 25. M\u00e4rz zur ersten Jahreshauptversammlung unter Leitung des neuen 1. Vorsitzenden Holger L\u00f6ber ins Sch\u00fctzenhaus nach Freiendiez.\" \/>\n<meta property=\"og:url\" content=\"https:\/\/www.sv-freiendiez.de\/?p=4448\" \/>\n<meta property=\"og:site_name\" content=\"SV Diez-Freiendiez 1928 e.V.\" \/>\n<meta property=\"article:publisher\" content=\"https:\/\/www.facebook.com\/svfreiendiez\/\" \/>\n<meta property=\"article:published_time\" content=\"2023-04-10T07:06:35+00:00\" \/>\n<meta property=\"article:modified_time\" content=\"2023-04-10T07:09:45+00:00\" \/>\n<meta property=\"og:image\" content=\"https:\/\/www.sv-freiendiez.de\/wp-content\/uploads\/2017\/10\/wappen_klein_mskonto.png\" \/>\n<meta name=\"author\" content=\"editor\" \/>\n<meta name=\"twitter:card\" content=\"summary_large_image\" \/>\n<meta name=\"twitter:label1\" content=\"Verfasst von\" \/>\n\t<meta name=\"twitter:data1\" content=\"editor\" \/>\n\t<meta name=\"twitter:label2\" content=\"Gesch\u00e4tzte Lesezeit\" \/>\n\t<meta name=\"twitter:data2\" content=\"4\u00a0Minuten\" \/>\n<script type=\"application\/ld+json\" class=\"yoast-schema-graph\">{\"@context\":\"https:\\\/\\\/schema.org\",\"@graph\":[{\"@type\":\"Article\",\"@id\":\"https:\\\/\\\/www.sv-freiendiez.de\\\/?p=4448#article\",\"isPartOf\":{\"@id\":\"https:\\\/\\\/www.sv-freiendiez.de\\\/?p=4448\"},\"author\":{\"name\":\"editor\",\"@id\":\"https:\\\/\\\/www.sv-freiendiez.de\\\/#\\\/schema\\\/person\\\/e506fdcfcb3a8d0b33fb2982e44b9b79\"},\"headline\":\"Jahreshauptversammlung im Zeichen der sportlichen Erfolge\",\"datePublished\":\"2023-04-10T07:06:35+00:00\",\"dateModified\":\"2023-04-10T07:09:45+00:00\",\"mainEntityOfPage\":{\"@id\":\"https:\\\/\\\/www.sv-freiendiez.de\\\/?p=4448\"},\"wordCount\":901,\"publisher\":{\"@id\":\"https:\\\/\\\/www.sv-freiendiez.de\\\/#organization\"},\"image\":{\"@id\":\"https:\\\/\\\/www.sv-freiendiez.de\\\/?p=4448#primaryimage\"},\"thumbnailUrl\":\"https:\\\/\\\/www.sv-freiendiez.de\\\/wp-content\\\/uploads\\\/2017\\\/10\\\/wappen_klein_mskonto.png\",\"articleSection\":[\"Jahreshauptversammlung\"],\"inLanguage\":\"de\"},{\"@type\":\"WebPage\",\"@id\":\"https:\\\/\\\/www.sv-freiendiez.de\\\/?p=4448\",\"url\":\"https:\\\/\\\/www.sv-freiendiez.de\\\/?p=4448\",\"name\":\"Jahreshauptversammlung im Zeichen der sportlichen Erfolge - SV Diez-Freiendiez 1928 e.V.\",\"isPartOf\":{\"@id\":\"https:\\\/\\\/www.sv-freiendiez.de\\\/#website\"},\"primaryImageOfPage\":{\"@id\":\"https:\\\/\\\/www.sv-freiendiez.de\\\/?p=4448#primaryimage\"},\"image\":{\"@id\":\"https:\\\/\\\/www.sv-freiendiez.de\\\/?p=4448#primaryimage\"},\"thumbnailUrl\":\"https:\\\/\\\/www.sv-freiendiez.de\\\/wp-content\\\/uploads\\\/2017\\\/10\\\/wappen_klein_mskonto.png\",\"datePublished\":\"2023-04-10T07:06:35+00:00\",\"dateModified\":\"2023-04-10T07:09:45+00:00\",\"breadcrumb\":{\"@id\":\"https:\\\/\\\/www.sv-freiendiez.de\\\/?p=4448#breadcrumb\"},\"inLanguage\":\"de\",\"potentialAction\":[{\"@type\":\"ReadAction\",\"target\":[\"https:\\\/\\\/www.sv-freiendiez.de\\\/?p=4448\"]}]},{\"@type\":\"ImageObject\",\"inLanguage\":\"de\",\"@id\":\"https:\\\/\\\/www.sv-freiendiez.de\\\/?p=4448#primaryimage\",\"url\":\"https:\\\/\\\/www.sv-freiendiez.de\\\/wp-content\\\/uploads\\\/2017\\\/10\\\/wappen_klein_mskonto.png\",\"contentUrl\":\"https:\\\/\\\/www.sv-freiendiez.de\\\/wp-content\\\/uploads\\\/2017\\\/10\\\/wappen_klein_mskonto.png\",\"width\":176,\"height\":194},{\"@type\":\"BreadcrumbList\",\"@id\":\"https:\\\/\\\/www.sv-freiendiez.de\\\/?p=4448#breadcrumb\",\"itemListElement\":[{\"@type\":\"ListItem\",\"position\":1,\"name\":\"Startseite\",\"item\":\"https:\\\/\\\/www.sv-freiendiez.de\\\/\"},{\"@type\":\"ListItem\",\"position\":2,\"name\":\"Jahreshauptversammlung im Zeichen der sportlichen Erfolge\"}]},{\"@type\":\"WebSite\",\"@id\":\"https:\\\/\\\/www.sv-freiendiez.de\\\/#website\",\"url\":\"https:\\\/\\\/www.sv-freiendiez.de\\\/\",\"name\":\"SV Diez-Freiendiez 1928 e.V.\",\"description\":\"Sch\u00fctzenverein Diez-Freiendiez 1928 e.V.\",\"publisher\":{\"@id\":\"https:\\\/\\\/www.sv-freiendiez.de\\\/#organization\"},\"potentialAction\":[{\"@type\":\"SearchAction\",\"target\":{\"@type\":\"EntryPoint\",\"urlTemplate\":\"https:\\\/\\\/www.sv-freiendiez.de\\\/?s={search_term_string}\"},\"query-input\":{\"@type\":\"PropertyValueSpecification\",\"valueRequired\":true,\"valueName\":\"search_term_string\"}}],\"inLanguage\":\"de\"},{\"@type\":\"Organization\",\"@id\":\"https:\\\/\\\/www.sv-freiendiez.de\\\/#organization\",\"name\":\"SV Diez-Freiendiez 1928 e.V.\",\"url\":\"https:\\\/\\\/www.sv-freiendiez.de\\\/\",\"logo\":{\"@type\":\"ImageObject\",\"inLanguage\":\"de\",\"@id\":\"https:\\\/\\\/www.sv-freiendiez.de\\\/#\\\/schema\\\/logo\\\/image\\\/\",\"url\":\"https:\\\/\\\/www.sv-freiendiez.de\\\/wp-content\\\/uploads\\\/2016\\\/12\\\/cropped-wappen250.png\",\"contentUrl\":\"https:\\\/\\\/www.sv-freiendiez.de\\\/wp-content\\\/uploads\\\/2016\\\/12\\\/cropped-wappen250.png\",\"width\":250,\"height\":250,\"caption\":\"SV Diez-Freiendiez 1928 e.V.\"},\"image\":{\"@id\":\"https:\\\/\\\/www.sv-freiendiez.de\\\/#\\\/schema\\\/logo\\\/image\\\/\"},\"sameAs\":[\"https:\\\/\\\/www.facebook.com\\\/svfreiendiez\\\/\"]},{\"@type\":\"Person\",\"@id\":\"https:\\\/\\\/www.sv-freiendiez.de\\\/#\\\/schema\\\/person\\\/e506fdcfcb3a8d0b33fb2982e44b9b79\",\"name\":\"editor\",\"image\":{\"@type\":\"ImageObject\",\"inLanguage\":\"de\",\"@id\":\"https:\\\/\\\/secure.gravatar.com\\\/avatar\\\/2e61a0e3091a1495360fb924e613dd25bace1d4a95a687bd9add8c68191636ff?s=96&d=mm&r=g\",\"url\":\"https:\\\/\\\/secure.gravatar.com\\\/avatar\\\/2e61a0e3091a1495360fb924e613dd25bace1d4a95a687bd9add8c68191636ff?s=96&d=mm&r=g\",\"contentUrl\":\"https:\\\/\\\/secure.gravatar.com\\\/avatar\\\/2e61a0e3091a1495360fb924e613dd25bace1d4a95a687bd9add8c68191636ff?s=96&d=mm&r=g\",\"caption\":\"editor\"},\"url\":\"https:\\\/\\\/www.sv-freiendiez.de\\\/?author=1\"}]}<\/script>\n<!-- \/ Yoast SEO plugin. -->","yoast_head_json":{"title":"Jahreshauptversammlung im Zeichen der sportlichen Erfolge - SV Diez-Freiendiez 1928 e.V.","robots":{"index":"index","follow":"follow","max-snippet":"max-snippet:-1","max-image-preview":"max-image-preview:large","max-video-preview":"max-video-preview:-1"},"canonical":"https:\/\/www.sv-freiendiez.de\/?p=4448","og_locale":"de_DE","og_type":"article","og_title":"Jahreshauptversammlung im Zeichen der sportlichen Erfolge - SV Diez-Freiendiez 1928 e.V.","og_description":"Auf ein erfolgreiches Sportjahr 2022 wurde in der Jahreshauptversammlung 2023 des SV Diez-Freiendiez 1928 e.V. zur\u00fcckgeblickt. Der im letzten Jahr fast komplett neu gew\u00e4hlte Vorstand, lud am 25. M\u00e4rz zur ersten Jahreshauptversammlung unter Leitung des neuen 1. Vorsitzenden Holger L\u00f6ber ins Sch\u00fctzenhaus nach Freiendiez.","og_url":"https:\/\/www.sv-freiendiez.de\/?p=4448","og_site_name":"SV Diez-Freiendiez 1928 e.V.","article_publisher":"https:\/\/www.facebook.com\/svfreiendiez\/","article_published_time":"2023-04-10T07:06:35+00:00","article_modified_time":"2023-04-10T07:09:45+00:00","og_image":[{"url":"https:\/\/www.sv-freiendiez.de\/wp-content\/uploads\/2017\/10\/wappen_klein_mskonto.png","type":"","width":"","height":""}],"author":"editor","twitter_card":"summary_large_image","twitter_misc":{"Verfasst von":"editor","Gesch\u00e4tzte Lesezeit":"4\u00a0Minuten"},"schema":{"@context":"https:\/\/schema.org","@graph":[{"@type":"Article","@id":"https:\/\/www.sv-freiendiez.de\/?p=4448#article","isPartOf":{"@id":"https:\/\/www.sv-freiendiez.de\/?p=4448"},"author":{"name":"editor","@id":"https:\/\/www.sv-freiendiez.de\/#\/schema\/person\/e506fdcfcb3a8d0b33fb2982e44b9b79"},"headline":"Jahreshauptversammlung im Zeichen der sportlichen Erfolge","datePublished":"2023-04-10T07:06:35+00:00","dateModified":"2023-04-10T07:09:45+00:00","mainEntityOfPage":{"@id":"https:\/\/www.sv-freiendiez.de\/?p=4448"},"wordCount":901,"publisher":{"@id":"https:\/\/www.sv-freiendiez.de\/#organization"},"image":{"@id":"https:\/\/www.sv-freiendiez.de\/?p=4448#primaryimage"},"thumbnailUrl":"https:\/\/www.sv-freiendiez.de\/wp-content\/uploads\/2017\/10\/wappen_klein_mskonto.png","articleSection":["Jahreshauptversammlung"],"inLanguage":"de"},{"@type":"WebPage","@id":"https:\/\/www.sv-freiendiez.de\/?p=4448","url":"https:\/\/www.sv-freiendiez.de\/?p=4448","name":"Jahreshauptversammlung im Zeichen der sportlichen Erfolge - SV Diez-Freiendiez 1928 e.V.","isPartOf":{"@id":"https:\/\/www.sv-freiendiez.de\/#website"},"primaryImageOfPage":{"@id":"https:\/\/www.sv-freiendiez.de\/?p=4448#primaryimage"},"image":{"@id":"https:\/\/www.sv-freiendiez.de\/?p=4448#primaryimage"},"thumbnailUrl":"https:\/\/www.sv-freiendiez.de\/wp-content\/uploads\/2017\/10\/wappen_klein_mskonto.png","datePublished":"2023-04-10T07:06:35+00:00","dateModified":"2023-04-10T07:09:45+00:00","breadcrumb":{"@id":"https:\/\/www.sv-freiendiez.de\/?p=4448#breadcrumb"},"inLanguage":"de","potentialAction":[{"@type":"ReadAction","target":["https:\/\/www.sv-freiendiez.de\/?p=4448"]}]},{"@type":"ImageObject","inLanguage":"de","@id":"https:\/\/www.sv-freiendiez.de\/?p=4448#primaryimage","url":"https:\/\/www.sv-freiendiez.de\/wp-content\/uploads\/2017\/10\/wappen_klein_mskonto.png","contentUrl":"https:\/\/www.sv-freiendiez.de\/wp-content\/uploads\/2017\/10\/wappen_klein_mskonto.png","width":176,"height":194},{"@type":"BreadcrumbList","@id":"https:\/\/www.sv-freiendiez.de\/?p=4448#breadcrumb","itemListElement":[{"@type":"ListItem","position":1,"name":"Startseite","item":"https:\/\/www.sv-freiendiez.de\/"},{"@type":"ListItem","position":2,"name":"Jahreshauptversammlung im Zeichen der sportlichen Erfolge"}]},{"@type":"WebSite","@id":"https:\/\/www.sv-freiendiez.de\/#website","url":"https:\/\/www.sv-freiendiez.de\/","name":"SV Diez-Freiendiez 1928 e.V.","description":"Sch\u00fctzenverein Diez-Freiendiez 1928 e.V.","publisher":{"@id":"https:\/\/www.sv-freiendiez.de\/#organization"},"potentialAction":[{"@type":"SearchAction","target":{"@type":"EntryPoint","urlTemplate":"https:\/\/www.sv-freiendiez.de\/?s={search_term_string}"},"query-input":{"@type":"PropertyValueSpecification","valueRequired":true,"valueName":"search_term_string"}}],"inLanguage":"de"},{"@type":"Organization","@id":"https:\/\/www.sv-freiendiez.de\/#organization","name":"SV Diez-Freiendiez 1928 e.V.","url":"https:\/\/www.sv-freiendiez.de\/","logo":{"@type":"ImageObject","inLanguage":"de","@id":"https:\/\/www.sv-freiendiez.de\/#\/schema\/logo\/image\/","url":"https:\/\/www.sv-freiendiez.de\/wp-content\/uploads\/2016\/12\/cropped-wappen250.png","contentUrl":"https:\/\/www.sv-freiendiez.de\/wp-content\/uploads\/2016\/12\/cropped-wappen250.png","width":250,"height":250,"caption":"SV Diez-Freiendiez 1928 e.V."},"image":{"@id":"https:\/\/www.sv-freiendiez.de\/#\/schema\/logo\/image\/"},"sameAs":["https:\/\/www.facebook.com\/svfreiendiez\/"]},{"@type":"Person","@id":"https:\/\/www.sv-freiendiez.de\/#\/schema\/person\/e506fdcfcb3a8d0b33fb2982e44b9b79","name":"editor","image":{"@type":"ImageObject","inLanguage":"de","@id":"https:\/\/secure.gravatar.com\/avatar\/2e61a0e3091a1495360fb924e613dd25bace1d4a95a687bd9add8c68191636ff?s=96&d=mm&r=g","url":"https:\/\/secure.gravatar.com\/avatar\/2e61a0e3091a1495360fb924e613dd25bace1d4a95a687bd9add8c68191636ff?s=96&d=mm&r=g","contentUrl":"https:\/\/secure.gravatar.com\/avatar\/2e61a0e3091a1495360fb924e613dd25bace1d4a95a687bd9add8c68191636ff?s=96&d=mm&r=g","caption":"editor"},"url":"https:\/\/www.sv-freiendiez.de\/?author=1"}]}},"_links":{"self":[{"href":"https:\/\/www.sv-freiendiez.de\/index.php?rest_route=\/wp\/v2\/posts\/4448","targetHints":{"allow":["GET"]}}],"collection":[{"href":"https:\/\/www.sv-freiendiez.de\/index.php?rest_route=\/wp\/v2\/posts"}],"about":[{"href":"https:\/\/www.sv-freiendiez.de\/index.php?rest_route=\/wp\/v2\/types\/post"}],"author":[{"embeddable":true,"href":"https:\/\/www.sv-freiendiez.de\/index.php?rest_route=\/wp\/v2\/users\/1"}],"replies":[{"embeddable":true,"href":"https:\/\/www.sv-freiendiez.de\/index.php?rest_route=%2Fwp%2Fv2%2Fcomments&post=4448"}],"version-history":[{"count":3,"href":"https:\/\/www.sv-freiendiez.de\/index.php?rest_route=\/wp\/v2\/posts\/4448\/revisions"}],"predecessor-version":[{"id":4451,"href":"https:\/\/www.sv-freiendiez.de\/index.php?rest_route=\/wp\/v2\/posts\/4448\/revisions\/4451"}],"wp:attachment":[{"href":"https:\/\/www.sv-freiendiez.de\/index.php?rest_route=%2Fwp%2Fv2%2Fmedia&parent=4448"}],"wp:term":[{"taxonomy":"category","embeddable":true,"href":"https:\/\/www.sv-freiendiez.de\/index.php?rest_route=%2Fwp%2Fv2%2Fcategories&post=4448"},{"taxonomy":"post_tag","embeddable":true,"href":"https:\/\/www.sv-freiendiez.de\/index.php?rest_route=%2Fwp%2Fv2%2Ftags&post=4448"}],"curies":[{"name":"wp","href":"https:\/\/api.w.org\/{rel}","templated":true}]}}