{"id":443,"date":"2015-09-07T19:32:18","date_gmt":"2015-09-07T17:32:18","guid":{"rendered":"http:\/\/www.sv-freiendiez.de\/?p=443"},"modified":"2015-09-08T19:45:21","modified_gmt":"2015-09-08T17:45:21","slug":"schuetzenkoenig-2015-gekuert","status":"publish","type":"post","link":"https:\/\/www.sv-freiendiez.de\/?p=443","title":{"rendered":"Sch\u00fctzenk\u00f6nig 2015 gek\u00fcrt!"},"content":{"rendered":"<p style=\"text-align: justify;\">Eine Woche nach dem B\u00fcrger- und Vereinsk\u00f6nigsschie\u00dfen, haben wir nun auch Vereinsintern unseren Sch\u00fctzenk\u00f6nig ermittelt. Der Sperrholz Adler entpuppte sich als z\u00e4hes Vieh und es brauchte einige Zeit bis er aufgab.<\/p>\n<figure id=\"attachment_444\" aria-describedby=\"caption-attachment-444\" style=\"width: 300px\" class=\"wp-caption alignright\"><a href=\"http:\/\/www.sv-freiendiez.de\/wp-content\/uploads\/2015\/09\/P1010644.jpg\"><img loading=\"lazy\" decoding=\"async\" class=\"size-medium wp-image-444\" src=\"http:\/\/www.sv-freiendiez.de\/wp-content\/uploads\/2015\/09\/P1010644-300x225.jpg\" alt=\"Von links: 1. Ritter Heiko Langenst\u00fcck, Sch\u00fctzenk\u00f6nig Holger L\u00f6ber, 2. Ritter Thomas Kr\u00f6mer (C) SV Diez-Freiendies\" width=\"300\" height=\"225\" srcset=\"https:\/\/www.sv-freiendiez.de\/wp-content\/uploads\/2015\/09\/P1010644-300x225.jpg 300w, https:\/\/www.sv-freiendiez.de\/wp-content\/uploads\/2015\/09\/P1010644-1024x768.jpg 1024w, https:\/\/www.sv-freiendiez.de\/wp-content\/uploads\/2015\/09\/P1010644-400x300.jpg 400w, https:\/\/www.sv-freiendiez.de\/wp-content\/uploads\/2015\/09\/P1010644.jpg 1094w\" sizes=\"auto, (max-width: 300px) 100vw, 300px\" \/><\/a><figcaption id=\"caption-attachment-444\" class=\"wp-caption-text\">Von links: 1. Ritter Heiko Langenst\u00fcck, Sch\u00fctzenk\u00f6nig Holger L\u00f6ber, 2. Ritter Thomas Kr\u00f6mer<br \/>(C) SV Diez-Freiendies<\/figcaption><\/figure>\n<p style=\"text-align: justify;\">Insgesamt waren 19 Sch\u00fctzen zugange. Der linke Fl\u00fcgel fiel nach knapp 2 Stunden und 136 vergeblichen Versuchen. Den 137. Schuss und den entscheidenden Treffer setzte <strong>Heiko Langenst\u00fcck<\/strong> und ist damit der <strong>1. Ritter<\/strong>. Nach ca. 90 Minuten und 119 Schuss fiel auch der rechte Fl\u00fcgel durch einen gezielten Schuss von <strong>Thomas Kr\u00f6mer<\/strong>, damit <strong>2. Ritter.<\/strong><\/p>\n<p style=\"text-align: justify;\"><strong>Sch\u00fctzenk\u00f6nig wurde Holger L\u00f6ber<\/strong>, der mit dem 92. Schuss nach etwas mehr als einer Stunde dem Vogel den Schwanz entledigte.<\/p>\n<p><strong>Wir gratulieren unseren Meistersch\u00fctzen und freuen uns auf\u00a0ihre Regentschaft!<\/strong><\/p>\n<figure id=\"attachment_445\" aria-describedby=\"caption-attachment-445\" style=\"width: 584px\" class=\"wp-caption aligncenter\"><a href=\"http:\/\/www.sv-freiendiez.de\/wp-content\/uploads\/2015\/09\/P1010646.jpg\"><img loading=\"lazy\" decoding=\"async\" class=\"size-large wp-image-445\" src=\"http:\/\/www.sv-freiendiez.de\/wp-content\/uploads\/2015\/09\/P1010646-1024x768.jpg\" alt=\"(C) SV Diez-Freiendiez\" width=\"584\" height=\"438\" srcset=\"https:\/\/www.sv-freiendiez.de\/wp-content\/uploads\/2015\/09\/P1010646-1024x768.jpg 1024w, https:\/\/www.sv-freiendiez.de\/wp-content\/uploads\/2015\/09\/P1010646-300x225.jpg 300w, https:\/\/www.sv-freiendiez.de\/wp-content\/uploads\/2015\/09\/P1010646-400x300.jpg 400w, https:\/\/www.sv-freiendiez.de\/wp-content\/uploads\/2015\/09\/P1010646.jpg 1094w\" sizes=\"auto, (max-width: 584px) 100vw, 584px\" \/><\/a><figcaption id=\"caption-attachment-445\" class=\"wp-caption-text\">(C) SV Diez-Freiendiez<\/figcaption><\/figure>\n<p><a href=\"http:\/\/www.sv-freiendiez.de\/wp-content\/uploads\/2015\/08\/RLZ-08-09-2015-SV-Freiendiez.pdf\">Link zum Artikel in der Rhein-Lahn Zeitung vom 08. September 2015 \u00fcber unser Sch\u00fctzenk\u00f6nigsschie\u00dfen<\/a><\/p>\n","protected":false},"excerpt":{"rendered":"<p>Eine Woche nach dem B\u00fcrger- und Vereinsk\u00f6nigsschie\u00dfen, haben wir nun auch Vereinsintern unseren Sch\u00fctzenk\u00f6nig ermittelt. Der Sperrholz Adler entpuppte sich als z\u00e4hes Vieh und es brauchte einige Zeit bis er aufgab. Insgesamt waren 19 Sch\u00fctzen zugange. Der linke Fl\u00fcgel fiel nach knapp 2 Stunden und 136 vergeblichen Versuchen. Den 137. Schuss und den entscheidenden Treffer &hellip; <\/p>\n<p class=\"link-more\"><a href=\"https:\/\/www.sv-freiendiez.de\/?p=443\" class=\"more-link\"><span class=\"screen-reader-text\">\u201eSch\u00fctzenk\u00f6nig 2015 gek\u00fcrt!\u201c<\/span> weiterlesen<\/a><\/p>\n","protected":false},"author":1,"featured_media":0,"comment_status":"closed","ping_status":"closed","sticky":false,"template":"","format":"standard","meta":{"ngg_post_thumbnail":0,"footnotes":""},"categories":[1,6],"tags":[],"class_list":["post-443","post","type-post","status-publish","format-standard","hentry","category-allgemein","category-veranstaltungen"],"yoast_head":"<!-- This site is optimized with the Yoast SEO plugin v27.5 - https:\/\/yoast.com\/product\/yoast-seo-wordpress\/ -->\n<title>Sch\u00fctzenk\u00f6nig 2015 gek\u00fcrt! - SV Diez-Freiendiez 1928 e.V.<\/title>\n<meta name=\"robots\" content=\"index, follow, max-snippet:-1, max-image-preview:large, max-video-preview:-1\" \/>\n<link rel=\"canonical\" href=\"https:\/\/www.sv-freiendiez.de\/?p=443\" \/>\n<meta property=\"og:locale\" content=\"de_DE\" \/>\n<meta property=\"og:type\" content=\"article\" \/>\n<meta property=\"og:title\" content=\"Sch\u00fctzenk\u00f6nig 2015 gek\u00fcrt! - SV Diez-Freiendiez 1928 e.V.\" \/>\n<meta property=\"og:description\" content=\"Eine Woche nach dem B\u00fcrger- und Vereinsk\u00f6nigsschie\u00dfen, haben wir nun auch Vereinsintern unseren Sch\u00fctzenk\u00f6nig ermittelt. Der Sperrholz Adler entpuppte sich als z\u00e4hes Vieh und es brauchte einige Zeit bis er aufgab. Insgesamt waren 19 Sch\u00fctzen zugange. Der linke Fl\u00fcgel fiel nach knapp 2 Stunden und 136 vergeblichen Versuchen. Den 137. Schuss und den entscheidenden Treffer &hellip; \u201eSch\u00fctzenk\u00f6nig 2015 gek\u00fcrt!\u201c weiterlesen\" \/>\n<meta property=\"og:url\" content=\"https:\/\/www.sv-freiendiez.de\/?p=443\" \/>\n<meta property=\"og:site_name\" content=\"SV Diez-Freiendiez 1928 e.V.\" \/>\n<meta property=\"article:publisher\" content=\"https:\/\/www.facebook.com\/svfreiendiez\/\" \/>\n<meta property=\"article:published_time\" content=\"2015-09-07T17:32:18+00:00\" \/>\n<meta property=\"article:modified_time\" content=\"2015-09-08T17:45:21+00:00\" \/>\n<meta property=\"og:image\" content=\"http:\/\/www.sv-freiendiez.de\/wp-content\/uploads\/2015\/09\/P1010644-300x225.jpg\" \/>\n<meta name=\"author\" content=\"editor\" \/>\n<meta name=\"twitter:card\" content=\"summary_large_image\" \/>\n<meta name=\"twitter:label1\" content=\"Verfasst von\" \/>\n\t<meta name=\"twitter:data1\" content=\"editor\" \/>\n\t<meta name=\"twitter:label2\" content=\"Gesch\u00e4tzte Lesezeit\" \/>\n\t<meta name=\"twitter:data2\" content=\"1\u00a0Minute\" \/>\n<script type=\"application\/ld+json\" class=\"yoast-schema-graph\">{\"@context\":\"https:\\\/\\\/schema.org\",\"@graph\":[{\"@type\":\"Article\",\"@id\":\"https:\\\/\\\/www.sv-freiendiez.de\\\/?p=443#article\",\"isPartOf\":{\"@id\":\"https:\\\/\\\/www.sv-freiendiez.de\\\/?p=443\"},\"author\":{\"name\":\"editor\",\"@id\":\"https:\\\/\\\/www.sv-freiendiez.de\\\/#\\\/schema\\\/person\\\/e506fdcfcb3a8d0b33fb2982e44b9b79\"},\"headline\":\"Sch\u00fctzenk\u00f6nig 2015 gek\u00fcrt!\",\"datePublished\":\"2015-09-07T17:32:18+00:00\",\"dateModified\":\"2015-09-08T17:45:21+00:00\",\"mainEntityOfPage\":{\"@id\":\"https:\\\/\\\/www.sv-freiendiez.de\\\/?p=443\"},\"wordCount\":178,\"publisher\":{\"@id\":\"https:\\\/\\\/www.sv-freiendiez.de\\\/#organization\"},\"image\":{\"@id\":\"https:\\\/\\\/www.sv-freiendiez.de\\\/?p=443#primaryimage\"},\"thumbnailUrl\":\"http:\\\/\\\/www.sv-freiendiez.de\\\/wp-content\\\/uploads\\\/2015\\\/09\\\/P1010644-300x225.jpg\",\"articleSection\":{\"1\":\"Veranstaltungen\"},\"inLanguage\":\"de\"},{\"@type\":\"WebPage\",\"@id\":\"https:\\\/\\\/www.sv-freiendiez.de\\\/?p=443\",\"url\":\"https:\\\/\\\/www.sv-freiendiez.de\\\/?p=443\",\"name\":\"Sch\u00fctzenk\u00f6nig 2015 gek\u00fcrt! - SV Diez-Freiendiez 1928 e.V.\",\"isPartOf\":{\"@id\":\"https:\\\/\\\/www.sv-freiendiez.de\\\/#website\"},\"primaryImageOfPage\":{\"@id\":\"https:\\\/\\\/www.sv-freiendiez.de\\\/?p=443#primaryimage\"},\"image\":{\"@id\":\"https:\\\/\\\/www.sv-freiendiez.de\\\/?p=443#primaryimage\"},\"thumbnailUrl\":\"http:\\\/\\\/www.sv-freiendiez.de\\\/wp-content\\\/uploads\\\/2015\\\/09\\\/P1010644-300x225.jpg\",\"datePublished\":\"2015-09-07T17:32:18+00:00\",\"dateModified\":\"2015-09-08T17:45:21+00:00\",\"breadcrumb\":{\"@id\":\"https:\\\/\\\/www.sv-freiendiez.de\\\/?p=443#breadcrumb\"},\"inLanguage\":\"de\",\"potentialAction\":[{\"@type\":\"ReadAction\",\"target\":[\"https:\\\/\\\/www.sv-freiendiez.de\\\/?p=443\"]}]},{\"@type\":\"ImageObject\",\"inLanguage\":\"de\",\"@id\":\"https:\\\/\\\/www.sv-freiendiez.de\\\/?p=443#primaryimage\",\"url\":\"https:\\\/\\\/www.sv-freiendiez.de\\\/wp-content\\\/uploads\\\/2015\\\/09\\\/P1010644.jpg\",\"contentUrl\":\"https:\\\/\\\/www.sv-freiendiez.de\\\/wp-content\\\/uploads\\\/2015\\\/09\\\/P1010644.jpg\",\"width\":1094,\"height\":821,\"caption\":\"Von links: 1. Ritter Heiko Langenst\u00fcck, Sch\u00fctzenk\u00f6nig Holger L\u00f6ber, 2. Ritter Thomas Kr\u00f6mer (C) SV Diez-Freiendies\"},{\"@type\":\"BreadcrumbList\",\"@id\":\"https:\\\/\\\/www.sv-freiendiez.de\\\/?p=443#breadcrumb\",\"itemListElement\":[{\"@type\":\"ListItem\",\"position\":1,\"name\":\"Startseite\",\"item\":\"https:\\\/\\\/www.sv-freiendiez.de\\\/\"},{\"@type\":\"ListItem\",\"position\":2,\"name\":\"Sch\u00fctzenk\u00f6nig 2015 gek\u00fcrt!\"}]},{\"@type\":\"WebSite\",\"@id\":\"https:\\\/\\\/www.sv-freiendiez.de\\\/#website\",\"url\":\"https:\\\/\\\/www.sv-freiendiez.de\\\/\",\"name\":\"SV Diez-Freiendiez 1928 e.V.\",\"description\":\"Sch\u00fctzenverein Diez-Freiendiez 1928 e.V.\",\"publisher\":{\"@id\":\"https:\\\/\\\/www.sv-freiendiez.de\\\/#organization\"},\"potentialAction\":[{\"@type\":\"SearchAction\",\"target\":{\"@type\":\"EntryPoint\",\"urlTemplate\":\"https:\\\/\\\/www.sv-freiendiez.de\\\/?s={search_term_string}\"},\"query-input\":{\"@type\":\"PropertyValueSpecification\",\"valueRequired\":true,\"valueName\":\"search_term_string\"}}],\"inLanguage\":\"de\"},{\"@type\":\"Organization\",\"@id\":\"https:\\\/\\\/www.sv-freiendiez.de\\\/#organization\",\"name\":\"SV Diez-Freiendiez 1928 e.V.\",\"url\":\"https:\\\/\\\/www.sv-freiendiez.de\\\/\",\"logo\":{\"@type\":\"ImageObject\",\"inLanguage\":\"de\",\"@id\":\"https:\\\/\\\/www.sv-freiendiez.de\\\/#\\\/schema\\\/logo\\\/image\\\/\",\"url\":\"https:\\\/\\\/www.sv-freiendiez.de\\\/wp-content\\\/uploads\\\/2016\\\/12\\\/cropped-wappen250.png\",\"contentUrl\":\"https:\\\/\\\/www.sv-freiendiez.de\\\/wp-content\\\/uploads\\\/2016\\\/12\\\/cropped-wappen250.png\",\"width\":250,\"height\":250,\"caption\":\"SV Diez-Freiendiez 1928 e.V.\"},\"image\":{\"@id\":\"https:\\\/\\\/www.sv-freiendiez.de\\\/#\\\/schema\\\/logo\\\/image\\\/\"},\"sameAs\":[\"https:\\\/\\\/www.facebook.com\\\/svfreiendiez\\\/\"]},{\"@type\":\"Person\",\"@id\":\"https:\\\/\\\/www.sv-freiendiez.de\\\/#\\\/schema\\\/person\\\/e506fdcfcb3a8d0b33fb2982e44b9b79\",\"name\":\"editor\",\"image\":{\"@type\":\"ImageObject\",\"inLanguage\":\"de\",\"@id\":\"https:\\\/\\\/secure.gravatar.com\\\/avatar\\\/2e61a0e3091a1495360fb924e613dd25bace1d4a95a687bd9add8c68191636ff?s=96&d=mm&r=g\",\"url\":\"https:\\\/\\\/secure.gravatar.com\\\/avatar\\\/2e61a0e3091a1495360fb924e613dd25bace1d4a95a687bd9add8c68191636ff?s=96&d=mm&r=g\",\"contentUrl\":\"https:\\\/\\\/secure.gravatar.com\\\/avatar\\\/2e61a0e3091a1495360fb924e613dd25bace1d4a95a687bd9add8c68191636ff?s=96&d=mm&r=g\",\"caption\":\"editor\"},\"url\":\"https:\\\/\\\/www.sv-freiendiez.de\\\/?author=1\"}]}<\/script>\n<!-- \/ Yoast SEO plugin. -->","yoast_head_json":{"title":"Sch\u00fctzenk\u00f6nig 2015 gek\u00fcrt! - SV Diez-Freiendiez 1928 e.V.","robots":{"index":"index","follow":"follow","max-snippet":"max-snippet:-1","max-image-preview":"max-image-preview:large","max-video-preview":"max-video-preview:-1"},"canonical":"https:\/\/www.sv-freiendiez.de\/?p=443","og_locale":"de_DE","og_type":"article","og_title":"Sch\u00fctzenk\u00f6nig 2015 gek\u00fcrt! - SV Diez-Freiendiez 1928 e.V.","og_description":"Eine Woche nach dem B\u00fcrger- und Vereinsk\u00f6nigsschie\u00dfen, haben wir nun auch Vereinsintern unseren Sch\u00fctzenk\u00f6nig ermittelt. Der Sperrholz Adler entpuppte sich als z\u00e4hes Vieh und es brauchte einige Zeit bis er aufgab. Insgesamt waren 19 Sch\u00fctzen zugange. Der linke Fl\u00fcgel fiel nach knapp 2 Stunden und 136 vergeblichen Versuchen. Den 137. Schuss und den entscheidenden Treffer &hellip; \u201eSch\u00fctzenk\u00f6nig 2015 gek\u00fcrt!\u201c weiterlesen","og_url":"https:\/\/www.sv-freiendiez.de\/?p=443","og_site_name":"SV Diez-Freiendiez 1928 e.V.","article_publisher":"https:\/\/www.facebook.com\/svfreiendiez\/","article_published_time":"2015-09-07T17:32:18+00:00","article_modified_time":"2015-09-08T17:45:21+00:00","og_image":[{"url":"http:\/\/www.sv-freiendiez.de\/wp-content\/uploads\/2015\/09\/P1010644-300x225.jpg","type":"","width":"","height":""}],"author":"editor","twitter_card":"summary_large_image","twitter_misc":{"Verfasst von":"editor","Gesch\u00e4tzte Lesezeit":"1\u00a0Minute"},"schema":{"@context":"https:\/\/schema.org","@graph":[{"@type":"Article","@id":"https:\/\/www.sv-freiendiez.de\/?p=443#article","isPartOf":{"@id":"https:\/\/www.sv-freiendiez.de\/?p=443"},"author":{"name":"editor","@id":"https:\/\/www.sv-freiendiez.de\/#\/schema\/person\/e506fdcfcb3a8d0b33fb2982e44b9b79"},"headline":"Sch\u00fctzenk\u00f6nig 2015 gek\u00fcrt!","datePublished":"2015-09-07T17:32:18+00:00","dateModified":"2015-09-08T17:45:21+00:00","mainEntityOfPage":{"@id":"https:\/\/www.sv-freiendiez.de\/?p=443"},"wordCount":178,"publisher":{"@id":"https:\/\/www.sv-freiendiez.de\/#organization"},"image":{"@id":"https:\/\/www.sv-freiendiez.de\/?p=443#primaryimage"},"thumbnailUrl":"http:\/\/www.sv-freiendiez.de\/wp-content\/uploads\/2015\/09\/P1010644-300x225.jpg","articleSection":{"1":"Veranstaltungen"},"inLanguage":"de"},{"@type":"WebPage","@id":"https:\/\/www.sv-freiendiez.de\/?p=443","url":"https:\/\/www.sv-freiendiez.de\/?p=443","name":"Sch\u00fctzenk\u00f6nig 2015 gek\u00fcrt! - SV Diez-Freiendiez 1928 e.V.","isPartOf":{"@id":"https:\/\/www.sv-freiendiez.de\/#website"},"primaryImageOfPage":{"@id":"https:\/\/www.sv-freiendiez.de\/?p=443#primaryimage"},"image":{"@id":"https:\/\/www.sv-freiendiez.de\/?p=443#primaryimage"},"thumbnailUrl":"http:\/\/www.sv-freiendiez.de\/wp-content\/uploads\/2015\/09\/P1010644-300x225.jpg","datePublished":"2015-09-07T17:32:18+00:00","dateModified":"2015-09-08T17:45:21+00:00","breadcrumb":{"@id":"https:\/\/www.sv-freiendiez.de\/?p=443#breadcrumb"},"inLanguage":"de","potentialAction":[{"@type":"ReadAction","target":["https:\/\/www.sv-freiendiez.de\/?p=443"]}]},{"@type":"ImageObject","inLanguage":"de","@id":"https:\/\/www.sv-freiendiez.de\/?p=443#primaryimage","url":"https:\/\/www.sv-freiendiez.de\/wp-content\/uploads\/2015\/09\/P1010644.jpg","contentUrl":"https:\/\/www.sv-freiendiez.de\/wp-content\/uploads\/2015\/09\/P1010644.jpg","width":1094,"height":821,"caption":"Von links: 1. Ritter Heiko Langenst\u00fcck, Sch\u00fctzenk\u00f6nig Holger L\u00f6ber, 2. Ritter Thomas Kr\u00f6mer (C) SV Diez-Freiendies"},{"@type":"BreadcrumbList","@id":"https:\/\/www.sv-freiendiez.de\/?p=443#breadcrumb","itemListElement":[{"@type":"ListItem","position":1,"name":"Startseite","item":"https:\/\/www.sv-freiendiez.de\/"},{"@type":"ListItem","position":2,"name":"Sch\u00fctzenk\u00f6nig 2015 gek\u00fcrt!"}]},{"@type":"WebSite","@id":"https:\/\/www.sv-freiendiez.de\/#website","url":"https:\/\/www.sv-freiendiez.de\/","name":"SV Diez-Freiendiez 1928 e.V.","description":"Sch\u00fctzenverein Diez-Freiendiez 1928 e.V.","publisher":{"@id":"https:\/\/www.sv-freiendiez.de\/#organization"},"potentialAction":[{"@type":"SearchAction","target":{"@type":"EntryPoint","urlTemplate":"https:\/\/www.sv-freiendiez.de\/?s={search_term_string}"},"query-input":{"@type":"PropertyValueSpecification","valueRequired":true,"valueName":"search_term_string"}}],"inLanguage":"de"},{"@type":"Organization","@id":"https:\/\/www.sv-freiendiez.de\/#organization","name":"SV Diez-Freiendiez 1928 e.V.","url":"https:\/\/www.sv-freiendiez.de\/","logo":{"@type":"ImageObject","inLanguage":"de","@id":"https:\/\/www.sv-freiendiez.de\/#\/schema\/logo\/image\/","url":"https:\/\/www.sv-freiendiez.de\/wp-content\/uploads\/2016\/12\/cropped-wappen250.png","contentUrl":"https:\/\/www.sv-freiendiez.de\/wp-content\/uploads\/2016\/12\/cropped-wappen250.png","width":250,"height":250,"caption":"SV Diez-Freiendiez 1928 e.V."},"image":{"@id":"https:\/\/www.sv-freiendiez.de\/#\/schema\/logo\/image\/"},"sameAs":["https:\/\/www.facebook.com\/svfreiendiez\/"]},{"@type":"Person","@id":"https:\/\/www.sv-freiendiez.de\/#\/schema\/person\/e506fdcfcb3a8d0b33fb2982e44b9b79","name":"editor","image":{"@type":"ImageObject","inLanguage":"de","@id":"https:\/\/secure.gravatar.com\/avatar\/2e61a0e3091a1495360fb924e613dd25bace1d4a95a687bd9add8c68191636ff?s=96&d=mm&r=g","url":"https:\/\/secure.gravatar.com\/avatar\/2e61a0e3091a1495360fb924e613dd25bace1d4a95a687bd9add8c68191636ff?s=96&d=mm&r=g","contentUrl":"https:\/\/secure.gravatar.com\/avatar\/2e61a0e3091a1495360fb924e613dd25bace1d4a95a687bd9add8c68191636ff?s=96&d=mm&r=g","caption":"editor"},"url":"https:\/\/www.sv-freiendiez.de\/?author=1"}]}},"_links":{"self":[{"href":"https:\/\/www.sv-freiendiez.de\/index.php?rest_route=\/wp\/v2\/posts\/443","targetHints":{"allow":["GET"]}}],"collection":[{"href":"https:\/\/www.sv-freiendiez.de\/index.php?rest_route=\/wp\/v2\/posts"}],"about":[{"href":"https:\/\/www.sv-freiendiez.de\/index.php?rest_route=\/wp\/v2\/types\/post"}],"author":[{"embeddable":true,"href":"https:\/\/www.sv-freiendiez.de\/index.php?rest_route=\/wp\/v2\/users\/1"}],"replies":[{"embeddable":true,"href":"https:\/\/www.sv-freiendiez.de\/index.php?rest_route=%2Fwp%2Fv2%2Fcomments&post=443"}],"version-history":[{"count":0,"href":"https:\/\/www.sv-freiendiez.de\/index.php?rest_route=\/wp\/v2\/posts\/443\/revisions"}],"wp:attachment":[{"href":"https:\/\/www.sv-freiendiez.de\/index.php?rest_route=%2Fwp%2Fv2%2Fmedia&parent=443"}],"wp:term":[{"taxonomy":"category","embeddable":true,"href":"https:\/\/www.sv-freiendiez.de\/index.php?rest_route=%2Fwp%2Fv2%2Fcategories&post=443"},{"taxonomy":"post_tag","embeddable":true,"href":"https:\/\/www.sv-freiendiez.de\/index.php?rest_route=%2Fwp%2Fv2%2Ftags&post=443"}],"curies":[{"name":"wp","href":"https:\/\/api.w.org\/{rel}","templated":true}]}}