{"id":4371,"date":"2022-11-03T20:03:21","date_gmt":"2022-11-03T19:03:21","guid":{"rendered":"https:\/\/www.sv-freiendiez.de\/?p=4371"},"modified":"2022-11-03T20:03:21","modified_gmt":"2022-11-03T19:03:21","slug":"die-kueche-braucht-verstaerkung","status":"publish","type":"post","link":"https:\/\/www.sv-freiendiez.de\/?p=4371","title":{"rendered":"Die K\u00fcche braucht Verst\u00e4rkung!"},"content":{"rendered":"<p style=\"text-align: justify;\"><img loading=\"lazy\" decoding=\"async\" class=\"alignleft  wp-image-4372\" src=\"https:\/\/www.sv-freiendiez.de\/wp-content\/uploads\/2022\/11\/noeat-298x300.png\" alt=\"\" width=\"205\" height=\"206\" srcset=\"https:\/\/www.sv-freiendiez.de\/wp-content\/uploads\/2022\/11\/noeat-298x300.png 298w, https:\/\/www.sv-freiendiez.de\/wp-content\/uploads\/2022\/11\/noeat-150x150.png 150w, https:\/\/www.sv-freiendiez.de\/wp-content\/uploads\/2022\/11\/noeat-100x100.png 100w, https:\/\/www.sv-freiendiez.de\/wp-content\/uploads\/2022\/11\/noeat.png 615w\" sizes=\"auto, (max-width: 205px) 100vw, 205px\" \/>Ab dem n\u00e4chsten Jahr gehen zwei K\u00fcchenteams in den wohlverdienten Ruhestand. Das bedeutet, das nur noch vier Teams am Start sind &#8211; das ist eindeutig zu wenig. Wir ben\u00f6tigen mindestens zwei neue Teams, damit das bisherige System funktioniert. Wir haben schon einige von Euch angesprochen, aber niemand war bereit zu helfen: &#8222;Ich kann nicht kochen&#8220;, &#8222;Ich habe keine Zeit&#8220;, &#8222;Mir tut da was weh, schau genau hin, da! Siehst Du das? Damit kann ich unm\u00f6glich ..&#8220; &#8230; Glaubt mir, alle von den noch aktiven Teams haben auch mindestens ein Problem davon, manche sogar alle. Trotzdem stehen Sie f\u00fcr Euch bisher jede 6. Woche hinter dem Tresen und sorgen f\u00fcr ein leckeres Essen oder zumindest einen Imbiss.<\/p>\n<p style=\"text-align: justify;\">Kurz um: Sollte es bei vier Teams bleiben im n\u00e4chsten Jahr, werdet ihr wohl an dem ein oder anderen Freitag mit leerem Magen schie\u00dfen m\u00fcssen, weil niemand da ist, der die K\u00fcche macht. Und ein gepflegtes Bier nach dem Schie\u00dfen gibts dann auch nicht.<!--more--><\/p>\n<p style=\"text-align: justify;\">Am Rande sei erw\u00e4hnt, das wir mit den Erl\u00f6sen von unserer Theke einen gro\u00dfen Teil der Unkosten bezahlen k\u00f6nnen, die unsere Schie\u00dfanlage mit sich bringt. Damit bleibt der ein oder andere Euro f\u00fcr den weiteren Ausbau unserer Trainingsanlagen \u00fcbrig. Sollten die K\u00fcchenerl\u00f6se einbrechen, werden wir Probleme bekommen.<\/p>\n<p style=\"text-align: justify;\">Jedes Mitglied sollte mal in sich gehen, ob er vielleicht nicht doch in der Lage ist, seinen Beitrag zu leisten. Und ich habe hier noch nicht \u00fcber die Bereitschaft, bei Arbeitseins\u00e4tzen zu helfen, geredet. Da sieht es \u00e4hnlich dunkel aus.<\/p>\n","protected":false},"excerpt":{"rendered":"<p>Ab dem n\u00e4chsten Jahr gehen zwei K\u00fcchenteams in den wohlverdienten Ruhestand. Das bedeutet, das nur noch vier Teams am Start sind &#8211; das ist eindeutig zu wenig. Wir ben\u00f6tigen mindestens zwei neue Teams, damit das bisherige System funktioniert. Wir haben schon einige von Euch angesprochen, aber niemand war bereit zu helfen: &#8222;Ich kann nicht kochen&#8220;, &hellip; <\/p>\n<p class=\"link-more\"><a href=\"https:\/\/www.sv-freiendiez.de\/?p=4371\" class=\"more-link\"><span class=\"screen-reader-text\">\u201eDie K\u00fcche braucht Verst\u00e4rkung!\u201c<\/span> weiterlesen<\/a><\/p>\n","protected":false},"author":1,"featured_media":0,"comment_status":"closed","ping_status":"closed","sticky":false,"template":"","format":"standard","meta":{"ngg_post_thumbnail":0,"footnotes":""},"categories":[1],"tags":[],"class_list":["post-4371","post","type-post","status-publish","format-standard","hentry","category-allgemein"],"yoast_head":"<!-- This site is optimized with the Yoast SEO plugin v27.5 - https:\/\/yoast.com\/product\/yoast-seo-wordpress\/ -->\n<title>Die K\u00fcche braucht Verst\u00e4rkung! - SV Diez-Freiendiez 1928 e.V.<\/title>\n<meta name=\"robots\" content=\"index, follow, max-snippet:-1, max-image-preview:large, max-video-preview:-1\" \/>\n<link rel=\"canonical\" href=\"https:\/\/www.sv-freiendiez.de\/?p=4371\" \/>\n<meta property=\"og:locale\" content=\"de_DE\" \/>\n<meta property=\"og:type\" content=\"article\" \/>\n<meta property=\"og:title\" content=\"Die K\u00fcche braucht Verst\u00e4rkung! - SV Diez-Freiendiez 1928 e.V.\" \/>\n<meta property=\"og:description\" content=\"Ab dem n\u00e4chsten Jahr gehen zwei K\u00fcchenteams in den wohlverdienten Ruhestand. Das bedeutet, das nur noch vier Teams am Start sind &#8211; das ist eindeutig zu wenig. Wir ben\u00f6tigen mindestens zwei neue Teams, damit das bisherige System funktioniert. Wir haben schon einige von Euch angesprochen, aber niemand war bereit zu helfen: &#8222;Ich kann nicht kochen&#8220;, &hellip; \u201eDie K\u00fcche braucht Verst\u00e4rkung!\u201c weiterlesen\" \/>\n<meta property=\"og:url\" content=\"https:\/\/www.sv-freiendiez.de\/?p=4371\" \/>\n<meta property=\"og:site_name\" content=\"SV Diez-Freiendiez 1928 e.V.\" \/>\n<meta property=\"article:publisher\" content=\"https:\/\/www.facebook.com\/svfreiendiez\/\" \/>\n<meta property=\"article:published_time\" content=\"2022-11-03T19:03:21+00:00\" \/>\n<meta property=\"og:image\" content=\"https:\/\/www.sv-freiendiez.de\/wp-content\/uploads\/2022\/11\/noeat-298x300.png\" \/>\n<meta name=\"author\" content=\"editor\" \/>\n<meta name=\"twitter:card\" content=\"summary_large_image\" \/>\n<meta name=\"twitter:label1\" content=\"Verfasst von\" \/>\n\t<meta name=\"twitter:data1\" content=\"editor\" \/>\n\t<meta name=\"twitter:label2\" content=\"Gesch\u00e4tzte Lesezeit\" \/>\n\t<meta name=\"twitter:data2\" content=\"2\u00a0Minuten\" \/>\n<script type=\"application\/ld+json\" class=\"yoast-schema-graph\">{\"@context\":\"https:\\\/\\\/schema.org\",\"@graph\":[{\"@type\":\"Article\",\"@id\":\"https:\\\/\\\/www.sv-freiendiez.de\\\/?p=4371#article\",\"isPartOf\":{\"@id\":\"https:\\\/\\\/www.sv-freiendiez.de\\\/?p=4371\"},\"author\":{\"name\":\"editor\",\"@id\":\"https:\\\/\\\/www.sv-freiendiez.de\\\/#\\\/schema\\\/person\\\/e506fdcfcb3a8d0b33fb2982e44b9b79\"},\"headline\":\"Die K\u00fcche braucht Verst\u00e4rkung!\",\"datePublished\":\"2022-11-03T19:03:21+00:00\",\"mainEntityOfPage\":{\"@id\":\"https:\\\/\\\/www.sv-freiendiez.de\\\/?p=4371\"},\"wordCount\":270,\"publisher\":{\"@id\":\"https:\\\/\\\/www.sv-freiendiez.de\\\/#organization\"},\"image\":{\"@id\":\"https:\\\/\\\/www.sv-freiendiez.de\\\/?p=4371#primaryimage\"},\"thumbnailUrl\":\"https:\\\/\\\/www.sv-freiendiez.de\\\/wp-content\\\/uploads\\\/2022\\\/11\\\/noeat-298x300.png\",\"inLanguage\":\"de\"},{\"@type\":\"WebPage\",\"@id\":\"https:\\\/\\\/www.sv-freiendiez.de\\\/?p=4371\",\"url\":\"https:\\\/\\\/www.sv-freiendiez.de\\\/?p=4371\",\"name\":\"Die K\u00fcche braucht Verst\u00e4rkung! - SV Diez-Freiendiez 1928 e.V.\",\"isPartOf\":{\"@id\":\"https:\\\/\\\/www.sv-freiendiez.de\\\/#website\"},\"primaryImageOfPage\":{\"@id\":\"https:\\\/\\\/www.sv-freiendiez.de\\\/?p=4371#primaryimage\"},\"image\":{\"@id\":\"https:\\\/\\\/www.sv-freiendiez.de\\\/?p=4371#primaryimage\"},\"thumbnailUrl\":\"https:\\\/\\\/www.sv-freiendiez.de\\\/wp-content\\\/uploads\\\/2022\\\/11\\\/noeat-298x300.png\",\"datePublished\":\"2022-11-03T19:03:21+00:00\",\"breadcrumb\":{\"@id\":\"https:\\\/\\\/www.sv-freiendiez.de\\\/?p=4371#breadcrumb\"},\"inLanguage\":\"de\",\"potentialAction\":[{\"@type\":\"ReadAction\",\"target\":[\"https:\\\/\\\/www.sv-freiendiez.de\\\/?p=4371\"]}]},{\"@type\":\"ImageObject\",\"inLanguage\":\"de\",\"@id\":\"https:\\\/\\\/www.sv-freiendiez.de\\\/?p=4371#primaryimage\",\"url\":\"https:\\\/\\\/www.sv-freiendiez.de\\\/wp-content\\\/uploads\\\/2022\\\/11\\\/noeat.png\",\"contentUrl\":\"https:\\\/\\\/www.sv-freiendiez.de\\\/wp-content\\\/uploads\\\/2022\\\/11\\\/noeat.png\",\"width\":615,\"height\":620},{\"@type\":\"BreadcrumbList\",\"@id\":\"https:\\\/\\\/www.sv-freiendiez.de\\\/?p=4371#breadcrumb\",\"itemListElement\":[{\"@type\":\"ListItem\",\"position\":1,\"name\":\"Startseite\",\"item\":\"https:\\\/\\\/www.sv-freiendiez.de\\\/\"},{\"@type\":\"ListItem\",\"position\":2,\"name\":\"Die K\u00fcche braucht Verst\u00e4rkung!\"}]},{\"@type\":\"WebSite\",\"@id\":\"https:\\\/\\\/www.sv-freiendiez.de\\\/#website\",\"url\":\"https:\\\/\\\/www.sv-freiendiez.de\\\/\",\"name\":\"SV Diez-Freiendiez 1928 e.V.\",\"description\":\"Sch\u00fctzenverein Diez-Freiendiez 1928 e.V.\",\"publisher\":{\"@id\":\"https:\\\/\\\/www.sv-freiendiez.de\\\/#organization\"},\"potentialAction\":[{\"@type\":\"SearchAction\",\"target\":{\"@type\":\"EntryPoint\",\"urlTemplate\":\"https:\\\/\\\/www.sv-freiendiez.de\\\/?s={search_term_string}\"},\"query-input\":{\"@type\":\"PropertyValueSpecification\",\"valueRequired\":true,\"valueName\":\"search_term_string\"}}],\"inLanguage\":\"de\"},{\"@type\":\"Organization\",\"@id\":\"https:\\\/\\\/www.sv-freiendiez.de\\\/#organization\",\"name\":\"SV Diez-Freiendiez 1928 e.V.\",\"url\":\"https:\\\/\\\/www.sv-freiendiez.de\\\/\",\"logo\":{\"@type\":\"ImageObject\",\"inLanguage\":\"de\",\"@id\":\"https:\\\/\\\/www.sv-freiendiez.de\\\/#\\\/schema\\\/logo\\\/image\\\/\",\"url\":\"https:\\\/\\\/www.sv-freiendiez.de\\\/wp-content\\\/uploads\\\/2016\\\/12\\\/cropped-wappen250.png\",\"contentUrl\":\"https:\\\/\\\/www.sv-freiendiez.de\\\/wp-content\\\/uploads\\\/2016\\\/12\\\/cropped-wappen250.png\",\"width\":250,\"height\":250,\"caption\":\"SV Diez-Freiendiez 1928 e.V.\"},\"image\":{\"@id\":\"https:\\\/\\\/www.sv-freiendiez.de\\\/#\\\/schema\\\/logo\\\/image\\\/\"},\"sameAs\":[\"https:\\\/\\\/www.facebook.com\\\/svfreiendiez\\\/\"]},{\"@type\":\"Person\",\"@id\":\"https:\\\/\\\/www.sv-freiendiez.de\\\/#\\\/schema\\\/person\\\/e506fdcfcb3a8d0b33fb2982e44b9b79\",\"name\":\"editor\",\"image\":{\"@type\":\"ImageObject\",\"inLanguage\":\"de\",\"@id\":\"https:\\\/\\\/secure.gravatar.com\\\/avatar\\\/2e61a0e3091a1495360fb924e613dd25bace1d4a95a687bd9add8c68191636ff?s=96&d=mm&r=g\",\"url\":\"https:\\\/\\\/secure.gravatar.com\\\/avatar\\\/2e61a0e3091a1495360fb924e613dd25bace1d4a95a687bd9add8c68191636ff?s=96&d=mm&r=g\",\"contentUrl\":\"https:\\\/\\\/secure.gravatar.com\\\/avatar\\\/2e61a0e3091a1495360fb924e613dd25bace1d4a95a687bd9add8c68191636ff?s=96&d=mm&r=g\",\"caption\":\"editor\"},\"url\":\"https:\\\/\\\/www.sv-freiendiez.de\\\/?author=1\"}]}<\/script>\n<!-- \/ Yoast SEO plugin. -->","yoast_head_json":{"title":"Die K\u00fcche braucht Verst\u00e4rkung! - SV Diez-Freiendiez 1928 e.V.","robots":{"index":"index","follow":"follow","max-snippet":"max-snippet:-1","max-image-preview":"max-image-preview:large","max-video-preview":"max-video-preview:-1"},"canonical":"https:\/\/www.sv-freiendiez.de\/?p=4371","og_locale":"de_DE","og_type":"article","og_title":"Die K\u00fcche braucht Verst\u00e4rkung! - SV Diez-Freiendiez 1928 e.V.","og_description":"Ab dem n\u00e4chsten Jahr gehen zwei K\u00fcchenteams in den wohlverdienten Ruhestand. Das bedeutet, das nur noch vier Teams am Start sind &#8211; das ist eindeutig zu wenig. Wir ben\u00f6tigen mindestens zwei neue Teams, damit das bisherige System funktioniert. Wir haben schon einige von Euch angesprochen, aber niemand war bereit zu helfen: &#8222;Ich kann nicht kochen&#8220;, &hellip; \u201eDie K\u00fcche braucht Verst\u00e4rkung!\u201c weiterlesen","og_url":"https:\/\/www.sv-freiendiez.de\/?p=4371","og_site_name":"SV Diez-Freiendiez 1928 e.V.","article_publisher":"https:\/\/www.facebook.com\/svfreiendiez\/","article_published_time":"2022-11-03T19:03:21+00:00","og_image":[{"url":"https:\/\/www.sv-freiendiez.de\/wp-content\/uploads\/2022\/11\/noeat-298x300.png","type":"","width":"","height":""}],"author":"editor","twitter_card":"summary_large_image","twitter_misc":{"Verfasst von":"editor","Gesch\u00e4tzte Lesezeit":"2\u00a0Minuten"},"schema":{"@context":"https:\/\/schema.org","@graph":[{"@type":"Article","@id":"https:\/\/www.sv-freiendiez.de\/?p=4371#article","isPartOf":{"@id":"https:\/\/www.sv-freiendiez.de\/?p=4371"},"author":{"name":"editor","@id":"https:\/\/www.sv-freiendiez.de\/#\/schema\/person\/e506fdcfcb3a8d0b33fb2982e44b9b79"},"headline":"Die K\u00fcche braucht Verst\u00e4rkung!","datePublished":"2022-11-03T19:03:21+00:00","mainEntityOfPage":{"@id":"https:\/\/www.sv-freiendiez.de\/?p=4371"},"wordCount":270,"publisher":{"@id":"https:\/\/www.sv-freiendiez.de\/#organization"},"image":{"@id":"https:\/\/www.sv-freiendiez.de\/?p=4371#primaryimage"},"thumbnailUrl":"https:\/\/www.sv-freiendiez.de\/wp-content\/uploads\/2022\/11\/noeat-298x300.png","inLanguage":"de"},{"@type":"WebPage","@id":"https:\/\/www.sv-freiendiez.de\/?p=4371","url":"https:\/\/www.sv-freiendiez.de\/?p=4371","name":"Die K\u00fcche braucht Verst\u00e4rkung! - SV Diez-Freiendiez 1928 e.V.","isPartOf":{"@id":"https:\/\/www.sv-freiendiez.de\/#website"},"primaryImageOfPage":{"@id":"https:\/\/www.sv-freiendiez.de\/?p=4371#primaryimage"},"image":{"@id":"https:\/\/www.sv-freiendiez.de\/?p=4371#primaryimage"},"thumbnailUrl":"https:\/\/www.sv-freiendiez.de\/wp-content\/uploads\/2022\/11\/noeat-298x300.png","datePublished":"2022-11-03T19:03:21+00:00","breadcrumb":{"@id":"https:\/\/www.sv-freiendiez.de\/?p=4371#breadcrumb"},"inLanguage":"de","potentialAction":[{"@type":"ReadAction","target":["https:\/\/www.sv-freiendiez.de\/?p=4371"]}]},{"@type":"ImageObject","inLanguage":"de","@id":"https:\/\/www.sv-freiendiez.de\/?p=4371#primaryimage","url":"https:\/\/www.sv-freiendiez.de\/wp-content\/uploads\/2022\/11\/noeat.png","contentUrl":"https:\/\/www.sv-freiendiez.de\/wp-content\/uploads\/2022\/11\/noeat.png","width":615,"height":620},{"@type":"BreadcrumbList","@id":"https:\/\/www.sv-freiendiez.de\/?p=4371#breadcrumb","itemListElement":[{"@type":"ListItem","position":1,"name":"Startseite","item":"https:\/\/www.sv-freiendiez.de\/"},{"@type":"ListItem","position":2,"name":"Die K\u00fcche braucht Verst\u00e4rkung!"}]},{"@type":"WebSite","@id":"https:\/\/www.sv-freiendiez.de\/#website","url":"https:\/\/www.sv-freiendiez.de\/","name":"SV Diez-Freiendiez 1928 e.V.","description":"Sch\u00fctzenverein Diez-Freiendiez 1928 e.V.","publisher":{"@id":"https:\/\/www.sv-freiendiez.de\/#organization"},"potentialAction":[{"@type":"SearchAction","target":{"@type":"EntryPoint","urlTemplate":"https:\/\/www.sv-freiendiez.de\/?s={search_term_string}"},"query-input":{"@type":"PropertyValueSpecification","valueRequired":true,"valueName":"search_term_string"}}],"inLanguage":"de"},{"@type":"Organization","@id":"https:\/\/www.sv-freiendiez.de\/#organization","name":"SV Diez-Freiendiez 1928 e.V.","url":"https:\/\/www.sv-freiendiez.de\/","logo":{"@type":"ImageObject","inLanguage":"de","@id":"https:\/\/www.sv-freiendiez.de\/#\/schema\/logo\/image\/","url":"https:\/\/www.sv-freiendiez.de\/wp-content\/uploads\/2016\/12\/cropped-wappen250.png","contentUrl":"https:\/\/www.sv-freiendiez.de\/wp-content\/uploads\/2016\/12\/cropped-wappen250.png","width":250,"height":250,"caption":"SV Diez-Freiendiez 1928 e.V."},"image":{"@id":"https:\/\/www.sv-freiendiez.de\/#\/schema\/logo\/image\/"},"sameAs":["https:\/\/www.facebook.com\/svfreiendiez\/"]},{"@type":"Person","@id":"https:\/\/www.sv-freiendiez.de\/#\/schema\/person\/e506fdcfcb3a8d0b33fb2982e44b9b79","name":"editor","image":{"@type":"ImageObject","inLanguage":"de","@id":"https:\/\/secure.gravatar.com\/avatar\/2e61a0e3091a1495360fb924e613dd25bace1d4a95a687bd9add8c68191636ff?s=96&d=mm&r=g","url":"https:\/\/secure.gravatar.com\/avatar\/2e61a0e3091a1495360fb924e613dd25bace1d4a95a687bd9add8c68191636ff?s=96&d=mm&r=g","contentUrl":"https:\/\/secure.gravatar.com\/avatar\/2e61a0e3091a1495360fb924e613dd25bace1d4a95a687bd9add8c68191636ff?s=96&d=mm&r=g","caption":"editor"},"url":"https:\/\/www.sv-freiendiez.de\/?author=1"}]}},"_links":{"self":[{"href":"https:\/\/www.sv-freiendiez.de\/index.php?rest_route=\/wp\/v2\/posts\/4371","targetHints":{"allow":["GET"]}}],"collection":[{"href":"https:\/\/www.sv-freiendiez.de\/index.php?rest_route=\/wp\/v2\/posts"}],"about":[{"href":"https:\/\/www.sv-freiendiez.de\/index.php?rest_route=\/wp\/v2\/types\/post"}],"author":[{"embeddable":true,"href":"https:\/\/www.sv-freiendiez.de\/index.php?rest_route=\/wp\/v2\/users\/1"}],"replies":[{"embeddable":true,"href":"https:\/\/www.sv-freiendiez.de\/index.php?rest_route=%2Fwp%2Fv2%2Fcomments&post=4371"}],"version-history":[{"count":1,"href":"https:\/\/www.sv-freiendiez.de\/index.php?rest_route=\/wp\/v2\/posts\/4371\/revisions"}],"predecessor-version":[{"id":4373,"href":"https:\/\/www.sv-freiendiez.de\/index.php?rest_route=\/wp\/v2\/posts\/4371\/revisions\/4373"}],"wp:attachment":[{"href":"https:\/\/www.sv-freiendiez.de\/index.php?rest_route=%2Fwp%2Fv2%2Fmedia&parent=4371"}],"wp:term":[{"taxonomy":"category","embeddable":true,"href":"https:\/\/www.sv-freiendiez.de\/index.php?rest_route=%2Fwp%2Fv2%2Fcategories&post=4371"},{"taxonomy":"post_tag","embeddable":true,"href":"https:\/\/www.sv-freiendiez.de\/index.php?rest_route=%2Fwp%2Fv2%2Ftags&post=4371"}],"curies":[{"name":"wp","href":"https:\/\/api.w.org\/{rel}","templated":true}]}}