{"id":4353,"date":"2022-10-25T18:21:48","date_gmt":"2022-10-25T16:21:48","guid":{"rendered":"https:\/\/www.sv-freiendiez.de\/?p=4353"},"modified":"2022-11-03T20:09:33","modified_gmt":"2022-11-03T19:09:33","slug":"es-war-einmal","status":"publish","type":"post","link":"https:\/\/www.sv-freiendiez.de\/?p=4353","title":{"rendered":"Es war einmal &#8230;"},"content":{"rendered":"<p style=\"text-align: justify;\"><img loading=\"lazy\" decoding=\"async\" class=\"alignright wp-image-4354\" src=\"https:\/\/www.sv-freiendiez.de\/wp-content\/uploads\/2022\/10\/ksf2003freiendiez_10-300x258.jpg\" alt=\"\" width=\"258\" height=\"222\" srcset=\"https:\/\/www.sv-freiendiez.de\/wp-content\/uploads\/2022\/10\/ksf2003freiendiez_10-300x258.jpg 300w, https:\/\/www.sv-freiendiez.de\/wp-content\/uploads\/2022\/10\/ksf2003freiendiez_10.jpg 405w\" sizes=\"auto, (max-width: 258px) 100vw, 258px\" \/>&#8230; vor fast 20 Jahren. Da trafen sich die Sch\u00fctzen aus dem gesamten Sch\u00fctzenkreis und viele G\u00e4ste aus Politik und Vereinen zu einer Veranstaltung, die als H\u00f6hepunkt des Sportjahres des Kreises angesehen war.<\/p>\n<p style=\"text-align: justify;\">Sogar der Pr\u00e4sident des Rheinischen Sch\u00fctzenbundes gab sich die Ehre. Auch waren Vertreter der Verbandsgemeinde gerne zu Gast, genauso wie einige Vertreter der st\u00e4dtischen Vereine. Neben dem Hauptinhalt, den Ehrungen der Sch\u00fctzen des Kreises, gab es ein buntes Programm aus Musik und Tanz. Schon damals war es wichtig als Sch\u00fctzenverein pr\u00e4sent zu bleiben in der Wahrnehmung der Menschen. Die Sch\u00fctzenvereine waren voll integriert in der Gesellschaft und im lokalen Vereinsleben. Das Kreissch\u00fctzenfest war ein Ereignis im Kreis, auf dem man sich gerne sehen lie\u00df, auch wenn man kein Sch\u00fctze war. Der Ruf der Sch\u00fctzen war gut. So war das Anno 2003, fast vor 20 Jahren.<!--more--><\/p>\n<p style=\"text-align: justify;\">Heute wird das Kreissch\u00fctzenfest Ad Acta gelegt. Kein richtiges Konzept, zu langatmig, aus der Zeit, zu wenig Interesse der Sch\u00fctzen im Kreis an einem Sch\u00fctzenfest. Und nicht zuletzt scheuen die Vereine den Aufwand f\u00fcr die Planung und Durchf\u00fchrung des Kreissch\u00fctzenfestes. Quo Vadis? Nein, eher Ruhe sanft!<\/p>\nngg_shortcode_0_placeholder\n<p style=\"text-align: center;\"><span style=\"color: #808080; font-size: 14px;\">(Auf das Bild klicken, um den Artikel lesen zu k\u00f6nnen.)<\/span><\/p>\n<p style=\"text-align: justify;\">Sehr schade und zugleich gef\u00e4hrlich. Wir geben ein St\u00fcck Sichtbarkeit auf, die wir dringend brauchen. Und positive Presse. Wie damals im Jahre 2003. Ein halbe Seite im Lokalteil, nicht schlecht. Wir lesen Namen, die noch heute aktiv im Verein zu sehen sind.<\/p>\n<p style=\"text-align: justify;\">Wir sollten \u00fcberlegen ob wir bereits gewonnenes Terrain einfach so aufgeben wollen. Wir liegen im Trommelfeuer der Presse. Und die n\u00e4chste Waffenrechtsnovellierung kommt schon um die Ecke. Ein Schelm, wer b\u00f6ses dabei denkt!<\/p>\n<p>&nbsp;<\/p>\n","protected":false},"excerpt":{"rendered":"<p>&#8230; vor fast 20 Jahren. Da trafen sich die Sch\u00fctzen aus dem gesamten Sch\u00fctzenkreis und viele G\u00e4ste aus Politik und Vereinen zu einer Veranstaltung, die als H\u00f6hepunkt des Sportjahres des Kreises angesehen war. Sogar der Pr\u00e4sident des Rheinischen Sch\u00fctzenbundes gab sich die Ehre. Auch waren Vertreter der Verbandsgemeinde gerne zu Gast, genauso wie einige Vertreter &hellip; <\/p>\n<p class=\"link-more\"><a href=\"https:\/\/www.sv-freiendiez.de\/?p=4353\" class=\"more-link\"><span class=\"screen-reader-text\">\u201eEs war einmal &#8230;\u201c<\/span> weiterlesen<\/a><\/p>\n","protected":false},"author":1,"featured_media":0,"comment_status":"closed","ping_status":"closed","sticky":false,"template":"","format":"standard","meta":{"ngg_post_thumbnail":0,"footnotes":""},"categories":[1],"tags":[],"class_list":["post-4353","post","type-post","status-publish","format-standard","hentry","category-allgemein"],"yoast_head":"<!-- This site is optimized with the Yoast SEO plugin v27.5 - https:\/\/yoast.com\/product\/yoast-seo-wordpress\/ -->\n<title>Es war einmal ... - SV Diez-Freiendiez 1928 e.V.<\/title>\n<meta name=\"robots\" content=\"index, follow, max-snippet:-1, max-image-preview:large, max-video-preview:-1\" \/>\n<link rel=\"canonical\" href=\"https:\/\/www.sv-freiendiez.de\/?p=4353\" \/>\n<meta property=\"og:locale\" content=\"de_DE\" \/>\n<meta property=\"og:type\" content=\"article\" \/>\n<meta property=\"og:title\" content=\"Es war einmal ... - SV Diez-Freiendiez 1928 e.V.\" \/>\n<meta property=\"og:description\" content=\"&#8230; vor fast 20 Jahren. Da trafen sich die Sch\u00fctzen aus dem gesamten Sch\u00fctzenkreis und viele G\u00e4ste aus Politik und Vereinen zu einer Veranstaltung, die als H\u00f6hepunkt des Sportjahres des Kreises angesehen war. Sogar der Pr\u00e4sident des Rheinischen Sch\u00fctzenbundes gab sich die Ehre. Auch waren Vertreter der Verbandsgemeinde gerne zu Gast, genauso wie einige Vertreter &hellip; \u201eEs war einmal &#8230;\u201c weiterlesen\" \/>\n<meta property=\"og:url\" content=\"https:\/\/www.sv-freiendiez.de\/?p=4353\" \/>\n<meta property=\"og:site_name\" content=\"SV Diez-Freiendiez 1928 e.V.\" \/>\n<meta property=\"article:publisher\" content=\"https:\/\/www.facebook.com\/svfreiendiez\/\" \/>\n<meta property=\"article:published_time\" content=\"2022-10-25T16:21:48+00:00\" \/>\n<meta property=\"article:modified_time\" content=\"2022-11-03T19:09:33+00:00\" \/>\n<meta property=\"og:image\" content=\"https:\/\/www.sv-freiendiez.de\/wp-content\/uploads\/2022\/10\/ksf2003freiendiez_10-300x258.jpg\" \/>\n<meta name=\"author\" content=\"editor\" \/>\n<meta name=\"twitter:card\" content=\"summary_large_image\" \/>\n<meta name=\"twitter:label1\" content=\"Verfasst von\" \/>\n\t<meta name=\"twitter:data1\" content=\"editor\" \/>\n\t<meta name=\"twitter:label2\" content=\"Gesch\u00e4tzte Lesezeit\" \/>\n\t<meta name=\"twitter:data2\" content=\"2\u00a0Minuten\" \/>\n<script type=\"application\/ld+json\" class=\"yoast-schema-graph\">{\"@context\":\"https:\\\/\\\/schema.org\",\"@graph\":[{\"@type\":\"Article\",\"@id\":\"https:\\\/\\\/www.sv-freiendiez.de\\\/?p=4353#article\",\"isPartOf\":{\"@id\":\"https:\\\/\\\/www.sv-freiendiez.de\\\/?p=4353\"},\"author\":{\"name\":\"editor\",\"@id\":\"https:\\\/\\\/www.sv-freiendiez.de\\\/#\\\/schema\\\/person\\\/e506fdcfcb3a8d0b33fb2982e44b9b79\"},\"headline\":\"Es war einmal &#8230;\",\"datePublished\":\"2022-10-25T16:21:48+00:00\",\"dateModified\":\"2022-11-03T19:09:33+00:00\",\"mainEntityOfPage\":{\"@id\":\"https:\\\/\\\/www.sv-freiendiez.de\\\/?p=4353\"},\"wordCount\":302,\"publisher\":{\"@id\":\"https:\\\/\\\/www.sv-freiendiez.de\\\/#organization\"},\"image\":{\"@id\":\"https:\\\/\\\/www.sv-freiendiez.de\\\/?p=4353#primaryimage\"},\"thumbnailUrl\":\"https:\\\/\\\/www.sv-freiendiez.de\\\/wp-content\\\/uploads\\\/2022\\\/10\\\/ksf2003freiendiez_10-300x258.jpg\",\"inLanguage\":\"de\"},{\"@type\":\"WebPage\",\"@id\":\"https:\\\/\\\/www.sv-freiendiez.de\\\/?p=4353\",\"url\":\"https:\\\/\\\/www.sv-freiendiez.de\\\/?p=4353\",\"name\":\"Es war einmal ... - SV Diez-Freiendiez 1928 e.V.\",\"isPartOf\":{\"@id\":\"https:\\\/\\\/www.sv-freiendiez.de\\\/#website\"},\"primaryImageOfPage\":{\"@id\":\"https:\\\/\\\/www.sv-freiendiez.de\\\/?p=4353#primaryimage\"},\"image\":{\"@id\":\"https:\\\/\\\/www.sv-freiendiez.de\\\/?p=4353#primaryimage\"},\"thumbnailUrl\":\"https:\\\/\\\/www.sv-freiendiez.de\\\/wp-content\\\/uploads\\\/2022\\\/10\\\/ksf2003freiendiez_10-300x258.jpg\",\"datePublished\":\"2022-10-25T16:21:48+00:00\",\"dateModified\":\"2022-11-03T19:09:33+00:00\",\"breadcrumb\":{\"@id\":\"https:\\\/\\\/www.sv-freiendiez.de\\\/?p=4353#breadcrumb\"},\"inLanguage\":\"de\",\"potentialAction\":[{\"@type\":\"ReadAction\",\"target\":[\"https:\\\/\\\/www.sv-freiendiez.de\\\/?p=4353\"]}]},{\"@type\":\"ImageObject\",\"inLanguage\":\"de\",\"@id\":\"https:\\\/\\\/www.sv-freiendiez.de\\\/?p=4353#primaryimage\",\"url\":\"https:\\\/\\\/www.sv-freiendiez.de\\\/wp-content\\\/uploads\\\/2022\\\/10\\\/ksf2003freiendiez_10.jpg\",\"contentUrl\":\"https:\\\/\\\/www.sv-freiendiez.de\\\/wp-content\\\/uploads\\\/2022\\\/10\\\/ksf2003freiendiez_10.jpg\",\"width\":405,\"height\":348},{\"@type\":\"BreadcrumbList\",\"@id\":\"https:\\\/\\\/www.sv-freiendiez.de\\\/?p=4353#breadcrumb\",\"itemListElement\":[{\"@type\":\"ListItem\",\"position\":1,\"name\":\"Startseite\",\"item\":\"https:\\\/\\\/www.sv-freiendiez.de\\\/\"},{\"@type\":\"ListItem\",\"position\":2,\"name\":\"Es war einmal &#8230;\"}]},{\"@type\":\"WebSite\",\"@id\":\"https:\\\/\\\/www.sv-freiendiez.de\\\/#website\",\"url\":\"https:\\\/\\\/www.sv-freiendiez.de\\\/\",\"name\":\"SV Diez-Freiendiez 1928 e.V.\",\"description\":\"Sch\u00fctzenverein Diez-Freiendiez 1928 e.V.\",\"publisher\":{\"@id\":\"https:\\\/\\\/www.sv-freiendiez.de\\\/#organization\"},\"potentialAction\":[{\"@type\":\"SearchAction\",\"target\":{\"@type\":\"EntryPoint\",\"urlTemplate\":\"https:\\\/\\\/www.sv-freiendiez.de\\\/?s={search_term_string}\"},\"query-input\":{\"@type\":\"PropertyValueSpecification\",\"valueRequired\":true,\"valueName\":\"search_term_string\"}}],\"inLanguage\":\"de\"},{\"@type\":\"Organization\",\"@id\":\"https:\\\/\\\/www.sv-freiendiez.de\\\/#organization\",\"name\":\"SV Diez-Freiendiez 1928 e.V.\",\"url\":\"https:\\\/\\\/www.sv-freiendiez.de\\\/\",\"logo\":{\"@type\":\"ImageObject\",\"inLanguage\":\"de\",\"@id\":\"https:\\\/\\\/www.sv-freiendiez.de\\\/#\\\/schema\\\/logo\\\/image\\\/\",\"url\":\"https:\\\/\\\/www.sv-freiendiez.de\\\/wp-content\\\/uploads\\\/2016\\\/12\\\/cropped-wappen250.png\",\"contentUrl\":\"https:\\\/\\\/www.sv-freiendiez.de\\\/wp-content\\\/uploads\\\/2016\\\/12\\\/cropped-wappen250.png\",\"width\":250,\"height\":250,\"caption\":\"SV Diez-Freiendiez 1928 e.V.\"},\"image\":{\"@id\":\"https:\\\/\\\/www.sv-freiendiez.de\\\/#\\\/schema\\\/logo\\\/image\\\/\"},\"sameAs\":[\"https:\\\/\\\/www.facebook.com\\\/svfreiendiez\\\/\"]},{\"@type\":\"Person\",\"@id\":\"https:\\\/\\\/www.sv-freiendiez.de\\\/#\\\/schema\\\/person\\\/e506fdcfcb3a8d0b33fb2982e44b9b79\",\"name\":\"editor\",\"image\":{\"@type\":\"ImageObject\",\"inLanguage\":\"de\",\"@id\":\"https:\\\/\\\/secure.gravatar.com\\\/avatar\\\/2e61a0e3091a1495360fb924e613dd25bace1d4a95a687bd9add8c68191636ff?s=96&d=mm&r=g\",\"url\":\"https:\\\/\\\/secure.gravatar.com\\\/avatar\\\/2e61a0e3091a1495360fb924e613dd25bace1d4a95a687bd9add8c68191636ff?s=96&d=mm&r=g\",\"contentUrl\":\"https:\\\/\\\/secure.gravatar.com\\\/avatar\\\/2e61a0e3091a1495360fb924e613dd25bace1d4a95a687bd9add8c68191636ff?s=96&d=mm&r=g\",\"caption\":\"editor\"},\"url\":\"https:\\\/\\\/www.sv-freiendiez.de\\\/?author=1\"}]}<\/script>\n<!-- \/ Yoast SEO plugin. -->","yoast_head_json":{"title":"Es war einmal ... - SV Diez-Freiendiez 1928 e.V.","robots":{"index":"index","follow":"follow","max-snippet":"max-snippet:-1","max-image-preview":"max-image-preview:large","max-video-preview":"max-video-preview:-1"},"canonical":"https:\/\/www.sv-freiendiez.de\/?p=4353","og_locale":"de_DE","og_type":"article","og_title":"Es war einmal ... - SV Diez-Freiendiez 1928 e.V.","og_description":"&#8230; vor fast 20 Jahren. Da trafen sich die Sch\u00fctzen aus dem gesamten Sch\u00fctzenkreis und viele G\u00e4ste aus Politik und Vereinen zu einer Veranstaltung, die als H\u00f6hepunkt des Sportjahres des Kreises angesehen war. Sogar der Pr\u00e4sident des Rheinischen Sch\u00fctzenbundes gab sich die Ehre. Auch waren Vertreter der Verbandsgemeinde gerne zu Gast, genauso wie einige Vertreter &hellip; \u201eEs war einmal &#8230;\u201c weiterlesen","og_url":"https:\/\/www.sv-freiendiez.de\/?p=4353","og_site_name":"SV Diez-Freiendiez 1928 e.V.","article_publisher":"https:\/\/www.facebook.com\/svfreiendiez\/","article_published_time":"2022-10-25T16:21:48+00:00","article_modified_time":"2022-11-03T19:09:33+00:00","og_image":[{"url":"https:\/\/www.sv-freiendiez.de\/wp-content\/uploads\/2022\/10\/ksf2003freiendiez_10-300x258.jpg","type":"","width":"","height":""}],"author":"editor","twitter_card":"summary_large_image","twitter_misc":{"Verfasst von":"editor","Gesch\u00e4tzte Lesezeit":"2\u00a0Minuten"},"schema":{"@context":"https:\/\/schema.org","@graph":[{"@type":"Article","@id":"https:\/\/www.sv-freiendiez.de\/?p=4353#article","isPartOf":{"@id":"https:\/\/www.sv-freiendiez.de\/?p=4353"},"author":{"name":"editor","@id":"https:\/\/www.sv-freiendiez.de\/#\/schema\/person\/e506fdcfcb3a8d0b33fb2982e44b9b79"},"headline":"Es war einmal &#8230;","datePublished":"2022-10-25T16:21:48+00:00","dateModified":"2022-11-03T19:09:33+00:00","mainEntityOfPage":{"@id":"https:\/\/www.sv-freiendiez.de\/?p=4353"},"wordCount":302,"publisher":{"@id":"https:\/\/www.sv-freiendiez.de\/#organization"},"image":{"@id":"https:\/\/www.sv-freiendiez.de\/?p=4353#primaryimage"},"thumbnailUrl":"https:\/\/www.sv-freiendiez.de\/wp-content\/uploads\/2022\/10\/ksf2003freiendiez_10-300x258.jpg","inLanguage":"de"},{"@type":"WebPage","@id":"https:\/\/www.sv-freiendiez.de\/?p=4353","url":"https:\/\/www.sv-freiendiez.de\/?p=4353","name":"Es war einmal ... - SV Diez-Freiendiez 1928 e.V.","isPartOf":{"@id":"https:\/\/www.sv-freiendiez.de\/#website"},"primaryImageOfPage":{"@id":"https:\/\/www.sv-freiendiez.de\/?p=4353#primaryimage"},"image":{"@id":"https:\/\/www.sv-freiendiez.de\/?p=4353#primaryimage"},"thumbnailUrl":"https:\/\/www.sv-freiendiez.de\/wp-content\/uploads\/2022\/10\/ksf2003freiendiez_10-300x258.jpg","datePublished":"2022-10-25T16:21:48+00:00","dateModified":"2022-11-03T19:09:33+00:00","breadcrumb":{"@id":"https:\/\/www.sv-freiendiez.de\/?p=4353#breadcrumb"},"inLanguage":"de","potentialAction":[{"@type":"ReadAction","target":["https:\/\/www.sv-freiendiez.de\/?p=4353"]}]},{"@type":"ImageObject","inLanguage":"de","@id":"https:\/\/www.sv-freiendiez.de\/?p=4353#primaryimage","url":"https:\/\/www.sv-freiendiez.de\/wp-content\/uploads\/2022\/10\/ksf2003freiendiez_10.jpg","contentUrl":"https:\/\/www.sv-freiendiez.de\/wp-content\/uploads\/2022\/10\/ksf2003freiendiez_10.jpg","width":405,"height":348},{"@type":"BreadcrumbList","@id":"https:\/\/www.sv-freiendiez.de\/?p=4353#breadcrumb","itemListElement":[{"@type":"ListItem","position":1,"name":"Startseite","item":"https:\/\/www.sv-freiendiez.de\/"},{"@type":"ListItem","position":2,"name":"Es war einmal &#8230;"}]},{"@type":"WebSite","@id":"https:\/\/www.sv-freiendiez.de\/#website","url":"https:\/\/www.sv-freiendiez.de\/","name":"SV Diez-Freiendiez 1928 e.V.","description":"Sch\u00fctzenverein Diez-Freiendiez 1928 e.V.","publisher":{"@id":"https:\/\/www.sv-freiendiez.de\/#organization"},"potentialAction":[{"@type":"SearchAction","target":{"@type":"EntryPoint","urlTemplate":"https:\/\/www.sv-freiendiez.de\/?s={search_term_string}"},"query-input":{"@type":"PropertyValueSpecification","valueRequired":true,"valueName":"search_term_string"}}],"inLanguage":"de"},{"@type":"Organization","@id":"https:\/\/www.sv-freiendiez.de\/#organization","name":"SV Diez-Freiendiez 1928 e.V.","url":"https:\/\/www.sv-freiendiez.de\/","logo":{"@type":"ImageObject","inLanguage":"de","@id":"https:\/\/www.sv-freiendiez.de\/#\/schema\/logo\/image\/","url":"https:\/\/www.sv-freiendiez.de\/wp-content\/uploads\/2016\/12\/cropped-wappen250.png","contentUrl":"https:\/\/www.sv-freiendiez.de\/wp-content\/uploads\/2016\/12\/cropped-wappen250.png","width":250,"height":250,"caption":"SV Diez-Freiendiez 1928 e.V."},"image":{"@id":"https:\/\/www.sv-freiendiez.de\/#\/schema\/logo\/image\/"},"sameAs":["https:\/\/www.facebook.com\/svfreiendiez\/"]},{"@type":"Person","@id":"https:\/\/www.sv-freiendiez.de\/#\/schema\/person\/e506fdcfcb3a8d0b33fb2982e44b9b79","name":"editor","image":{"@type":"ImageObject","inLanguage":"de","@id":"https:\/\/secure.gravatar.com\/avatar\/2e61a0e3091a1495360fb924e613dd25bace1d4a95a687bd9add8c68191636ff?s=96&d=mm&r=g","url":"https:\/\/secure.gravatar.com\/avatar\/2e61a0e3091a1495360fb924e613dd25bace1d4a95a687bd9add8c68191636ff?s=96&d=mm&r=g","contentUrl":"https:\/\/secure.gravatar.com\/avatar\/2e61a0e3091a1495360fb924e613dd25bace1d4a95a687bd9add8c68191636ff?s=96&d=mm&r=g","caption":"editor"},"url":"https:\/\/www.sv-freiendiez.de\/?author=1"}]}},"_links":{"self":[{"href":"https:\/\/www.sv-freiendiez.de\/index.php?rest_route=\/wp\/v2\/posts\/4353","targetHints":{"allow":["GET"]}}],"collection":[{"href":"https:\/\/www.sv-freiendiez.de\/index.php?rest_route=\/wp\/v2\/posts"}],"about":[{"href":"https:\/\/www.sv-freiendiez.de\/index.php?rest_route=\/wp\/v2\/types\/post"}],"author":[{"embeddable":true,"href":"https:\/\/www.sv-freiendiez.de\/index.php?rest_route=\/wp\/v2\/users\/1"}],"replies":[{"embeddable":true,"href":"https:\/\/www.sv-freiendiez.de\/index.php?rest_route=%2Fwp%2Fv2%2Fcomments&post=4353"}],"version-history":[{"count":9,"href":"https:\/\/www.sv-freiendiez.de\/index.php?rest_route=\/wp\/v2\/posts\/4353\/revisions"}],"predecessor-version":[{"id":4374,"href":"https:\/\/www.sv-freiendiez.de\/index.php?rest_route=\/wp\/v2\/posts\/4353\/revisions\/4374"}],"wp:attachment":[{"href":"https:\/\/www.sv-freiendiez.de\/index.php?rest_route=%2Fwp%2Fv2%2Fmedia&parent=4353"}],"wp:term":[{"taxonomy":"category","embeddable":true,"href":"https:\/\/www.sv-freiendiez.de\/index.php?rest_route=%2Fwp%2Fv2%2Fcategories&post=4353"},{"taxonomy":"post_tag","embeddable":true,"href":"https:\/\/www.sv-freiendiez.de\/index.php?rest_route=%2Fwp%2Fv2%2Ftags&post=4353"}],"curies":[{"name":"wp","href":"https:\/\/api.w.org\/{rel}","templated":true}]}}