{"id":4344,"date":"2022-10-22T17:49:35","date_gmt":"2022-10-22T15:49:35","guid":{"rendered":"https:\/\/www.sv-freiendiez.de\/?p=4344"},"modified":"2022-10-22T17:50:48","modified_gmt":"2022-10-22T15:50:48","slug":"es-ist-angeboellert","status":"publish","type":"post","link":"https:\/\/www.sv-freiendiez.de\/?p=4344","title":{"rendered":"Es ist angeb\u00f6llert!"},"content":{"rendered":"<figure id=\"attachment_4345\" aria-describedby=\"caption-attachment-4345\" style=\"width: 300px\" class=\"wp-caption alignleft\"><img loading=\"lazy\" decoding=\"async\" class=\"size-medium wp-image-4345\" src=\"https:\/\/www.sv-freiendiez.de\/wp-content\/uploads\/2022\/10\/20221021_190106_30-300x169.jpg\" alt=\"\" width=\"300\" height=\"169\" srcset=\"https:\/\/www.sv-freiendiez.de\/wp-content\/uploads\/2022\/10\/20221021_190106_30-300x169.jpg 300w, https:\/\/www.sv-freiendiez.de\/wp-content\/uploads\/2022\/10\/20221021_190106_30-1024x575.jpg 1024w, https:\/\/www.sv-freiendiez.de\/wp-content\/uploads\/2022\/10\/20221021_190106_30-768x432.jpg 768w, https:\/\/www.sv-freiendiez.de\/wp-content\/uploads\/2022\/10\/20221021_190106_30.jpg 1210w\" sizes=\"auto, (max-width: 300px) 100vw, 300px\" \/><figcaption id=\"caption-attachment-4345\" class=\"wp-caption-text\">(C) 2022 SV Diez-Freiendiez 1928 e.V.<\/figcaption><\/figure>\n<p style=\"text-align: justify;\">Unsere &#8222;B\u00f6llerm\u00e4nner&#8220; Holger L\u00f6ber und Manfred Tremper haben traditionsgem\u00e4\u00df wieder die diesj\u00e4hrige Freiendiezer Kirmes angeb\u00f6llert. Sie sind der Einladung des <a href=\"https:\/\/freiendiezerev.de\/\" target=\"_blank\" rel=\"noopener\">Freiendiezer e.V.<\/a> gerne gefolgt und haben den Start der Kirmes in Freiendiez mit zwei Handb\u00f6llern und sechs Standb\u00f6ller nach der Devise &#8222;Ohne B\u00f6llern keine Kirmes&#8220; offiziell er\u00f6ffnet.<\/p>\n<p style=\"text-align: justify;\">Kurz vor 19 Uhr bildeten sich Gruppen vom Kirmesm\u00e4del und -burschen und Mitgliedern des Freiendiezer e.V. um das B\u00f6llern Hautnah &#8222;mit flatternder Hose&#8220; zu erleben. Auch einige unserer Sch\u00fctzen lie\u00dfen sich das Spektakel nicht entgehen. Um punkt 19 Uhr war es dann soweit und es krachten insgesamt acht B\u00f6llerschl\u00e4ge durch Freiendiez. Frenetisch gefeiert mit viel Applaus verzog sich der Pulverdampf nur langsam vom Kirmesplatz.<!--more--><\/p>\n<p style=\"text-align: justify;\">Wir vom Sch\u00fctzenverein bedanken uns beim Freiendiezer e.V. f\u00fcr das Vertrauen in unsere &#8222;B\u00f6llerm\u00e4nner&#8220; und f\u00fcr die reichliche Versorgung mit diversen Kaltgetr\u00e4nken. Auch geben wir an dieser Stelle gerne den Dank der beiden B\u00f6ller-Sch\u00fctzen an die zahlreichen Zuschauer f\u00fcr das zahlreiche Erscheinen weiter. &#8222;Das hat uns sehr gefreut und richtig Spa\u00df gemacht&#8220; sagte Holger L\u00f6ber im Anschluss an die Veranstaltung.<\/p>\n<p>Wir w\u00fcnschen den Freiendiezern eine tolle Kirmes und dem Freindiezer e.V. viel Erfolg bei der Durchf\u00fchrung. Bis n\u00e4chstes Jahr!<\/p>\n<p><iframe loading=\"lazy\" title=\"Anb\u00f6llern Freiendiezer Kirmes 2022\" width=\"525\" height=\"295\" src=\"https:\/\/www.youtube.com\/embed\/Q5Ob60kjYNs?feature=oembed\" frameborder=\"0\" allow=\"accelerometer; autoplay; clipboard-write; encrypted-media; gyroscope; picture-in-picture; web-share\" referrerpolicy=\"strict-origin-when-cross-origin\" allowfullscreen><\/iframe><\/p>\nngg_shortcode_0_placeholder\n","protected":false},"excerpt":{"rendered":"<p>Unsere &#8222;B\u00f6llerm\u00e4nner&#8220; Holger L\u00f6ber und Manfred Tremper haben traditionsgem\u00e4\u00df wieder die diesj\u00e4hrige Freiendiezer Kirmes angeb\u00f6llert. Sie sind der Einladung des Freiendiezer e.V. gerne gefolgt und haben den Start der Kirmes in Freiendiez mit zwei Handb\u00f6llern und sechs Standb\u00f6ller nach der Devise &#8222;Ohne B\u00f6llern keine Kirmes&#8220; offiziell er\u00f6ffnet. Kurz vor 19 Uhr bildeten sich Gruppen vom &hellip; <\/p>\n<p class=\"link-more\"><a href=\"https:\/\/www.sv-freiendiez.de\/?p=4344\" class=\"more-link\"><span class=\"screen-reader-text\">\u201eEs ist angeb\u00f6llert!\u201c<\/span> weiterlesen<\/a><\/p>\n","protected":false},"author":1,"featured_media":0,"comment_status":"closed","ping_status":"closed","sticky":false,"template":"","format":"standard","meta":{"ngg_post_thumbnail":0,"footnotes":""},"categories":[32,6],"tags":[],"class_list":["post-4344","post","type-post","status-publish","format-standard","hentry","category-boellern","category-veranstaltungen"],"yoast_head":"<!-- This site is optimized with the Yoast SEO plugin v27.5 - https:\/\/yoast.com\/product\/yoast-seo-wordpress\/ -->\n<title>Es ist angeb\u00f6llert! - SV Diez-Freiendiez 1928 e.V.<\/title>\n<meta name=\"robots\" content=\"index, follow, max-snippet:-1, max-image-preview:large, max-video-preview:-1\" \/>\n<link rel=\"canonical\" href=\"https:\/\/www.sv-freiendiez.de\/?p=4344\" \/>\n<meta property=\"og:locale\" content=\"de_DE\" \/>\n<meta property=\"og:type\" content=\"article\" \/>\n<meta property=\"og:title\" content=\"Es ist angeb\u00f6llert! - SV Diez-Freiendiez 1928 e.V.\" \/>\n<meta property=\"og:description\" content=\"Unsere &#8222;B\u00f6llerm\u00e4nner&#8220; Holger L\u00f6ber und Manfred Tremper haben traditionsgem\u00e4\u00df wieder die diesj\u00e4hrige Freiendiezer Kirmes angeb\u00f6llert. Sie sind der Einladung des Freiendiezer e.V. gerne gefolgt und haben den Start der Kirmes in Freiendiez mit zwei Handb\u00f6llern und sechs Standb\u00f6ller nach der Devise &#8222;Ohne B\u00f6llern keine Kirmes&#8220; offiziell er\u00f6ffnet. Kurz vor 19 Uhr bildeten sich Gruppen vom &hellip; \u201eEs ist angeb\u00f6llert!\u201c weiterlesen\" \/>\n<meta property=\"og:url\" content=\"https:\/\/www.sv-freiendiez.de\/?p=4344\" \/>\n<meta property=\"og:site_name\" content=\"SV Diez-Freiendiez 1928 e.V.\" \/>\n<meta property=\"article:publisher\" content=\"https:\/\/www.facebook.com\/svfreiendiez\/\" \/>\n<meta property=\"article:published_time\" content=\"2022-10-22T15:49:35+00:00\" \/>\n<meta property=\"article:modified_time\" content=\"2022-10-22T15:50:48+00:00\" \/>\n<meta property=\"og:image\" content=\"https:\/\/www.sv-freiendiez.de\/wp-content\/uploads\/2022\/10\/20221021_190106_30-300x169.jpg\" \/>\n<meta name=\"author\" content=\"editor\" \/>\n<meta name=\"twitter:card\" content=\"summary_large_image\" \/>\n<meta name=\"twitter:label1\" content=\"Verfasst von\" \/>\n\t<meta name=\"twitter:data1\" content=\"editor\" \/>\n\t<meta name=\"twitter:label2\" content=\"Gesch\u00e4tzte Lesezeit\" \/>\n\t<meta name=\"twitter:data2\" content=\"2\u00a0Minuten\" \/>\n<script type=\"application\/ld+json\" class=\"yoast-schema-graph\">{\"@context\":\"https:\\\/\\\/schema.org\",\"@graph\":[{\"@type\":\"Article\",\"@id\":\"https:\\\/\\\/www.sv-freiendiez.de\\\/?p=4344#article\",\"isPartOf\":{\"@id\":\"https:\\\/\\\/www.sv-freiendiez.de\\\/?p=4344\"},\"author\":{\"name\":\"editor\",\"@id\":\"https:\\\/\\\/www.sv-freiendiez.de\\\/#\\\/schema\\\/person\\\/e506fdcfcb3a8d0b33fb2982e44b9b79\"},\"headline\":\"Es ist angeb\u00f6llert!\",\"datePublished\":\"2022-10-22T15:49:35+00:00\",\"dateModified\":\"2022-10-22T15:50:48+00:00\",\"mainEntityOfPage\":{\"@id\":\"https:\\\/\\\/www.sv-freiendiez.de\\\/?p=4344\"},\"wordCount\":251,\"publisher\":{\"@id\":\"https:\\\/\\\/www.sv-freiendiez.de\\\/#organization\"},\"image\":{\"@id\":\"https:\\\/\\\/www.sv-freiendiez.de\\\/?p=4344#primaryimage\"},\"thumbnailUrl\":\"https:\\\/\\\/www.sv-freiendiez.de\\\/wp-content\\\/uploads\\\/2022\\\/10\\\/20221021_190106_30-300x169.jpg\",\"articleSection\":[\"B\u00f6llern\",\"Veranstaltungen\"],\"inLanguage\":\"de\"},{\"@type\":\"WebPage\",\"@id\":\"https:\\\/\\\/www.sv-freiendiez.de\\\/?p=4344\",\"url\":\"https:\\\/\\\/www.sv-freiendiez.de\\\/?p=4344\",\"name\":\"Es ist angeb\u00f6llert! - SV Diez-Freiendiez 1928 e.V.\",\"isPartOf\":{\"@id\":\"https:\\\/\\\/www.sv-freiendiez.de\\\/#website\"},\"primaryImageOfPage\":{\"@id\":\"https:\\\/\\\/www.sv-freiendiez.de\\\/?p=4344#primaryimage\"},\"image\":{\"@id\":\"https:\\\/\\\/www.sv-freiendiez.de\\\/?p=4344#primaryimage\"},\"thumbnailUrl\":\"https:\\\/\\\/www.sv-freiendiez.de\\\/wp-content\\\/uploads\\\/2022\\\/10\\\/20221021_190106_30-300x169.jpg\",\"datePublished\":\"2022-10-22T15:49:35+00:00\",\"dateModified\":\"2022-10-22T15:50:48+00:00\",\"breadcrumb\":{\"@id\":\"https:\\\/\\\/www.sv-freiendiez.de\\\/?p=4344#breadcrumb\"},\"inLanguage\":\"de\",\"potentialAction\":[{\"@type\":\"ReadAction\",\"target\":[\"https:\\\/\\\/www.sv-freiendiez.de\\\/?p=4344\"]}]},{\"@type\":\"ImageObject\",\"inLanguage\":\"de\",\"@id\":\"https:\\\/\\\/www.sv-freiendiez.de\\\/?p=4344#primaryimage\",\"url\":\"https:\\\/\\\/www.sv-freiendiez.de\\\/wp-content\\\/uploads\\\/2022\\\/10\\\/20221021_190106_30.jpg\",\"contentUrl\":\"https:\\\/\\\/www.sv-freiendiez.de\\\/wp-content\\\/uploads\\\/2022\\\/10\\\/20221021_190106_30.jpg\",\"width\":1210,\"height\":680,\"caption\":\"(C) 2022 SV Diez-Freiendiez 1928 e.V.\"},{\"@type\":\"BreadcrumbList\",\"@id\":\"https:\\\/\\\/www.sv-freiendiez.de\\\/?p=4344#breadcrumb\",\"itemListElement\":[{\"@type\":\"ListItem\",\"position\":1,\"name\":\"Startseite\",\"item\":\"https:\\\/\\\/www.sv-freiendiez.de\\\/\"},{\"@type\":\"ListItem\",\"position\":2,\"name\":\"Es ist angeb\u00f6llert!\"}]},{\"@type\":\"WebSite\",\"@id\":\"https:\\\/\\\/www.sv-freiendiez.de\\\/#website\",\"url\":\"https:\\\/\\\/www.sv-freiendiez.de\\\/\",\"name\":\"SV Diez-Freiendiez 1928 e.V.\",\"description\":\"Sch\u00fctzenverein Diez-Freiendiez 1928 e.V.\",\"publisher\":{\"@id\":\"https:\\\/\\\/www.sv-freiendiez.de\\\/#organization\"},\"potentialAction\":[{\"@type\":\"SearchAction\",\"target\":{\"@type\":\"EntryPoint\",\"urlTemplate\":\"https:\\\/\\\/www.sv-freiendiez.de\\\/?s={search_term_string}\"},\"query-input\":{\"@type\":\"PropertyValueSpecification\",\"valueRequired\":true,\"valueName\":\"search_term_string\"}}],\"inLanguage\":\"de\"},{\"@type\":\"Organization\",\"@id\":\"https:\\\/\\\/www.sv-freiendiez.de\\\/#organization\",\"name\":\"SV Diez-Freiendiez 1928 e.V.\",\"url\":\"https:\\\/\\\/www.sv-freiendiez.de\\\/\",\"logo\":{\"@type\":\"ImageObject\",\"inLanguage\":\"de\",\"@id\":\"https:\\\/\\\/www.sv-freiendiez.de\\\/#\\\/schema\\\/logo\\\/image\\\/\",\"url\":\"https:\\\/\\\/www.sv-freiendiez.de\\\/wp-content\\\/uploads\\\/2016\\\/12\\\/cropped-wappen250.png\",\"contentUrl\":\"https:\\\/\\\/www.sv-freiendiez.de\\\/wp-content\\\/uploads\\\/2016\\\/12\\\/cropped-wappen250.png\",\"width\":250,\"height\":250,\"caption\":\"SV Diez-Freiendiez 1928 e.V.\"},\"image\":{\"@id\":\"https:\\\/\\\/www.sv-freiendiez.de\\\/#\\\/schema\\\/logo\\\/image\\\/\"},\"sameAs\":[\"https:\\\/\\\/www.facebook.com\\\/svfreiendiez\\\/\"]},{\"@type\":\"Person\",\"@id\":\"https:\\\/\\\/www.sv-freiendiez.de\\\/#\\\/schema\\\/person\\\/e506fdcfcb3a8d0b33fb2982e44b9b79\",\"name\":\"editor\",\"image\":{\"@type\":\"ImageObject\",\"inLanguage\":\"de\",\"@id\":\"https:\\\/\\\/secure.gravatar.com\\\/avatar\\\/2e61a0e3091a1495360fb924e613dd25bace1d4a95a687bd9add8c68191636ff?s=96&d=mm&r=g\",\"url\":\"https:\\\/\\\/secure.gravatar.com\\\/avatar\\\/2e61a0e3091a1495360fb924e613dd25bace1d4a95a687bd9add8c68191636ff?s=96&d=mm&r=g\",\"contentUrl\":\"https:\\\/\\\/secure.gravatar.com\\\/avatar\\\/2e61a0e3091a1495360fb924e613dd25bace1d4a95a687bd9add8c68191636ff?s=96&d=mm&r=g\",\"caption\":\"editor\"},\"url\":\"https:\\\/\\\/www.sv-freiendiez.de\\\/?author=1\"}]}<\/script>\n<!-- \/ Yoast SEO plugin. -->","yoast_head_json":{"title":"Es ist angeb\u00f6llert! - SV Diez-Freiendiez 1928 e.V.","robots":{"index":"index","follow":"follow","max-snippet":"max-snippet:-1","max-image-preview":"max-image-preview:large","max-video-preview":"max-video-preview:-1"},"canonical":"https:\/\/www.sv-freiendiez.de\/?p=4344","og_locale":"de_DE","og_type":"article","og_title":"Es ist angeb\u00f6llert! - SV Diez-Freiendiez 1928 e.V.","og_description":"Unsere &#8222;B\u00f6llerm\u00e4nner&#8220; Holger L\u00f6ber und Manfred Tremper haben traditionsgem\u00e4\u00df wieder die diesj\u00e4hrige Freiendiezer Kirmes angeb\u00f6llert. Sie sind der Einladung des Freiendiezer e.V. gerne gefolgt und haben den Start der Kirmes in Freiendiez mit zwei Handb\u00f6llern und sechs Standb\u00f6ller nach der Devise &#8222;Ohne B\u00f6llern keine Kirmes&#8220; offiziell er\u00f6ffnet. Kurz vor 19 Uhr bildeten sich Gruppen vom &hellip; \u201eEs ist angeb\u00f6llert!\u201c weiterlesen","og_url":"https:\/\/www.sv-freiendiez.de\/?p=4344","og_site_name":"SV Diez-Freiendiez 1928 e.V.","article_publisher":"https:\/\/www.facebook.com\/svfreiendiez\/","article_published_time":"2022-10-22T15:49:35+00:00","article_modified_time":"2022-10-22T15:50:48+00:00","og_image":[{"url":"https:\/\/www.sv-freiendiez.de\/wp-content\/uploads\/2022\/10\/20221021_190106_30-300x169.jpg","type":"","width":"","height":""}],"author":"editor","twitter_card":"summary_large_image","twitter_misc":{"Verfasst von":"editor","Gesch\u00e4tzte Lesezeit":"2\u00a0Minuten"},"schema":{"@context":"https:\/\/schema.org","@graph":[{"@type":"Article","@id":"https:\/\/www.sv-freiendiez.de\/?p=4344#article","isPartOf":{"@id":"https:\/\/www.sv-freiendiez.de\/?p=4344"},"author":{"name":"editor","@id":"https:\/\/www.sv-freiendiez.de\/#\/schema\/person\/e506fdcfcb3a8d0b33fb2982e44b9b79"},"headline":"Es ist angeb\u00f6llert!","datePublished":"2022-10-22T15:49:35+00:00","dateModified":"2022-10-22T15:50:48+00:00","mainEntityOfPage":{"@id":"https:\/\/www.sv-freiendiez.de\/?p=4344"},"wordCount":251,"publisher":{"@id":"https:\/\/www.sv-freiendiez.de\/#organization"},"image":{"@id":"https:\/\/www.sv-freiendiez.de\/?p=4344#primaryimage"},"thumbnailUrl":"https:\/\/www.sv-freiendiez.de\/wp-content\/uploads\/2022\/10\/20221021_190106_30-300x169.jpg","articleSection":["B\u00f6llern","Veranstaltungen"],"inLanguage":"de"},{"@type":"WebPage","@id":"https:\/\/www.sv-freiendiez.de\/?p=4344","url":"https:\/\/www.sv-freiendiez.de\/?p=4344","name":"Es ist angeb\u00f6llert! - SV Diez-Freiendiez 1928 e.V.","isPartOf":{"@id":"https:\/\/www.sv-freiendiez.de\/#website"},"primaryImageOfPage":{"@id":"https:\/\/www.sv-freiendiez.de\/?p=4344#primaryimage"},"image":{"@id":"https:\/\/www.sv-freiendiez.de\/?p=4344#primaryimage"},"thumbnailUrl":"https:\/\/www.sv-freiendiez.de\/wp-content\/uploads\/2022\/10\/20221021_190106_30-300x169.jpg","datePublished":"2022-10-22T15:49:35+00:00","dateModified":"2022-10-22T15:50:48+00:00","breadcrumb":{"@id":"https:\/\/www.sv-freiendiez.de\/?p=4344#breadcrumb"},"inLanguage":"de","potentialAction":[{"@type":"ReadAction","target":["https:\/\/www.sv-freiendiez.de\/?p=4344"]}]},{"@type":"ImageObject","inLanguage":"de","@id":"https:\/\/www.sv-freiendiez.de\/?p=4344#primaryimage","url":"https:\/\/www.sv-freiendiez.de\/wp-content\/uploads\/2022\/10\/20221021_190106_30.jpg","contentUrl":"https:\/\/www.sv-freiendiez.de\/wp-content\/uploads\/2022\/10\/20221021_190106_30.jpg","width":1210,"height":680,"caption":"(C) 2022 SV Diez-Freiendiez 1928 e.V."},{"@type":"BreadcrumbList","@id":"https:\/\/www.sv-freiendiez.de\/?p=4344#breadcrumb","itemListElement":[{"@type":"ListItem","position":1,"name":"Startseite","item":"https:\/\/www.sv-freiendiez.de\/"},{"@type":"ListItem","position":2,"name":"Es ist angeb\u00f6llert!"}]},{"@type":"WebSite","@id":"https:\/\/www.sv-freiendiez.de\/#website","url":"https:\/\/www.sv-freiendiez.de\/","name":"SV Diez-Freiendiez 1928 e.V.","description":"Sch\u00fctzenverein Diez-Freiendiez 1928 e.V.","publisher":{"@id":"https:\/\/www.sv-freiendiez.de\/#organization"},"potentialAction":[{"@type":"SearchAction","target":{"@type":"EntryPoint","urlTemplate":"https:\/\/www.sv-freiendiez.de\/?s={search_term_string}"},"query-input":{"@type":"PropertyValueSpecification","valueRequired":true,"valueName":"search_term_string"}}],"inLanguage":"de"},{"@type":"Organization","@id":"https:\/\/www.sv-freiendiez.de\/#organization","name":"SV Diez-Freiendiez 1928 e.V.","url":"https:\/\/www.sv-freiendiez.de\/","logo":{"@type":"ImageObject","inLanguage":"de","@id":"https:\/\/www.sv-freiendiez.de\/#\/schema\/logo\/image\/","url":"https:\/\/www.sv-freiendiez.de\/wp-content\/uploads\/2016\/12\/cropped-wappen250.png","contentUrl":"https:\/\/www.sv-freiendiez.de\/wp-content\/uploads\/2016\/12\/cropped-wappen250.png","width":250,"height":250,"caption":"SV Diez-Freiendiez 1928 e.V."},"image":{"@id":"https:\/\/www.sv-freiendiez.de\/#\/schema\/logo\/image\/"},"sameAs":["https:\/\/www.facebook.com\/svfreiendiez\/"]},{"@type":"Person","@id":"https:\/\/www.sv-freiendiez.de\/#\/schema\/person\/e506fdcfcb3a8d0b33fb2982e44b9b79","name":"editor","image":{"@type":"ImageObject","inLanguage":"de","@id":"https:\/\/secure.gravatar.com\/avatar\/2e61a0e3091a1495360fb924e613dd25bace1d4a95a687bd9add8c68191636ff?s=96&d=mm&r=g","url":"https:\/\/secure.gravatar.com\/avatar\/2e61a0e3091a1495360fb924e613dd25bace1d4a95a687bd9add8c68191636ff?s=96&d=mm&r=g","contentUrl":"https:\/\/secure.gravatar.com\/avatar\/2e61a0e3091a1495360fb924e613dd25bace1d4a95a687bd9add8c68191636ff?s=96&d=mm&r=g","caption":"editor"},"url":"https:\/\/www.sv-freiendiez.de\/?author=1"}]}},"_links":{"self":[{"href":"https:\/\/www.sv-freiendiez.de\/index.php?rest_route=\/wp\/v2\/posts\/4344","targetHints":{"allow":["GET"]}}],"collection":[{"href":"https:\/\/www.sv-freiendiez.de\/index.php?rest_route=\/wp\/v2\/posts"}],"about":[{"href":"https:\/\/www.sv-freiendiez.de\/index.php?rest_route=\/wp\/v2\/types\/post"}],"author":[{"embeddable":true,"href":"https:\/\/www.sv-freiendiez.de\/index.php?rest_route=\/wp\/v2\/users\/1"}],"replies":[{"embeddable":true,"href":"https:\/\/www.sv-freiendiez.de\/index.php?rest_route=%2Fwp%2Fv2%2Fcomments&post=4344"}],"version-history":[{"count":2,"href":"https:\/\/www.sv-freiendiez.de\/index.php?rest_route=\/wp\/v2\/posts\/4344\/revisions"}],"predecessor-version":[{"id":4352,"href":"https:\/\/www.sv-freiendiez.de\/index.php?rest_route=\/wp\/v2\/posts\/4344\/revisions\/4352"}],"wp:attachment":[{"href":"https:\/\/www.sv-freiendiez.de\/index.php?rest_route=%2Fwp%2Fv2%2Fmedia&parent=4344"}],"wp:term":[{"taxonomy":"category","embeddable":true,"href":"https:\/\/www.sv-freiendiez.de\/index.php?rest_route=%2Fwp%2Fv2%2Fcategories&post=4344"},{"taxonomy":"post_tag","embeddable":true,"href":"https:\/\/www.sv-freiendiez.de\/index.php?rest_route=%2Fwp%2Fv2%2Ftags&post=4344"}],"curies":[{"name":"wp","href":"https:\/\/api.w.org\/{rel}","templated":true}]}}