{"id":4318,"date":"2022-10-17T22:07:18","date_gmt":"2022-10-17T20:07:18","guid":{"rendered":"https:\/\/www.sv-freiendiez.de\/?p=4318"},"modified":"2022-10-17T22:06:08","modified_gmt":"2022-10-17T20:06:08","slug":"hoch-lebe-der-buergerkoenig","status":"publish","type":"post","link":"https:\/\/www.sv-freiendiez.de\/?p=4318","title":{"rendered":"Hoch lebe der B\u00fcrgerk\u00f6nig!"},"content":{"rendered":"<figure id=\"attachment_4321\" aria-describedby=\"caption-attachment-4321\" style=\"width: 300px\" class=\"wp-caption alignright\"><img loading=\"lazy\" decoding=\"async\" class=\"size-medium wp-image-4321\" src=\"https:\/\/www.sv-freiendiez.de\/wp-content\/uploads\/2022\/10\/20221016_143211-300x169.jpg\" alt=\"\" width=\"300\" height=\"169\" srcset=\"https:\/\/www.sv-freiendiez.de\/wp-content\/uploads\/2022\/10\/20221016_143211-300x169.jpg 300w, https:\/\/www.sv-freiendiez.de\/wp-content\/uploads\/2022\/10\/20221016_143211-1024x576.jpg 1024w, https:\/\/www.sv-freiendiez.de\/wp-content\/uploads\/2022\/10\/20221016_143211-768x432.jpg 768w, https:\/\/www.sv-freiendiez.de\/wp-content\/uploads\/2022\/10\/20221016_143211-1536x864.jpg 1536w, https:\/\/www.sv-freiendiez.de\/wp-content\/uploads\/2022\/10\/20221016_143211-1320x742.jpg 1320w, https:\/\/www.sv-freiendiez.de\/wp-content\/uploads\/2022\/10\/20221016_143211.jpg 1613w\" sizes=\"auto, (max-width: 300px) 100vw, 300px\" \/><figcaption id=\"caption-attachment-4321\" class=\"wp-caption-text\">(C) 2022 SV Diez-Freiendiez<br \/>Sieger in der Mannschaftswertung MC Germania mit dem B\u00fcrgerk\u00f6nig Fabian Felix und desse Mannschaft des Freiendiezer e.V.; in der Mitte Holger L\u00f6ber, 1. Vorsitzender des SV Diez-Freiendiez<\/figcaption><\/figure>\n<p style=\"text-align: justify;\">Endlich mal wieder richtig Leben in der Bude! Nach zwei Jahren Corona bedingter Pause hatten wir wieder zum B\u00fcrgerk\u00f6nigsschie\u00dfen zu uns in Sch\u00fctzenhaus eingeladen. Drei Vereine (DRK Diez, MC Germania und der Freiendiezer e.V.) und einige Einzelsch\u00fctzen folgten der Einladung. Die Mitglieder\/innen des DRK Diez stellten 3 Mannschaften, die MC Germania und der Freiendiezer e.V. jeweils eine.<\/p>\n<p>Geschossen wurde auf dem 50m Stand mit dem KK-Gewehr. Jeder Sch\u00fctze\/Sch\u00fctzin konnte f\u00fcr seine Mannschaft maximal 5 Serien zu je 3 Schuss abgeben. Die Summe der besten Serie einer Mannschaft wurde als Mannschafts-Ergebnis gewertet.<!--more--><\/p>\n<p style=\"text-align: justify;\">So erreichte die Mannschaft DRK2 mit 78 Ringen den 5. Platz, das Team DRK1 mit 80 Ringen den 4. Platz, der Freiendiezer e.V. mit 82 Ringen den 3. Platz, die Mannschaft der DRK3 den zweiten Platz. <strong>Sieger in der Mannschaftswertung wurde die MC Germania mit 102 Ringen.<\/strong><\/p>\n<p style=\"text-align: justify;\">Erw\u00e4hnenswert ist, das uns die ausgeschriebenen Geldpreise f\u00fcr die ersten drei Pl\u00e4tze in der Mannschftswertung von den Gewinnern f\u00fcr unsere Jugend gespendet wurde. Im Namen unserer Jugendabteilung bedanken wir uns daf\u00fcr!<\/p>\n<p style=\"text-align: justify;\">F\u00fcr die Ermittlung des B\u00fcrgerk\u00f6nigs\/-k\u00f6nigin durften die 10 besten Einzelsch\u00fctzen zum Abschluss auf die Ehrenscheibe schie\u00dfen. Dabei wurde von jedem Sch\u00fctzen\/Sch\u00fctzin ein Schuss abgegeben. Die Sch\u00fctzin oder der Sch\u00fctze, der der 10 mit seinem Schuss am n\u00e4chsten kommt, wird B\u00fcrgerk\u00f6nig.<\/p>\n<p style=\"text-align: justify;\">Dieses Jahr war es knapp. Fabian Felix (Freiendiezer e.V.) konnte seinen Schuss weniger als einige zehntel Millimeter n\u00e4her an die Zehn setzen als Katja Schmidt (DRK2). Damit hei\u00dft der <strong>B\u00fcrgerk\u00f6nig dieses Jahr Fabian Felix!<\/strong> Herzlichen Gl\u00fcckwunsch!!<\/p>\n<figure id=\"attachment_4321\" aria-describedby=\"caption-attachment-4321\" style=\"width: 1613px\" class=\"wp-caption aligncenter\"><img loading=\"lazy\" decoding=\"async\" class=\"size-full wp-image-4321\" src=\"https:\/\/www.sv-freiendiez.de\/wp-content\/uploads\/2022\/10\/20221016_143211.jpg\" alt=\"\" width=\"1613\" height=\"907\" srcset=\"https:\/\/www.sv-freiendiez.de\/wp-content\/uploads\/2022\/10\/20221016_143211.jpg 1613w, https:\/\/www.sv-freiendiez.de\/wp-content\/uploads\/2022\/10\/20221016_143211-300x169.jpg 300w, https:\/\/www.sv-freiendiez.de\/wp-content\/uploads\/2022\/10\/20221016_143211-1024x576.jpg 1024w, https:\/\/www.sv-freiendiez.de\/wp-content\/uploads\/2022\/10\/20221016_143211-768x432.jpg 768w, https:\/\/www.sv-freiendiez.de\/wp-content\/uploads\/2022\/10\/20221016_143211-1536x864.jpg 1536w, https:\/\/www.sv-freiendiez.de\/wp-content\/uploads\/2022\/10\/20221016_143211-1320x742.jpg 1320w\" sizes=\"auto, (max-width: 767px) 89vw, (max-width: 1000px) 54vw, (max-width: 1071px) 543px, 580px\" \/><figcaption id=\"caption-attachment-4321\" class=\"wp-caption-text\">(C) 2022 SV Diez-Freiendiez<br \/>Sieger in der Mannschaftswertung MC Germania mit dem B\u00fcrgerk\u00f6nig Fabian Felix und desse Mannschaft des Freiendiezer e.V.; in der Mitte Holger L\u00f6ber, 1. Vorsitzender des SV Diez-Freiendiez<\/figcaption><\/figure>\n<p style=\"text-align: justify;\">Wir haben uns \u00fcber die gro\u00dfe Resonanz unserer Traditionsveranstaltung nach zwei Jahren Pause sehr gefreut. Wir haben ein gro\u00dfartiges Feedback von den Teilnehmern erhalten. In Gespr\u00e4chen kam heraus, wie wichtig den Teilnehmern auch die Interaktion mit den anderen Vereinen ist und welchen wichtigen Platz diese Veranstaltung in den Kalendern der Vereine hat. N\u00e4chstes Jahr gibt es eine Wiederauflage des B\u00fcgerk\u00f6nigsschie\u00dfen, versprochen.<\/p>\n<p style=\"text-align: justify;\">Gefreut haben wir uns \u00fcber den Besuch beider Kandidatinnen f\u00fcr die Verbandsb\u00fcrgermeister\/innen Wahl der Verbandsgemeinde Diez. Sowohl Jennifer Zorn als auch Maren Busch haben sich als Sch\u00fctzen versucht und lieferten dabei durchaus gute Ergebnisse ab. Beide nutzten dabei die Gelegenheit, sich \u00fcber unseren Verein und unseren Sport ausf\u00fchrlich zu informieren.<\/p>\n<p style=\"text-align: justify;\">Wir gratulieren den Gewinnern und bedanken uns f\u00fcr das zahlreiche Erscheinen. Es war uns eine Freude!<\/p>\n<p style=\"text-align: justify;\">Bis zum n\u00e4chsten Jahr!<\/p>\nngg_shortcode_0_placeholder\n","protected":false},"excerpt":{"rendered":"<p>Endlich mal wieder richtig Leben in der Bude! Nach zwei Jahren Corona bedingter Pause hatten wir wieder zum B\u00fcrgerk\u00f6nigsschie\u00dfen zu uns in Sch\u00fctzenhaus eingeladen. Drei Vereine (DRK Diez, MC Germania und der Freiendiezer e.V.) und einige Einzelsch\u00fctzen folgten der Einladung. Die Mitglieder\/innen des DRK Diez stellten 3 Mannschaften, die MC Germania und der Freiendiezer e.V. &hellip; <\/p>\n<p class=\"link-more\"><a href=\"https:\/\/www.sv-freiendiez.de\/?p=4318\" class=\"more-link\"><span class=\"screen-reader-text\">\u201eHoch lebe der B\u00fcrgerk\u00f6nig!\u201c<\/span> weiterlesen<\/a><\/p>\n","protected":false},"author":1,"featured_media":0,"comment_status":"closed","ping_status":"closed","sticky":false,"template":"","format":"standard","meta":{"ngg_post_thumbnail":0,"footnotes":""},"categories":[1,51,6],"tags":[],"class_list":["post-4318","post","type-post","status-publish","format-standard","hentry","category-allgemein","category-buergerkoenig","category-veranstaltungen"],"yoast_head":"<!-- This site is optimized with the Yoast SEO plugin v27.5 - https:\/\/yoast.com\/product\/yoast-seo-wordpress\/ -->\n<title>Hoch lebe der B\u00fcrgerk\u00f6nig! - SV Diez-Freiendiez 1928 e.V.<\/title>\n<meta name=\"robots\" content=\"index, follow, max-snippet:-1, max-image-preview:large, max-video-preview:-1\" \/>\n<link rel=\"canonical\" href=\"https:\/\/www.sv-freiendiez.de\/?p=4318\" \/>\n<meta property=\"og:locale\" content=\"de_DE\" \/>\n<meta property=\"og:type\" content=\"article\" \/>\n<meta property=\"og:title\" content=\"Hoch lebe der B\u00fcrgerk\u00f6nig! - SV Diez-Freiendiez 1928 e.V.\" \/>\n<meta property=\"og:description\" content=\"Endlich mal wieder richtig Leben in der Bude! Nach zwei Jahren Corona bedingter Pause hatten wir wieder zum B\u00fcrgerk\u00f6nigsschie\u00dfen zu uns in Sch\u00fctzenhaus eingeladen. Drei Vereine (DRK Diez, MC Germania und der Freiendiezer e.V.) und einige Einzelsch\u00fctzen folgten der Einladung. Die Mitglieder\/innen des DRK Diez stellten 3 Mannschaften, die MC Germania und der Freiendiezer e.V. &hellip; \u201eHoch lebe der B\u00fcrgerk\u00f6nig!\u201c weiterlesen\" \/>\n<meta property=\"og:url\" content=\"https:\/\/www.sv-freiendiez.de\/?p=4318\" \/>\n<meta property=\"og:site_name\" content=\"SV Diez-Freiendiez 1928 e.V.\" \/>\n<meta property=\"article:publisher\" content=\"https:\/\/www.facebook.com\/svfreiendiez\/\" \/>\n<meta property=\"article:published_time\" content=\"2022-10-17T20:07:18+00:00\" \/>\n<meta property=\"og:image\" content=\"https:\/\/www.sv-freiendiez.de\/wp-content\/uploads\/2022\/10\/20221016_143211-300x169.jpg\" \/>\n<meta name=\"author\" content=\"editor\" \/>\n<meta name=\"twitter:card\" content=\"summary_large_image\" \/>\n<meta name=\"twitter:label1\" content=\"Verfasst von\" \/>\n\t<meta name=\"twitter:data1\" content=\"editor\" \/>\n\t<meta name=\"twitter:label2\" content=\"Gesch\u00e4tzte Lesezeit\" \/>\n\t<meta name=\"twitter:data2\" content=\"3\u00a0Minuten\" \/>\n<script type=\"application\/ld+json\" class=\"yoast-schema-graph\">{\"@context\":\"https:\\\/\\\/schema.org\",\"@graph\":[{\"@type\":\"Article\",\"@id\":\"https:\\\/\\\/www.sv-freiendiez.de\\\/?p=4318#article\",\"isPartOf\":{\"@id\":\"https:\\\/\\\/www.sv-freiendiez.de\\\/?p=4318\"},\"author\":{\"name\":\"editor\",\"@id\":\"https:\\\/\\\/www.sv-freiendiez.de\\\/#\\\/schema\\\/person\\\/e506fdcfcb3a8d0b33fb2982e44b9b79\"},\"headline\":\"Hoch lebe der B\u00fcrgerk\u00f6nig!\",\"datePublished\":\"2022-10-17T20:07:18+00:00\",\"mainEntityOfPage\":{\"@id\":\"https:\\\/\\\/www.sv-freiendiez.de\\\/?p=4318\"},\"wordCount\":508,\"publisher\":{\"@id\":\"https:\\\/\\\/www.sv-freiendiez.de\\\/#organization\"},\"image\":{\"@id\":\"https:\\\/\\\/www.sv-freiendiez.de\\\/?p=4318#primaryimage\"},\"thumbnailUrl\":\"https:\\\/\\\/www.sv-freiendiez.de\\\/wp-content\\\/uploads\\\/2022\\\/10\\\/20221016_143211-300x169.jpg\",\"articleSection\":{\"1\":\"B\u00fcrgerk\u00f6nig\",\"2\":\"Veranstaltungen\"},\"inLanguage\":\"de\"},{\"@type\":\"WebPage\",\"@id\":\"https:\\\/\\\/www.sv-freiendiez.de\\\/?p=4318\",\"url\":\"https:\\\/\\\/www.sv-freiendiez.de\\\/?p=4318\",\"name\":\"Hoch lebe der B\u00fcrgerk\u00f6nig! - SV Diez-Freiendiez 1928 e.V.\",\"isPartOf\":{\"@id\":\"https:\\\/\\\/www.sv-freiendiez.de\\\/#website\"},\"primaryImageOfPage\":{\"@id\":\"https:\\\/\\\/www.sv-freiendiez.de\\\/?p=4318#primaryimage\"},\"image\":{\"@id\":\"https:\\\/\\\/www.sv-freiendiez.de\\\/?p=4318#primaryimage\"},\"thumbnailUrl\":\"https:\\\/\\\/www.sv-freiendiez.de\\\/wp-content\\\/uploads\\\/2022\\\/10\\\/20221016_143211-300x169.jpg\",\"datePublished\":\"2022-10-17T20:07:18+00:00\",\"breadcrumb\":{\"@id\":\"https:\\\/\\\/www.sv-freiendiez.de\\\/?p=4318#breadcrumb\"},\"inLanguage\":\"de\",\"potentialAction\":[{\"@type\":\"ReadAction\",\"target\":[\"https:\\\/\\\/www.sv-freiendiez.de\\\/?p=4318\"]}]},{\"@type\":\"ImageObject\",\"inLanguage\":\"de\",\"@id\":\"https:\\\/\\\/www.sv-freiendiez.de\\\/?p=4318#primaryimage\",\"url\":\"https:\\\/\\\/www.sv-freiendiez.de\\\/wp-content\\\/uploads\\\/2022\\\/10\\\/20221016_143211.jpg\",\"contentUrl\":\"https:\\\/\\\/www.sv-freiendiez.de\\\/wp-content\\\/uploads\\\/2022\\\/10\\\/20221016_143211.jpg\",\"width\":1613,\"height\":907,\"caption\":\"(C) 2022 SV Diez-Freiendiez Sieger in der Mannschaftswertung MC Germania mit dem B\u00fcrgerk\u00f6nig Fabian Felix und desse Mannschaft des Freiendiezer e.V.; in der Mitte Holger L\u00f6ber, 1. Vorsitzender des SV Diez-Freiendiez\"},{\"@type\":\"BreadcrumbList\",\"@id\":\"https:\\\/\\\/www.sv-freiendiez.de\\\/?p=4318#breadcrumb\",\"itemListElement\":[{\"@type\":\"ListItem\",\"position\":1,\"name\":\"Startseite\",\"item\":\"https:\\\/\\\/www.sv-freiendiez.de\\\/\"},{\"@type\":\"ListItem\",\"position\":2,\"name\":\"Hoch lebe der B\u00fcrgerk\u00f6nig!\"}]},{\"@type\":\"WebSite\",\"@id\":\"https:\\\/\\\/www.sv-freiendiez.de\\\/#website\",\"url\":\"https:\\\/\\\/www.sv-freiendiez.de\\\/\",\"name\":\"SV Diez-Freiendiez 1928 e.V.\",\"description\":\"Sch\u00fctzenverein Diez-Freiendiez 1928 e.V.\",\"publisher\":{\"@id\":\"https:\\\/\\\/www.sv-freiendiez.de\\\/#organization\"},\"potentialAction\":[{\"@type\":\"SearchAction\",\"target\":{\"@type\":\"EntryPoint\",\"urlTemplate\":\"https:\\\/\\\/www.sv-freiendiez.de\\\/?s={search_term_string}\"},\"query-input\":{\"@type\":\"PropertyValueSpecification\",\"valueRequired\":true,\"valueName\":\"search_term_string\"}}],\"inLanguage\":\"de\"},{\"@type\":\"Organization\",\"@id\":\"https:\\\/\\\/www.sv-freiendiez.de\\\/#organization\",\"name\":\"SV Diez-Freiendiez 1928 e.V.\",\"url\":\"https:\\\/\\\/www.sv-freiendiez.de\\\/\",\"logo\":{\"@type\":\"ImageObject\",\"inLanguage\":\"de\",\"@id\":\"https:\\\/\\\/www.sv-freiendiez.de\\\/#\\\/schema\\\/logo\\\/image\\\/\",\"url\":\"https:\\\/\\\/www.sv-freiendiez.de\\\/wp-content\\\/uploads\\\/2016\\\/12\\\/cropped-wappen250.png\",\"contentUrl\":\"https:\\\/\\\/www.sv-freiendiez.de\\\/wp-content\\\/uploads\\\/2016\\\/12\\\/cropped-wappen250.png\",\"width\":250,\"height\":250,\"caption\":\"SV Diez-Freiendiez 1928 e.V.\"},\"image\":{\"@id\":\"https:\\\/\\\/www.sv-freiendiez.de\\\/#\\\/schema\\\/logo\\\/image\\\/\"},\"sameAs\":[\"https:\\\/\\\/www.facebook.com\\\/svfreiendiez\\\/\"]},{\"@type\":\"Person\",\"@id\":\"https:\\\/\\\/www.sv-freiendiez.de\\\/#\\\/schema\\\/person\\\/e506fdcfcb3a8d0b33fb2982e44b9b79\",\"name\":\"editor\",\"image\":{\"@type\":\"ImageObject\",\"inLanguage\":\"de\",\"@id\":\"https:\\\/\\\/secure.gravatar.com\\\/avatar\\\/2e61a0e3091a1495360fb924e613dd25bace1d4a95a687bd9add8c68191636ff?s=96&d=mm&r=g\",\"url\":\"https:\\\/\\\/secure.gravatar.com\\\/avatar\\\/2e61a0e3091a1495360fb924e613dd25bace1d4a95a687bd9add8c68191636ff?s=96&d=mm&r=g\",\"contentUrl\":\"https:\\\/\\\/secure.gravatar.com\\\/avatar\\\/2e61a0e3091a1495360fb924e613dd25bace1d4a95a687bd9add8c68191636ff?s=96&d=mm&r=g\",\"caption\":\"editor\"},\"url\":\"https:\\\/\\\/www.sv-freiendiez.de\\\/?author=1\"}]}<\/script>\n<!-- \/ Yoast SEO plugin. -->","yoast_head_json":{"title":"Hoch lebe der B\u00fcrgerk\u00f6nig! - SV Diez-Freiendiez 1928 e.V.","robots":{"index":"index","follow":"follow","max-snippet":"max-snippet:-1","max-image-preview":"max-image-preview:large","max-video-preview":"max-video-preview:-1"},"canonical":"https:\/\/www.sv-freiendiez.de\/?p=4318","og_locale":"de_DE","og_type":"article","og_title":"Hoch lebe der B\u00fcrgerk\u00f6nig! - SV Diez-Freiendiez 1928 e.V.","og_description":"Endlich mal wieder richtig Leben in der Bude! Nach zwei Jahren Corona bedingter Pause hatten wir wieder zum B\u00fcrgerk\u00f6nigsschie\u00dfen zu uns in Sch\u00fctzenhaus eingeladen. Drei Vereine (DRK Diez, MC Germania und der Freiendiezer e.V.) und einige Einzelsch\u00fctzen folgten der Einladung. Die Mitglieder\/innen des DRK Diez stellten 3 Mannschaften, die MC Germania und der Freiendiezer e.V. &hellip; \u201eHoch lebe der B\u00fcrgerk\u00f6nig!\u201c weiterlesen","og_url":"https:\/\/www.sv-freiendiez.de\/?p=4318","og_site_name":"SV Diez-Freiendiez 1928 e.V.","article_publisher":"https:\/\/www.facebook.com\/svfreiendiez\/","article_published_time":"2022-10-17T20:07:18+00:00","og_image":[{"url":"https:\/\/www.sv-freiendiez.de\/wp-content\/uploads\/2022\/10\/20221016_143211-300x169.jpg","type":"","width":"","height":""}],"author":"editor","twitter_card":"summary_large_image","twitter_misc":{"Verfasst von":"editor","Gesch\u00e4tzte Lesezeit":"3\u00a0Minuten"},"schema":{"@context":"https:\/\/schema.org","@graph":[{"@type":"Article","@id":"https:\/\/www.sv-freiendiez.de\/?p=4318#article","isPartOf":{"@id":"https:\/\/www.sv-freiendiez.de\/?p=4318"},"author":{"name":"editor","@id":"https:\/\/www.sv-freiendiez.de\/#\/schema\/person\/e506fdcfcb3a8d0b33fb2982e44b9b79"},"headline":"Hoch lebe der B\u00fcrgerk\u00f6nig!","datePublished":"2022-10-17T20:07:18+00:00","mainEntityOfPage":{"@id":"https:\/\/www.sv-freiendiez.de\/?p=4318"},"wordCount":508,"publisher":{"@id":"https:\/\/www.sv-freiendiez.de\/#organization"},"image":{"@id":"https:\/\/www.sv-freiendiez.de\/?p=4318#primaryimage"},"thumbnailUrl":"https:\/\/www.sv-freiendiez.de\/wp-content\/uploads\/2022\/10\/20221016_143211-300x169.jpg","articleSection":{"1":"B\u00fcrgerk\u00f6nig","2":"Veranstaltungen"},"inLanguage":"de"},{"@type":"WebPage","@id":"https:\/\/www.sv-freiendiez.de\/?p=4318","url":"https:\/\/www.sv-freiendiez.de\/?p=4318","name":"Hoch lebe der B\u00fcrgerk\u00f6nig! - SV Diez-Freiendiez 1928 e.V.","isPartOf":{"@id":"https:\/\/www.sv-freiendiez.de\/#website"},"primaryImageOfPage":{"@id":"https:\/\/www.sv-freiendiez.de\/?p=4318#primaryimage"},"image":{"@id":"https:\/\/www.sv-freiendiez.de\/?p=4318#primaryimage"},"thumbnailUrl":"https:\/\/www.sv-freiendiez.de\/wp-content\/uploads\/2022\/10\/20221016_143211-300x169.jpg","datePublished":"2022-10-17T20:07:18+00:00","breadcrumb":{"@id":"https:\/\/www.sv-freiendiez.de\/?p=4318#breadcrumb"},"inLanguage":"de","potentialAction":[{"@type":"ReadAction","target":["https:\/\/www.sv-freiendiez.de\/?p=4318"]}]},{"@type":"ImageObject","inLanguage":"de","@id":"https:\/\/www.sv-freiendiez.de\/?p=4318#primaryimage","url":"https:\/\/www.sv-freiendiez.de\/wp-content\/uploads\/2022\/10\/20221016_143211.jpg","contentUrl":"https:\/\/www.sv-freiendiez.de\/wp-content\/uploads\/2022\/10\/20221016_143211.jpg","width":1613,"height":907,"caption":"(C) 2022 SV Diez-Freiendiez Sieger in der Mannschaftswertung MC Germania mit dem B\u00fcrgerk\u00f6nig Fabian Felix und desse Mannschaft des Freiendiezer e.V.; in der Mitte Holger L\u00f6ber, 1. Vorsitzender des SV Diez-Freiendiez"},{"@type":"BreadcrumbList","@id":"https:\/\/www.sv-freiendiez.de\/?p=4318#breadcrumb","itemListElement":[{"@type":"ListItem","position":1,"name":"Startseite","item":"https:\/\/www.sv-freiendiez.de\/"},{"@type":"ListItem","position":2,"name":"Hoch lebe der B\u00fcrgerk\u00f6nig!"}]},{"@type":"WebSite","@id":"https:\/\/www.sv-freiendiez.de\/#website","url":"https:\/\/www.sv-freiendiez.de\/","name":"SV Diez-Freiendiez 1928 e.V.","description":"Sch\u00fctzenverein Diez-Freiendiez 1928 e.V.","publisher":{"@id":"https:\/\/www.sv-freiendiez.de\/#organization"},"potentialAction":[{"@type":"SearchAction","target":{"@type":"EntryPoint","urlTemplate":"https:\/\/www.sv-freiendiez.de\/?s={search_term_string}"},"query-input":{"@type":"PropertyValueSpecification","valueRequired":true,"valueName":"search_term_string"}}],"inLanguage":"de"},{"@type":"Organization","@id":"https:\/\/www.sv-freiendiez.de\/#organization","name":"SV Diez-Freiendiez 1928 e.V.","url":"https:\/\/www.sv-freiendiez.de\/","logo":{"@type":"ImageObject","inLanguage":"de","@id":"https:\/\/www.sv-freiendiez.de\/#\/schema\/logo\/image\/","url":"https:\/\/www.sv-freiendiez.de\/wp-content\/uploads\/2016\/12\/cropped-wappen250.png","contentUrl":"https:\/\/www.sv-freiendiez.de\/wp-content\/uploads\/2016\/12\/cropped-wappen250.png","width":250,"height":250,"caption":"SV Diez-Freiendiez 1928 e.V."},"image":{"@id":"https:\/\/www.sv-freiendiez.de\/#\/schema\/logo\/image\/"},"sameAs":["https:\/\/www.facebook.com\/svfreiendiez\/"]},{"@type":"Person","@id":"https:\/\/www.sv-freiendiez.de\/#\/schema\/person\/e506fdcfcb3a8d0b33fb2982e44b9b79","name":"editor","image":{"@type":"ImageObject","inLanguage":"de","@id":"https:\/\/secure.gravatar.com\/avatar\/2e61a0e3091a1495360fb924e613dd25bace1d4a95a687bd9add8c68191636ff?s=96&d=mm&r=g","url":"https:\/\/secure.gravatar.com\/avatar\/2e61a0e3091a1495360fb924e613dd25bace1d4a95a687bd9add8c68191636ff?s=96&d=mm&r=g","contentUrl":"https:\/\/secure.gravatar.com\/avatar\/2e61a0e3091a1495360fb924e613dd25bace1d4a95a687bd9add8c68191636ff?s=96&d=mm&r=g","caption":"editor"},"url":"https:\/\/www.sv-freiendiez.de\/?author=1"}]}},"_links":{"self":[{"href":"https:\/\/www.sv-freiendiez.de\/index.php?rest_route=\/wp\/v2\/posts\/4318","targetHints":{"allow":["GET"]}}],"collection":[{"href":"https:\/\/www.sv-freiendiez.de\/index.php?rest_route=\/wp\/v2\/posts"}],"about":[{"href":"https:\/\/www.sv-freiendiez.de\/index.php?rest_route=\/wp\/v2\/types\/post"}],"author":[{"embeddable":true,"href":"https:\/\/www.sv-freiendiez.de\/index.php?rest_route=\/wp\/v2\/users\/1"}],"replies":[{"embeddable":true,"href":"https:\/\/www.sv-freiendiez.de\/index.php?rest_route=%2Fwp%2Fv2%2Fcomments&post=4318"}],"version-history":[{"count":0,"href":"https:\/\/www.sv-freiendiez.de\/index.php?rest_route=\/wp\/v2\/posts\/4318\/revisions"}],"wp:attachment":[{"href":"https:\/\/www.sv-freiendiez.de\/index.php?rest_route=%2Fwp%2Fv2%2Fmedia&parent=4318"}],"wp:term":[{"taxonomy":"category","embeddable":true,"href":"https:\/\/www.sv-freiendiez.de\/index.php?rest_route=%2Fwp%2Fv2%2Fcategories&post=4318"},{"taxonomy":"post_tag","embeddable":true,"href":"https:\/\/www.sv-freiendiez.de\/index.php?rest_route=%2Fwp%2Fv2%2Ftags&post=4318"}],"curies":[{"name":"wp","href":"https:\/\/api.w.org\/{rel}","templated":true}]}}