{"id":4304,"date":"2022-10-10T11:19:39","date_gmt":"2022-10-10T09:19:39","guid":{"rendered":"https:\/\/www.sv-freiendiez.de\/?p=4304"},"modified":"2022-10-10T20:52:15","modified_gmt":"2022-10-10T18:52:15","slug":"es-geht-wieder-los","status":"publish","type":"post","link":"https:\/\/www.sv-freiendiez.de\/?p=4304","title":{"rendered":"Es geht wieder los &#8230;"},"content":{"rendered":"<p style=\"text-align: justify;\"><img loading=\"lazy\" decoding=\"async\" class=\"alignright size-full wp-image-1462\" src=\"https:\/\/www.sv-freiendiez.de\/wp-content\/uploads\/2017\/05\/WaffG-Schein-klein.png\" alt=\"\" width=\"286\" height=\"180\">Der VDB (Verband Deutscher B\u00fcchsenmacher) informiert in der neuesten Ausgabe des DWJ (Ausgabe 10\/22) \u00fcber die Pl\u00e4ne der Bundesregierung das Waffenrecht erneut zu novellieren. Dabei wird ein Bericht aus der Frankfurter Rundschau vom 03. September 2022 (<a href=\"https:\/\/www.fr.de\/politik\/nancy-faeser-waffenrecht-extremismus-deutschland-behoerden-laender-91763959.html\">https:\/\/www.fr.de\/politik\/nancy-faeser-waffenrecht-extremismus-deutschland-behoerden-laender-91763959.html<\/a>) zitiert, aus welchem nachfolgende m\u00f6gliche Versch\u00e4rfungen herausgelesen wurden:<\/p>\n<ul style=\"text-align: justify;\">\n<li>Zuverl\u00e4ssigkeits\u00fcberpr\u00fcfung: Zus\u00e4tzliche Abfrage bei Zollkriminalamt, Bundespolizei, Polizeidienststellen der letzten 5 Jahre (bei Wohnortwechsel des zu \u00dcberpr\u00fcfenden).<\/li>\n<li>Pers\u00f6nliche Eignung: Entweder Abfrage bei den Gesundheits\u00e4mtern oder Phsychologische Eignungsfeststellungen\/MPU (zum Beispiel Frageb\u00f6gen, Erkl\u00e4rungen oder Gutachten).<\/li>\n<li>J\u00e4ger: M\u00f6gliche Mengenbeschr\u00e4nkung bei Langwaffen<\/li>\n<li>Sportsch\u00fctzen: Identifikation, ggf. Vorab-\u00dcberpr\u00fcfung, wenn Sch\u00fctzen ohne waffenrechtliche Erlaubnis schie\u00dfen wollen.<\/li>\n<li>J\u00e4ger &amp; Sportsch\u00fctzen: Identifikation von potentiellen &#8222;Gef\u00e4hrdern&#8220; und deren ;eldung \u00fcber den Jagd\/Sportverein.<\/li>\n<li>Freie Waffen (SRS): Vorlage des kleinen Waffenscheins beim Kauf, ggf. NWR-Meldepdlicht von SRS-, Federdruck-\/CO2-Waffen.<\/li>\n<\/ul>\n<p style=\"text-align: justify;\">Der VDB bietet zu den Entwicklungen in diesem Bereich einen Newsletter an, der regelm\u00e4\u00dfig \u00fcber alle Neuerungen zu dem Thema informiert. Wen es interessiert, und es sollte jeden Legalwaffen-Besitzer interessieren, sollte sich diesen newsletter Abonieren. Oder besser, den VDB bei seiner Lobby-Arbeit f\u00fcr uns Sch\u00fctzen, Sammler und J\u00e4ger unterst\u00fctzen: <a href=\"https:\/\/www.vdb-waffen.de\/de\/interessenvertretung\/inhalt.html\">https:\/\/www.vdb-waffen.de\/de\/interessenvertretung\/inhalt.html<\/a><\/p>\n<p style=\"text-align: justify;\">Wir sollten das Thema nicht auf die leichte Schulter nehmen, da dies einen erheblichen Einschnitt vor allem auch in der Nachwuchs- und Mitgliedergewinnung bedeuten w\u00fcrde, da der Zugang zu erlaubnispflichtigen wieder mal erheblich weiter erschwert wird.<\/p>\n<p style=\"text-align: justify;\">Gezielt reisserische und sachlich falsche Fernseh-Reportagen wie zuletzt bereiten auch den N\u00e4hrboden in der Gesellschaft f\u00fcr eine weitere Versch\u00e4rfung des Waffenrechts. Es wird also ernst.<\/p>\n","protected":false},"excerpt":{"rendered":"<p>Der VDB (Verband Deutscher B\u00fcchsenmacher) informiert in der neuesten Ausgabe des DWJ (Ausgabe 10\/22) \u00fcber die Pl\u00e4ne der Bundesregierung das Waffenrecht erneut zu novellieren. Dabei wird ein Bericht aus der Frankfurter Rundschau vom 03. September 2022 (https:\/\/www.fr.de\/politik\/nancy-faeser-waffenrecht-extremismus-deutschland-behoerden-laender-91763959.html) zitiert, aus welchem nachfolgende m\u00f6gliche Versch\u00e4rfungen herausgelesen wurden: Zuverl\u00e4ssigkeits\u00fcberpr\u00fcfung: Zus\u00e4tzliche Abfrage bei Zollkriminalamt, Bundespolizei, Polizeidienststellen der letzten 5 &hellip; <\/p>\n<p class=\"link-more\"><a href=\"https:\/\/www.sv-freiendiez.de\/?p=4304\" class=\"more-link\"><span class=\"screen-reader-text\">\u201eEs geht wieder los &#8230;\u201c<\/span> weiterlesen<\/a><\/p>\n","protected":false},"author":1,"featured_media":0,"comment_status":"closed","ping_status":"closed","sticky":false,"template":"","format":"standard","meta":{"ngg_post_thumbnail":0,"footnotes":""},"categories":[25],"tags":[],"class_list":["post-4304","post","type-post","status-publish","format-standard","hentry","category-recht"],"yoast_head":"<!-- This site is optimized with the Yoast SEO plugin v27.5 - https:\/\/yoast.com\/product\/yoast-seo-wordpress\/ -->\n<title>Es geht wieder los ... - SV Diez-Freiendiez 1928 e.V.<\/title>\n<meta name=\"robots\" content=\"index, follow, max-snippet:-1, max-image-preview:large, max-video-preview:-1\" \/>\n<link rel=\"canonical\" href=\"https:\/\/www.sv-freiendiez.de\/?p=4304\" \/>\n<meta property=\"og:locale\" content=\"de_DE\" \/>\n<meta property=\"og:type\" content=\"article\" \/>\n<meta property=\"og:title\" content=\"Es geht wieder los ... - SV Diez-Freiendiez 1928 e.V.\" \/>\n<meta property=\"og:description\" content=\"Der VDB (Verband Deutscher B\u00fcchsenmacher) informiert in der neuesten Ausgabe des DWJ (Ausgabe 10\/22) \u00fcber die Pl\u00e4ne der Bundesregierung das Waffenrecht erneut zu novellieren. Dabei wird ein Bericht aus der Frankfurter Rundschau vom 03. September 2022 (https:\/\/www.fr.de\/politik\/nancy-faeser-waffenrecht-extremismus-deutschland-behoerden-laender-91763959.html) zitiert, aus welchem nachfolgende m\u00f6gliche Versch\u00e4rfungen herausgelesen wurden: Zuverl\u00e4ssigkeits\u00fcberpr\u00fcfung: Zus\u00e4tzliche Abfrage bei Zollkriminalamt, Bundespolizei, Polizeidienststellen der letzten 5 &hellip; \u201eEs geht wieder los &#8230;\u201c weiterlesen\" \/>\n<meta property=\"og:url\" content=\"https:\/\/www.sv-freiendiez.de\/?p=4304\" \/>\n<meta property=\"og:site_name\" content=\"SV Diez-Freiendiez 1928 e.V.\" \/>\n<meta property=\"article:publisher\" content=\"https:\/\/www.facebook.com\/svfreiendiez\/\" \/>\n<meta property=\"article:published_time\" content=\"2022-10-10T09:19:39+00:00\" \/>\n<meta property=\"article:modified_time\" content=\"2022-10-10T18:52:15+00:00\" \/>\n<meta property=\"og:image\" content=\"https:\/\/www.sv-freiendiez.de\/wp-content\/uploads\/2017\/05\/WaffG-Schein-klein.png\" \/>\n<meta name=\"author\" content=\"editor\" \/>\n<meta name=\"twitter:card\" content=\"summary_large_image\" \/>\n<meta name=\"twitter:label1\" content=\"Verfasst von\" \/>\n\t<meta name=\"twitter:data1\" content=\"editor\" \/>\n\t<meta name=\"twitter:label2\" content=\"Gesch\u00e4tzte Lesezeit\" \/>\n\t<meta name=\"twitter:data2\" content=\"2\u00a0Minuten\" \/>\n<script type=\"application\/ld+json\" class=\"yoast-schema-graph\">{\"@context\":\"https:\\\/\\\/schema.org\",\"@graph\":[{\"@type\":\"Article\",\"@id\":\"https:\\\/\\\/www.sv-freiendiez.de\\\/?p=4304#article\",\"isPartOf\":{\"@id\":\"https:\\\/\\\/www.sv-freiendiez.de\\\/?p=4304\"},\"author\":{\"name\":\"editor\",\"@id\":\"https:\\\/\\\/www.sv-freiendiez.de\\\/#\\\/schema\\\/person\\\/e506fdcfcb3a8d0b33fb2982e44b9b79\"},\"headline\":\"Es geht wieder los &#8230;\",\"datePublished\":\"2022-10-10T09:19:39+00:00\",\"dateModified\":\"2022-10-10T18:52:15+00:00\",\"mainEntityOfPage\":{\"@id\":\"https:\\\/\\\/www.sv-freiendiez.de\\\/?p=4304\"},\"wordCount\":281,\"publisher\":{\"@id\":\"https:\\\/\\\/www.sv-freiendiez.de\\\/#organization\"},\"image\":{\"@id\":\"https:\\\/\\\/www.sv-freiendiez.de\\\/?p=4304#primaryimage\"},\"thumbnailUrl\":\"https:\\\/\\\/www.sv-freiendiez.de\\\/wp-content\\\/uploads\\\/2017\\\/05\\\/WaffG-Schein-klein.png\",\"articleSection\":[\"Recht\"],\"inLanguage\":\"de\"},{\"@type\":\"WebPage\",\"@id\":\"https:\\\/\\\/www.sv-freiendiez.de\\\/?p=4304\",\"url\":\"https:\\\/\\\/www.sv-freiendiez.de\\\/?p=4304\",\"name\":\"Es geht wieder los ... - SV Diez-Freiendiez 1928 e.V.\",\"isPartOf\":{\"@id\":\"https:\\\/\\\/www.sv-freiendiez.de\\\/#website\"},\"primaryImageOfPage\":{\"@id\":\"https:\\\/\\\/www.sv-freiendiez.de\\\/?p=4304#primaryimage\"},\"image\":{\"@id\":\"https:\\\/\\\/www.sv-freiendiez.de\\\/?p=4304#primaryimage\"},\"thumbnailUrl\":\"https:\\\/\\\/www.sv-freiendiez.de\\\/wp-content\\\/uploads\\\/2017\\\/05\\\/WaffG-Schein-klein.png\",\"datePublished\":\"2022-10-10T09:19:39+00:00\",\"dateModified\":\"2022-10-10T18:52:15+00:00\",\"breadcrumb\":{\"@id\":\"https:\\\/\\\/www.sv-freiendiez.de\\\/?p=4304#breadcrumb\"},\"inLanguage\":\"de\",\"potentialAction\":[{\"@type\":\"ReadAction\",\"target\":[\"https:\\\/\\\/www.sv-freiendiez.de\\\/?p=4304\"]}]},{\"@type\":\"ImageObject\",\"inLanguage\":\"de\",\"@id\":\"https:\\\/\\\/www.sv-freiendiez.de\\\/?p=4304#primaryimage\",\"url\":\"https:\\\/\\\/www.sv-freiendiez.de\\\/wp-content\\\/uploads\\\/2017\\\/05\\\/WaffG-Schein-klein.png\",\"contentUrl\":\"https:\\\/\\\/www.sv-freiendiez.de\\\/wp-content\\\/uploads\\\/2017\\\/05\\\/WaffG-Schein-klein.png\",\"width\":286,\"height\":180},{\"@type\":\"BreadcrumbList\",\"@id\":\"https:\\\/\\\/www.sv-freiendiez.de\\\/?p=4304#breadcrumb\",\"itemListElement\":[{\"@type\":\"ListItem\",\"position\":1,\"name\":\"Startseite\",\"item\":\"https:\\\/\\\/www.sv-freiendiez.de\\\/\"},{\"@type\":\"ListItem\",\"position\":2,\"name\":\"Es geht wieder los &#8230;\"}]},{\"@type\":\"WebSite\",\"@id\":\"https:\\\/\\\/www.sv-freiendiez.de\\\/#website\",\"url\":\"https:\\\/\\\/www.sv-freiendiez.de\\\/\",\"name\":\"SV Diez-Freiendiez 1928 e.V.\",\"description\":\"Sch\u00fctzenverein Diez-Freiendiez 1928 e.V.\",\"publisher\":{\"@id\":\"https:\\\/\\\/www.sv-freiendiez.de\\\/#organization\"},\"potentialAction\":[{\"@type\":\"SearchAction\",\"target\":{\"@type\":\"EntryPoint\",\"urlTemplate\":\"https:\\\/\\\/www.sv-freiendiez.de\\\/?s={search_term_string}\"},\"query-input\":{\"@type\":\"PropertyValueSpecification\",\"valueRequired\":true,\"valueName\":\"search_term_string\"}}],\"inLanguage\":\"de\"},{\"@type\":\"Organization\",\"@id\":\"https:\\\/\\\/www.sv-freiendiez.de\\\/#organization\",\"name\":\"SV Diez-Freiendiez 1928 e.V.\",\"url\":\"https:\\\/\\\/www.sv-freiendiez.de\\\/\",\"logo\":{\"@type\":\"ImageObject\",\"inLanguage\":\"de\",\"@id\":\"https:\\\/\\\/www.sv-freiendiez.de\\\/#\\\/schema\\\/logo\\\/image\\\/\",\"url\":\"https:\\\/\\\/www.sv-freiendiez.de\\\/wp-content\\\/uploads\\\/2016\\\/12\\\/cropped-wappen250.png\",\"contentUrl\":\"https:\\\/\\\/www.sv-freiendiez.de\\\/wp-content\\\/uploads\\\/2016\\\/12\\\/cropped-wappen250.png\",\"width\":250,\"height\":250,\"caption\":\"SV Diez-Freiendiez 1928 e.V.\"},\"image\":{\"@id\":\"https:\\\/\\\/www.sv-freiendiez.de\\\/#\\\/schema\\\/logo\\\/image\\\/\"},\"sameAs\":[\"https:\\\/\\\/www.facebook.com\\\/svfreiendiez\\\/\"]},{\"@type\":\"Person\",\"@id\":\"https:\\\/\\\/www.sv-freiendiez.de\\\/#\\\/schema\\\/person\\\/e506fdcfcb3a8d0b33fb2982e44b9b79\",\"name\":\"editor\",\"image\":{\"@type\":\"ImageObject\",\"inLanguage\":\"de\",\"@id\":\"https:\\\/\\\/secure.gravatar.com\\\/avatar\\\/2e61a0e3091a1495360fb924e613dd25bace1d4a95a687bd9add8c68191636ff?s=96&d=mm&r=g\",\"url\":\"https:\\\/\\\/secure.gravatar.com\\\/avatar\\\/2e61a0e3091a1495360fb924e613dd25bace1d4a95a687bd9add8c68191636ff?s=96&d=mm&r=g\",\"contentUrl\":\"https:\\\/\\\/secure.gravatar.com\\\/avatar\\\/2e61a0e3091a1495360fb924e613dd25bace1d4a95a687bd9add8c68191636ff?s=96&d=mm&r=g\",\"caption\":\"editor\"},\"url\":\"https:\\\/\\\/www.sv-freiendiez.de\\\/?author=1\"}]}<\/script>\n<!-- \/ Yoast SEO plugin. -->","yoast_head_json":{"title":"Es geht wieder los ... - SV Diez-Freiendiez 1928 e.V.","robots":{"index":"index","follow":"follow","max-snippet":"max-snippet:-1","max-image-preview":"max-image-preview:large","max-video-preview":"max-video-preview:-1"},"canonical":"https:\/\/www.sv-freiendiez.de\/?p=4304","og_locale":"de_DE","og_type":"article","og_title":"Es geht wieder los ... - SV Diez-Freiendiez 1928 e.V.","og_description":"Der VDB (Verband Deutscher B\u00fcchsenmacher) informiert in der neuesten Ausgabe des DWJ (Ausgabe 10\/22) \u00fcber die Pl\u00e4ne der Bundesregierung das Waffenrecht erneut zu novellieren. Dabei wird ein Bericht aus der Frankfurter Rundschau vom 03. September 2022 (https:\/\/www.fr.de\/politik\/nancy-faeser-waffenrecht-extremismus-deutschland-behoerden-laender-91763959.html) zitiert, aus welchem nachfolgende m\u00f6gliche Versch\u00e4rfungen herausgelesen wurden: Zuverl\u00e4ssigkeits\u00fcberpr\u00fcfung: Zus\u00e4tzliche Abfrage bei Zollkriminalamt, Bundespolizei, Polizeidienststellen der letzten 5 &hellip; \u201eEs geht wieder los &#8230;\u201c weiterlesen","og_url":"https:\/\/www.sv-freiendiez.de\/?p=4304","og_site_name":"SV Diez-Freiendiez 1928 e.V.","article_publisher":"https:\/\/www.facebook.com\/svfreiendiez\/","article_published_time":"2022-10-10T09:19:39+00:00","article_modified_time":"2022-10-10T18:52:15+00:00","og_image":[{"url":"https:\/\/www.sv-freiendiez.de\/wp-content\/uploads\/2017\/05\/WaffG-Schein-klein.png","type":"","width":"","height":""}],"author":"editor","twitter_card":"summary_large_image","twitter_misc":{"Verfasst von":"editor","Gesch\u00e4tzte Lesezeit":"2\u00a0Minuten"},"schema":{"@context":"https:\/\/schema.org","@graph":[{"@type":"Article","@id":"https:\/\/www.sv-freiendiez.de\/?p=4304#article","isPartOf":{"@id":"https:\/\/www.sv-freiendiez.de\/?p=4304"},"author":{"name":"editor","@id":"https:\/\/www.sv-freiendiez.de\/#\/schema\/person\/e506fdcfcb3a8d0b33fb2982e44b9b79"},"headline":"Es geht wieder los &#8230;","datePublished":"2022-10-10T09:19:39+00:00","dateModified":"2022-10-10T18:52:15+00:00","mainEntityOfPage":{"@id":"https:\/\/www.sv-freiendiez.de\/?p=4304"},"wordCount":281,"publisher":{"@id":"https:\/\/www.sv-freiendiez.de\/#organization"},"image":{"@id":"https:\/\/www.sv-freiendiez.de\/?p=4304#primaryimage"},"thumbnailUrl":"https:\/\/www.sv-freiendiez.de\/wp-content\/uploads\/2017\/05\/WaffG-Schein-klein.png","articleSection":["Recht"],"inLanguage":"de"},{"@type":"WebPage","@id":"https:\/\/www.sv-freiendiez.de\/?p=4304","url":"https:\/\/www.sv-freiendiez.de\/?p=4304","name":"Es geht wieder los ... - SV Diez-Freiendiez 1928 e.V.","isPartOf":{"@id":"https:\/\/www.sv-freiendiez.de\/#website"},"primaryImageOfPage":{"@id":"https:\/\/www.sv-freiendiez.de\/?p=4304#primaryimage"},"image":{"@id":"https:\/\/www.sv-freiendiez.de\/?p=4304#primaryimage"},"thumbnailUrl":"https:\/\/www.sv-freiendiez.de\/wp-content\/uploads\/2017\/05\/WaffG-Schein-klein.png","datePublished":"2022-10-10T09:19:39+00:00","dateModified":"2022-10-10T18:52:15+00:00","breadcrumb":{"@id":"https:\/\/www.sv-freiendiez.de\/?p=4304#breadcrumb"},"inLanguage":"de","potentialAction":[{"@type":"ReadAction","target":["https:\/\/www.sv-freiendiez.de\/?p=4304"]}]},{"@type":"ImageObject","inLanguage":"de","@id":"https:\/\/www.sv-freiendiez.de\/?p=4304#primaryimage","url":"https:\/\/www.sv-freiendiez.de\/wp-content\/uploads\/2017\/05\/WaffG-Schein-klein.png","contentUrl":"https:\/\/www.sv-freiendiez.de\/wp-content\/uploads\/2017\/05\/WaffG-Schein-klein.png","width":286,"height":180},{"@type":"BreadcrumbList","@id":"https:\/\/www.sv-freiendiez.de\/?p=4304#breadcrumb","itemListElement":[{"@type":"ListItem","position":1,"name":"Startseite","item":"https:\/\/www.sv-freiendiez.de\/"},{"@type":"ListItem","position":2,"name":"Es geht wieder los &#8230;"}]},{"@type":"WebSite","@id":"https:\/\/www.sv-freiendiez.de\/#website","url":"https:\/\/www.sv-freiendiez.de\/","name":"SV Diez-Freiendiez 1928 e.V.","description":"Sch\u00fctzenverein Diez-Freiendiez 1928 e.V.","publisher":{"@id":"https:\/\/www.sv-freiendiez.de\/#organization"},"potentialAction":[{"@type":"SearchAction","target":{"@type":"EntryPoint","urlTemplate":"https:\/\/www.sv-freiendiez.de\/?s={search_term_string}"},"query-input":{"@type":"PropertyValueSpecification","valueRequired":true,"valueName":"search_term_string"}}],"inLanguage":"de"},{"@type":"Organization","@id":"https:\/\/www.sv-freiendiez.de\/#organization","name":"SV Diez-Freiendiez 1928 e.V.","url":"https:\/\/www.sv-freiendiez.de\/","logo":{"@type":"ImageObject","inLanguage":"de","@id":"https:\/\/www.sv-freiendiez.de\/#\/schema\/logo\/image\/","url":"https:\/\/www.sv-freiendiez.de\/wp-content\/uploads\/2016\/12\/cropped-wappen250.png","contentUrl":"https:\/\/www.sv-freiendiez.de\/wp-content\/uploads\/2016\/12\/cropped-wappen250.png","width":250,"height":250,"caption":"SV Diez-Freiendiez 1928 e.V."},"image":{"@id":"https:\/\/www.sv-freiendiez.de\/#\/schema\/logo\/image\/"},"sameAs":["https:\/\/www.facebook.com\/svfreiendiez\/"]},{"@type":"Person","@id":"https:\/\/www.sv-freiendiez.de\/#\/schema\/person\/e506fdcfcb3a8d0b33fb2982e44b9b79","name":"editor","image":{"@type":"ImageObject","inLanguage":"de","@id":"https:\/\/secure.gravatar.com\/avatar\/2e61a0e3091a1495360fb924e613dd25bace1d4a95a687bd9add8c68191636ff?s=96&d=mm&r=g","url":"https:\/\/secure.gravatar.com\/avatar\/2e61a0e3091a1495360fb924e613dd25bace1d4a95a687bd9add8c68191636ff?s=96&d=mm&r=g","contentUrl":"https:\/\/secure.gravatar.com\/avatar\/2e61a0e3091a1495360fb924e613dd25bace1d4a95a687bd9add8c68191636ff?s=96&d=mm&r=g","caption":"editor"},"url":"https:\/\/www.sv-freiendiez.de\/?author=1"}]}},"_links":{"self":[{"href":"https:\/\/www.sv-freiendiez.de\/index.php?rest_route=\/wp\/v2\/posts\/4304","targetHints":{"allow":["GET"]}}],"collection":[{"href":"https:\/\/www.sv-freiendiez.de\/index.php?rest_route=\/wp\/v2\/posts"}],"about":[{"href":"https:\/\/www.sv-freiendiez.de\/index.php?rest_route=\/wp\/v2\/types\/post"}],"author":[{"embeddable":true,"href":"https:\/\/www.sv-freiendiez.de\/index.php?rest_route=\/wp\/v2\/users\/1"}],"replies":[{"embeddable":true,"href":"https:\/\/www.sv-freiendiez.de\/index.php?rest_route=%2Fwp%2Fv2%2Fcomments&post=4304"}],"version-history":[{"count":0,"href":"https:\/\/www.sv-freiendiez.de\/index.php?rest_route=\/wp\/v2\/posts\/4304\/revisions"}],"wp:attachment":[{"href":"https:\/\/www.sv-freiendiez.de\/index.php?rest_route=%2Fwp%2Fv2%2Fmedia&parent=4304"}],"wp:term":[{"taxonomy":"category","embeddable":true,"href":"https:\/\/www.sv-freiendiez.de\/index.php?rest_route=%2Fwp%2Fv2%2Fcategories&post=4304"},{"taxonomy":"post_tag","embeddable":true,"href":"https:\/\/www.sv-freiendiez.de\/index.php?rest_route=%2Fwp%2Fv2%2Ftags&post=4304"}],"curies":[{"name":"wp","href":"https:\/\/api.w.org\/{rel}","templated":true}]}}