{"id":430,"date":"2015-09-06T17:34:39","date_gmt":"2015-09-06T15:34:39","guid":{"rendered":"http:\/\/www.sv-freiendiez.de\/?p=430"},"modified":"2015-09-06T18:00:21","modified_gmt":"2015-09-06T16:00:21","slug":"buerger-und-vereinskoenigsschiessen-2015","status":"publish","type":"post","link":"https:\/\/www.sv-freiendiez.de\/?p=430","title":{"rendered":"B\u00fcrger- und Vereinsk\u00f6nigsschie\u00dfen 2015"},"content":{"rendered":"<figure id=\"attachment_431\" aria-describedby=\"caption-attachment-431\" style=\"width: 300px\" class=\"wp-caption alignright\"><a href=\"http:\/\/www.sv-freiendiez.de\/wp-content\/uploads\/2015\/09\/IMG_1125.jpg\"><img loading=\"lazy\" decoding=\"async\" class=\"wp-image-431 size-medium\" src=\"http:\/\/www.sv-freiendiez.de\/wp-content\/uploads\/2015\/09\/IMG_1125-300x200.jpg\" alt=\"Die strahlenden Sieger des diesj\u00e4krigen Wettbewerbs. Links das Team der Kirmesburschen Freiendiez und rechts der B\u00fcrgerk\u00f6nik Florian Sch\u00f6lken. (C) SV Diez-Freiendiez\" width=\"300\" height=\"200\" srcset=\"https:\/\/www.sv-freiendiez.de\/wp-content\/uploads\/2015\/09\/IMG_1125-300x200.jpg 300w, https:\/\/www.sv-freiendiez.de\/wp-content\/uploads\/2015\/09\/IMG_1125-1024x683.jpg 1024w, https:\/\/www.sv-freiendiez.de\/wp-content\/uploads\/2015\/09\/IMG_1125-450x300.jpg 450w, https:\/\/www.sv-freiendiez.de\/wp-content\/uploads\/2015\/09\/IMG_1125.jpg 1806w\" sizes=\"auto, (max-width: 300px) 100vw, 300px\" \/><\/a><figcaption id=\"caption-attachment-431\" class=\"wp-caption-text\">Die strahlenden Sieger des diesj\u00e4krigen Wettbewerbs. Links das Team der Kirmesburschen Freiendiez und rechts der B\u00fcrgerk\u00f6nig Florian Sch\u00f6lken.<br \/> (C) SV Diez-Freiendiez<\/figcaption><\/figure>\n<p style=\"text-align: justify;\">Letzten Sonntag durften wir beim B\u00fcrger- und Vereinsk\u00f6nigsschie\u00dfen erfahren, wie stark wir in der Vereinskultur in Diez-Freiendiez verankert sind. Hohen Andrang gab es bei dieser Veranstaltung, alle Tische im Sch\u00fctzenhauis waren nahezu voll bersetzt. Zahlreiche Einzelpersonen sowie auch drei Vereine aus Diez stellten sich dem jedes Jahr in unserem Sch\u00fctzenhaus ausgetragenen Wettbewerb.<\/p>\n<p style=\"text-align: justify;\">Hier nun die Ergebnisse:<\/p>\n<p style=\"text-align: justify;\"><!--more--><\/p>\n<p style=\"text-align: justify;\">B\u00fcrgerk\u00f6nig 2015 wurde Florian Sch\u00f6lken<\/p>\n<p style=\"text-align: justify;\">Vereinsk\u00f6nig 2015 wurden die Kirmesburschen Freiendiez (Alexander Schwanke, Sebastian Sonntag, Martin Schleppy, Victor Bode).<\/p>\n<p style=\"text-align: justify;\">Vielen Dank an die beiden Teams Freiendiezer e.V. I + II: Beide spendeten Ihr Preisgeld f\u00fcr den zweiten und dritten Platz unserer Vereinsjugend!<\/p>\n<p style=\"text-align: justify;\">In der nachfolgenden Bilder-Galerie sind einige Eindr\u00fccke der Veranstlatung zu finden.<\/p>\n<p>\n<div class=\"ngg-galleryoverview ngg-slideshow\"\n\tid=\"ngg-slideshow-855a9f2f6d79c2ebbb93506b9cce4120-2967550500\"\n\tdata-nextgen-gallery-id=\"3\"\n\tdata-gallery-id=\"855a9f2f6d79c2ebbb93506b9cce4120\"\n\t\tdata-gallery-name=\"Buergerkoenig-Vereinskoenig2015\"\n\t\tstyle=\"max-width: 1806px;\n\t\t\tmax-height: 1204px;\n\t\t\tdisplay: none;\">\n\n\t\n\t\t<a href=\"https:\/\/www.sv-freiendiez.de\/wp-content\/gallery\/buergerkoenig-vereinskoenig2015\/IMG_1017.JPG?t=1441555227\"\n\t\t\ttitle=\"\"\n\t\t\tdata-src=\"https:\/\/www.sv-freiendiez.de\/wp-content\/gallery\/buergerkoenig-vereinskoenig2015\/IMG_1017.JPG?t=1441555227\"\n\t\t\tdata-thumbnail=\"https:\/\/www.sv-freiendiez.de\/wp-content\/gallery\/buergerkoenig-vereinskoenig2015\/thumbs\/thumbs_IMG_1017.JPG?t=1441555227\"\n\t\t\tdata-image-id=\"13\"\n\t\t\tdata-image-name=\"IMG_1017.JPG\"\n\t\t\tdata-title=\"IMG_1017\"\n\t\t\tdata-description=\"\"\n\t\t\t\t\t\t\t\t\t\t\t\t\t\t\tclass=\"ngg-fancybox\" rel=\"855a9f2f6d79c2ebbb93506b9cce4120\">\n\t\t\t\n\t\t\t<img data-image-id='13'\n\t\t\t\ttitle=\"\"\n\t\t\t\talt=\"IMG_1017\"\n\t\t\t\tsrc=\"https:\/\/www.sv-freiendiez.de\/wp-content\/gallery\/buergerkoenig-vereinskoenig2015\/IMG_1017.JPG?t=1441555227\"\n\t\t\t\tstyle=\"max-height: 1184px;\"\/>\n\t\t<\/a>\n\n\t\t\n\t\t<a href=\"https:\/\/www.sv-freiendiez.de\/wp-content\/gallery\/buergerkoenig-vereinskoenig2015\/IMG_1023.JPG?t=1441552153\"\n\t\t\ttitle=\"\"\n\t\t\tdata-src=\"https:\/\/www.sv-freiendiez.de\/wp-content\/gallery\/buergerkoenig-vereinskoenig2015\/IMG_1023.JPG?t=1441552153\"\n\t\t\tdata-thumbnail=\"https:\/\/www.sv-freiendiez.de\/wp-content\/gallery\/buergerkoenig-vereinskoenig2015\/thumbs\/thumbs_IMG_1023.JPG?t=1441552153\"\n\t\t\tdata-image-id=\"14\"\n\t\t\tdata-image-name=\"IMG_1023.JPG\"\n\t\t\tdata-title=\"IMG_1023\"\n\t\t\tdata-description=\"\"\n\t\t\t\t\t\t\t\t\t\t\t\t\t\t\tclass=\"ngg-fancybox\" rel=\"855a9f2f6d79c2ebbb93506b9cce4120\">\n\t\t\t\n\t\t\t<img data-image-id='14'\n\t\t\t\ttitle=\"\"\n\t\t\t\talt=\"IMG_1023\"\n\t\t\t\tsrc=\"https:\/\/www.sv-freiendiez.de\/wp-content\/gallery\/buergerkoenig-vereinskoenig2015\/IMG_1023.JPG?t=1441552153\"\n\t\t\t\tstyle=\"max-height: 1184px;\"\/>\n\t\t<\/a>\n\n\t\t\n\t\t<a href=\"https:\/\/www.sv-freiendiez.de\/wp-content\/gallery\/buergerkoenig-vereinskoenig2015\/IMG_1024.JPG?t=1441552156\"\n\t\t\ttitle=\"\"\n\t\t\tdata-src=\"https:\/\/www.sv-freiendiez.de\/wp-content\/gallery\/buergerkoenig-vereinskoenig2015\/IMG_1024.JPG?t=1441552156\"\n\t\t\tdata-thumbnail=\"https:\/\/www.sv-freiendiez.de\/wp-content\/gallery\/buergerkoenig-vereinskoenig2015\/thumbs\/thumbs_IMG_1024.JPG?t=1441552156\"\n\t\t\tdata-image-id=\"15\"\n\t\t\tdata-image-name=\"IMG_1024.JPG\"\n\t\t\tdata-title=\"IMG_1024\"\n\t\t\tdata-description=\"\"\n\t\t\t\t\t\t\t\t\t\t\t\t\t\t\tclass=\"ngg-fancybox\" rel=\"855a9f2f6d79c2ebbb93506b9cce4120\">\n\t\t\t\n\t\t\t<img data-image-id='15'\n\t\t\t\ttitle=\"\"\n\t\t\t\talt=\"IMG_1024\"\n\t\t\t\tsrc=\"https:\/\/www.sv-freiendiez.de\/wp-content\/gallery\/buergerkoenig-vereinskoenig2015\/IMG_1024.JPG?t=1441552156\"\n\t\t\t\tstyle=\"max-height: 1184px;\"\/>\n\t\t<\/a>\n\n\t\t\n\t\t<a href=\"https:\/\/www.sv-freiendiez.de\/wp-content\/gallery\/buergerkoenig-vereinskoenig2015\/IMG_1025.JPG?t=1441552159\"\n\t\t\ttitle=\"\"\n\t\t\tdata-src=\"https:\/\/www.sv-freiendiez.de\/wp-content\/gallery\/buergerkoenig-vereinskoenig2015\/IMG_1025.JPG?t=1441552159\"\n\t\t\tdata-thumbnail=\"https:\/\/www.sv-freiendiez.de\/wp-content\/gallery\/buergerkoenig-vereinskoenig2015\/thumbs\/thumbs_IMG_1025.JPG?t=1441552159\"\n\t\t\tdata-image-id=\"16\"\n\t\t\tdata-image-name=\"IMG_1025.JPG\"\n\t\t\tdata-title=\"IMG_1025\"\n\t\t\tdata-description=\"\"\n\t\t\t\t\t\t\t\t\t\t\t\t\t\t\tclass=\"ngg-fancybox\" rel=\"855a9f2f6d79c2ebbb93506b9cce4120\">\n\t\t\t\n\t\t\t<img data-image-id='16'\n\t\t\t\ttitle=\"\"\n\t\t\t\talt=\"IMG_1025\"\n\t\t\t\tsrc=\"https:\/\/www.sv-freiendiez.de\/wp-content\/gallery\/buergerkoenig-vereinskoenig2015\/IMG_1025.JPG?t=1441552159\"\n\t\t\t\tstyle=\"max-height: 1184px;\"\/>\n\t\t<\/a>\n\n\t\t\n\t\t<a href=\"https:\/\/www.sv-freiendiez.de\/wp-content\/gallery\/buergerkoenig-vereinskoenig2015\/IMG_1026.JPG?t=1441552161\"\n\t\t\ttitle=\"\"\n\t\t\tdata-src=\"https:\/\/www.sv-freiendiez.de\/wp-content\/gallery\/buergerkoenig-vereinskoenig2015\/IMG_1026.JPG?t=1441552161\"\n\t\t\tdata-thumbnail=\"https:\/\/www.sv-freiendiez.de\/wp-content\/gallery\/buergerkoenig-vereinskoenig2015\/thumbs\/thumbs_IMG_1026.JPG?t=1441552161\"\n\t\t\tdata-image-id=\"17\"\n\t\t\tdata-image-name=\"IMG_1026.JPG\"\n\t\t\tdata-title=\"IMG_1026\"\n\t\t\tdata-description=\"\"\n\t\t\t\t\t\t\t\t\t\t\t\t\t\t\tclass=\"ngg-fancybox\" rel=\"855a9f2f6d79c2ebbb93506b9cce4120\">\n\t\t\t\n\t\t\t<img data-image-id='17'\n\t\t\t\ttitle=\"\"\n\t\t\t\talt=\"IMG_1026\"\n\t\t\t\tsrc=\"https:\/\/www.sv-freiendiez.de\/wp-content\/gallery\/buergerkoenig-vereinskoenig2015\/IMG_1026.JPG?t=1441552161\"\n\t\t\t\tstyle=\"max-height: 1184px;\"\/>\n\t\t<\/a>\n\n\t\t\n\t\t<a href=\"https:\/\/www.sv-freiendiez.de\/wp-content\/gallery\/buergerkoenig-vereinskoenig2015\/IMG_1029.JPG?t=1441552162\"\n\t\t\ttitle=\"\"\n\t\t\tdata-src=\"https:\/\/www.sv-freiendiez.de\/wp-content\/gallery\/buergerkoenig-vereinskoenig2015\/IMG_1029.JPG?t=1441552162\"\n\t\t\tdata-thumbnail=\"https:\/\/www.sv-freiendiez.de\/wp-content\/gallery\/buergerkoenig-vereinskoenig2015\/thumbs\/thumbs_IMG_1029.JPG?t=1441552162\"\n\t\t\tdata-image-id=\"18\"\n\t\t\tdata-image-name=\"IMG_1029.JPG\"\n\t\t\tdata-title=\"IMG_1029\"\n\t\t\tdata-description=\"\"\n\t\t\t\t\t\t\t\t\t\t\t\t\t\t\tclass=\"ngg-fancybox\" rel=\"855a9f2f6d79c2ebbb93506b9cce4120\">\n\t\t\t\n\t\t\t<img data-image-id='18'\n\t\t\t\ttitle=\"\"\n\t\t\t\talt=\"IMG_1029\"\n\t\t\t\tsrc=\"https:\/\/www.sv-freiendiez.de\/wp-content\/gallery\/buergerkoenig-vereinskoenig2015\/IMG_1029.JPG?t=1441552162\"\n\t\t\t\tstyle=\"max-height: 1184px;\"\/>\n\t\t<\/a>\n\n\t\t\n\t\t<a href=\"https:\/\/www.sv-freiendiez.de\/wp-content\/gallery\/buergerkoenig-vereinskoenig2015\/IMG_1030.JPG?t=1441552164\"\n\t\t\ttitle=\"\"\n\t\t\tdata-src=\"https:\/\/www.sv-freiendiez.de\/wp-content\/gallery\/buergerkoenig-vereinskoenig2015\/IMG_1030.JPG?t=1441552164\"\n\t\t\tdata-thumbnail=\"https:\/\/www.sv-freiendiez.de\/wp-content\/gallery\/buergerkoenig-vereinskoenig2015\/thumbs\/thumbs_IMG_1030.JPG?t=1441552164\"\n\t\t\tdata-image-id=\"19\"\n\t\t\tdata-image-name=\"IMG_1030.JPG\"\n\t\t\tdata-title=\"IMG_1030\"\n\t\t\tdata-description=\"\"\n\t\t\t\t\t\t\t\t\t\t\t\t\t\t\tclass=\"ngg-fancybox\" rel=\"855a9f2f6d79c2ebbb93506b9cce4120\">\n\t\t\t\n\t\t\t<img data-image-id='19'\n\t\t\t\ttitle=\"\"\n\t\t\t\talt=\"IMG_1030\"\n\t\t\t\tsrc=\"https:\/\/www.sv-freiendiez.de\/wp-content\/gallery\/buergerkoenig-vereinskoenig2015\/IMG_1030.JPG?t=1441552164\"\n\t\t\t\tstyle=\"max-height: 1184px;\"\/>\n\t\t<\/a>\n\n\t\t\n\t\t<a href=\"https:\/\/www.sv-freiendiez.de\/wp-content\/gallery\/buergerkoenig-vereinskoenig2015\/IMG_1032.JPG?t=1441552165\"\n\t\t\ttitle=\"\"\n\t\t\tdata-src=\"https:\/\/www.sv-freiendiez.de\/wp-content\/gallery\/buergerkoenig-vereinskoenig2015\/IMG_1032.JPG?t=1441552165\"\n\t\t\tdata-thumbnail=\"https:\/\/www.sv-freiendiez.de\/wp-content\/gallery\/buergerkoenig-vereinskoenig2015\/thumbs\/thumbs_IMG_1032.JPG?t=1441552165\"\n\t\t\tdata-image-id=\"20\"\n\t\t\tdata-image-name=\"IMG_1032.JPG\"\n\t\t\tdata-title=\"IMG_1032\"\n\t\t\tdata-description=\"\"\n\t\t\t\t\t\t\t\t\t\t\t\t\t\t\tclass=\"ngg-fancybox\" rel=\"855a9f2f6d79c2ebbb93506b9cce4120\">\n\t\t\t\n\t\t\t<img data-image-id='20'\n\t\t\t\ttitle=\"\"\n\t\t\t\talt=\"IMG_1032\"\n\t\t\t\tsrc=\"https:\/\/www.sv-freiendiez.de\/wp-content\/gallery\/buergerkoenig-vereinskoenig2015\/IMG_1032.JPG?t=1441552165\"\n\t\t\t\tstyle=\"max-height: 1184px;\"\/>\n\t\t<\/a>\n\n\t\t\n\t\t<a href=\"https:\/\/www.sv-freiendiez.de\/wp-content\/gallery\/buergerkoenig-vereinskoenig2015\/IMG_1033.JPG?t=1441552167\"\n\t\t\ttitle=\"\"\n\t\t\tdata-src=\"https:\/\/www.sv-freiendiez.de\/wp-content\/gallery\/buergerkoenig-vereinskoenig2015\/IMG_1033.JPG?t=1441552167\"\n\t\t\tdata-thumbnail=\"https:\/\/www.sv-freiendiez.de\/wp-content\/gallery\/buergerkoenig-vereinskoenig2015\/thumbs\/thumbs_IMG_1033.JPG?t=1441552167\"\n\t\t\tdata-image-id=\"21\"\n\t\t\tdata-image-name=\"IMG_1033.JPG\"\n\t\t\tdata-title=\"IMG_1033\"\n\t\t\tdata-description=\"\"\n\t\t\t\t\t\t\t\t\t\t\t\t\t\t\tclass=\"ngg-fancybox\" rel=\"855a9f2f6d79c2ebbb93506b9cce4120\">\n\t\t\t\n\t\t\t<img data-image-id='21'\n\t\t\t\ttitle=\"\"\n\t\t\t\talt=\"IMG_1033\"\n\t\t\t\tsrc=\"https:\/\/www.sv-freiendiez.de\/wp-content\/gallery\/buergerkoenig-vereinskoenig2015\/IMG_1033.JPG?t=1441552167\"\n\t\t\t\tstyle=\"max-height: 1184px;\"\/>\n\t\t<\/a>\n\n\t\t\n\t\t<a href=\"https:\/\/www.sv-freiendiez.de\/wp-content\/gallery\/buergerkoenig-vereinskoenig2015\/IMG_1035.JPG?t=1441552169\"\n\t\t\ttitle=\"\"\n\t\t\tdata-src=\"https:\/\/www.sv-freiendiez.de\/wp-content\/gallery\/buergerkoenig-vereinskoenig2015\/IMG_1035.JPG?t=1441552169\"\n\t\t\tdata-thumbnail=\"https:\/\/www.sv-freiendiez.de\/wp-content\/gallery\/buergerkoenig-vereinskoenig2015\/thumbs\/thumbs_IMG_1035.JPG?t=1441552169\"\n\t\t\tdata-image-id=\"22\"\n\t\t\tdata-image-name=\"IMG_1035.JPG\"\n\t\t\tdata-title=\"IMG_1035\"\n\t\t\tdata-description=\"\"\n\t\t\t\t\t\t\t\t\t\t\t\t\t\t\tclass=\"ngg-fancybox\" rel=\"855a9f2f6d79c2ebbb93506b9cce4120\">\n\t\t\t\n\t\t\t<img data-image-id='22'\n\t\t\t\ttitle=\"\"\n\t\t\t\talt=\"IMG_1035\"\n\t\t\t\tsrc=\"https:\/\/www.sv-freiendiez.de\/wp-content\/gallery\/buergerkoenig-vereinskoenig2015\/IMG_1035.JPG?t=1441552169\"\n\t\t\t\tstyle=\"max-height: 1184px;\"\/>\n\t\t<\/a>\n\n\t\t\n\t\t<a href=\"https:\/\/www.sv-freiendiez.de\/wp-content\/gallery\/buergerkoenig-vereinskoenig2015\/IMG_1042.JPG?t=1441552170\"\n\t\t\ttitle=\"\"\n\t\t\tdata-src=\"https:\/\/www.sv-freiendiez.de\/wp-content\/gallery\/buergerkoenig-vereinskoenig2015\/IMG_1042.JPG?t=1441552170\"\n\t\t\tdata-thumbnail=\"https:\/\/www.sv-freiendiez.de\/wp-content\/gallery\/buergerkoenig-vereinskoenig2015\/thumbs\/thumbs_IMG_1042.JPG?t=1441552170\"\n\t\t\tdata-image-id=\"23\"\n\t\t\tdata-image-name=\"IMG_1042.JPG\"\n\t\t\tdata-title=\"IMG_1042\"\n\t\t\tdata-description=\"\"\n\t\t\t\t\t\t\t\t\t\t\t\t\t\t\tclass=\"ngg-fancybox\" rel=\"855a9f2f6d79c2ebbb93506b9cce4120\">\n\t\t\t\n\t\t\t<img data-image-id='23'\n\t\t\t\ttitle=\"\"\n\t\t\t\talt=\"IMG_1042\"\n\t\t\t\tsrc=\"https:\/\/www.sv-freiendiez.de\/wp-content\/gallery\/buergerkoenig-vereinskoenig2015\/IMG_1042.JPG?t=1441552170\"\n\t\t\t\tstyle=\"max-height: 1184px;\"\/>\n\t\t<\/a>\n\n\t\t\n\t\t<a href=\"https:\/\/www.sv-freiendiez.de\/wp-content\/gallery\/buergerkoenig-vereinskoenig2015\/IMG_1052.JPG?t=1441552171\"\n\t\t\ttitle=\"\"\n\t\t\tdata-src=\"https:\/\/www.sv-freiendiez.de\/wp-content\/gallery\/buergerkoenig-vereinskoenig2015\/IMG_1052.JPG?t=1441552171\"\n\t\t\tdata-thumbnail=\"https:\/\/www.sv-freiendiez.de\/wp-content\/gallery\/buergerkoenig-vereinskoenig2015\/thumbs\/thumbs_IMG_1052.JPG?t=1441552171\"\n\t\t\tdata-image-id=\"24\"\n\t\t\tdata-image-name=\"IMG_1052.JPG\"\n\t\t\tdata-title=\"IMG_1052\"\n\t\t\tdata-description=\"\"\n\t\t\t\t\t\t\t\t\t\t\t\t\t\t\tclass=\"ngg-fancybox\" rel=\"855a9f2f6d79c2ebbb93506b9cce4120\">\n\t\t\t\n\t\t\t<img data-image-id='24'\n\t\t\t\ttitle=\"\"\n\t\t\t\talt=\"IMG_1052\"\n\t\t\t\tsrc=\"https:\/\/www.sv-freiendiez.de\/wp-content\/gallery\/buergerkoenig-vereinskoenig2015\/IMG_1052.JPG?t=1441552171\"\n\t\t\t\tstyle=\"max-height: 1184px;\"\/>\n\t\t<\/a>\n\n\t\t\n\t\t<a href=\"https:\/\/www.sv-freiendiez.de\/wp-content\/gallery\/buergerkoenig-vereinskoenig2015\/IMG_1054.JPG?t=1441552173\"\n\t\t\ttitle=\"\"\n\t\t\tdata-src=\"https:\/\/www.sv-freiendiez.de\/wp-content\/gallery\/buergerkoenig-vereinskoenig2015\/IMG_1054.JPG?t=1441552173\"\n\t\t\tdata-thumbnail=\"https:\/\/www.sv-freiendiez.de\/wp-content\/gallery\/buergerkoenig-vereinskoenig2015\/thumbs\/thumbs_IMG_1054.JPG?t=1441552173\"\n\t\t\tdata-image-id=\"25\"\n\t\t\tdata-image-name=\"IMG_1054.JPG\"\n\t\t\tdata-title=\"IMG_1054\"\n\t\t\tdata-description=\"\"\n\t\t\t\t\t\t\t\t\t\t\t\t\t\t\tclass=\"ngg-fancybox\" rel=\"855a9f2f6d79c2ebbb93506b9cce4120\">\n\t\t\t\n\t\t\t<img data-image-id='25'\n\t\t\t\ttitle=\"\"\n\t\t\t\talt=\"IMG_1054\"\n\t\t\t\tsrc=\"https:\/\/www.sv-freiendiez.de\/wp-content\/gallery\/buergerkoenig-vereinskoenig2015\/IMG_1054.JPG?t=1441552173\"\n\t\t\t\tstyle=\"max-height: 1184px;\"\/>\n\t\t<\/a>\n\n\t\t\n\t\t<a href=\"https:\/\/www.sv-freiendiez.de\/wp-content\/gallery\/buergerkoenig-vereinskoenig2015\/IMG_1056.JPG?t=1441552174\"\n\t\t\ttitle=\"\"\n\t\t\tdata-src=\"https:\/\/www.sv-freiendiez.de\/wp-content\/gallery\/buergerkoenig-vereinskoenig2015\/IMG_1056.JPG?t=1441552174\"\n\t\t\tdata-thumbnail=\"https:\/\/www.sv-freiendiez.de\/wp-content\/gallery\/buergerkoenig-vereinskoenig2015\/thumbs\/thumbs_IMG_1056.JPG?t=1441552174\"\n\t\t\tdata-image-id=\"26\"\n\t\t\tdata-image-name=\"IMG_1056.JPG\"\n\t\t\tdata-title=\"IMG_1056\"\n\t\t\tdata-description=\"\"\n\t\t\t\t\t\t\t\t\t\t\t\t\t\t\tclass=\"ngg-fancybox\" rel=\"855a9f2f6d79c2ebbb93506b9cce4120\">\n\t\t\t\n\t\t\t<img data-image-id='26'\n\t\t\t\ttitle=\"\"\n\t\t\t\talt=\"IMG_1056\"\n\t\t\t\tsrc=\"https:\/\/www.sv-freiendiez.de\/wp-content\/gallery\/buergerkoenig-vereinskoenig2015\/IMG_1056.JPG?t=1441552174\"\n\t\t\t\tstyle=\"max-height: 1184px;\"\/>\n\t\t<\/a>\n\n\t\t\n\t\t<a href=\"https:\/\/www.sv-freiendiez.de\/wp-content\/gallery\/buergerkoenig-vereinskoenig2015\/IMG_1057.JPG?t=1441552175\"\n\t\t\ttitle=\"\"\n\t\t\tdata-src=\"https:\/\/www.sv-freiendiez.de\/wp-content\/gallery\/buergerkoenig-vereinskoenig2015\/IMG_1057.JPG?t=1441552175\"\n\t\t\tdata-thumbnail=\"https:\/\/www.sv-freiendiez.de\/wp-content\/gallery\/buergerkoenig-vereinskoenig2015\/thumbs\/thumbs_IMG_1057.JPG?t=1441552175\"\n\t\t\tdata-image-id=\"27\"\n\t\t\tdata-image-name=\"IMG_1057.JPG\"\n\t\t\tdata-title=\"IMG_1057\"\n\t\t\tdata-description=\"\"\n\t\t\t\t\t\t\t\t\t\t\t\t\t\t\tclass=\"ngg-fancybox\" rel=\"855a9f2f6d79c2ebbb93506b9cce4120\">\n\t\t\t\n\t\t\t<img data-image-id='27'\n\t\t\t\ttitle=\"\"\n\t\t\t\talt=\"IMG_1057\"\n\t\t\t\tsrc=\"https:\/\/www.sv-freiendiez.de\/wp-content\/gallery\/buergerkoenig-vereinskoenig2015\/IMG_1057.JPG?t=1441552175\"\n\t\t\t\tstyle=\"max-height: 1184px;\"\/>\n\t\t<\/a>\n\n\t\t\n\t\t<a href=\"https:\/\/www.sv-freiendiez.de\/wp-content\/gallery\/buergerkoenig-vereinskoenig2015\/IMG_1062.JPG?t=1441552177\"\n\t\t\ttitle=\"\"\n\t\t\tdata-src=\"https:\/\/www.sv-freiendiez.de\/wp-content\/gallery\/buergerkoenig-vereinskoenig2015\/IMG_1062.JPG?t=1441552177\"\n\t\t\tdata-thumbnail=\"https:\/\/www.sv-freiendiez.de\/wp-content\/gallery\/buergerkoenig-vereinskoenig2015\/thumbs\/thumbs_IMG_1062.JPG?t=1441552177\"\n\t\t\tdata-image-id=\"28\"\n\t\t\tdata-image-name=\"IMG_1062.JPG\"\n\t\t\tdata-title=\"IMG_1062\"\n\t\t\tdata-description=\"\"\n\t\t\t\t\t\t\t\t\t\t\t\t\t\t\tclass=\"ngg-fancybox\" rel=\"855a9f2f6d79c2ebbb93506b9cce4120\">\n\t\t\t\n\t\t\t<img data-image-id='28'\n\t\t\t\ttitle=\"\"\n\t\t\t\talt=\"IMG_1062\"\n\t\t\t\tsrc=\"https:\/\/www.sv-freiendiez.de\/wp-content\/gallery\/buergerkoenig-vereinskoenig2015\/IMG_1062.JPG?t=1441552177\"\n\t\t\t\tstyle=\"max-height: 1184px;\"\/>\n\t\t<\/a>\n\n\t\t\n\t\t<a href=\"https:\/\/www.sv-freiendiez.de\/wp-content\/gallery\/buergerkoenig-vereinskoenig2015\/IMG_1063.JPG?t=1441552179\"\n\t\t\ttitle=\"\"\n\t\t\tdata-src=\"https:\/\/www.sv-freiendiez.de\/wp-content\/gallery\/buergerkoenig-vereinskoenig2015\/IMG_1063.JPG?t=1441552179\"\n\t\t\tdata-thumbnail=\"https:\/\/www.sv-freiendiez.de\/wp-content\/gallery\/buergerkoenig-vereinskoenig2015\/thumbs\/thumbs_IMG_1063.JPG?t=1441552179\"\n\t\t\tdata-image-id=\"29\"\n\t\t\tdata-image-name=\"IMG_1063.JPG\"\n\t\t\tdata-title=\"IMG_1063\"\n\t\t\tdata-description=\"\"\n\t\t\t\t\t\t\t\t\t\t\t\t\t\t\tclass=\"ngg-fancybox\" rel=\"855a9f2f6d79c2ebbb93506b9cce4120\">\n\t\t\t\n\t\t\t<img data-image-id='29'\n\t\t\t\ttitle=\"\"\n\t\t\t\talt=\"IMG_1063\"\n\t\t\t\tsrc=\"https:\/\/www.sv-freiendiez.de\/wp-content\/gallery\/buergerkoenig-vereinskoenig2015\/IMG_1063.JPG?t=1441552179\"\n\t\t\t\tstyle=\"max-height: 1184px;\"\/>\n\t\t<\/a>\n\n\t\t\n\t\t<a href=\"https:\/\/www.sv-freiendiez.de\/wp-content\/gallery\/buergerkoenig-vereinskoenig2015\/IMG_1066.JPG?t=1441552180\"\n\t\t\ttitle=\"\"\n\t\t\tdata-src=\"https:\/\/www.sv-freiendiez.de\/wp-content\/gallery\/buergerkoenig-vereinskoenig2015\/IMG_1066.JPG?t=1441552180\"\n\t\t\tdata-thumbnail=\"https:\/\/www.sv-freiendiez.de\/wp-content\/gallery\/buergerkoenig-vereinskoenig2015\/thumbs\/thumbs_IMG_1066.JPG?t=1441552180\"\n\t\t\tdata-image-id=\"30\"\n\t\t\tdata-image-name=\"IMG_1066.JPG\"\n\t\t\tdata-title=\"IMG_1066\"\n\t\t\tdata-description=\"\"\n\t\t\t\t\t\t\t\t\t\t\t\t\t\t\tclass=\"ngg-fancybox\" rel=\"855a9f2f6d79c2ebbb93506b9cce4120\">\n\t\t\t\n\t\t\t<img data-image-id='30'\n\t\t\t\ttitle=\"\"\n\t\t\t\talt=\"IMG_1066\"\n\t\t\t\tsrc=\"https:\/\/www.sv-freiendiez.de\/wp-content\/gallery\/buergerkoenig-vereinskoenig2015\/IMG_1066.JPG?t=1441552180\"\n\t\t\t\tstyle=\"max-height: 1184px;\"\/>\n\t\t<\/a>\n\n\t\t\n\t\t<a href=\"https:\/\/www.sv-freiendiez.de\/wp-content\/gallery\/buergerkoenig-vereinskoenig2015\/IMG_1071.JPG?t=1441552182\"\n\t\t\ttitle=\"\"\n\t\t\tdata-src=\"https:\/\/www.sv-freiendiez.de\/wp-content\/gallery\/buergerkoenig-vereinskoenig2015\/IMG_1071.JPG?t=1441552182\"\n\t\t\tdata-thumbnail=\"https:\/\/www.sv-freiendiez.de\/wp-content\/gallery\/buergerkoenig-vereinskoenig2015\/thumbs\/thumbs_IMG_1071.JPG?t=1441552182\"\n\t\t\tdata-image-id=\"31\"\n\t\t\tdata-image-name=\"IMG_1071.JPG\"\n\t\t\tdata-title=\"IMG_1071\"\n\t\t\tdata-description=\"\"\n\t\t\t\t\t\t\t\t\t\t\t\t\t\t\tclass=\"ngg-fancybox\" rel=\"855a9f2f6d79c2ebbb93506b9cce4120\">\n\t\t\t\n\t\t\t<img data-image-id='31'\n\t\t\t\ttitle=\"\"\n\t\t\t\talt=\"IMG_1071\"\n\t\t\t\tsrc=\"https:\/\/www.sv-freiendiez.de\/wp-content\/gallery\/buergerkoenig-vereinskoenig2015\/IMG_1071.JPG?t=1441552182\"\n\t\t\t\tstyle=\"max-height: 1184px;\"\/>\n\t\t<\/a>\n\n\t\t\n\t\t<a href=\"https:\/\/www.sv-freiendiez.de\/wp-content\/gallery\/buergerkoenig-vereinskoenig2015\/IMG_1074.JPG?t=1441552183\"\n\t\t\ttitle=\"\"\n\t\t\tdata-src=\"https:\/\/www.sv-freiendiez.de\/wp-content\/gallery\/buergerkoenig-vereinskoenig2015\/IMG_1074.JPG?t=1441552183\"\n\t\t\tdata-thumbnail=\"https:\/\/www.sv-freiendiez.de\/wp-content\/gallery\/buergerkoenig-vereinskoenig2015\/thumbs\/thumbs_IMG_1074.JPG?t=1441552183\"\n\t\t\tdata-image-id=\"32\"\n\t\t\tdata-image-name=\"IMG_1074.JPG\"\n\t\t\tdata-title=\"IMG_1074\"\n\t\t\tdata-description=\"\"\n\t\t\t\t\t\t\t\t\t\t\t\t\t\t\tclass=\"ngg-fancybox\" rel=\"855a9f2f6d79c2ebbb93506b9cce4120\">\n\t\t\t\n\t\t\t<img data-image-id='32'\n\t\t\t\ttitle=\"\"\n\t\t\t\talt=\"IMG_1074\"\n\t\t\t\tsrc=\"https:\/\/www.sv-freiendiez.de\/wp-content\/gallery\/buergerkoenig-vereinskoenig2015\/IMG_1074.JPG?t=1441552183\"\n\t\t\t\tstyle=\"max-height: 1184px;\"\/>\n\t\t<\/a>\n\n\t\t\n\t\t<a href=\"https:\/\/www.sv-freiendiez.de\/wp-content\/gallery\/buergerkoenig-vereinskoenig2015\/IMG_1075.JPG?t=1441552185\"\n\t\t\ttitle=\"\"\n\t\t\tdata-src=\"https:\/\/www.sv-freiendiez.de\/wp-content\/gallery\/buergerkoenig-vereinskoenig2015\/IMG_1075.JPG?t=1441552185\"\n\t\t\tdata-thumbnail=\"https:\/\/www.sv-freiendiez.de\/wp-content\/gallery\/buergerkoenig-vereinskoenig2015\/thumbs\/thumbs_IMG_1075.JPG?t=1441552185\"\n\t\t\tdata-image-id=\"33\"\n\t\t\tdata-image-name=\"IMG_1075.JPG\"\n\t\t\tdata-title=\"IMG_1075\"\n\t\t\tdata-description=\"\"\n\t\t\t\t\t\t\t\t\t\t\t\t\t\t\tclass=\"ngg-fancybox\" rel=\"855a9f2f6d79c2ebbb93506b9cce4120\">\n\t\t\t\n\t\t\t<img data-image-id='33'\n\t\t\t\ttitle=\"\"\n\t\t\t\talt=\"IMG_1075\"\n\t\t\t\tsrc=\"https:\/\/www.sv-freiendiez.de\/wp-content\/gallery\/buergerkoenig-vereinskoenig2015\/IMG_1075.JPG?t=1441552185\"\n\t\t\t\tstyle=\"max-height: 1184px;\"\/>\n\t\t<\/a>\n\n\t\t\n\t\t<a href=\"https:\/\/www.sv-freiendiez.de\/wp-content\/gallery\/buergerkoenig-vereinskoenig2015\/IMG_1079.JPG?t=1441552187\"\n\t\t\ttitle=\"\"\n\t\t\tdata-src=\"https:\/\/www.sv-freiendiez.de\/wp-content\/gallery\/buergerkoenig-vereinskoenig2015\/IMG_1079.JPG?t=1441552187\"\n\t\t\tdata-thumbnail=\"https:\/\/www.sv-freiendiez.de\/wp-content\/gallery\/buergerkoenig-vereinskoenig2015\/thumbs\/thumbs_IMG_1079.JPG?t=1441552187\"\n\t\t\tdata-image-id=\"34\"\n\t\t\tdata-image-name=\"IMG_1079.JPG\"\n\t\t\tdata-title=\"IMG_1079\"\n\t\t\tdata-description=\"\"\n\t\t\t\t\t\t\t\t\t\t\t\t\t\t\tclass=\"ngg-fancybox\" rel=\"855a9f2f6d79c2ebbb93506b9cce4120\">\n\t\t\t\n\t\t\t<img data-image-id='34'\n\t\t\t\ttitle=\"\"\n\t\t\t\talt=\"IMG_1079\"\n\t\t\t\tsrc=\"https:\/\/www.sv-freiendiez.de\/wp-content\/gallery\/buergerkoenig-vereinskoenig2015\/IMG_1079.JPG?t=1441552187\"\n\t\t\t\tstyle=\"max-height: 1184px;\"\/>\n\t\t<\/a>\n\n\t\t\n\t\t<a href=\"https:\/\/www.sv-freiendiez.de\/wp-content\/gallery\/buergerkoenig-vereinskoenig2015\/IMG_1081.JPG?t=1441552189\"\n\t\t\ttitle=\"\"\n\t\t\tdata-src=\"https:\/\/www.sv-freiendiez.de\/wp-content\/gallery\/buergerkoenig-vereinskoenig2015\/IMG_1081.JPG?t=1441552189\"\n\t\t\tdata-thumbnail=\"https:\/\/www.sv-freiendiez.de\/wp-content\/gallery\/buergerkoenig-vereinskoenig2015\/thumbs\/thumbs_IMG_1081.JPG?t=1441552189\"\n\t\t\tdata-image-id=\"35\"\n\t\t\tdata-image-name=\"IMG_1081.JPG\"\n\t\t\tdata-title=\"IMG_1081\"\n\t\t\tdata-description=\"\"\n\t\t\t\t\t\t\t\t\t\t\t\t\t\t\tclass=\"ngg-fancybox\" rel=\"855a9f2f6d79c2ebbb93506b9cce4120\">\n\t\t\t\n\t\t\t<img data-image-id='35'\n\t\t\t\ttitle=\"\"\n\t\t\t\talt=\"IMG_1081\"\n\t\t\t\tsrc=\"https:\/\/www.sv-freiendiez.de\/wp-content\/gallery\/buergerkoenig-vereinskoenig2015\/IMG_1081.JPG?t=1441552189\"\n\t\t\t\tstyle=\"max-height: 1184px;\"\/>\n\t\t<\/a>\n\n\t\t\n\t\t<a href=\"https:\/\/www.sv-freiendiez.de\/wp-content\/gallery\/buergerkoenig-vereinskoenig2015\/IMG_1082.JPG?t=1441552190\"\n\t\t\ttitle=\"\"\n\t\t\tdata-src=\"https:\/\/www.sv-freiendiez.de\/wp-content\/gallery\/buergerkoenig-vereinskoenig2015\/IMG_1082.JPG?t=1441552190\"\n\t\t\tdata-thumbnail=\"https:\/\/www.sv-freiendiez.de\/wp-content\/gallery\/buergerkoenig-vereinskoenig2015\/thumbs\/thumbs_IMG_1082.JPG?t=1441552190\"\n\t\t\tdata-image-id=\"36\"\n\t\t\tdata-image-name=\"IMG_1082.JPG\"\n\t\t\tdata-title=\"IMG_1082\"\n\t\t\tdata-description=\"\"\n\t\t\t\t\t\t\t\t\t\t\t\t\t\t\tclass=\"ngg-fancybox\" rel=\"855a9f2f6d79c2ebbb93506b9cce4120\">\n\t\t\t\n\t\t\t<img data-image-id='36'\n\t\t\t\ttitle=\"\"\n\t\t\t\talt=\"IMG_1082\"\n\t\t\t\tsrc=\"https:\/\/www.sv-freiendiez.de\/wp-content\/gallery\/buergerkoenig-vereinskoenig2015\/IMG_1082.JPG?t=1441552190\"\n\t\t\t\tstyle=\"max-height: 1184px;\"\/>\n\t\t<\/a>\n\n\t\t\n\t\t<a href=\"https:\/\/www.sv-freiendiez.de\/wp-content\/gallery\/buergerkoenig-vereinskoenig2015\/IMG_1084.JPG?t=1441552191\"\n\t\t\ttitle=\"\"\n\t\t\tdata-src=\"https:\/\/www.sv-freiendiez.de\/wp-content\/gallery\/buergerkoenig-vereinskoenig2015\/IMG_1084.JPG?t=1441552191\"\n\t\t\tdata-thumbnail=\"https:\/\/www.sv-freiendiez.de\/wp-content\/gallery\/buergerkoenig-vereinskoenig2015\/thumbs\/thumbs_IMG_1084.JPG?t=1441552191\"\n\t\t\tdata-image-id=\"37\"\n\t\t\tdata-image-name=\"IMG_1084.JPG\"\n\t\t\tdata-title=\"IMG_1084\"\n\t\t\tdata-description=\"\"\n\t\t\t\t\t\t\t\t\t\t\t\t\t\t\tclass=\"ngg-fancybox\" rel=\"855a9f2f6d79c2ebbb93506b9cce4120\">\n\t\t\t\n\t\t\t<img data-image-id='37'\n\t\t\t\ttitle=\"\"\n\t\t\t\talt=\"IMG_1084\"\n\t\t\t\tsrc=\"https:\/\/www.sv-freiendiez.de\/wp-content\/gallery\/buergerkoenig-vereinskoenig2015\/IMG_1084.JPG?t=1441552191\"\n\t\t\t\tstyle=\"max-height: 1184px;\"\/>\n\t\t<\/a>\n\n\t\t\n\t\t<a href=\"https:\/\/www.sv-freiendiez.de\/wp-content\/gallery\/buergerkoenig-vereinskoenig2015\/IMG_1086.JPG?t=1441552192\"\n\t\t\ttitle=\"\"\n\t\t\tdata-src=\"https:\/\/www.sv-freiendiez.de\/wp-content\/gallery\/buergerkoenig-vereinskoenig2015\/IMG_1086.JPG?t=1441552192\"\n\t\t\tdata-thumbnail=\"https:\/\/www.sv-freiendiez.de\/wp-content\/gallery\/buergerkoenig-vereinskoenig2015\/thumbs\/thumbs_IMG_1086.JPG?t=1441552192\"\n\t\t\tdata-image-id=\"38\"\n\t\t\tdata-image-name=\"IMG_1086.JPG\"\n\t\t\tdata-title=\"IMG_1086\"\n\t\t\tdata-description=\"\"\n\t\t\t\t\t\t\t\t\t\t\t\t\t\t\tclass=\"ngg-fancybox\" rel=\"855a9f2f6d79c2ebbb93506b9cce4120\">\n\t\t\t\n\t\t\t<img data-image-id='38'\n\t\t\t\ttitle=\"\"\n\t\t\t\talt=\"IMG_1086\"\n\t\t\t\tsrc=\"https:\/\/www.sv-freiendiez.de\/wp-content\/gallery\/buergerkoenig-vereinskoenig2015\/IMG_1086.JPG?t=1441552192\"\n\t\t\t\tstyle=\"max-height: 1184px;\"\/>\n\t\t<\/a>\n\n\t\t\n\t\t<a href=\"https:\/\/www.sv-freiendiez.de\/wp-content\/gallery\/buergerkoenig-vereinskoenig2015\/IMG_1087.JPG?t=1441552194\"\n\t\t\ttitle=\"\"\n\t\t\tdata-src=\"https:\/\/www.sv-freiendiez.de\/wp-content\/gallery\/buergerkoenig-vereinskoenig2015\/IMG_1087.JPG?t=1441552194\"\n\t\t\tdata-thumbnail=\"https:\/\/www.sv-freiendiez.de\/wp-content\/gallery\/buergerkoenig-vereinskoenig2015\/thumbs\/thumbs_IMG_1087.JPG?t=1441552194\"\n\t\t\tdata-image-id=\"39\"\n\t\t\tdata-image-name=\"IMG_1087.JPG\"\n\t\t\tdata-title=\"IMG_1087\"\n\t\t\tdata-description=\"\"\n\t\t\t\t\t\t\t\t\t\t\t\t\t\t\tclass=\"ngg-fancybox\" rel=\"855a9f2f6d79c2ebbb93506b9cce4120\">\n\t\t\t\n\t\t\t<img data-image-id='39'\n\t\t\t\ttitle=\"\"\n\t\t\t\talt=\"IMG_1087\"\n\t\t\t\tsrc=\"https:\/\/www.sv-freiendiez.de\/wp-content\/gallery\/buergerkoenig-vereinskoenig2015\/IMG_1087.JPG?t=1441552194\"\n\t\t\t\tstyle=\"max-height: 1184px;\"\/>\n\t\t<\/a>\n\n\t\t\n\t\t<a href=\"https:\/\/www.sv-freiendiez.de\/wp-content\/gallery\/buergerkoenig-vereinskoenig2015\/IMG_1090.JPG?t=1441552196\"\n\t\t\ttitle=\"\"\n\t\t\tdata-src=\"https:\/\/www.sv-freiendiez.de\/wp-content\/gallery\/buergerkoenig-vereinskoenig2015\/IMG_1090.JPG?t=1441552196\"\n\t\t\tdata-thumbnail=\"https:\/\/www.sv-freiendiez.de\/wp-content\/gallery\/buergerkoenig-vereinskoenig2015\/thumbs\/thumbs_IMG_1090.JPG?t=1441552196\"\n\t\t\tdata-image-id=\"40\"\n\t\t\tdata-image-name=\"IMG_1090.JPG\"\n\t\t\tdata-title=\"IMG_1090\"\n\t\t\tdata-description=\"\"\n\t\t\t\t\t\t\t\t\t\t\t\t\t\t\tclass=\"ngg-fancybox\" rel=\"855a9f2f6d79c2ebbb93506b9cce4120\">\n\t\t\t\n\t\t\t<img data-image-id='40'\n\t\t\t\ttitle=\"\"\n\t\t\t\talt=\"IMG_1090\"\n\t\t\t\tsrc=\"https:\/\/www.sv-freiendiez.de\/wp-content\/gallery\/buergerkoenig-vereinskoenig2015\/IMG_1090.JPG?t=1441552196\"\n\t\t\t\tstyle=\"max-height: 1184px;\"\/>\n\t\t<\/a>\n\n\t\t\n\t\t<a href=\"https:\/\/www.sv-freiendiez.de\/wp-content\/gallery\/buergerkoenig-vereinskoenig2015\/IMG_1095.JPG?t=1441552199\"\n\t\t\ttitle=\"\"\n\t\t\tdata-src=\"https:\/\/www.sv-freiendiez.de\/wp-content\/gallery\/buergerkoenig-vereinskoenig2015\/IMG_1095.JPG?t=1441552199\"\n\t\t\tdata-thumbnail=\"https:\/\/www.sv-freiendiez.de\/wp-content\/gallery\/buergerkoenig-vereinskoenig2015\/thumbs\/thumbs_IMG_1095.JPG?t=1441552199\"\n\t\t\tdata-image-id=\"41\"\n\t\t\tdata-image-name=\"IMG_1095.JPG\"\n\t\t\tdata-title=\"IMG_1095\"\n\t\t\tdata-description=\"\"\n\t\t\t\t\t\t\t\t\t\t\t\t\t\t\tclass=\"ngg-fancybox\" rel=\"855a9f2f6d79c2ebbb93506b9cce4120\">\n\t\t\t\n\t\t\t<img data-image-id='41'\n\t\t\t\ttitle=\"\"\n\t\t\t\talt=\"IMG_1095\"\n\t\t\t\tsrc=\"https:\/\/www.sv-freiendiez.de\/wp-content\/gallery\/buergerkoenig-vereinskoenig2015\/IMG_1095.JPG?t=1441552199\"\n\t\t\t\tstyle=\"max-height: 1184px;\"\/>\n\t\t<\/a>\n\n\t\t\n\t\t<a href=\"https:\/\/www.sv-freiendiez.de\/wp-content\/gallery\/buergerkoenig-vereinskoenig2015\/IMG_1100.JPG?t=1441552199\"\n\t\t\ttitle=\"\"\n\t\t\tdata-src=\"https:\/\/www.sv-freiendiez.de\/wp-content\/gallery\/buergerkoenig-vereinskoenig2015\/IMG_1100.JPG?t=1441552199\"\n\t\t\tdata-thumbnail=\"https:\/\/www.sv-freiendiez.de\/wp-content\/gallery\/buergerkoenig-vereinskoenig2015\/thumbs\/thumbs_IMG_1100.JPG?t=1441552199\"\n\t\t\tdata-image-id=\"42\"\n\t\t\tdata-image-name=\"IMG_1100.JPG\"\n\t\t\tdata-title=\"IMG_1100\"\n\t\t\tdata-description=\"\"\n\t\t\t\t\t\t\t\t\t\t\t\t\t\t\tclass=\"ngg-fancybox\" rel=\"855a9f2f6d79c2ebbb93506b9cce4120\">\n\t\t\t\n\t\t\t<img data-image-id='42'\n\t\t\t\ttitle=\"\"\n\t\t\t\talt=\"IMG_1100\"\n\t\t\t\tsrc=\"https:\/\/www.sv-freiendiez.de\/wp-content\/gallery\/buergerkoenig-vereinskoenig2015\/IMG_1100.JPG?t=1441552199\"\n\t\t\t\tstyle=\"max-height: 1184px;\"\/>\n\t\t<\/a>\n\n\t\t\n\t\t<a href=\"https:\/\/www.sv-freiendiez.de\/wp-content\/gallery\/buergerkoenig-vereinskoenig2015\/IMG_1104.JPG?t=1441552200\"\n\t\t\ttitle=\"\"\n\t\t\tdata-src=\"https:\/\/www.sv-freiendiez.de\/wp-content\/gallery\/buergerkoenig-vereinskoenig2015\/IMG_1104.JPG?t=1441552200\"\n\t\t\tdata-thumbnail=\"https:\/\/www.sv-freiendiez.de\/wp-content\/gallery\/buergerkoenig-vereinskoenig2015\/thumbs\/thumbs_IMG_1104.JPG?t=1441552200\"\n\t\t\tdata-image-id=\"43\"\n\t\t\tdata-image-name=\"IMG_1104.JPG\"\n\t\t\tdata-title=\"IMG_1104\"\n\t\t\tdata-description=\"\"\n\t\t\t\t\t\t\t\t\t\t\t\t\t\t\tclass=\"ngg-fancybox\" rel=\"855a9f2f6d79c2ebbb93506b9cce4120\">\n\t\t\t\n\t\t\t<img data-image-id='43'\n\t\t\t\ttitle=\"\"\n\t\t\t\talt=\"IMG_1104\"\n\t\t\t\tsrc=\"https:\/\/www.sv-freiendiez.de\/wp-content\/gallery\/buergerkoenig-vereinskoenig2015\/IMG_1104.JPG?t=1441552200\"\n\t\t\t\tstyle=\"max-height: 1184px;\"\/>\n\t\t<\/a>\n\n\t\t\n\t\t<a href=\"https:\/\/www.sv-freiendiez.de\/wp-content\/gallery\/buergerkoenig-vereinskoenig2015\/IMG_1107.JPG?t=1441552200\"\n\t\t\ttitle=\"\"\n\t\t\tdata-src=\"https:\/\/www.sv-freiendiez.de\/wp-content\/gallery\/buergerkoenig-vereinskoenig2015\/IMG_1107.JPG?t=1441552200\"\n\t\t\tdata-thumbnail=\"https:\/\/www.sv-freiendiez.de\/wp-content\/gallery\/buergerkoenig-vereinskoenig2015\/thumbs\/thumbs_IMG_1107.JPG?t=1441552200\"\n\t\t\tdata-image-id=\"44\"\n\t\t\tdata-image-name=\"IMG_1107.JPG\"\n\t\t\tdata-title=\"IMG_1107\"\n\t\t\tdata-description=\"\"\n\t\t\t\t\t\t\t\t\t\t\t\t\t\t\tclass=\"ngg-fancybox\" rel=\"855a9f2f6d79c2ebbb93506b9cce4120\">\n\t\t\t\n\t\t\t<img data-image-id='44'\n\t\t\t\ttitle=\"\"\n\t\t\t\talt=\"IMG_1107\"\n\t\t\t\tsrc=\"https:\/\/www.sv-freiendiez.de\/wp-content\/gallery\/buergerkoenig-vereinskoenig2015\/IMG_1107.JPG?t=1441552200\"\n\t\t\t\tstyle=\"max-height: 1184px;\"\/>\n\t\t<\/a>\n\n\t\t\n\t\t<a href=\"https:\/\/www.sv-freiendiez.de\/wp-content\/gallery\/buergerkoenig-vereinskoenig2015\/IMG_1112.JPG?t=1441552202\"\n\t\t\ttitle=\"\"\n\t\t\tdata-src=\"https:\/\/www.sv-freiendiez.de\/wp-content\/gallery\/buergerkoenig-vereinskoenig2015\/IMG_1112.JPG?t=1441552202\"\n\t\t\tdata-thumbnail=\"https:\/\/www.sv-freiendiez.de\/wp-content\/gallery\/buergerkoenig-vereinskoenig2015\/thumbs\/thumbs_IMG_1112.JPG?t=1441552202\"\n\t\t\tdata-image-id=\"45\"\n\t\t\tdata-image-name=\"IMG_1112.JPG\"\n\t\t\tdata-title=\"IMG_1112\"\n\t\t\tdata-description=\"\"\n\t\t\t\t\t\t\t\t\t\t\t\t\t\t\tclass=\"ngg-fancybox\" rel=\"855a9f2f6d79c2ebbb93506b9cce4120\">\n\t\t\t\n\t\t\t<img data-image-id='45'\n\t\t\t\ttitle=\"\"\n\t\t\t\talt=\"IMG_1112\"\n\t\t\t\tsrc=\"https:\/\/www.sv-freiendiez.de\/wp-content\/gallery\/buergerkoenig-vereinskoenig2015\/IMG_1112.JPG?t=1441552202\"\n\t\t\t\tstyle=\"max-height: 1184px;\"\/>\n\t\t<\/a>\n\n\t\t\n\t\t<a href=\"https:\/\/www.sv-freiendiez.de\/wp-content\/gallery\/buergerkoenig-vereinskoenig2015\/IMG_1110.JPG?t=1441552202\"\n\t\t\ttitle=\"\"\n\t\t\tdata-src=\"https:\/\/www.sv-freiendiez.de\/wp-content\/gallery\/buergerkoenig-vereinskoenig2015\/IMG_1110.JPG?t=1441552202\"\n\t\t\tdata-thumbnail=\"https:\/\/www.sv-freiendiez.de\/wp-content\/gallery\/buergerkoenig-vereinskoenig2015\/thumbs\/thumbs_IMG_1110.JPG?t=1441552202\"\n\t\t\tdata-image-id=\"46\"\n\t\t\tdata-image-name=\"IMG_1110.JPG\"\n\t\t\tdata-title=\"IMG_1110\"\n\t\t\tdata-description=\"\"\n\t\t\t\t\t\t\t\t\t\t\t\t\t\t\tclass=\"ngg-fancybox\" rel=\"855a9f2f6d79c2ebbb93506b9cce4120\">\n\t\t\t\n\t\t\t<img data-image-id='46'\n\t\t\t\ttitle=\"\"\n\t\t\t\talt=\"IMG_1110\"\n\t\t\t\tsrc=\"https:\/\/www.sv-freiendiez.de\/wp-content\/gallery\/buergerkoenig-vereinskoenig2015\/IMG_1110.JPG?t=1441552202\"\n\t\t\t\tstyle=\"max-height: 1184px;\"\/>\n\t\t<\/a>\n\n\t\t\n\t\t<a href=\"https:\/\/www.sv-freiendiez.de\/wp-content\/gallery\/buergerkoenig-vereinskoenig2015\/IMG_1114.JPG?t=1441552204\"\n\t\t\ttitle=\"\"\n\t\t\tdata-src=\"https:\/\/www.sv-freiendiez.de\/wp-content\/gallery\/buergerkoenig-vereinskoenig2015\/IMG_1114.JPG?t=1441552204\"\n\t\t\tdata-thumbnail=\"https:\/\/www.sv-freiendiez.de\/wp-content\/gallery\/buergerkoenig-vereinskoenig2015\/thumbs\/thumbs_IMG_1114.JPG?t=1441552204\"\n\t\t\tdata-image-id=\"47\"\n\t\t\tdata-image-name=\"IMG_1114.JPG\"\n\t\t\tdata-title=\"IMG_1114\"\n\t\t\tdata-description=\"\"\n\t\t\t\t\t\t\t\t\t\t\t\t\t\t\tclass=\"ngg-fancybox\" rel=\"855a9f2f6d79c2ebbb93506b9cce4120\">\n\t\t\t\n\t\t\t<img data-image-id='47'\n\t\t\t\ttitle=\"\"\n\t\t\t\talt=\"IMG_1114\"\n\t\t\t\tsrc=\"https:\/\/www.sv-freiendiez.de\/wp-content\/gallery\/buergerkoenig-vereinskoenig2015\/IMG_1114.JPG?t=1441552204\"\n\t\t\t\tstyle=\"max-height: 1184px;\"\/>\n\t\t<\/a>\n\n\t\t\n\t\t<a href=\"https:\/\/www.sv-freiendiez.de\/wp-content\/gallery\/buergerkoenig-vereinskoenig2015\/IMG_1120.JPG?t=1441552204\"\n\t\t\ttitle=\"\"\n\t\t\tdata-src=\"https:\/\/www.sv-freiendiez.de\/wp-content\/gallery\/buergerkoenig-vereinskoenig2015\/IMG_1120.JPG?t=1441552204\"\n\t\t\tdata-thumbnail=\"https:\/\/www.sv-freiendiez.de\/wp-content\/gallery\/buergerkoenig-vereinskoenig2015\/thumbs\/thumbs_IMG_1120.JPG?t=1441552204\"\n\t\t\tdata-image-id=\"48\"\n\t\t\tdata-image-name=\"IMG_1120.JPG\"\n\t\t\tdata-title=\"IMG_1120\"\n\t\t\tdata-description=\"\"\n\t\t\t\t\t\t\t\t\t\t\t\t\t\t\tclass=\"ngg-fancybox\" rel=\"855a9f2f6d79c2ebbb93506b9cce4120\">\n\t\t\t\n\t\t\t<img data-image-id='48'\n\t\t\t\ttitle=\"\"\n\t\t\t\talt=\"IMG_1120\"\n\t\t\t\tsrc=\"https:\/\/www.sv-freiendiez.de\/wp-content\/gallery\/buergerkoenig-vereinskoenig2015\/IMG_1120.JPG?t=1441552204\"\n\t\t\t\tstyle=\"max-height: 1184px;\"\/>\n\t\t<\/a>\n\n\t\t\n\t\t<a href=\"https:\/\/www.sv-freiendiez.de\/wp-content\/gallery\/buergerkoenig-vereinskoenig2015\/IMG_1122.JPG?t=1441552416\"\n\t\t\ttitle=\"\"\n\t\t\tdata-src=\"https:\/\/www.sv-freiendiez.de\/wp-content\/gallery\/buergerkoenig-vereinskoenig2015\/IMG_1122.JPG?t=1441552416\"\n\t\t\tdata-thumbnail=\"https:\/\/www.sv-freiendiez.de\/wp-content\/gallery\/buergerkoenig-vereinskoenig2015\/thumbs\/thumbs_IMG_1122.JPG?t=1441552416\"\n\t\t\tdata-image-id=\"55\"\n\t\t\tdata-image-name=\"IMG_1122.JPG\"\n\t\t\tdata-title=\"IMG_1122\"\n\t\t\tdata-description=\"\"\n\t\t\t\t\t\t\t\t\t\t\t\t\t\t\tclass=\"ngg-fancybox\" rel=\"855a9f2f6d79c2ebbb93506b9cce4120\">\n\t\t\t\n\t\t\t<img data-image-id='55'\n\t\t\t\ttitle=\"\"\n\t\t\t\talt=\"IMG_1122\"\n\t\t\t\tsrc=\"https:\/\/www.sv-freiendiez.de\/wp-content\/gallery\/buergerkoenig-vereinskoenig2015\/IMG_1122.JPG?t=1441552416\"\n\t\t\t\tstyle=\"max-height: 1184px;\"\/>\n\t\t<\/a>\n\n\t\t\n\t\t<a href=\"https:\/\/www.sv-freiendiez.de\/wp-content\/gallery\/buergerkoenig-vereinskoenig2015\/IMG_1116.JPG?t=1441552204\"\n\t\t\ttitle=\"\"\n\t\t\tdata-src=\"https:\/\/www.sv-freiendiez.de\/wp-content\/gallery\/buergerkoenig-vereinskoenig2015\/IMG_1116.JPG?t=1441552204\"\n\t\t\tdata-thumbnail=\"https:\/\/www.sv-freiendiez.de\/wp-content\/gallery\/buergerkoenig-vereinskoenig2015\/thumbs\/thumbs_IMG_1116.JPG?t=1441552204\"\n\t\t\tdata-image-id=\"49\"\n\t\t\tdata-image-name=\"IMG_1116.JPG\"\n\t\t\tdata-title=\"IMG_1116\"\n\t\t\tdata-description=\"\"\n\t\t\t\t\t\t\t\t\t\t\t\t\t\t\tclass=\"ngg-fancybox\" rel=\"855a9f2f6d79c2ebbb93506b9cce4120\">\n\t\t\t\n\t\t\t<img data-image-id='49'\n\t\t\t\ttitle=\"\"\n\t\t\t\talt=\"IMG_1116\"\n\t\t\t\tsrc=\"https:\/\/www.sv-freiendiez.de\/wp-content\/gallery\/buergerkoenig-vereinskoenig2015\/IMG_1116.JPG?t=1441552204\"\n\t\t\t\tstyle=\"max-height: 1184px;\"\/>\n\t\t<\/a>\n\n\t\t\n\t\t<a href=\"https:\/\/www.sv-freiendiez.de\/wp-content\/gallery\/buergerkoenig-vereinskoenig2015\/IMG_1123.JPG?t=1441552206\"\n\t\t\ttitle=\"\"\n\t\t\tdata-src=\"https:\/\/www.sv-freiendiez.de\/wp-content\/gallery\/buergerkoenig-vereinskoenig2015\/IMG_1123.JPG?t=1441552206\"\n\t\t\tdata-thumbnail=\"https:\/\/www.sv-freiendiez.de\/wp-content\/gallery\/buergerkoenig-vereinskoenig2015\/thumbs\/thumbs_IMG_1123.JPG?t=1441552206\"\n\t\t\tdata-image-id=\"50\"\n\t\t\tdata-image-name=\"IMG_1123.JPG\"\n\t\t\tdata-title=\"IMG_1123\"\n\t\t\tdata-description=\"\"\n\t\t\t\t\t\t\t\t\t\t\t\t\t\t\tclass=\"ngg-fancybox\" rel=\"855a9f2f6d79c2ebbb93506b9cce4120\">\n\t\t\t\n\t\t\t<img data-image-id='50'\n\t\t\t\ttitle=\"\"\n\t\t\t\talt=\"IMG_1123\"\n\t\t\t\tsrc=\"https:\/\/www.sv-freiendiez.de\/wp-content\/gallery\/buergerkoenig-vereinskoenig2015\/IMG_1123.JPG?t=1441552206\"\n\t\t\t\tstyle=\"max-height: 1184px;\"\/>\n\t\t<\/a>\n\n\t\t\n\t\t<a href=\"https:\/\/www.sv-freiendiez.de\/wp-content\/gallery\/buergerkoenig-vereinskoenig2015\/IMG_1125.JPG?t=1441552206\"\n\t\t\ttitle=\"\"\n\t\t\tdata-src=\"https:\/\/www.sv-freiendiez.de\/wp-content\/gallery\/buergerkoenig-vereinskoenig2015\/IMG_1125.JPG?t=1441552206\"\n\t\t\tdata-thumbnail=\"https:\/\/www.sv-freiendiez.de\/wp-content\/gallery\/buergerkoenig-vereinskoenig2015\/thumbs\/thumbs_IMG_1125.JPG?t=1441552206\"\n\t\t\tdata-image-id=\"51\"\n\t\t\tdata-image-name=\"IMG_1125.JPG\"\n\t\t\tdata-title=\"IMG_1125\"\n\t\t\tdata-description=\"\"\n\t\t\t\t\t\t\t\t\t\t\t\t\t\t\tclass=\"ngg-fancybox\" rel=\"855a9f2f6d79c2ebbb93506b9cce4120\">\n\t\t\t\n\t\t\t<img data-image-id='51'\n\t\t\t\ttitle=\"\"\n\t\t\t\talt=\"IMG_1125\"\n\t\t\t\tsrc=\"https:\/\/www.sv-freiendiez.de\/wp-content\/gallery\/buergerkoenig-vereinskoenig2015\/IMG_1125.JPG?t=1441552206\"\n\t\t\t\tstyle=\"max-height: 1184px;\"\/>\n\t\t<\/a>\n\n\t\t\n\t\t<a href=\"https:\/\/www.sv-freiendiez.de\/wp-content\/gallery\/buergerkoenig-vereinskoenig2015\/IMG_1129.JPG?t=1441552208\"\n\t\t\ttitle=\"\"\n\t\t\tdata-src=\"https:\/\/www.sv-freiendiez.de\/wp-content\/gallery\/buergerkoenig-vereinskoenig2015\/IMG_1129.JPG?t=1441552208\"\n\t\t\tdata-thumbnail=\"https:\/\/www.sv-freiendiez.de\/wp-content\/gallery\/buergerkoenig-vereinskoenig2015\/thumbs\/thumbs_IMG_1129.JPG?t=1441552208\"\n\t\t\tdata-image-id=\"53\"\n\t\t\tdata-image-name=\"IMG_1129.JPG\"\n\t\t\tdata-title=\"IMG_1129\"\n\t\t\tdata-description=\"\"\n\t\t\t\t\t\t\t\t\t\t\t\t\t\t\tclass=\"ngg-fancybox\" rel=\"855a9f2f6d79c2ebbb93506b9cce4120\">\n\t\t\t\n\t\t\t<img data-image-id='53'\n\t\t\t\ttitle=\"\"\n\t\t\t\talt=\"IMG_1129\"\n\t\t\t\tsrc=\"https:\/\/www.sv-freiendiez.de\/wp-content\/gallery\/buergerkoenig-vereinskoenig2015\/IMG_1129.JPG?t=1441552208\"\n\t\t\t\tstyle=\"max-height: 1184px;\"\/>\n\t\t<\/a>\n\n\t\t<\/div>\n\n\t\t<!-- Thumbnails Link -->\n\t<div class=\"slideshowlink\" style=\"max-width: 1806px;\">\n\t\t<a href='https:\/\/www.sv-freiendiez.de\/index.php\/nggallery\/thumbnails?p=430'>[Zeige Vorschaubilder]<\/a>\n\t<\/div>\n\n<br \/>\nPresseartikel aus der Rhein-Lahn Zeitung vom 02. September 2015<br \/>\nhttp:\/\/www.sv-freiendiez.de\/wp-content\/uploads\/2015\/09\/RLZ-02-09-2015-Kirmesburschen-zielen-am-besten.pdf<\/p>\n","protected":false},"excerpt":{"rendered":"<p>Letzten Sonntag durften wir beim B\u00fcrger- und Vereinsk\u00f6nigsschie\u00dfen erfahren, wie stark wir in der Vereinskultur in Diez-Freiendiez verankert sind. Hohen Andrang gab es bei dieser Veranstaltung, alle Tische im Sch\u00fctzenhauis waren nahezu voll bersetzt. Zahlreiche Einzelpersonen sowie auch drei Vereine aus Diez stellten sich dem jedes Jahr in unserem Sch\u00fctzenhaus ausgetragenen Wettbewerb. Hier nun die &hellip; <\/p>\n<p class=\"link-more\"><a href=\"https:\/\/www.sv-freiendiez.de\/?p=430\" class=\"more-link\"><span class=\"screen-reader-text\">\u201eB\u00fcrger- und Vereinsk\u00f6nigsschie\u00dfen 2015\u201c<\/span> weiterlesen<\/a><\/p>\n","protected":false},"author":1,"featured_media":0,"comment_status":"closed","ping_status":"closed","sticky":false,"template":"","format":"standard","meta":{"ngg_post_thumbnail":0,"footnotes":""},"categories":[1],"tags":[],"class_list":["post-430","post","type-post","status-publish","format-standard","hentry","category-allgemein"],"yoast_head":"<!-- This site is optimized with the Yoast SEO plugin v27.5 - https:\/\/yoast.com\/product\/yoast-seo-wordpress\/ -->\n<title>B\u00fcrger- und Vereinsk\u00f6nigsschie\u00dfen 2015 - SV Diez-Freiendiez 1928 e.V.<\/title>\n<meta name=\"robots\" content=\"index, follow, max-snippet:-1, max-image-preview:large, max-video-preview:-1\" \/>\n<link rel=\"canonical\" href=\"https:\/\/www.sv-freiendiez.de\/?p=430\" \/>\n<meta property=\"og:locale\" content=\"de_DE\" \/>\n<meta property=\"og:type\" content=\"article\" \/>\n<meta property=\"og:title\" content=\"B\u00fcrger- und Vereinsk\u00f6nigsschie\u00dfen 2015 - SV Diez-Freiendiez 1928 e.V.\" \/>\n<meta property=\"og:description\" content=\"Letzten Sonntag durften wir beim B\u00fcrger- und Vereinsk\u00f6nigsschie\u00dfen erfahren, wie stark wir in der Vereinskultur in Diez-Freiendiez verankert sind. Hohen Andrang gab es bei dieser Veranstaltung, alle Tische im Sch\u00fctzenhauis waren nahezu voll bersetzt. Zahlreiche Einzelpersonen sowie auch drei Vereine aus Diez stellten sich dem jedes Jahr in unserem Sch\u00fctzenhaus ausgetragenen Wettbewerb. Hier nun die &hellip; \u201eB\u00fcrger- und Vereinsk\u00f6nigsschie\u00dfen 2015\u201c weiterlesen\" \/>\n<meta property=\"og:url\" content=\"https:\/\/www.sv-freiendiez.de\/?p=430\" \/>\n<meta property=\"og:site_name\" content=\"SV Diez-Freiendiez 1928 e.V.\" \/>\n<meta property=\"article:publisher\" content=\"https:\/\/www.facebook.com\/svfreiendiez\/\" \/>\n<meta property=\"article:published_time\" content=\"2015-09-06T15:34:39+00:00\" \/>\n<meta property=\"article:modified_time\" content=\"2015-09-06T16:00:21+00:00\" \/>\n<meta property=\"og:image\" content=\"http:\/\/www.sv-freiendiez.de\/wp-content\/uploads\/2015\/09\/IMG_1125-300x200.jpg\" \/>\n<meta name=\"author\" content=\"editor\" \/>\n<meta name=\"twitter:card\" content=\"summary_large_image\" \/>\n<meta name=\"twitter:label1\" content=\"Verfasst von\" \/>\n\t<meta name=\"twitter:data1\" content=\"editor\" \/>\n\t<meta name=\"twitter:label2\" content=\"Gesch\u00e4tzte Lesezeit\" \/>\n\t<meta name=\"twitter:data2\" content=\"1\u00a0Minute\" \/>\n<script type=\"application\/ld+json\" class=\"yoast-schema-graph\">{\"@context\":\"https:\\\/\\\/schema.org\",\"@graph\":[{\"@type\":\"Article\",\"@id\":\"https:\\\/\\\/www.sv-freiendiez.de\\\/?p=430#article\",\"isPartOf\":{\"@id\":\"https:\\\/\\\/www.sv-freiendiez.de\\\/?p=430\"},\"author\":{\"name\":\"editor\",\"@id\":\"https:\\\/\\\/www.sv-freiendiez.de\\\/#\\\/schema\\\/person\\\/e506fdcfcb3a8d0b33fb2982e44b9b79\"},\"headline\":\"B\u00fcrger- und Vereinsk\u00f6nigsschie\u00dfen 2015\",\"datePublished\":\"2015-09-06T15:34:39+00:00\",\"dateModified\":\"2015-09-06T16:00:21+00:00\",\"mainEntityOfPage\":{\"@id\":\"https:\\\/\\\/www.sv-freiendiez.de\\\/?p=430\"},\"wordCount\":174,\"publisher\":{\"@id\":\"https:\\\/\\\/www.sv-freiendiez.de\\\/#organization\"},\"image\":{\"@id\":\"https:\\\/\\\/www.sv-freiendiez.de\\\/?p=430#primaryimage\"},\"thumbnailUrl\":\"http:\\\/\\\/www.sv-freiendiez.de\\\/wp-content\\\/uploads\\\/2015\\\/09\\\/IMG_1125-300x200.jpg\",\"inLanguage\":\"de\"},{\"@type\":\"WebPage\",\"@id\":\"https:\\\/\\\/www.sv-freiendiez.de\\\/?p=430\",\"url\":\"https:\\\/\\\/www.sv-freiendiez.de\\\/?p=430\",\"name\":\"B\u00fcrger- und Vereinsk\u00f6nigsschie\u00dfen 2015 - SV Diez-Freiendiez 1928 e.V.\",\"isPartOf\":{\"@id\":\"https:\\\/\\\/www.sv-freiendiez.de\\\/#website\"},\"primaryImageOfPage\":{\"@id\":\"https:\\\/\\\/www.sv-freiendiez.de\\\/?p=430#primaryimage\"},\"image\":{\"@id\":\"https:\\\/\\\/www.sv-freiendiez.de\\\/?p=430#primaryimage\"},\"thumbnailUrl\":\"http:\\\/\\\/www.sv-freiendiez.de\\\/wp-content\\\/uploads\\\/2015\\\/09\\\/IMG_1125-300x200.jpg\",\"datePublished\":\"2015-09-06T15:34:39+00:00\",\"dateModified\":\"2015-09-06T16:00:21+00:00\",\"breadcrumb\":{\"@id\":\"https:\\\/\\\/www.sv-freiendiez.de\\\/?p=430#breadcrumb\"},\"inLanguage\":\"de\",\"potentialAction\":[{\"@type\":\"ReadAction\",\"target\":[\"https:\\\/\\\/www.sv-freiendiez.de\\\/?p=430\"]}]},{\"@type\":\"ImageObject\",\"inLanguage\":\"de\",\"@id\":\"https:\\\/\\\/www.sv-freiendiez.de\\\/?p=430#primaryimage\",\"url\":\"https:\\\/\\\/www.sv-freiendiez.de\\\/wp-content\\\/uploads\\\/2015\\\/09\\\/IMG_1125.jpg\",\"contentUrl\":\"https:\\\/\\\/www.sv-freiendiez.de\\\/wp-content\\\/uploads\\\/2015\\\/09\\\/IMG_1125.jpg\",\"width\":1806,\"height\":1204,\"caption\":\"Die strahlenden Sieger des Vorjahres. Links das Team der Kirmesburschen Freiendiez und rechts der B\u00fcrgerk\u00f6nik Florian Sch\u00f6lken. (C) SV Diez-Freiendiez\"},{\"@type\":\"BreadcrumbList\",\"@id\":\"https:\\\/\\\/www.sv-freiendiez.de\\\/?p=430#breadcrumb\",\"itemListElement\":[{\"@type\":\"ListItem\",\"position\":1,\"name\":\"Startseite\",\"item\":\"https:\\\/\\\/www.sv-freiendiez.de\\\/\"},{\"@type\":\"ListItem\",\"position\":2,\"name\":\"B\u00fcrger- und Vereinsk\u00f6nigsschie\u00dfen 2015\"}]},{\"@type\":\"WebSite\",\"@id\":\"https:\\\/\\\/www.sv-freiendiez.de\\\/#website\",\"url\":\"https:\\\/\\\/www.sv-freiendiez.de\\\/\",\"name\":\"SV Diez-Freiendiez 1928 e.V.\",\"description\":\"Sch\u00fctzenverein Diez-Freiendiez 1928 e.V.\",\"publisher\":{\"@id\":\"https:\\\/\\\/www.sv-freiendiez.de\\\/#organization\"},\"potentialAction\":[{\"@type\":\"SearchAction\",\"target\":{\"@type\":\"EntryPoint\",\"urlTemplate\":\"https:\\\/\\\/www.sv-freiendiez.de\\\/?s={search_term_string}\"},\"query-input\":{\"@type\":\"PropertyValueSpecification\",\"valueRequired\":true,\"valueName\":\"search_term_string\"}}],\"inLanguage\":\"de\"},{\"@type\":\"Organization\",\"@id\":\"https:\\\/\\\/www.sv-freiendiez.de\\\/#organization\",\"name\":\"SV Diez-Freiendiez 1928 e.V.\",\"url\":\"https:\\\/\\\/www.sv-freiendiez.de\\\/\",\"logo\":{\"@type\":\"ImageObject\",\"inLanguage\":\"de\",\"@id\":\"https:\\\/\\\/www.sv-freiendiez.de\\\/#\\\/schema\\\/logo\\\/image\\\/\",\"url\":\"https:\\\/\\\/www.sv-freiendiez.de\\\/wp-content\\\/uploads\\\/2016\\\/12\\\/cropped-wappen250.png\",\"contentUrl\":\"https:\\\/\\\/www.sv-freiendiez.de\\\/wp-content\\\/uploads\\\/2016\\\/12\\\/cropped-wappen250.png\",\"width\":250,\"height\":250,\"caption\":\"SV Diez-Freiendiez 1928 e.V.\"},\"image\":{\"@id\":\"https:\\\/\\\/www.sv-freiendiez.de\\\/#\\\/schema\\\/logo\\\/image\\\/\"},\"sameAs\":[\"https:\\\/\\\/www.facebook.com\\\/svfreiendiez\\\/\"]},{\"@type\":\"Person\",\"@id\":\"https:\\\/\\\/www.sv-freiendiez.de\\\/#\\\/schema\\\/person\\\/e506fdcfcb3a8d0b33fb2982e44b9b79\",\"name\":\"editor\",\"image\":{\"@type\":\"ImageObject\",\"inLanguage\":\"de\",\"@id\":\"https:\\\/\\\/secure.gravatar.com\\\/avatar\\\/2e61a0e3091a1495360fb924e613dd25bace1d4a95a687bd9add8c68191636ff?s=96&d=mm&r=g\",\"url\":\"https:\\\/\\\/secure.gravatar.com\\\/avatar\\\/2e61a0e3091a1495360fb924e613dd25bace1d4a95a687bd9add8c68191636ff?s=96&d=mm&r=g\",\"contentUrl\":\"https:\\\/\\\/secure.gravatar.com\\\/avatar\\\/2e61a0e3091a1495360fb924e613dd25bace1d4a95a687bd9add8c68191636ff?s=96&d=mm&r=g\",\"caption\":\"editor\"},\"url\":\"https:\\\/\\\/www.sv-freiendiez.de\\\/?author=1\"}]}<\/script>\n<!-- \/ Yoast SEO plugin. -->","yoast_head_json":{"title":"B\u00fcrger- und Vereinsk\u00f6nigsschie\u00dfen 2015 - SV Diez-Freiendiez 1928 e.V.","robots":{"index":"index","follow":"follow","max-snippet":"max-snippet:-1","max-image-preview":"max-image-preview:large","max-video-preview":"max-video-preview:-1"},"canonical":"https:\/\/www.sv-freiendiez.de\/?p=430","og_locale":"de_DE","og_type":"article","og_title":"B\u00fcrger- und Vereinsk\u00f6nigsschie\u00dfen 2015 - SV Diez-Freiendiez 1928 e.V.","og_description":"Letzten Sonntag durften wir beim B\u00fcrger- und Vereinsk\u00f6nigsschie\u00dfen erfahren, wie stark wir in der Vereinskultur in Diez-Freiendiez verankert sind. Hohen Andrang gab es bei dieser Veranstaltung, alle Tische im Sch\u00fctzenhauis waren nahezu voll bersetzt. Zahlreiche Einzelpersonen sowie auch drei Vereine aus Diez stellten sich dem jedes Jahr in unserem Sch\u00fctzenhaus ausgetragenen Wettbewerb. Hier nun die &hellip; \u201eB\u00fcrger- und Vereinsk\u00f6nigsschie\u00dfen 2015\u201c weiterlesen","og_url":"https:\/\/www.sv-freiendiez.de\/?p=430","og_site_name":"SV Diez-Freiendiez 1928 e.V.","article_publisher":"https:\/\/www.facebook.com\/svfreiendiez\/","article_published_time":"2015-09-06T15:34:39+00:00","article_modified_time":"2015-09-06T16:00:21+00:00","og_image":[{"url":"http:\/\/www.sv-freiendiez.de\/wp-content\/uploads\/2015\/09\/IMG_1125-300x200.jpg","type":"","width":"","height":""}],"author":"editor","twitter_card":"summary_large_image","twitter_misc":{"Verfasst von":"editor","Gesch\u00e4tzte Lesezeit":"1\u00a0Minute"},"schema":{"@context":"https:\/\/schema.org","@graph":[{"@type":"Article","@id":"https:\/\/www.sv-freiendiez.de\/?p=430#article","isPartOf":{"@id":"https:\/\/www.sv-freiendiez.de\/?p=430"},"author":{"name":"editor","@id":"https:\/\/www.sv-freiendiez.de\/#\/schema\/person\/e506fdcfcb3a8d0b33fb2982e44b9b79"},"headline":"B\u00fcrger- und Vereinsk\u00f6nigsschie\u00dfen 2015","datePublished":"2015-09-06T15:34:39+00:00","dateModified":"2015-09-06T16:00:21+00:00","mainEntityOfPage":{"@id":"https:\/\/www.sv-freiendiez.de\/?p=430"},"wordCount":174,"publisher":{"@id":"https:\/\/www.sv-freiendiez.de\/#organization"},"image":{"@id":"https:\/\/www.sv-freiendiez.de\/?p=430#primaryimage"},"thumbnailUrl":"http:\/\/www.sv-freiendiez.de\/wp-content\/uploads\/2015\/09\/IMG_1125-300x200.jpg","inLanguage":"de"},{"@type":"WebPage","@id":"https:\/\/www.sv-freiendiez.de\/?p=430","url":"https:\/\/www.sv-freiendiez.de\/?p=430","name":"B\u00fcrger- und Vereinsk\u00f6nigsschie\u00dfen 2015 - SV Diez-Freiendiez 1928 e.V.","isPartOf":{"@id":"https:\/\/www.sv-freiendiez.de\/#website"},"primaryImageOfPage":{"@id":"https:\/\/www.sv-freiendiez.de\/?p=430#primaryimage"},"image":{"@id":"https:\/\/www.sv-freiendiez.de\/?p=430#primaryimage"},"thumbnailUrl":"http:\/\/www.sv-freiendiez.de\/wp-content\/uploads\/2015\/09\/IMG_1125-300x200.jpg","datePublished":"2015-09-06T15:34:39+00:00","dateModified":"2015-09-06T16:00:21+00:00","breadcrumb":{"@id":"https:\/\/www.sv-freiendiez.de\/?p=430#breadcrumb"},"inLanguage":"de","potentialAction":[{"@type":"ReadAction","target":["https:\/\/www.sv-freiendiez.de\/?p=430"]}]},{"@type":"ImageObject","inLanguage":"de","@id":"https:\/\/www.sv-freiendiez.de\/?p=430#primaryimage","url":"https:\/\/www.sv-freiendiez.de\/wp-content\/uploads\/2015\/09\/IMG_1125.jpg","contentUrl":"https:\/\/www.sv-freiendiez.de\/wp-content\/uploads\/2015\/09\/IMG_1125.jpg","width":1806,"height":1204,"caption":"Die strahlenden Sieger des Vorjahres. Links das Team der Kirmesburschen Freiendiez und rechts der B\u00fcrgerk\u00f6nik Florian Sch\u00f6lken. (C) SV Diez-Freiendiez"},{"@type":"BreadcrumbList","@id":"https:\/\/www.sv-freiendiez.de\/?p=430#breadcrumb","itemListElement":[{"@type":"ListItem","position":1,"name":"Startseite","item":"https:\/\/www.sv-freiendiez.de\/"},{"@type":"ListItem","position":2,"name":"B\u00fcrger- und Vereinsk\u00f6nigsschie\u00dfen 2015"}]},{"@type":"WebSite","@id":"https:\/\/www.sv-freiendiez.de\/#website","url":"https:\/\/www.sv-freiendiez.de\/","name":"SV Diez-Freiendiez 1928 e.V.","description":"Sch\u00fctzenverein Diez-Freiendiez 1928 e.V.","publisher":{"@id":"https:\/\/www.sv-freiendiez.de\/#organization"},"potentialAction":[{"@type":"SearchAction","target":{"@type":"EntryPoint","urlTemplate":"https:\/\/www.sv-freiendiez.de\/?s={search_term_string}"},"query-input":{"@type":"PropertyValueSpecification","valueRequired":true,"valueName":"search_term_string"}}],"inLanguage":"de"},{"@type":"Organization","@id":"https:\/\/www.sv-freiendiez.de\/#organization","name":"SV Diez-Freiendiez 1928 e.V.","url":"https:\/\/www.sv-freiendiez.de\/","logo":{"@type":"ImageObject","inLanguage":"de","@id":"https:\/\/www.sv-freiendiez.de\/#\/schema\/logo\/image\/","url":"https:\/\/www.sv-freiendiez.de\/wp-content\/uploads\/2016\/12\/cropped-wappen250.png","contentUrl":"https:\/\/www.sv-freiendiez.de\/wp-content\/uploads\/2016\/12\/cropped-wappen250.png","width":250,"height":250,"caption":"SV Diez-Freiendiez 1928 e.V."},"image":{"@id":"https:\/\/www.sv-freiendiez.de\/#\/schema\/logo\/image\/"},"sameAs":["https:\/\/www.facebook.com\/svfreiendiez\/"]},{"@type":"Person","@id":"https:\/\/www.sv-freiendiez.de\/#\/schema\/person\/e506fdcfcb3a8d0b33fb2982e44b9b79","name":"editor","image":{"@type":"ImageObject","inLanguage":"de","@id":"https:\/\/secure.gravatar.com\/avatar\/2e61a0e3091a1495360fb924e613dd25bace1d4a95a687bd9add8c68191636ff?s=96&d=mm&r=g","url":"https:\/\/secure.gravatar.com\/avatar\/2e61a0e3091a1495360fb924e613dd25bace1d4a95a687bd9add8c68191636ff?s=96&d=mm&r=g","contentUrl":"https:\/\/secure.gravatar.com\/avatar\/2e61a0e3091a1495360fb924e613dd25bace1d4a95a687bd9add8c68191636ff?s=96&d=mm&r=g","caption":"editor"},"url":"https:\/\/www.sv-freiendiez.de\/?author=1"}]}},"_links":{"self":[{"href":"https:\/\/www.sv-freiendiez.de\/index.php?rest_route=\/wp\/v2\/posts\/430","targetHints":{"allow":["GET"]}}],"collection":[{"href":"https:\/\/www.sv-freiendiez.de\/index.php?rest_route=\/wp\/v2\/posts"}],"about":[{"href":"https:\/\/www.sv-freiendiez.de\/index.php?rest_route=\/wp\/v2\/types\/post"}],"author":[{"embeddable":true,"href":"https:\/\/www.sv-freiendiez.de\/index.php?rest_route=\/wp\/v2\/users\/1"}],"replies":[{"embeddable":true,"href":"https:\/\/www.sv-freiendiez.de\/index.php?rest_route=%2Fwp%2Fv2%2Fcomments&post=430"}],"version-history":[{"count":0,"href":"https:\/\/www.sv-freiendiez.de\/index.php?rest_route=\/wp\/v2\/posts\/430\/revisions"}],"wp:attachment":[{"href":"https:\/\/www.sv-freiendiez.de\/index.php?rest_route=%2Fwp%2Fv2%2Fmedia&parent=430"}],"wp:term":[{"taxonomy":"category","embeddable":true,"href":"https:\/\/www.sv-freiendiez.de\/index.php?rest_route=%2Fwp%2Fv2%2Fcategories&post=430"},{"taxonomy":"post_tag","embeddable":true,"href":"https:\/\/www.sv-freiendiez.de\/index.php?rest_route=%2Fwp%2Fv2%2Ftags&post=430"}],"curies":[{"name":"wp","href":"https:\/\/api.w.org\/{rel}","templated":true}]}}