{"id":4251,"date":"2022-09-13T15:06:47","date_gmt":"2022-09-13T13:06:47","guid":{"rendered":"https:\/\/www.sv-freiendiez.de\/?p=4251"},"modified":"2022-09-21T09:34:18","modified_gmt":"2022-09-21T07:34:18","slug":"ergebnisse-rueckblick-und-aussicht-auf-die-deutsche-meisterschaft-im-sportschiessen-in-muenchen","status":"publish","type":"post","link":"https:\/\/www.sv-freiendiez.de\/?p=4251","title":{"rendered":"Ergebnisse, R\u00fcckblick und Aussicht auf die Deutsche Meisterschaft 2022 im Sportschie\u00dfen in M\u00fcnchen"},"content":{"rendered":"<p style=\"text-align: justify;\"><img loading=\"lazy\" decoding=\"async\" class=\"alignright  wp-image-4153\" src=\"https:\/\/www.sv-freiendiez.de\/wp-content\/uploads\/2022\/07\/banner_dm_2022.jpg\" alt=\"\" width=\"290\" height=\"58\" srcset=\"https:\/\/www.sv-freiendiez.de\/wp-content\/uploads\/2022\/07\/banner_dm_2022.jpg 1000w, https:\/\/www.sv-freiendiez.de\/wp-content\/uploads\/2022\/07\/banner_dm_2022-300x60.jpg 300w, https:\/\/www.sv-freiendiez.de\/wp-content\/uploads\/2022\/07\/banner_dm_2022-768x154.jpg 768w\" sizes=\"auto, (max-width: 290px) 100vw, 290px\" \/>Seit dem 04. September ist die Deutsche Meisterschaft im Sportschie\u00dfen in M\u00fcnchen nun auch wieder vorbei. Unser Mann in M\u00fcnchen war erneut unser Viktor Engel, der die Teilnehmer unseres Vereins bei den Deutschen Meisterschaften begleitet hat. Er fasst die Ergebnisse f\u00fcr unseren Verein wie folgt zusammen:<!--more--><\/p>\n<blockquote>\n<p style=\"text-align: justify;\">Nachdem die Deutschen Meisterschaften 2022 in M\u00fcnchen nun seit etwas \u00fcber eine Woche zur\u00fcckliegen, m\u00f6chte ich einen kleinen \u201eR\u00fcckblick\u201c auf unsere h\u00f6chste nationale Meisterschaft machen und mich bei allen Teilnehmern f\u00fcr die sportlich fairen und guten Leistungen in M\u00fcnchen bedanken. Bei dieser DM wurden von den meisten Sch\u00fctzen die bei den Landesmeisterschaften erzielten Ergebnisse nochmals \u00fcbertroffen.<\/p>\n<p>Die erzielten Medaillen (2 x Gold, 2 x Silber und 2 x Bronze) k\u00f6nnen sich durchaus \u201esehen lassen\u201c, zumal das Potential f\u00fcr weitere gute Ergebnisse durchaus vorhanden war und ist. Dies konnte man auch an den zum Teil \u00fcberragenden Ergebnissen und Erfolgen der Mannschaften von Kriftel (neue Deutsche Meister mit der Schnellfeuerpistole sowie der Sportpistole mit neuem Deutschen Rekord) und Regensburg (Deutscher Meister mit der Standardpistole), in deren Mannschaften sich ausschlie\u00dflich Nationalkadersch\u00fctzen und -sch\u00fctzinnen befinden, die ein st\u00e4ndiges und intensives Training absolvieren und die von beruflichen Belastungen weitgehend freigestellt sind.<\/p>\n<p>Da konnten unsere berufst\u00e4tigen \u201eHobbysch\u00fctzen\u201c zum Teil doch nicht ganz mithalten aber mit mehr Training geht bestimmt auch mehr &#x1f609;.<\/p>\n<p>Besonders bedanken m\u00f6chte ich mich noch einmal bei Florian Th\u00fcnemann, der in diesem Jahr \u201equasi als Ausstand\u201c noch einmal mit der Zentralfeuermannschaft den Titel des Deutschen Meisters errungen hat. Florian wird uns in den n\u00e4chsten Jahren aus beruflichen Gr\u00fcnden leider nicht mehr beim Sportschie\u00dfen begleiten k\u00f6nnen. F\u00fcr seinen weiteren beruflichen Werdegang w\u00fcnsche ich ihm Erfolg und alles Gute.<\/p><\/blockquote>\n<p>Es gab zweimal <strong>Gold<\/strong>: zum einen erreichte die <strong>Mannschaft 25m Zentralfeuerpistole (Herren I &#8211; Meyer \/ Engel \/ Th\u00fcnemann)<\/strong> und zum anderen <strong>Torben Engel in der Einzelwertung 25m Zentralfeuerpistole (Herren II).<\/strong><\/p>\n<p style=\"text-align: justify;\"><strong>Silber<\/strong> erreichte die <strong>Mannschaft 25m Pistole (Herren I &#8211; Meyer \/ Engel \/ Michel)<\/strong> und <strong>Patrick Meyer im Einzel der 25m Zentralfeuerpistole (Herren I).<\/strong><\/p>\n<p style=\"text-align: justify;\"><strong>Bronze<\/strong> ging an <strong>Patrick Meyer in der Disziplin 50m Pistole (Herren I)<\/strong> und an <strong>Pierre Michel 25m Standardpistole (Herren II)<\/strong>, jeweils in der Einzelwertung<\/p>\n<figure id=\"attachment_4264\" aria-describedby=\"caption-attachment-4264\" style=\"width: 525px\" class=\"wp-caption aligncenter\"><img loading=\"lazy\" decoding=\"async\" class=\"size-large wp-image-4264\" src=\"https:\/\/www.sv-freiendiez.de\/wp-content\/uploads\/2022\/09\/IMG_7644-ZF_HI_M_Diez_1-1024x762.jpg\" alt=\"\" width=\"525\" height=\"391\" srcset=\"https:\/\/www.sv-freiendiez.de\/wp-content\/uploads\/2022\/09\/IMG_7644-ZF_HI_M_Diez_1-1024x762.jpg 1024w, https:\/\/www.sv-freiendiez.de\/wp-content\/uploads\/2022\/09\/IMG_7644-ZF_HI_M_Diez_1-300x223.jpg 300w, https:\/\/www.sv-freiendiez.de\/wp-content\/uploads\/2022\/09\/IMG_7644-ZF_HI_M_Diez_1-768x571.jpg 768w, https:\/\/www.sv-freiendiez.de\/wp-content\/uploads\/2022\/09\/IMG_7644-ZF_HI_M_Diez_1-1536x1143.jpg 1536w, https:\/\/www.sv-freiendiez.de\/wp-content\/uploads\/2022\/09\/IMG_7644-ZF_HI_M_Diez_1-2048x1524.jpg 2048w, https:\/\/www.sv-freiendiez.de\/wp-content\/uploads\/2022\/09\/IMG_7644-ZF_HI_M_Diez_1-1320x982.jpg 1320w\" sizes=\"auto, (max-width: 525px) 100vw, 525px\" \/><figcaption id=\"caption-attachment-4264\" class=\"wp-caption-text\">(C) SV Diez-Freiendiez 1928 e.V.<br \/>Gold 25m ZF Herren I<br \/>v.l.n.r.: Patrick Meyer, Torben Engel, Florian Th\u00fcnemann<\/figcaption><\/figure>\n<p style=\"text-align: justify;\">Die erreichten Ergebnisse unserer Sch\u00fctzen <a href=\"https:\/\/www.sv-freiendiez.de\/wp-content\/uploads\/2022\/09\/Ergebnisse-DM22.pdf\">k\u00f6nnen hier im Detail<\/a> eingesehen werden.<\/p>\n<p style=\"text-align: justify;\">Wieder ein tolles Ergebnis \u00fcber das wir uns freuen d\u00fcrfen. Danke an die Sch\u00fctzen die keien M\u00fche gescheut haben, unseren Verein bei der DM zu vertreten!<\/p>\n<p style=\"text-align: justify;\">Nat\u00fcrlich werden wir auch wieder n\u00e4chstes Jahr auf der Deutschen Meisterschaft in M\u00fcnchen dabei sein. Geplant sind Starts in den folgenden Disziplinen:<\/p>\n<p>Disziplin 2.20 \u2013 Freie Pistole<br \/>\nDisziplin 2.30 \u2013 Schnellfeuerpistole<br \/>\nDisziplin 2.32 RH \u2013 OSP .22kurz<br \/>\nDisziplin 2.40 \u2013 Sportpistole Herren I<br \/>\nDisziplin 2.40 \u2013 Sportpistole Herren III<br \/>\nDisziplin 2.45 \u2013 Zentralfeuerpistole<br \/>\nDisziplin 2.60 \u2013 Standardpistole<\/p>\n<p>&nbsp;<\/p>\n","protected":false},"excerpt":{"rendered":"<p>Seit dem 04. September ist die Deutsche Meisterschaft im Sportschie\u00dfen in M\u00fcnchen nun auch wieder vorbei. Unser Mann in M\u00fcnchen war erneut unser Viktor Engel, der die Teilnehmer unseres Vereins bei den Deutschen Meisterschaften begleitet hat. Er fasst die Ergebnisse f\u00fcr unseren Verein wie folgt zusammen:<\/p>\n","protected":false},"author":1,"featured_media":0,"comment_status":"closed","ping_status":"closed","sticky":false,"template":"","format":"standard","meta":{"ngg_post_thumbnail":0,"footnotes":""},"categories":[14,11,7],"tags":[],"class_list":["post-4251","post","type-post","status-publish","format-standard","hentry","category-deutsche-meisterschaft","category-erfolge","category-ergebnisse"],"yoast_head":"<!-- This site is optimized with the Yoast SEO plugin v27.5 - https:\/\/yoast.com\/product\/yoast-seo-wordpress\/ -->\n<title>Ergebnisse, R\u00fcckblick und Aussicht auf die Deutsche Meisterschaft 2022 im Sportschie\u00dfen in M\u00fcnchen - SV Diez-Freiendiez 1928 e.V.<\/title>\n<meta name=\"robots\" content=\"index, follow, max-snippet:-1, max-image-preview:large, max-video-preview:-1\" \/>\n<link rel=\"canonical\" href=\"https:\/\/www.sv-freiendiez.de\/?p=4251\" \/>\n<meta property=\"og:locale\" content=\"de_DE\" \/>\n<meta property=\"og:type\" content=\"article\" \/>\n<meta property=\"og:title\" content=\"Ergebnisse, R\u00fcckblick und Aussicht auf die Deutsche Meisterschaft 2022 im Sportschie\u00dfen in M\u00fcnchen - SV Diez-Freiendiez 1928 e.V.\" \/>\n<meta property=\"og:description\" content=\"Seit dem 04. September ist die Deutsche Meisterschaft im Sportschie\u00dfen in M\u00fcnchen nun auch wieder vorbei. Unser Mann in M\u00fcnchen war erneut unser Viktor Engel, der die Teilnehmer unseres Vereins bei den Deutschen Meisterschaften begleitet hat. Er fasst die Ergebnisse f\u00fcr unseren Verein wie folgt zusammen:\" \/>\n<meta property=\"og:url\" content=\"https:\/\/www.sv-freiendiez.de\/?p=4251\" \/>\n<meta property=\"og:site_name\" content=\"SV Diez-Freiendiez 1928 e.V.\" \/>\n<meta property=\"article:publisher\" content=\"https:\/\/www.facebook.com\/svfreiendiez\/\" \/>\n<meta property=\"article:published_time\" content=\"2022-09-13T13:06:47+00:00\" \/>\n<meta property=\"article:modified_time\" content=\"2022-09-21T07:34:18+00:00\" \/>\n<meta property=\"og:image\" content=\"https:\/\/www.sv-freiendiez.de\/wp-content\/uploads\/2022\/07\/banner_dm_2022.jpg\" \/>\n<meta name=\"author\" content=\"editor\" \/>\n<meta name=\"twitter:card\" content=\"summary_large_image\" \/>\n<meta name=\"twitter:label1\" content=\"Verfasst von\" \/>\n\t<meta name=\"twitter:data1\" content=\"editor\" \/>\n\t<meta name=\"twitter:label2\" content=\"Gesch\u00e4tzte Lesezeit\" \/>\n\t<meta name=\"twitter:data2\" content=\"2\u00a0Minuten\" \/>\n<script type=\"application\/ld+json\" class=\"yoast-schema-graph\">{\"@context\":\"https:\\\/\\\/schema.org\",\"@graph\":[{\"@type\":\"Article\",\"@id\":\"https:\\\/\\\/www.sv-freiendiez.de\\\/?p=4251#article\",\"isPartOf\":{\"@id\":\"https:\\\/\\\/www.sv-freiendiez.de\\\/?p=4251\"},\"author\":{\"name\":\"editor\",\"@id\":\"https:\\\/\\\/www.sv-freiendiez.de\\\/#\\\/schema\\\/person\\\/e506fdcfcb3a8d0b33fb2982e44b9b79\"},\"headline\":\"Ergebnisse, R\u00fcckblick und Aussicht auf die Deutsche Meisterschaft 2022 im Sportschie\u00dfen in M\u00fcnchen\",\"datePublished\":\"2022-09-13T13:06:47+00:00\",\"dateModified\":\"2022-09-21T07:34:18+00:00\",\"mainEntityOfPage\":{\"@id\":\"https:\\\/\\\/www.sv-freiendiez.de\\\/?p=4251\"},\"wordCount\":501,\"publisher\":{\"@id\":\"https:\\\/\\\/www.sv-freiendiez.de\\\/#organization\"},\"image\":{\"@id\":\"https:\\\/\\\/www.sv-freiendiez.de\\\/?p=4251#primaryimage\"},\"thumbnailUrl\":\"https:\\\/\\\/www.sv-freiendiez.de\\\/wp-content\\\/uploads\\\/2022\\\/07\\\/banner_dm_2022.jpg\",\"articleSection\":[\"Deutsche Meisterschaft\",\"Erfolge\",\"Ergebnisse\"],\"inLanguage\":\"de\"},{\"@type\":\"WebPage\",\"@id\":\"https:\\\/\\\/www.sv-freiendiez.de\\\/?p=4251\",\"url\":\"https:\\\/\\\/www.sv-freiendiez.de\\\/?p=4251\",\"name\":\"Ergebnisse, R\u00fcckblick und Aussicht auf die Deutsche Meisterschaft 2022 im Sportschie\u00dfen in M\u00fcnchen - SV Diez-Freiendiez 1928 e.V.\",\"isPartOf\":{\"@id\":\"https:\\\/\\\/www.sv-freiendiez.de\\\/#website\"},\"primaryImageOfPage\":{\"@id\":\"https:\\\/\\\/www.sv-freiendiez.de\\\/?p=4251#primaryimage\"},\"image\":{\"@id\":\"https:\\\/\\\/www.sv-freiendiez.de\\\/?p=4251#primaryimage\"},\"thumbnailUrl\":\"https:\\\/\\\/www.sv-freiendiez.de\\\/wp-content\\\/uploads\\\/2022\\\/07\\\/banner_dm_2022.jpg\",\"datePublished\":\"2022-09-13T13:06:47+00:00\",\"dateModified\":\"2022-09-21T07:34:18+00:00\",\"breadcrumb\":{\"@id\":\"https:\\\/\\\/www.sv-freiendiez.de\\\/?p=4251#breadcrumb\"},\"inLanguage\":\"de\",\"potentialAction\":[{\"@type\":\"ReadAction\",\"target\":[\"https:\\\/\\\/www.sv-freiendiez.de\\\/?p=4251\"]}]},{\"@type\":\"ImageObject\",\"inLanguage\":\"de\",\"@id\":\"https:\\\/\\\/www.sv-freiendiez.de\\\/?p=4251#primaryimage\",\"url\":\"https:\\\/\\\/www.sv-freiendiez.de\\\/wp-content\\\/uploads\\\/2022\\\/07\\\/banner_dm_2022.jpg\",\"contentUrl\":\"https:\\\/\\\/www.sv-freiendiez.de\\\/wp-content\\\/uploads\\\/2022\\\/07\\\/banner_dm_2022.jpg\",\"width\":1000,\"height\":200},{\"@type\":\"BreadcrumbList\",\"@id\":\"https:\\\/\\\/www.sv-freiendiez.de\\\/?p=4251#breadcrumb\",\"itemListElement\":[{\"@type\":\"ListItem\",\"position\":1,\"name\":\"Startseite\",\"item\":\"https:\\\/\\\/www.sv-freiendiez.de\\\/\"},{\"@type\":\"ListItem\",\"position\":2,\"name\":\"Ergebnisse, R\u00fcckblick und Aussicht auf die Deutsche Meisterschaft 2022 im Sportschie\u00dfen in M\u00fcnchen\"}]},{\"@type\":\"WebSite\",\"@id\":\"https:\\\/\\\/www.sv-freiendiez.de\\\/#website\",\"url\":\"https:\\\/\\\/www.sv-freiendiez.de\\\/\",\"name\":\"SV Diez-Freiendiez 1928 e.V.\",\"description\":\"Sch\u00fctzenverein Diez-Freiendiez 1928 e.V.\",\"publisher\":{\"@id\":\"https:\\\/\\\/www.sv-freiendiez.de\\\/#organization\"},\"potentialAction\":[{\"@type\":\"SearchAction\",\"target\":{\"@type\":\"EntryPoint\",\"urlTemplate\":\"https:\\\/\\\/www.sv-freiendiez.de\\\/?s={search_term_string}\"},\"query-input\":{\"@type\":\"PropertyValueSpecification\",\"valueRequired\":true,\"valueName\":\"search_term_string\"}}],\"inLanguage\":\"de\"},{\"@type\":\"Organization\",\"@id\":\"https:\\\/\\\/www.sv-freiendiez.de\\\/#organization\",\"name\":\"SV Diez-Freiendiez 1928 e.V.\",\"url\":\"https:\\\/\\\/www.sv-freiendiez.de\\\/\",\"logo\":{\"@type\":\"ImageObject\",\"inLanguage\":\"de\",\"@id\":\"https:\\\/\\\/www.sv-freiendiez.de\\\/#\\\/schema\\\/logo\\\/image\\\/\",\"url\":\"https:\\\/\\\/www.sv-freiendiez.de\\\/wp-content\\\/uploads\\\/2016\\\/12\\\/cropped-wappen250.png\",\"contentUrl\":\"https:\\\/\\\/www.sv-freiendiez.de\\\/wp-content\\\/uploads\\\/2016\\\/12\\\/cropped-wappen250.png\",\"width\":250,\"height\":250,\"caption\":\"SV Diez-Freiendiez 1928 e.V.\"},\"image\":{\"@id\":\"https:\\\/\\\/www.sv-freiendiez.de\\\/#\\\/schema\\\/logo\\\/image\\\/\"},\"sameAs\":[\"https:\\\/\\\/www.facebook.com\\\/svfreiendiez\\\/\"]},{\"@type\":\"Person\",\"@id\":\"https:\\\/\\\/www.sv-freiendiez.de\\\/#\\\/schema\\\/person\\\/e506fdcfcb3a8d0b33fb2982e44b9b79\",\"name\":\"editor\",\"image\":{\"@type\":\"ImageObject\",\"inLanguage\":\"de\",\"@id\":\"https:\\\/\\\/secure.gravatar.com\\\/avatar\\\/2e61a0e3091a1495360fb924e613dd25bace1d4a95a687bd9add8c68191636ff?s=96&d=mm&r=g\",\"url\":\"https:\\\/\\\/secure.gravatar.com\\\/avatar\\\/2e61a0e3091a1495360fb924e613dd25bace1d4a95a687bd9add8c68191636ff?s=96&d=mm&r=g\",\"contentUrl\":\"https:\\\/\\\/secure.gravatar.com\\\/avatar\\\/2e61a0e3091a1495360fb924e613dd25bace1d4a95a687bd9add8c68191636ff?s=96&d=mm&r=g\",\"caption\":\"editor\"},\"url\":\"https:\\\/\\\/www.sv-freiendiez.de\\\/?author=1\"}]}<\/script>\n<!-- \/ Yoast SEO plugin. -->","yoast_head_json":{"title":"Ergebnisse, R\u00fcckblick und Aussicht auf die Deutsche Meisterschaft 2022 im Sportschie\u00dfen in M\u00fcnchen - SV Diez-Freiendiez 1928 e.V.","robots":{"index":"index","follow":"follow","max-snippet":"max-snippet:-1","max-image-preview":"max-image-preview:large","max-video-preview":"max-video-preview:-1"},"canonical":"https:\/\/www.sv-freiendiez.de\/?p=4251","og_locale":"de_DE","og_type":"article","og_title":"Ergebnisse, R\u00fcckblick und Aussicht auf die Deutsche Meisterschaft 2022 im Sportschie\u00dfen in M\u00fcnchen - SV Diez-Freiendiez 1928 e.V.","og_description":"Seit dem 04. September ist die Deutsche Meisterschaft im Sportschie\u00dfen in M\u00fcnchen nun auch wieder vorbei. Unser Mann in M\u00fcnchen war erneut unser Viktor Engel, der die Teilnehmer unseres Vereins bei den Deutschen Meisterschaften begleitet hat. Er fasst die Ergebnisse f\u00fcr unseren Verein wie folgt zusammen:","og_url":"https:\/\/www.sv-freiendiez.de\/?p=4251","og_site_name":"SV Diez-Freiendiez 1928 e.V.","article_publisher":"https:\/\/www.facebook.com\/svfreiendiez\/","article_published_time":"2022-09-13T13:06:47+00:00","article_modified_time":"2022-09-21T07:34:18+00:00","og_image":[{"url":"https:\/\/www.sv-freiendiez.de\/wp-content\/uploads\/2022\/07\/banner_dm_2022.jpg","type":"","width":"","height":""}],"author":"editor","twitter_card":"summary_large_image","twitter_misc":{"Verfasst von":"editor","Gesch\u00e4tzte Lesezeit":"2\u00a0Minuten"},"schema":{"@context":"https:\/\/schema.org","@graph":[{"@type":"Article","@id":"https:\/\/www.sv-freiendiez.de\/?p=4251#article","isPartOf":{"@id":"https:\/\/www.sv-freiendiez.de\/?p=4251"},"author":{"name":"editor","@id":"https:\/\/www.sv-freiendiez.de\/#\/schema\/person\/e506fdcfcb3a8d0b33fb2982e44b9b79"},"headline":"Ergebnisse, R\u00fcckblick und Aussicht auf die Deutsche Meisterschaft 2022 im Sportschie\u00dfen in M\u00fcnchen","datePublished":"2022-09-13T13:06:47+00:00","dateModified":"2022-09-21T07:34:18+00:00","mainEntityOfPage":{"@id":"https:\/\/www.sv-freiendiez.de\/?p=4251"},"wordCount":501,"publisher":{"@id":"https:\/\/www.sv-freiendiez.de\/#organization"},"image":{"@id":"https:\/\/www.sv-freiendiez.de\/?p=4251#primaryimage"},"thumbnailUrl":"https:\/\/www.sv-freiendiez.de\/wp-content\/uploads\/2022\/07\/banner_dm_2022.jpg","articleSection":["Deutsche Meisterschaft","Erfolge","Ergebnisse"],"inLanguage":"de"},{"@type":"WebPage","@id":"https:\/\/www.sv-freiendiez.de\/?p=4251","url":"https:\/\/www.sv-freiendiez.de\/?p=4251","name":"Ergebnisse, R\u00fcckblick und Aussicht auf die Deutsche Meisterschaft 2022 im Sportschie\u00dfen in M\u00fcnchen - SV Diez-Freiendiez 1928 e.V.","isPartOf":{"@id":"https:\/\/www.sv-freiendiez.de\/#website"},"primaryImageOfPage":{"@id":"https:\/\/www.sv-freiendiez.de\/?p=4251#primaryimage"},"image":{"@id":"https:\/\/www.sv-freiendiez.de\/?p=4251#primaryimage"},"thumbnailUrl":"https:\/\/www.sv-freiendiez.de\/wp-content\/uploads\/2022\/07\/banner_dm_2022.jpg","datePublished":"2022-09-13T13:06:47+00:00","dateModified":"2022-09-21T07:34:18+00:00","breadcrumb":{"@id":"https:\/\/www.sv-freiendiez.de\/?p=4251#breadcrumb"},"inLanguage":"de","potentialAction":[{"@type":"ReadAction","target":["https:\/\/www.sv-freiendiez.de\/?p=4251"]}]},{"@type":"ImageObject","inLanguage":"de","@id":"https:\/\/www.sv-freiendiez.de\/?p=4251#primaryimage","url":"https:\/\/www.sv-freiendiez.de\/wp-content\/uploads\/2022\/07\/banner_dm_2022.jpg","contentUrl":"https:\/\/www.sv-freiendiez.de\/wp-content\/uploads\/2022\/07\/banner_dm_2022.jpg","width":1000,"height":200},{"@type":"BreadcrumbList","@id":"https:\/\/www.sv-freiendiez.de\/?p=4251#breadcrumb","itemListElement":[{"@type":"ListItem","position":1,"name":"Startseite","item":"https:\/\/www.sv-freiendiez.de\/"},{"@type":"ListItem","position":2,"name":"Ergebnisse, R\u00fcckblick und Aussicht auf die Deutsche Meisterschaft 2022 im Sportschie\u00dfen in M\u00fcnchen"}]},{"@type":"WebSite","@id":"https:\/\/www.sv-freiendiez.de\/#website","url":"https:\/\/www.sv-freiendiez.de\/","name":"SV Diez-Freiendiez 1928 e.V.","description":"Sch\u00fctzenverein Diez-Freiendiez 1928 e.V.","publisher":{"@id":"https:\/\/www.sv-freiendiez.de\/#organization"},"potentialAction":[{"@type":"SearchAction","target":{"@type":"EntryPoint","urlTemplate":"https:\/\/www.sv-freiendiez.de\/?s={search_term_string}"},"query-input":{"@type":"PropertyValueSpecification","valueRequired":true,"valueName":"search_term_string"}}],"inLanguage":"de"},{"@type":"Organization","@id":"https:\/\/www.sv-freiendiez.de\/#organization","name":"SV Diez-Freiendiez 1928 e.V.","url":"https:\/\/www.sv-freiendiez.de\/","logo":{"@type":"ImageObject","inLanguage":"de","@id":"https:\/\/www.sv-freiendiez.de\/#\/schema\/logo\/image\/","url":"https:\/\/www.sv-freiendiez.de\/wp-content\/uploads\/2016\/12\/cropped-wappen250.png","contentUrl":"https:\/\/www.sv-freiendiez.de\/wp-content\/uploads\/2016\/12\/cropped-wappen250.png","width":250,"height":250,"caption":"SV Diez-Freiendiez 1928 e.V."},"image":{"@id":"https:\/\/www.sv-freiendiez.de\/#\/schema\/logo\/image\/"},"sameAs":["https:\/\/www.facebook.com\/svfreiendiez\/"]},{"@type":"Person","@id":"https:\/\/www.sv-freiendiez.de\/#\/schema\/person\/e506fdcfcb3a8d0b33fb2982e44b9b79","name":"editor","image":{"@type":"ImageObject","inLanguage":"de","@id":"https:\/\/secure.gravatar.com\/avatar\/2e61a0e3091a1495360fb924e613dd25bace1d4a95a687bd9add8c68191636ff?s=96&d=mm&r=g","url":"https:\/\/secure.gravatar.com\/avatar\/2e61a0e3091a1495360fb924e613dd25bace1d4a95a687bd9add8c68191636ff?s=96&d=mm&r=g","contentUrl":"https:\/\/secure.gravatar.com\/avatar\/2e61a0e3091a1495360fb924e613dd25bace1d4a95a687bd9add8c68191636ff?s=96&d=mm&r=g","caption":"editor"},"url":"https:\/\/www.sv-freiendiez.de\/?author=1"}]}},"_links":{"self":[{"href":"https:\/\/www.sv-freiendiez.de\/index.php?rest_route=\/wp\/v2\/posts\/4251","targetHints":{"allow":["GET"]}}],"collection":[{"href":"https:\/\/www.sv-freiendiez.de\/index.php?rest_route=\/wp\/v2\/posts"}],"about":[{"href":"https:\/\/www.sv-freiendiez.de\/index.php?rest_route=\/wp\/v2\/types\/post"}],"author":[{"embeddable":true,"href":"https:\/\/www.sv-freiendiez.de\/index.php?rest_route=\/wp\/v2\/users\/1"}],"replies":[{"embeddable":true,"href":"https:\/\/www.sv-freiendiez.de\/index.php?rest_route=%2Fwp%2Fv2%2Fcomments&post=4251"}],"version-history":[{"count":0,"href":"https:\/\/www.sv-freiendiez.de\/index.php?rest_route=\/wp\/v2\/posts\/4251\/revisions"}],"wp:attachment":[{"href":"https:\/\/www.sv-freiendiez.de\/index.php?rest_route=%2Fwp%2Fv2%2Fmedia&parent=4251"}],"wp:term":[{"taxonomy":"category","embeddable":true,"href":"https:\/\/www.sv-freiendiez.de\/index.php?rest_route=%2Fwp%2Fv2%2Fcategories&post=4251"},{"taxonomy":"post_tag","embeddable":true,"href":"https:\/\/www.sv-freiendiez.de\/index.php?rest_route=%2Fwp%2Fv2%2Ftags&post=4251"}],"curies":[{"name":"wp","href":"https:\/\/api.w.org\/{rel}","templated":true}]}}