{"id":4248,"date":"2022-09-12T18:29:45","date_gmt":"2022-09-12T16:29:45","guid":{"rendered":"https:\/\/www.sv-freiendiez.de\/?p=4248"},"modified":"2022-10-10T11:31:43","modified_gmt":"2022-10-10T09:31:43","slug":"einladung-zum-diesjaehrigen-buergerkoenigsschiessen-2022","status":"publish","type":"post","link":"https:\/\/www.sv-freiendiez.de\/?p=4248","title":{"rendered":"Einladung zum diesj\u00e4hrigen B\u00fcrgerk\u00f6nigsschie\u00dfen 2022"},"content":{"rendered":"<figure id=\"attachment_3531\" aria-describedby=\"caption-attachment-3531\" style=\"width: 300px\" class=\"wp-caption alignleft\"><img loading=\"lazy\" decoding=\"async\" class=\"size-medium wp-image-3531\" src=\"https:\/\/www.sv-freiendiez.de\/wp-content\/uploads\/2019\/08\/Sieger_Buergerkoenig2019_FreiendiezereV_klein-300x200.jpg\" alt=\"\" width=\"300\" height=\"200\" srcset=\"https:\/\/www.sv-freiendiez.de\/wp-content\/uploads\/2019\/08\/Sieger_Buergerkoenig2019_FreiendiezereV_klein-300x200.jpg 300w, https:\/\/www.sv-freiendiez.de\/wp-content\/uploads\/2019\/08\/Sieger_Buergerkoenig2019_FreiendiezereV_klein-768x512.jpg 768w, https:\/\/www.sv-freiendiez.de\/wp-content\/uploads\/2019\/08\/Sieger_Buergerkoenig2019_FreiendiezereV_klein-600x400.jpg 600w, https:\/\/www.sv-freiendiez.de\/wp-content\/uploads\/2019\/08\/Sieger_Buergerkoenig2019_FreiendiezereV_klein.jpg 876w\" sizes=\"auto, (max-width: 300px) 100vw, 300px\" \/><figcaption id=\"caption-attachment-3531\" class=\"wp-caption-text\">Die Sieger in der Mannschaftswertung 2019: Der Freiendiezer e.V.<br \/>(C) SV Diez-Freiendiez 1928 e.V.<\/figcaption><\/figure>\n<p style=\"text-align: justify;\">Liebe B\u00fcrgerinnen und B\u00fcrger aus Diez-Freiendiez,<\/p>\n<p style=\"text-align: justify;\">wir, der Sch\u00fctzenverein Diez \u2013 Freiendiez 1928 e.V. l\u00e4dt nach mehrj\u00e4hriger Corona-Pause dieses Jahr wieder zum B\u00fcrgerk\u00f6nigsschie\u00dfen ein. Teilnehmen k\u00f6nnen sowohl Einzelpersonen als auch Mannschaften (mind. vier Starter). Vereine k\u00f6nnen als Mannschaft auftreten. Das Bilden einer Mannschaft aus Einzelpersonen ist nat\u00fcrlich auch m\u00f6glich.<\/p>\n<p style=\"text-align: justify;\"><strong>Wann:<\/strong>&nbsp;<br \/>\nSonntag, den <strong>16. Oktober 2022, ab 10.00 Uhr<\/strong><\/p>\n<p style=\"text-align: justify;\"><strong>Ort:<\/strong><br \/>\nSch\u00fctzenhaus \u201eAm W\u00e4sserweg\u201c (an der B54)<\/p>\n<p style=\"text-align: justify;\"><strong>Verlauf:<\/strong><br \/>\nEs wird mit dem Kleinkalibergewehr auf 50 m Entfernung&nbsp;geschossen. Jeder Sch\u00fctze schie\u00dft pro Serie 3 Schuss die elektronisch angezeigt und ausgedruckt werden.<\/p>\n<p style=\"text-align: justify;\">Die Kosten betragen f\u00fcr die erste Serie 3,00 \u20ac (enth\u00e4lt 2 Probesch\u00fcsse), jede weitere Serie 1,00\u20ac.<\/p>\n<p style=\"text-align: justify;\">Die 8 besten Sch\u00fctzen schie\u00dfen dann auf die Ehrenscheibe.<\/p>\n<p style=\"text-align: justify;\">Jeder Verein kann beliebig Mannschaften a 4 Sch\u00fctzen stellen, die um drei Zusatzpreise k\u00e4mpfen (3 Barpreise 1x 50,00 \u20ac, 1 x 30,00 \u20ac und 1 x 20,00 \u20ac).<\/p>\n<p style=\"text-align: justify;\">Wir w\u00fcrden uns \u00fcber eine rege Teilnahme freuen, um mit Euch diese langj\u00e4hrige Tradition wieder aufleben zu lassen<\/p>\n<p style=\"text-align: justify;\">F\u00fcr Speisen und Getr\u00e4nke ist nat\u00fcrlich wie immer bestens gesorgt.<\/p>\n","protected":false},"excerpt":{"rendered":"<p>Liebe B\u00fcrgerinnen und B\u00fcrger aus Diez-Freiendiez, wir, der Sch\u00fctzenverein Diez \u2013 Freiendiez 1928 e.V. l\u00e4dt nach mehrj\u00e4hriger Corona-Pause dieses Jahr wieder zum B\u00fcrgerk\u00f6nigsschie\u00dfen ein. Teilnehmen k\u00f6nnen sowohl Einzelpersonen als auch Mannschaften (mind. vier Starter). Vereine k\u00f6nnen als Mannschaft auftreten. Das Bilden einer Mannschaft aus Einzelpersonen ist nat\u00fcrlich auch m\u00f6glich. Wann:&nbsp; Sonntag, den 16. Oktober 2022, &hellip; <\/p>\n<p class=\"link-more\"><a href=\"https:\/\/www.sv-freiendiez.de\/?p=4248\" class=\"more-link\"><span class=\"screen-reader-text\">\u201eEinladung zum diesj\u00e4hrigen B\u00fcrgerk\u00f6nigsschie\u00dfen 2022\u201c<\/span> weiterlesen<\/a><\/p>\n","protected":false},"author":1,"featured_media":0,"comment_status":"closed","ping_status":"closed","sticky":false,"template":"","format":"standard","meta":{"ngg_post_thumbnail":0,"footnotes":""},"categories":[40,31],"tags":[],"class_list":["post-4248","post","type-post","status-publish","format-standard","hentry","category-koenigsschiessen","category-termine"],"yoast_head":"<!-- This site is optimized with the Yoast SEO plugin v27.5 - https:\/\/yoast.com\/product\/yoast-seo-wordpress\/ -->\n<title>Einladung zum diesj\u00e4hrigen B\u00fcrgerk\u00f6nigsschie\u00dfen 2022 - SV Diez-Freiendiez 1928 e.V.<\/title>\n<meta name=\"robots\" content=\"index, follow, max-snippet:-1, max-image-preview:large, max-video-preview:-1\" \/>\n<link rel=\"canonical\" href=\"https:\/\/www.sv-freiendiez.de\/?p=4248\" \/>\n<meta property=\"og:locale\" content=\"de_DE\" \/>\n<meta property=\"og:type\" content=\"article\" \/>\n<meta property=\"og:title\" content=\"Einladung zum diesj\u00e4hrigen B\u00fcrgerk\u00f6nigsschie\u00dfen 2022 - SV Diez-Freiendiez 1928 e.V.\" \/>\n<meta property=\"og:description\" content=\"Liebe B\u00fcrgerinnen und B\u00fcrger aus Diez-Freiendiez, wir, der Sch\u00fctzenverein Diez \u2013 Freiendiez 1928 e.V. l\u00e4dt nach mehrj\u00e4hriger Corona-Pause dieses Jahr wieder zum B\u00fcrgerk\u00f6nigsschie\u00dfen ein. Teilnehmen k\u00f6nnen sowohl Einzelpersonen als auch Mannschaften (mind. vier Starter). Vereine k\u00f6nnen als Mannschaft auftreten. Das Bilden einer Mannschaft aus Einzelpersonen ist nat\u00fcrlich auch m\u00f6glich. Wann:&nbsp; Sonntag, den 16. Oktober 2022, &hellip; \u201eEinladung zum diesj\u00e4hrigen B\u00fcrgerk\u00f6nigsschie\u00dfen 2022\u201c weiterlesen\" \/>\n<meta property=\"og:url\" content=\"https:\/\/www.sv-freiendiez.de\/?p=4248\" \/>\n<meta property=\"og:site_name\" content=\"SV Diez-Freiendiez 1928 e.V.\" \/>\n<meta property=\"article:publisher\" content=\"https:\/\/www.facebook.com\/svfreiendiez\/\" \/>\n<meta property=\"article:published_time\" content=\"2022-09-12T16:29:45+00:00\" \/>\n<meta property=\"article:modified_time\" content=\"2022-10-10T09:31:43+00:00\" \/>\n<meta property=\"og:image\" content=\"https:\/\/www.sv-freiendiez.de\/wp-content\/uploads\/2019\/08\/Sieger_Buergerkoenig2019_FreiendiezereV_klein-300x200.jpg\" \/>\n<meta name=\"author\" content=\"editor\" \/>\n<meta name=\"twitter:card\" content=\"summary_large_image\" \/>\n<meta name=\"twitter:label1\" content=\"Verfasst von\" \/>\n\t<meta name=\"twitter:data1\" content=\"editor\" \/>\n\t<meta name=\"twitter:label2\" content=\"Gesch\u00e4tzte Lesezeit\" \/>\n\t<meta name=\"twitter:data2\" content=\"2\u00a0Minuten\" \/>\n<script type=\"application\/ld+json\" class=\"yoast-schema-graph\">{\"@context\":\"https:\\\/\\\/schema.org\",\"@graph\":[{\"@type\":\"Article\",\"@id\":\"https:\\\/\\\/www.sv-freiendiez.de\\\/?p=4248#article\",\"isPartOf\":{\"@id\":\"https:\\\/\\\/www.sv-freiendiez.de\\\/?p=4248\"},\"author\":{\"name\":\"editor\",\"@id\":\"https:\\\/\\\/www.sv-freiendiez.de\\\/#\\\/schema\\\/person\\\/e506fdcfcb3a8d0b33fb2982e44b9b79\"},\"headline\":\"Einladung zum diesj\u00e4hrigen B\u00fcrgerk\u00f6nigsschie\u00dfen 2022\",\"datePublished\":\"2022-09-12T16:29:45+00:00\",\"dateModified\":\"2022-10-10T09:31:43+00:00\",\"mainEntityOfPage\":{\"@id\":\"https:\\\/\\\/www.sv-freiendiez.de\\\/?p=4248\"},\"wordCount\":208,\"publisher\":{\"@id\":\"https:\\\/\\\/www.sv-freiendiez.de\\\/#organization\"},\"image\":{\"@id\":\"https:\\\/\\\/www.sv-freiendiez.de\\\/?p=4248#primaryimage\"},\"thumbnailUrl\":\"https:\\\/\\\/www.sv-freiendiez.de\\\/wp-content\\\/uploads\\\/2019\\\/08\\\/Sieger_Buergerkoenig2019_FreiendiezereV_klein-300x200.jpg\",\"articleSection\":[\"K\u00f6nigsschie\u00dfen\",\"Termine\"],\"inLanguage\":\"de\"},{\"@type\":\"WebPage\",\"@id\":\"https:\\\/\\\/www.sv-freiendiez.de\\\/?p=4248\",\"url\":\"https:\\\/\\\/www.sv-freiendiez.de\\\/?p=4248\",\"name\":\"Einladung zum diesj\u00e4hrigen B\u00fcrgerk\u00f6nigsschie\u00dfen 2022 - SV Diez-Freiendiez 1928 e.V.\",\"isPartOf\":{\"@id\":\"https:\\\/\\\/www.sv-freiendiez.de\\\/#website\"},\"primaryImageOfPage\":{\"@id\":\"https:\\\/\\\/www.sv-freiendiez.de\\\/?p=4248#primaryimage\"},\"image\":{\"@id\":\"https:\\\/\\\/www.sv-freiendiez.de\\\/?p=4248#primaryimage\"},\"thumbnailUrl\":\"https:\\\/\\\/www.sv-freiendiez.de\\\/wp-content\\\/uploads\\\/2019\\\/08\\\/Sieger_Buergerkoenig2019_FreiendiezereV_klein-300x200.jpg\",\"datePublished\":\"2022-09-12T16:29:45+00:00\",\"dateModified\":\"2022-10-10T09:31:43+00:00\",\"breadcrumb\":{\"@id\":\"https:\\\/\\\/www.sv-freiendiez.de\\\/?p=4248#breadcrumb\"},\"inLanguage\":\"de\",\"potentialAction\":[{\"@type\":\"ReadAction\",\"target\":[\"https:\\\/\\\/www.sv-freiendiez.de\\\/?p=4248\"]}]},{\"@type\":\"ImageObject\",\"inLanguage\":\"de\",\"@id\":\"https:\\\/\\\/www.sv-freiendiez.de\\\/?p=4248#primaryimage\",\"url\":\"https:\\\/\\\/www.sv-freiendiez.de\\\/wp-content\\\/uploads\\\/2019\\\/08\\\/Sieger_Buergerkoenig2019_FreiendiezereV_klein.jpg\",\"contentUrl\":\"https:\\\/\\\/www.sv-freiendiez.de\\\/wp-content\\\/uploads\\\/2019\\\/08\\\/Sieger_Buergerkoenig2019_FreiendiezereV_klein.jpg\",\"width\":876,\"height\":584,\"caption\":\"Die Sieger in der Mannschaftswertung 2019: Der Freiendiezer e.V. (C) SV Diez-Freiendiez 1928 e.V.\"},{\"@type\":\"BreadcrumbList\",\"@id\":\"https:\\\/\\\/www.sv-freiendiez.de\\\/?p=4248#breadcrumb\",\"itemListElement\":[{\"@type\":\"ListItem\",\"position\":1,\"name\":\"Startseite\",\"item\":\"https:\\\/\\\/www.sv-freiendiez.de\\\/\"},{\"@type\":\"ListItem\",\"position\":2,\"name\":\"Einladung zum diesj\u00e4hrigen B\u00fcrgerk\u00f6nigsschie\u00dfen 2022\"}]},{\"@type\":\"WebSite\",\"@id\":\"https:\\\/\\\/www.sv-freiendiez.de\\\/#website\",\"url\":\"https:\\\/\\\/www.sv-freiendiez.de\\\/\",\"name\":\"SV Diez-Freiendiez 1928 e.V.\",\"description\":\"Sch\u00fctzenverein Diez-Freiendiez 1928 e.V.\",\"publisher\":{\"@id\":\"https:\\\/\\\/www.sv-freiendiez.de\\\/#organization\"},\"potentialAction\":[{\"@type\":\"SearchAction\",\"target\":{\"@type\":\"EntryPoint\",\"urlTemplate\":\"https:\\\/\\\/www.sv-freiendiez.de\\\/?s={search_term_string}\"},\"query-input\":{\"@type\":\"PropertyValueSpecification\",\"valueRequired\":true,\"valueName\":\"search_term_string\"}}],\"inLanguage\":\"de\"},{\"@type\":\"Organization\",\"@id\":\"https:\\\/\\\/www.sv-freiendiez.de\\\/#organization\",\"name\":\"SV Diez-Freiendiez 1928 e.V.\",\"url\":\"https:\\\/\\\/www.sv-freiendiez.de\\\/\",\"logo\":{\"@type\":\"ImageObject\",\"inLanguage\":\"de\",\"@id\":\"https:\\\/\\\/www.sv-freiendiez.de\\\/#\\\/schema\\\/logo\\\/image\\\/\",\"url\":\"https:\\\/\\\/www.sv-freiendiez.de\\\/wp-content\\\/uploads\\\/2016\\\/12\\\/cropped-wappen250.png\",\"contentUrl\":\"https:\\\/\\\/www.sv-freiendiez.de\\\/wp-content\\\/uploads\\\/2016\\\/12\\\/cropped-wappen250.png\",\"width\":250,\"height\":250,\"caption\":\"SV Diez-Freiendiez 1928 e.V.\"},\"image\":{\"@id\":\"https:\\\/\\\/www.sv-freiendiez.de\\\/#\\\/schema\\\/logo\\\/image\\\/\"},\"sameAs\":[\"https:\\\/\\\/www.facebook.com\\\/svfreiendiez\\\/\"]},{\"@type\":\"Person\",\"@id\":\"https:\\\/\\\/www.sv-freiendiez.de\\\/#\\\/schema\\\/person\\\/e506fdcfcb3a8d0b33fb2982e44b9b79\",\"name\":\"editor\",\"image\":{\"@type\":\"ImageObject\",\"inLanguage\":\"de\",\"@id\":\"https:\\\/\\\/secure.gravatar.com\\\/avatar\\\/2e61a0e3091a1495360fb924e613dd25bace1d4a95a687bd9add8c68191636ff?s=96&d=mm&r=g\",\"url\":\"https:\\\/\\\/secure.gravatar.com\\\/avatar\\\/2e61a0e3091a1495360fb924e613dd25bace1d4a95a687bd9add8c68191636ff?s=96&d=mm&r=g\",\"contentUrl\":\"https:\\\/\\\/secure.gravatar.com\\\/avatar\\\/2e61a0e3091a1495360fb924e613dd25bace1d4a95a687bd9add8c68191636ff?s=96&d=mm&r=g\",\"caption\":\"editor\"},\"url\":\"https:\\\/\\\/www.sv-freiendiez.de\\\/?author=1\"}]}<\/script>\n<!-- \/ Yoast SEO plugin. -->","yoast_head_json":{"title":"Einladung zum diesj\u00e4hrigen B\u00fcrgerk\u00f6nigsschie\u00dfen 2022 - SV Diez-Freiendiez 1928 e.V.","robots":{"index":"index","follow":"follow","max-snippet":"max-snippet:-1","max-image-preview":"max-image-preview:large","max-video-preview":"max-video-preview:-1"},"canonical":"https:\/\/www.sv-freiendiez.de\/?p=4248","og_locale":"de_DE","og_type":"article","og_title":"Einladung zum diesj\u00e4hrigen B\u00fcrgerk\u00f6nigsschie\u00dfen 2022 - SV Diez-Freiendiez 1928 e.V.","og_description":"Liebe B\u00fcrgerinnen und B\u00fcrger aus Diez-Freiendiez, wir, der Sch\u00fctzenverein Diez \u2013 Freiendiez 1928 e.V. l\u00e4dt nach mehrj\u00e4hriger Corona-Pause dieses Jahr wieder zum B\u00fcrgerk\u00f6nigsschie\u00dfen ein. Teilnehmen k\u00f6nnen sowohl Einzelpersonen als auch Mannschaften (mind. vier Starter). Vereine k\u00f6nnen als Mannschaft auftreten. Das Bilden einer Mannschaft aus Einzelpersonen ist nat\u00fcrlich auch m\u00f6glich. Wann:&nbsp; Sonntag, den 16. Oktober 2022, &hellip; \u201eEinladung zum diesj\u00e4hrigen B\u00fcrgerk\u00f6nigsschie\u00dfen 2022\u201c weiterlesen","og_url":"https:\/\/www.sv-freiendiez.de\/?p=4248","og_site_name":"SV Diez-Freiendiez 1928 e.V.","article_publisher":"https:\/\/www.facebook.com\/svfreiendiez\/","article_published_time":"2022-09-12T16:29:45+00:00","article_modified_time":"2022-10-10T09:31:43+00:00","og_image":[{"url":"https:\/\/www.sv-freiendiez.de\/wp-content\/uploads\/2019\/08\/Sieger_Buergerkoenig2019_FreiendiezereV_klein-300x200.jpg","type":"","width":"","height":""}],"author":"editor","twitter_card":"summary_large_image","twitter_misc":{"Verfasst von":"editor","Gesch\u00e4tzte Lesezeit":"2\u00a0Minuten"},"schema":{"@context":"https:\/\/schema.org","@graph":[{"@type":"Article","@id":"https:\/\/www.sv-freiendiez.de\/?p=4248#article","isPartOf":{"@id":"https:\/\/www.sv-freiendiez.de\/?p=4248"},"author":{"name":"editor","@id":"https:\/\/www.sv-freiendiez.de\/#\/schema\/person\/e506fdcfcb3a8d0b33fb2982e44b9b79"},"headline":"Einladung zum diesj\u00e4hrigen B\u00fcrgerk\u00f6nigsschie\u00dfen 2022","datePublished":"2022-09-12T16:29:45+00:00","dateModified":"2022-10-10T09:31:43+00:00","mainEntityOfPage":{"@id":"https:\/\/www.sv-freiendiez.de\/?p=4248"},"wordCount":208,"publisher":{"@id":"https:\/\/www.sv-freiendiez.de\/#organization"},"image":{"@id":"https:\/\/www.sv-freiendiez.de\/?p=4248#primaryimage"},"thumbnailUrl":"https:\/\/www.sv-freiendiez.de\/wp-content\/uploads\/2019\/08\/Sieger_Buergerkoenig2019_FreiendiezereV_klein-300x200.jpg","articleSection":["K\u00f6nigsschie\u00dfen","Termine"],"inLanguage":"de"},{"@type":"WebPage","@id":"https:\/\/www.sv-freiendiez.de\/?p=4248","url":"https:\/\/www.sv-freiendiez.de\/?p=4248","name":"Einladung zum diesj\u00e4hrigen B\u00fcrgerk\u00f6nigsschie\u00dfen 2022 - SV Diez-Freiendiez 1928 e.V.","isPartOf":{"@id":"https:\/\/www.sv-freiendiez.de\/#website"},"primaryImageOfPage":{"@id":"https:\/\/www.sv-freiendiez.de\/?p=4248#primaryimage"},"image":{"@id":"https:\/\/www.sv-freiendiez.de\/?p=4248#primaryimage"},"thumbnailUrl":"https:\/\/www.sv-freiendiez.de\/wp-content\/uploads\/2019\/08\/Sieger_Buergerkoenig2019_FreiendiezereV_klein-300x200.jpg","datePublished":"2022-09-12T16:29:45+00:00","dateModified":"2022-10-10T09:31:43+00:00","breadcrumb":{"@id":"https:\/\/www.sv-freiendiez.de\/?p=4248#breadcrumb"},"inLanguage":"de","potentialAction":[{"@type":"ReadAction","target":["https:\/\/www.sv-freiendiez.de\/?p=4248"]}]},{"@type":"ImageObject","inLanguage":"de","@id":"https:\/\/www.sv-freiendiez.de\/?p=4248#primaryimage","url":"https:\/\/www.sv-freiendiez.de\/wp-content\/uploads\/2019\/08\/Sieger_Buergerkoenig2019_FreiendiezereV_klein.jpg","contentUrl":"https:\/\/www.sv-freiendiez.de\/wp-content\/uploads\/2019\/08\/Sieger_Buergerkoenig2019_FreiendiezereV_klein.jpg","width":876,"height":584,"caption":"Die Sieger in der Mannschaftswertung 2019: Der Freiendiezer e.V. (C) SV Diez-Freiendiez 1928 e.V."},{"@type":"BreadcrumbList","@id":"https:\/\/www.sv-freiendiez.de\/?p=4248#breadcrumb","itemListElement":[{"@type":"ListItem","position":1,"name":"Startseite","item":"https:\/\/www.sv-freiendiez.de\/"},{"@type":"ListItem","position":2,"name":"Einladung zum diesj\u00e4hrigen B\u00fcrgerk\u00f6nigsschie\u00dfen 2022"}]},{"@type":"WebSite","@id":"https:\/\/www.sv-freiendiez.de\/#website","url":"https:\/\/www.sv-freiendiez.de\/","name":"SV Diez-Freiendiez 1928 e.V.","description":"Sch\u00fctzenverein Diez-Freiendiez 1928 e.V.","publisher":{"@id":"https:\/\/www.sv-freiendiez.de\/#organization"},"potentialAction":[{"@type":"SearchAction","target":{"@type":"EntryPoint","urlTemplate":"https:\/\/www.sv-freiendiez.de\/?s={search_term_string}"},"query-input":{"@type":"PropertyValueSpecification","valueRequired":true,"valueName":"search_term_string"}}],"inLanguage":"de"},{"@type":"Organization","@id":"https:\/\/www.sv-freiendiez.de\/#organization","name":"SV Diez-Freiendiez 1928 e.V.","url":"https:\/\/www.sv-freiendiez.de\/","logo":{"@type":"ImageObject","inLanguage":"de","@id":"https:\/\/www.sv-freiendiez.de\/#\/schema\/logo\/image\/","url":"https:\/\/www.sv-freiendiez.de\/wp-content\/uploads\/2016\/12\/cropped-wappen250.png","contentUrl":"https:\/\/www.sv-freiendiez.de\/wp-content\/uploads\/2016\/12\/cropped-wappen250.png","width":250,"height":250,"caption":"SV Diez-Freiendiez 1928 e.V."},"image":{"@id":"https:\/\/www.sv-freiendiez.de\/#\/schema\/logo\/image\/"},"sameAs":["https:\/\/www.facebook.com\/svfreiendiez\/"]},{"@type":"Person","@id":"https:\/\/www.sv-freiendiez.de\/#\/schema\/person\/e506fdcfcb3a8d0b33fb2982e44b9b79","name":"editor","image":{"@type":"ImageObject","inLanguage":"de","@id":"https:\/\/secure.gravatar.com\/avatar\/2e61a0e3091a1495360fb924e613dd25bace1d4a95a687bd9add8c68191636ff?s=96&d=mm&r=g","url":"https:\/\/secure.gravatar.com\/avatar\/2e61a0e3091a1495360fb924e613dd25bace1d4a95a687bd9add8c68191636ff?s=96&d=mm&r=g","contentUrl":"https:\/\/secure.gravatar.com\/avatar\/2e61a0e3091a1495360fb924e613dd25bace1d4a95a687bd9add8c68191636ff?s=96&d=mm&r=g","caption":"editor"},"url":"https:\/\/www.sv-freiendiez.de\/?author=1"}]}},"_links":{"self":[{"href":"https:\/\/www.sv-freiendiez.de\/index.php?rest_route=\/wp\/v2\/posts\/4248","targetHints":{"allow":["GET"]}}],"collection":[{"href":"https:\/\/www.sv-freiendiez.de\/index.php?rest_route=\/wp\/v2\/posts"}],"about":[{"href":"https:\/\/www.sv-freiendiez.de\/index.php?rest_route=\/wp\/v2\/types\/post"}],"author":[{"embeddable":true,"href":"https:\/\/www.sv-freiendiez.de\/index.php?rest_route=\/wp\/v2\/users\/1"}],"replies":[{"embeddable":true,"href":"https:\/\/www.sv-freiendiez.de\/index.php?rest_route=%2Fwp%2Fv2%2Fcomments&post=4248"}],"version-history":[{"count":0,"href":"https:\/\/www.sv-freiendiez.de\/index.php?rest_route=\/wp\/v2\/posts\/4248\/revisions"}],"wp:attachment":[{"href":"https:\/\/www.sv-freiendiez.de\/index.php?rest_route=%2Fwp%2Fv2%2Fmedia&parent=4248"}],"wp:term":[{"taxonomy":"category","embeddable":true,"href":"https:\/\/www.sv-freiendiez.de\/index.php?rest_route=%2Fwp%2Fv2%2Fcategories&post=4248"},{"taxonomy":"post_tag","embeddable":true,"href":"https:\/\/www.sv-freiendiez.de\/index.php?rest_route=%2Fwp%2Fv2%2Ftags&post=4248"}],"curies":[{"name":"wp","href":"https:\/\/api.w.org\/{rel}","templated":true}]}}