{"id":4189,"date":"2022-08-27T22:43:00","date_gmt":"2022-08-27T20:43:00","guid":{"rendered":"https:\/\/www.sv-freiendiez.de\/?p=4189"},"modified":"2022-08-27T22:43:50","modified_gmt":"2022-08-27T20:43:50","slug":"gute-nachrichten-von-den-deutschen-meisterschaften-in-muenchen","status":"publish","type":"post","link":"https:\/\/www.sv-freiendiez.de\/?p=4189","title":{"rendered":"Gute Nachrichten von den Deutschen Meisterschaften in M\u00fcnchen"},"content":{"rendered":"<figure id=\"attachment_4190\" aria-describedby=\"caption-attachment-4190\" style=\"width: 300px\" class=\"wp-caption alignright\"><img loading=\"lazy\" decoding=\"async\" class=\"size-medium wp-image-4190\" src=\"https:\/\/www.sv-freiendiez.de\/wp-content\/uploads\/2022\/08\/IMG_7600_40-300x225.jpg\" alt=\"\" width=\"300\" height=\"225\" srcset=\"https:\/\/www.sv-freiendiez.de\/wp-content\/uploads\/2022\/08\/IMG_7600_40-300x225.jpg 300w, https:\/\/www.sv-freiendiez.de\/wp-content\/uploads\/2022\/08\/IMG_7600_40-1024x768.jpg 1024w, https:\/\/www.sv-freiendiez.de\/wp-content\/uploads\/2022\/08\/IMG_7600_40-768x576.jpg 768w, https:\/\/www.sv-freiendiez.de\/wp-content\/uploads\/2022\/08\/IMG_7600_40-1536x1152.jpg 1536w, https:\/\/www.sv-freiendiez.de\/wp-content\/uploads\/2022\/08\/IMG_7600_40-1320x990.jpg 1320w, https:\/\/www.sv-freiendiez.de\/wp-content\/uploads\/2022\/08\/IMG_7600_40.jpg 1728w\" sizes=\"auto, (max-width: 300px) 100vw, 300px\" \/><figcaption id=\"caption-attachment-4190\" class=\"wp-caption-text\">Patrick Meyer<br \/>(C) SV Diez-Freiendiez 1928 e.V.<\/figcaption><\/figure>\n<p style=\"text-align: justify;\">Nach dem ersten Wettkampftag f\u00fcr unsere Sch\u00fctzen erreichen uns gute Nachrichten. Unsere Mannschaft in der Disziplin Freie Pistole (Herren I) hat heute mit 1.551 Ringen und den vierten Platz nur knapp eine Medalie verpasst. In der Einzelwertung errang unser Sch\u00fctze Patrick Meyer mit 542 Ringen den dritten Platz und erreichte damit eine Bronzemedalie.<\/p>\n","protected":false},"excerpt":{"rendered":"<p>Nach dem ersten Wettkampftag f\u00fcr unsere Sch\u00fctzen erreichen uns gute Nachrichten. Unsere Mannschaft in der Disziplin Freie Pistole (Herren I) hat heute mit 1.551 Ringen und den vierten Platz nur knapp eine Medalie verpasst. In der Einzelwertung errang unser Sch\u00fctze Patrick Meyer mit 542 Ringen den dritten Platz und erreichte damit eine Bronzemedalie.<\/p>\n","protected":false},"author":1,"featured_media":0,"comment_status":"closed","ping_status":"closed","sticky":false,"template":"","format":"standard","meta":{"ngg_post_thumbnail":0,"footnotes":""},"categories":[14,27,11],"tags":[],"class_list":["post-4189","post","type-post","status-publish","format-standard","hentry","category-deutsche-meisterschaft","category-dsb","category-erfolge"],"yoast_head":"<!-- This site is optimized with the Yoast SEO plugin v27.5 - https:\/\/yoast.com\/product\/yoast-seo-wordpress\/ -->\n<title>Gute Nachrichten von den Deutschen Meisterschaften in M\u00fcnchen - SV Diez-Freiendiez 1928 e.V.<\/title>\n<meta name=\"robots\" content=\"index, follow, max-snippet:-1, max-image-preview:large, max-video-preview:-1\" \/>\n<link rel=\"canonical\" href=\"https:\/\/www.sv-freiendiez.de\/?p=4189\" \/>\n<meta property=\"og:locale\" content=\"de_DE\" \/>\n<meta property=\"og:type\" content=\"article\" \/>\n<meta property=\"og:title\" content=\"Gute Nachrichten von den Deutschen Meisterschaften in M\u00fcnchen - SV Diez-Freiendiez 1928 e.V.\" \/>\n<meta property=\"og:description\" content=\"Nach dem ersten Wettkampftag f\u00fcr unsere Sch\u00fctzen erreichen uns gute Nachrichten. Unsere Mannschaft in der Disziplin Freie Pistole (Herren I) hat heute mit 1.551 Ringen und den vierten Platz nur knapp eine Medalie verpasst. In der Einzelwertung errang unser Sch\u00fctze Patrick Meyer mit 542 Ringen den dritten Platz und erreichte damit eine Bronzemedalie.\" \/>\n<meta property=\"og:url\" content=\"https:\/\/www.sv-freiendiez.de\/?p=4189\" \/>\n<meta property=\"og:site_name\" content=\"SV Diez-Freiendiez 1928 e.V.\" \/>\n<meta property=\"article:publisher\" content=\"https:\/\/www.facebook.com\/svfreiendiez\/\" \/>\n<meta property=\"article:published_time\" content=\"2022-08-27T20:43:00+00:00\" \/>\n<meta property=\"article:modified_time\" content=\"2022-08-27T20:43:50+00:00\" \/>\n<meta property=\"og:image\" content=\"https:\/\/www.sv-freiendiez.de\/wp-content\/uploads\/2022\/08\/IMG_7600_40-300x225.jpg\" \/>\n<meta name=\"author\" content=\"editor\" \/>\n<meta name=\"twitter:card\" content=\"summary_large_image\" \/>\n<meta name=\"twitter:label1\" content=\"Verfasst von\" \/>\n\t<meta name=\"twitter:data1\" content=\"editor\" \/>\n<script type=\"application\/ld+json\" class=\"yoast-schema-graph\">{\"@context\":\"https:\\\/\\\/schema.org\",\"@graph\":[{\"@type\":\"Article\",\"@id\":\"https:\\\/\\\/www.sv-freiendiez.de\\\/?p=4189#article\",\"isPartOf\":{\"@id\":\"https:\\\/\\\/www.sv-freiendiez.de\\\/?p=4189\"},\"author\":{\"name\":\"editor\",\"@id\":\"https:\\\/\\\/www.sv-freiendiez.de\\\/#\\\/schema\\\/person\\\/e506fdcfcb3a8d0b33fb2982e44b9b79\"},\"headline\":\"Gute Nachrichten von den Deutschen Meisterschaften in M\u00fcnchen\",\"datePublished\":\"2022-08-27T20:43:00+00:00\",\"dateModified\":\"2022-08-27T20:43:50+00:00\",\"mainEntityOfPage\":{\"@id\":\"https:\\\/\\\/www.sv-freiendiez.de\\\/?p=4189\"},\"wordCount\":77,\"publisher\":{\"@id\":\"https:\\\/\\\/www.sv-freiendiez.de\\\/#organization\"},\"image\":{\"@id\":\"https:\\\/\\\/www.sv-freiendiez.de\\\/?p=4189#primaryimage\"},\"thumbnailUrl\":\"https:\\\/\\\/www.sv-freiendiez.de\\\/wp-content\\\/uploads\\\/2022\\\/08\\\/IMG_7600_40-300x225.jpg\",\"articleSection\":[\"Deutsche Meisterschaft\",\"DSB\",\"Erfolge\"],\"inLanguage\":\"de\"},{\"@type\":\"WebPage\",\"@id\":\"https:\\\/\\\/www.sv-freiendiez.de\\\/?p=4189\",\"url\":\"https:\\\/\\\/www.sv-freiendiez.de\\\/?p=4189\",\"name\":\"Gute Nachrichten von den Deutschen Meisterschaften in M\u00fcnchen - SV Diez-Freiendiez 1928 e.V.\",\"isPartOf\":{\"@id\":\"https:\\\/\\\/www.sv-freiendiez.de\\\/#website\"},\"primaryImageOfPage\":{\"@id\":\"https:\\\/\\\/www.sv-freiendiez.de\\\/?p=4189#primaryimage\"},\"image\":{\"@id\":\"https:\\\/\\\/www.sv-freiendiez.de\\\/?p=4189#primaryimage\"},\"thumbnailUrl\":\"https:\\\/\\\/www.sv-freiendiez.de\\\/wp-content\\\/uploads\\\/2022\\\/08\\\/IMG_7600_40-300x225.jpg\",\"datePublished\":\"2022-08-27T20:43:00+00:00\",\"dateModified\":\"2022-08-27T20:43:50+00:00\",\"breadcrumb\":{\"@id\":\"https:\\\/\\\/www.sv-freiendiez.de\\\/?p=4189#breadcrumb\"},\"inLanguage\":\"de\",\"potentialAction\":[{\"@type\":\"ReadAction\",\"target\":[\"https:\\\/\\\/www.sv-freiendiez.de\\\/?p=4189\"]}]},{\"@type\":\"ImageObject\",\"inLanguage\":\"de\",\"@id\":\"https:\\\/\\\/www.sv-freiendiez.de\\\/?p=4189#primaryimage\",\"url\":\"https:\\\/\\\/www.sv-freiendiez.de\\\/wp-content\\\/uploads\\\/2022\\\/08\\\/IMG_7600_40.jpg\",\"contentUrl\":\"https:\\\/\\\/www.sv-freiendiez.de\\\/wp-content\\\/uploads\\\/2022\\\/08\\\/IMG_7600_40.jpg\",\"width\":1728,\"height\":1296,\"caption\":\"Patrick Meyer (C) SV Diez-Freiendiez 1928 e.V.\"},{\"@type\":\"BreadcrumbList\",\"@id\":\"https:\\\/\\\/www.sv-freiendiez.de\\\/?p=4189#breadcrumb\",\"itemListElement\":[{\"@type\":\"ListItem\",\"position\":1,\"name\":\"Startseite\",\"item\":\"https:\\\/\\\/www.sv-freiendiez.de\\\/\"},{\"@type\":\"ListItem\",\"position\":2,\"name\":\"Gute Nachrichten von den Deutschen Meisterschaften in M\u00fcnchen\"}]},{\"@type\":\"WebSite\",\"@id\":\"https:\\\/\\\/www.sv-freiendiez.de\\\/#website\",\"url\":\"https:\\\/\\\/www.sv-freiendiez.de\\\/\",\"name\":\"SV Diez-Freiendiez 1928 e.V.\",\"description\":\"Sch\u00fctzenverein Diez-Freiendiez 1928 e.V.\",\"publisher\":{\"@id\":\"https:\\\/\\\/www.sv-freiendiez.de\\\/#organization\"},\"potentialAction\":[{\"@type\":\"SearchAction\",\"target\":{\"@type\":\"EntryPoint\",\"urlTemplate\":\"https:\\\/\\\/www.sv-freiendiez.de\\\/?s={search_term_string}\"},\"query-input\":{\"@type\":\"PropertyValueSpecification\",\"valueRequired\":true,\"valueName\":\"search_term_string\"}}],\"inLanguage\":\"de\"},{\"@type\":\"Organization\",\"@id\":\"https:\\\/\\\/www.sv-freiendiez.de\\\/#organization\",\"name\":\"SV Diez-Freiendiez 1928 e.V.\",\"url\":\"https:\\\/\\\/www.sv-freiendiez.de\\\/\",\"logo\":{\"@type\":\"ImageObject\",\"inLanguage\":\"de\",\"@id\":\"https:\\\/\\\/www.sv-freiendiez.de\\\/#\\\/schema\\\/logo\\\/image\\\/\",\"url\":\"https:\\\/\\\/www.sv-freiendiez.de\\\/wp-content\\\/uploads\\\/2016\\\/12\\\/cropped-wappen250.png\",\"contentUrl\":\"https:\\\/\\\/www.sv-freiendiez.de\\\/wp-content\\\/uploads\\\/2016\\\/12\\\/cropped-wappen250.png\",\"width\":250,\"height\":250,\"caption\":\"SV Diez-Freiendiez 1928 e.V.\"},\"image\":{\"@id\":\"https:\\\/\\\/www.sv-freiendiez.de\\\/#\\\/schema\\\/logo\\\/image\\\/\"},\"sameAs\":[\"https:\\\/\\\/www.facebook.com\\\/svfreiendiez\\\/\"]},{\"@type\":\"Person\",\"@id\":\"https:\\\/\\\/www.sv-freiendiez.de\\\/#\\\/schema\\\/person\\\/e506fdcfcb3a8d0b33fb2982e44b9b79\",\"name\":\"editor\",\"image\":{\"@type\":\"ImageObject\",\"inLanguage\":\"de\",\"@id\":\"https:\\\/\\\/secure.gravatar.com\\\/avatar\\\/2e61a0e3091a1495360fb924e613dd25bace1d4a95a687bd9add8c68191636ff?s=96&d=mm&r=g\",\"url\":\"https:\\\/\\\/secure.gravatar.com\\\/avatar\\\/2e61a0e3091a1495360fb924e613dd25bace1d4a95a687bd9add8c68191636ff?s=96&d=mm&r=g\",\"contentUrl\":\"https:\\\/\\\/secure.gravatar.com\\\/avatar\\\/2e61a0e3091a1495360fb924e613dd25bace1d4a95a687bd9add8c68191636ff?s=96&d=mm&r=g\",\"caption\":\"editor\"},\"url\":\"https:\\\/\\\/www.sv-freiendiez.de\\\/?author=1\"}]}<\/script>\n<!-- \/ Yoast SEO plugin. -->","yoast_head_json":{"title":"Gute Nachrichten von den Deutschen Meisterschaften in M\u00fcnchen - SV Diez-Freiendiez 1928 e.V.","robots":{"index":"index","follow":"follow","max-snippet":"max-snippet:-1","max-image-preview":"max-image-preview:large","max-video-preview":"max-video-preview:-1"},"canonical":"https:\/\/www.sv-freiendiez.de\/?p=4189","og_locale":"de_DE","og_type":"article","og_title":"Gute Nachrichten von den Deutschen Meisterschaften in M\u00fcnchen - SV Diez-Freiendiez 1928 e.V.","og_description":"Nach dem ersten Wettkampftag f\u00fcr unsere Sch\u00fctzen erreichen uns gute Nachrichten. Unsere Mannschaft in der Disziplin Freie Pistole (Herren I) hat heute mit 1.551 Ringen und den vierten Platz nur knapp eine Medalie verpasst. In der Einzelwertung errang unser Sch\u00fctze Patrick Meyer mit 542 Ringen den dritten Platz und erreichte damit eine Bronzemedalie.","og_url":"https:\/\/www.sv-freiendiez.de\/?p=4189","og_site_name":"SV Diez-Freiendiez 1928 e.V.","article_publisher":"https:\/\/www.facebook.com\/svfreiendiez\/","article_published_time":"2022-08-27T20:43:00+00:00","article_modified_time":"2022-08-27T20:43:50+00:00","og_image":[{"url":"https:\/\/www.sv-freiendiez.de\/wp-content\/uploads\/2022\/08\/IMG_7600_40-300x225.jpg","type":"","width":"","height":""}],"author":"editor","twitter_card":"summary_large_image","twitter_misc":{"Verfasst von":"editor"},"schema":{"@context":"https:\/\/schema.org","@graph":[{"@type":"Article","@id":"https:\/\/www.sv-freiendiez.de\/?p=4189#article","isPartOf":{"@id":"https:\/\/www.sv-freiendiez.de\/?p=4189"},"author":{"name":"editor","@id":"https:\/\/www.sv-freiendiez.de\/#\/schema\/person\/e506fdcfcb3a8d0b33fb2982e44b9b79"},"headline":"Gute Nachrichten von den Deutschen Meisterschaften in M\u00fcnchen","datePublished":"2022-08-27T20:43:00+00:00","dateModified":"2022-08-27T20:43:50+00:00","mainEntityOfPage":{"@id":"https:\/\/www.sv-freiendiez.de\/?p=4189"},"wordCount":77,"publisher":{"@id":"https:\/\/www.sv-freiendiez.de\/#organization"},"image":{"@id":"https:\/\/www.sv-freiendiez.de\/?p=4189#primaryimage"},"thumbnailUrl":"https:\/\/www.sv-freiendiez.de\/wp-content\/uploads\/2022\/08\/IMG_7600_40-300x225.jpg","articleSection":["Deutsche Meisterschaft","DSB","Erfolge"],"inLanguage":"de"},{"@type":"WebPage","@id":"https:\/\/www.sv-freiendiez.de\/?p=4189","url":"https:\/\/www.sv-freiendiez.de\/?p=4189","name":"Gute Nachrichten von den Deutschen Meisterschaften in M\u00fcnchen - SV Diez-Freiendiez 1928 e.V.","isPartOf":{"@id":"https:\/\/www.sv-freiendiez.de\/#website"},"primaryImageOfPage":{"@id":"https:\/\/www.sv-freiendiez.de\/?p=4189#primaryimage"},"image":{"@id":"https:\/\/www.sv-freiendiez.de\/?p=4189#primaryimage"},"thumbnailUrl":"https:\/\/www.sv-freiendiez.de\/wp-content\/uploads\/2022\/08\/IMG_7600_40-300x225.jpg","datePublished":"2022-08-27T20:43:00+00:00","dateModified":"2022-08-27T20:43:50+00:00","breadcrumb":{"@id":"https:\/\/www.sv-freiendiez.de\/?p=4189#breadcrumb"},"inLanguage":"de","potentialAction":[{"@type":"ReadAction","target":["https:\/\/www.sv-freiendiez.de\/?p=4189"]}]},{"@type":"ImageObject","inLanguage":"de","@id":"https:\/\/www.sv-freiendiez.de\/?p=4189#primaryimage","url":"https:\/\/www.sv-freiendiez.de\/wp-content\/uploads\/2022\/08\/IMG_7600_40.jpg","contentUrl":"https:\/\/www.sv-freiendiez.de\/wp-content\/uploads\/2022\/08\/IMG_7600_40.jpg","width":1728,"height":1296,"caption":"Patrick Meyer (C) SV Diez-Freiendiez 1928 e.V."},{"@type":"BreadcrumbList","@id":"https:\/\/www.sv-freiendiez.de\/?p=4189#breadcrumb","itemListElement":[{"@type":"ListItem","position":1,"name":"Startseite","item":"https:\/\/www.sv-freiendiez.de\/"},{"@type":"ListItem","position":2,"name":"Gute Nachrichten von den Deutschen Meisterschaften in M\u00fcnchen"}]},{"@type":"WebSite","@id":"https:\/\/www.sv-freiendiez.de\/#website","url":"https:\/\/www.sv-freiendiez.de\/","name":"SV Diez-Freiendiez 1928 e.V.","description":"Sch\u00fctzenverein Diez-Freiendiez 1928 e.V.","publisher":{"@id":"https:\/\/www.sv-freiendiez.de\/#organization"},"potentialAction":[{"@type":"SearchAction","target":{"@type":"EntryPoint","urlTemplate":"https:\/\/www.sv-freiendiez.de\/?s={search_term_string}"},"query-input":{"@type":"PropertyValueSpecification","valueRequired":true,"valueName":"search_term_string"}}],"inLanguage":"de"},{"@type":"Organization","@id":"https:\/\/www.sv-freiendiez.de\/#organization","name":"SV Diez-Freiendiez 1928 e.V.","url":"https:\/\/www.sv-freiendiez.de\/","logo":{"@type":"ImageObject","inLanguage":"de","@id":"https:\/\/www.sv-freiendiez.de\/#\/schema\/logo\/image\/","url":"https:\/\/www.sv-freiendiez.de\/wp-content\/uploads\/2016\/12\/cropped-wappen250.png","contentUrl":"https:\/\/www.sv-freiendiez.de\/wp-content\/uploads\/2016\/12\/cropped-wappen250.png","width":250,"height":250,"caption":"SV Diez-Freiendiez 1928 e.V."},"image":{"@id":"https:\/\/www.sv-freiendiez.de\/#\/schema\/logo\/image\/"},"sameAs":["https:\/\/www.facebook.com\/svfreiendiez\/"]},{"@type":"Person","@id":"https:\/\/www.sv-freiendiez.de\/#\/schema\/person\/e506fdcfcb3a8d0b33fb2982e44b9b79","name":"editor","image":{"@type":"ImageObject","inLanguage":"de","@id":"https:\/\/secure.gravatar.com\/avatar\/2e61a0e3091a1495360fb924e613dd25bace1d4a95a687bd9add8c68191636ff?s=96&d=mm&r=g","url":"https:\/\/secure.gravatar.com\/avatar\/2e61a0e3091a1495360fb924e613dd25bace1d4a95a687bd9add8c68191636ff?s=96&d=mm&r=g","contentUrl":"https:\/\/secure.gravatar.com\/avatar\/2e61a0e3091a1495360fb924e613dd25bace1d4a95a687bd9add8c68191636ff?s=96&d=mm&r=g","caption":"editor"},"url":"https:\/\/www.sv-freiendiez.de\/?author=1"}]}},"_links":{"self":[{"href":"https:\/\/www.sv-freiendiez.de\/index.php?rest_route=\/wp\/v2\/posts\/4189","targetHints":{"allow":["GET"]}}],"collection":[{"href":"https:\/\/www.sv-freiendiez.de\/index.php?rest_route=\/wp\/v2\/posts"}],"about":[{"href":"https:\/\/www.sv-freiendiez.de\/index.php?rest_route=\/wp\/v2\/types\/post"}],"author":[{"embeddable":true,"href":"https:\/\/www.sv-freiendiez.de\/index.php?rest_route=\/wp\/v2\/users\/1"}],"replies":[{"embeddable":true,"href":"https:\/\/www.sv-freiendiez.de\/index.php?rest_route=%2Fwp%2Fv2%2Fcomments&post=4189"}],"version-history":[{"count":0,"href":"https:\/\/www.sv-freiendiez.de\/index.php?rest_route=\/wp\/v2\/posts\/4189\/revisions"}],"wp:attachment":[{"href":"https:\/\/www.sv-freiendiez.de\/index.php?rest_route=%2Fwp%2Fv2%2Fmedia&parent=4189"}],"wp:term":[{"taxonomy":"category","embeddable":true,"href":"https:\/\/www.sv-freiendiez.de\/index.php?rest_route=%2Fwp%2Fv2%2Fcategories&post=4189"},{"taxonomy":"post_tag","embeddable":true,"href":"https:\/\/www.sv-freiendiez.de\/index.php?rest_route=%2Fwp%2Fv2%2Ftags&post=4189"}],"curies":[{"name":"wp","href":"https:\/\/api.w.org\/{rel}","templated":true}]}}