{"id":4181,"date":"2022-08-19T09:57:25","date_gmt":"2022-08-19T07:57:25","guid":{"rendered":"https:\/\/www.sv-freiendiez.de\/?p=4181"},"modified":"2022-08-27T22:55:51","modified_gmt":"2022-08-27T20:55:51","slug":"bpol-im-schuetzenhaus","status":"publish","type":"post","link":"https:\/\/www.sv-freiendiez.de\/?p=4181","title":{"rendered":"BPOL im Sch\u00fctzenhaus"},"content":{"rendered":"<p style=\"text-align: justify;\"><img loading=\"lazy\" decoding=\"async\" class=\"alignleft wp-image-4185 size-medium\" src=\"https:\/\/www.sv-freiendiez.de\/wp-content\/uploads\/2022\/08\/20220818_185211_crop_35-244x300.jpg\" alt=\"\" width=\"244\" height=\"300\" srcset=\"https:\/\/www.sv-freiendiez.de\/wp-content\/uploads\/2022\/08\/20220818_185211_crop_35-244x300.jpg 244w, https:\/\/www.sv-freiendiez.de\/wp-content\/uploads\/2022\/08\/20220818_185211_crop_35-768x946.jpg 768w, https:\/\/www.sv-freiendiez.de\/wp-content\/uploads\/2022\/08\/20220818_185211_crop_35.jpg 796w\" sizes=\"auto, (max-width: 244px) 100vw, 244px\" \/>Gestern war eine komplette Lerngruppe der Bundespolizeischule aus Diez bei uns im Sch\u00fctzenhaus zu Gast. Die jungen Polizeianw\u00e4rterinnen und -anw\u00e4rter informierten sich \u00fcber unser Sch\u00fctzenhaus und unserem Sport.<\/p>\n<p style=\"text-align: justify;\">Unsere G\u00e4ste waren sehr interessiert so das sich daraus sehr interessante Gespr\u00e4che entwickelten. Bei einem Imbiss und k\u00fchlen Getr\u00e4nken nahmen Sie unsere Schie\u00dfst\u00e4nde unter fachkundiger Anleitung in Augenschein. Schnell war den Besuchern klar, das das Schie\u00dftrainig der Polizei nun wirklich gar nichts mit dem Schie\u00dftraining im Sch\u00fctzensport zu tun hat.<\/p>\n<p style=\"text-align: justify;\">Nachdem man sich ausf\u00fchrlich f\u00fcr diesen unterhaltsamen Abend bei uns bedankt hatte, r\u00fcckte die Gruppe nach knapp zweieinhalb Stunden&nbsp; gut informiert und gest\u00e4rkt wieder ab. Auch wir haben uns \u00fcber den Besuch gefreut und w\u00fcnschen den Polizeianw\u00e4rten viel Erfolg und eine ruhige Dienstzeit!<\/p>\n","protected":false},"excerpt":{"rendered":"<p>Gestern war eine komplette Lerngruppe der Bundespolizeischule aus Diez bei uns im Sch\u00fctzenhaus zu Gast. Die jungen Polizeianw\u00e4rterinnen und -anw\u00e4rter informierten sich \u00fcber unser Sch\u00fctzenhaus und unserem Sport. Unsere G\u00e4ste waren sehr interessiert so das sich daraus sehr interessante Gespr\u00e4che entwickelten. Bei einem Imbiss und k\u00fchlen Getr\u00e4nken nahmen Sie unsere Schie\u00dfst\u00e4nde unter fachkundiger Anleitung in &hellip; <\/p>\n<p class=\"link-more\"><a href=\"https:\/\/www.sv-freiendiez.de\/?p=4181\" class=\"more-link\"><span class=\"screen-reader-text\">\u201eBPOL im Sch\u00fctzenhaus\u201c<\/span> weiterlesen<\/a><\/p>\n","protected":false},"author":1,"featured_media":0,"comment_status":"closed","ping_status":"closed","sticky":false,"template":"","format":"standard","meta":{"ngg_post_thumbnail":0,"footnotes":""},"categories":[1],"tags":[],"class_list":["post-4181","post","type-post","status-publish","format-standard","hentry","category-allgemein"],"yoast_head":"<!-- This site is optimized with the Yoast SEO plugin v27.5 - https:\/\/yoast.com\/product\/yoast-seo-wordpress\/ -->\n<title>BPOL im Sch\u00fctzenhaus - SV Diez-Freiendiez 1928 e.V.<\/title>\n<meta name=\"robots\" content=\"index, follow, max-snippet:-1, max-image-preview:large, max-video-preview:-1\" \/>\n<link rel=\"canonical\" href=\"https:\/\/www.sv-freiendiez.de\/?p=4181\" \/>\n<meta property=\"og:locale\" content=\"de_DE\" \/>\n<meta property=\"og:type\" content=\"article\" \/>\n<meta property=\"og:title\" content=\"BPOL im Sch\u00fctzenhaus - SV Diez-Freiendiez 1928 e.V.\" \/>\n<meta property=\"og:description\" content=\"Gestern war eine komplette Lerngruppe der Bundespolizeischule aus Diez bei uns im Sch\u00fctzenhaus zu Gast. Die jungen Polizeianw\u00e4rterinnen und -anw\u00e4rter informierten sich \u00fcber unser Sch\u00fctzenhaus und unserem Sport. Unsere G\u00e4ste waren sehr interessiert so das sich daraus sehr interessante Gespr\u00e4che entwickelten. Bei einem Imbiss und k\u00fchlen Getr\u00e4nken nahmen Sie unsere Schie\u00dfst\u00e4nde unter fachkundiger Anleitung in &hellip; \u201eBPOL im Sch\u00fctzenhaus\u201c weiterlesen\" \/>\n<meta property=\"og:url\" content=\"https:\/\/www.sv-freiendiez.de\/?p=4181\" \/>\n<meta property=\"og:site_name\" content=\"SV Diez-Freiendiez 1928 e.V.\" \/>\n<meta property=\"article:publisher\" content=\"https:\/\/www.facebook.com\/svfreiendiez\/\" \/>\n<meta property=\"article:published_time\" content=\"2022-08-19T07:57:25+00:00\" \/>\n<meta property=\"article:modified_time\" content=\"2022-08-27T20:55:51+00:00\" \/>\n<meta property=\"og:image\" content=\"https:\/\/www.sv-freiendiez.de\/wp-content\/uploads\/2022\/08\/20220818_185211_crop_35-244x300.jpg\" \/>\n<meta name=\"author\" content=\"editor\" \/>\n<meta name=\"twitter:card\" content=\"summary_large_image\" \/>\n<meta name=\"twitter:label1\" content=\"Verfasst von\" \/>\n\t<meta name=\"twitter:data1\" content=\"editor\" \/>\n\t<meta name=\"twitter:label2\" content=\"Gesch\u00e4tzte Lesezeit\" \/>\n\t<meta name=\"twitter:data2\" content=\"1\u00a0Minute\" \/>\n<script type=\"application\/ld+json\" class=\"yoast-schema-graph\">{\"@context\":\"https:\\\/\\\/schema.org\",\"@graph\":[{\"@type\":\"Article\",\"@id\":\"https:\\\/\\\/www.sv-freiendiez.de\\\/?p=4181#article\",\"isPartOf\":{\"@id\":\"https:\\\/\\\/www.sv-freiendiez.de\\\/?p=4181\"},\"author\":{\"name\":\"editor\",\"@id\":\"https:\\\/\\\/www.sv-freiendiez.de\\\/#\\\/schema\\\/person\\\/e506fdcfcb3a8d0b33fb2982e44b9b79\"},\"headline\":\"BPOL im Sch\u00fctzenhaus\",\"datePublished\":\"2022-08-19T07:57:25+00:00\",\"dateModified\":\"2022-08-27T20:55:51+00:00\",\"mainEntityOfPage\":{\"@id\":\"https:\\\/\\\/www.sv-freiendiez.de\\\/?p=4181\"},\"wordCount\":145,\"publisher\":{\"@id\":\"https:\\\/\\\/www.sv-freiendiez.de\\\/#organization\"},\"image\":{\"@id\":\"https:\\\/\\\/www.sv-freiendiez.de\\\/?p=4181#primaryimage\"},\"thumbnailUrl\":\"https:\\\/\\\/www.sv-freiendiez.de\\\/wp-content\\\/uploads\\\/2022\\\/08\\\/20220818_185211_crop_35-244x300.jpg\",\"inLanguage\":\"de\"},{\"@type\":\"WebPage\",\"@id\":\"https:\\\/\\\/www.sv-freiendiez.de\\\/?p=4181\",\"url\":\"https:\\\/\\\/www.sv-freiendiez.de\\\/?p=4181\",\"name\":\"BPOL im Sch\u00fctzenhaus - SV Diez-Freiendiez 1928 e.V.\",\"isPartOf\":{\"@id\":\"https:\\\/\\\/www.sv-freiendiez.de\\\/#website\"},\"primaryImageOfPage\":{\"@id\":\"https:\\\/\\\/www.sv-freiendiez.de\\\/?p=4181#primaryimage\"},\"image\":{\"@id\":\"https:\\\/\\\/www.sv-freiendiez.de\\\/?p=4181#primaryimage\"},\"thumbnailUrl\":\"https:\\\/\\\/www.sv-freiendiez.de\\\/wp-content\\\/uploads\\\/2022\\\/08\\\/20220818_185211_crop_35-244x300.jpg\",\"datePublished\":\"2022-08-19T07:57:25+00:00\",\"dateModified\":\"2022-08-27T20:55:51+00:00\",\"breadcrumb\":{\"@id\":\"https:\\\/\\\/www.sv-freiendiez.de\\\/?p=4181#breadcrumb\"},\"inLanguage\":\"de\",\"potentialAction\":[{\"@type\":\"ReadAction\",\"target\":[\"https:\\\/\\\/www.sv-freiendiez.de\\\/?p=4181\"]}]},{\"@type\":\"ImageObject\",\"inLanguage\":\"de\",\"@id\":\"https:\\\/\\\/www.sv-freiendiez.de\\\/?p=4181#primaryimage\",\"url\":\"https:\\\/\\\/www.sv-freiendiez.de\\\/wp-content\\\/uploads\\\/2022\\\/08\\\/20220818_185211_crop_35.jpg\",\"contentUrl\":\"https:\\\/\\\/www.sv-freiendiez.de\\\/wp-content\\\/uploads\\\/2022\\\/08\\\/20220818_185211_crop_35.jpg\",\"width\":796,\"height\":980},{\"@type\":\"BreadcrumbList\",\"@id\":\"https:\\\/\\\/www.sv-freiendiez.de\\\/?p=4181#breadcrumb\",\"itemListElement\":[{\"@type\":\"ListItem\",\"position\":1,\"name\":\"Startseite\",\"item\":\"https:\\\/\\\/www.sv-freiendiez.de\\\/\"},{\"@type\":\"ListItem\",\"position\":2,\"name\":\"BPOL im Sch\u00fctzenhaus\"}]},{\"@type\":\"WebSite\",\"@id\":\"https:\\\/\\\/www.sv-freiendiez.de\\\/#website\",\"url\":\"https:\\\/\\\/www.sv-freiendiez.de\\\/\",\"name\":\"SV Diez-Freiendiez 1928 e.V.\",\"description\":\"Sch\u00fctzenverein Diez-Freiendiez 1928 e.V.\",\"publisher\":{\"@id\":\"https:\\\/\\\/www.sv-freiendiez.de\\\/#organization\"},\"potentialAction\":[{\"@type\":\"SearchAction\",\"target\":{\"@type\":\"EntryPoint\",\"urlTemplate\":\"https:\\\/\\\/www.sv-freiendiez.de\\\/?s={search_term_string}\"},\"query-input\":{\"@type\":\"PropertyValueSpecification\",\"valueRequired\":true,\"valueName\":\"search_term_string\"}}],\"inLanguage\":\"de\"},{\"@type\":\"Organization\",\"@id\":\"https:\\\/\\\/www.sv-freiendiez.de\\\/#organization\",\"name\":\"SV Diez-Freiendiez 1928 e.V.\",\"url\":\"https:\\\/\\\/www.sv-freiendiez.de\\\/\",\"logo\":{\"@type\":\"ImageObject\",\"inLanguage\":\"de\",\"@id\":\"https:\\\/\\\/www.sv-freiendiez.de\\\/#\\\/schema\\\/logo\\\/image\\\/\",\"url\":\"https:\\\/\\\/www.sv-freiendiez.de\\\/wp-content\\\/uploads\\\/2016\\\/12\\\/cropped-wappen250.png\",\"contentUrl\":\"https:\\\/\\\/www.sv-freiendiez.de\\\/wp-content\\\/uploads\\\/2016\\\/12\\\/cropped-wappen250.png\",\"width\":250,\"height\":250,\"caption\":\"SV Diez-Freiendiez 1928 e.V.\"},\"image\":{\"@id\":\"https:\\\/\\\/www.sv-freiendiez.de\\\/#\\\/schema\\\/logo\\\/image\\\/\"},\"sameAs\":[\"https:\\\/\\\/www.facebook.com\\\/svfreiendiez\\\/\"]},{\"@type\":\"Person\",\"@id\":\"https:\\\/\\\/www.sv-freiendiez.de\\\/#\\\/schema\\\/person\\\/e506fdcfcb3a8d0b33fb2982e44b9b79\",\"name\":\"editor\",\"image\":{\"@type\":\"ImageObject\",\"inLanguage\":\"de\",\"@id\":\"https:\\\/\\\/secure.gravatar.com\\\/avatar\\\/2e61a0e3091a1495360fb924e613dd25bace1d4a95a687bd9add8c68191636ff?s=96&d=mm&r=g\",\"url\":\"https:\\\/\\\/secure.gravatar.com\\\/avatar\\\/2e61a0e3091a1495360fb924e613dd25bace1d4a95a687bd9add8c68191636ff?s=96&d=mm&r=g\",\"contentUrl\":\"https:\\\/\\\/secure.gravatar.com\\\/avatar\\\/2e61a0e3091a1495360fb924e613dd25bace1d4a95a687bd9add8c68191636ff?s=96&d=mm&r=g\",\"caption\":\"editor\"},\"url\":\"https:\\\/\\\/www.sv-freiendiez.de\\\/?author=1\"}]}<\/script>\n<!-- \/ Yoast SEO plugin. -->","yoast_head_json":{"title":"BPOL im Sch\u00fctzenhaus - SV Diez-Freiendiez 1928 e.V.","robots":{"index":"index","follow":"follow","max-snippet":"max-snippet:-1","max-image-preview":"max-image-preview:large","max-video-preview":"max-video-preview:-1"},"canonical":"https:\/\/www.sv-freiendiez.de\/?p=4181","og_locale":"de_DE","og_type":"article","og_title":"BPOL im Sch\u00fctzenhaus - SV Diez-Freiendiez 1928 e.V.","og_description":"Gestern war eine komplette Lerngruppe der Bundespolizeischule aus Diez bei uns im Sch\u00fctzenhaus zu Gast. Die jungen Polizeianw\u00e4rterinnen und -anw\u00e4rter informierten sich \u00fcber unser Sch\u00fctzenhaus und unserem Sport. Unsere G\u00e4ste waren sehr interessiert so das sich daraus sehr interessante Gespr\u00e4che entwickelten. Bei einem Imbiss und k\u00fchlen Getr\u00e4nken nahmen Sie unsere Schie\u00dfst\u00e4nde unter fachkundiger Anleitung in &hellip; \u201eBPOL im Sch\u00fctzenhaus\u201c weiterlesen","og_url":"https:\/\/www.sv-freiendiez.de\/?p=4181","og_site_name":"SV Diez-Freiendiez 1928 e.V.","article_publisher":"https:\/\/www.facebook.com\/svfreiendiez\/","article_published_time":"2022-08-19T07:57:25+00:00","article_modified_time":"2022-08-27T20:55:51+00:00","og_image":[{"url":"https:\/\/www.sv-freiendiez.de\/wp-content\/uploads\/2022\/08\/20220818_185211_crop_35-244x300.jpg","type":"","width":"","height":""}],"author":"editor","twitter_card":"summary_large_image","twitter_misc":{"Verfasst von":"editor","Gesch\u00e4tzte Lesezeit":"1\u00a0Minute"},"schema":{"@context":"https:\/\/schema.org","@graph":[{"@type":"Article","@id":"https:\/\/www.sv-freiendiez.de\/?p=4181#article","isPartOf":{"@id":"https:\/\/www.sv-freiendiez.de\/?p=4181"},"author":{"name":"editor","@id":"https:\/\/www.sv-freiendiez.de\/#\/schema\/person\/e506fdcfcb3a8d0b33fb2982e44b9b79"},"headline":"BPOL im Sch\u00fctzenhaus","datePublished":"2022-08-19T07:57:25+00:00","dateModified":"2022-08-27T20:55:51+00:00","mainEntityOfPage":{"@id":"https:\/\/www.sv-freiendiez.de\/?p=4181"},"wordCount":145,"publisher":{"@id":"https:\/\/www.sv-freiendiez.de\/#organization"},"image":{"@id":"https:\/\/www.sv-freiendiez.de\/?p=4181#primaryimage"},"thumbnailUrl":"https:\/\/www.sv-freiendiez.de\/wp-content\/uploads\/2022\/08\/20220818_185211_crop_35-244x300.jpg","inLanguage":"de"},{"@type":"WebPage","@id":"https:\/\/www.sv-freiendiez.de\/?p=4181","url":"https:\/\/www.sv-freiendiez.de\/?p=4181","name":"BPOL im Sch\u00fctzenhaus - SV Diez-Freiendiez 1928 e.V.","isPartOf":{"@id":"https:\/\/www.sv-freiendiez.de\/#website"},"primaryImageOfPage":{"@id":"https:\/\/www.sv-freiendiez.de\/?p=4181#primaryimage"},"image":{"@id":"https:\/\/www.sv-freiendiez.de\/?p=4181#primaryimage"},"thumbnailUrl":"https:\/\/www.sv-freiendiez.de\/wp-content\/uploads\/2022\/08\/20220818_185211_crop_35-244x300.jpg","datePublished":"2022-08-19T07:57:25+00:00","dateModified":"2022-08-27T20:55:51+00:00","breadcrumb":{"@id":"https:\/\/www.sv-freiendiez.de\/?p=4181#breadcrumb"},"inLanguage":"de","potentialAction":[{"@type":"ReadAction","target":["https:\/\/www.sv-freiendiez.de\/?p=4181"]}]},{"@type":"ImageObject","inLanguage":"de","@id":"https:\/\/www.sv-freiendiez.de\/?p=4181#primaryimage","url":"https:\/\/www.sv-freiendiez.de\/wp-content\/uploads\/2022\/08\/20220818_185211_crop_35.jpg","contentUrl":"https:\/\/www.sv-freiendiez.de\/wp-content\/uploads\/2022\/08\/20220818_185211_crop_35.jpg","width":796,"height":980},{"@type":"BreadcrumbList","@id":"https:\/\/www.sv-freiendiez.de\/?p=4181#breadcrumb","itemListElement":[{"@type":"ListItem","position":1,"name":"Startseite","item":"https:\/\/www.sv-freiendiez.de\/"},{"@type":"ListItem","position":2,"name":"BPOL im Sch\u00fctzenhaus"}]},{"@type":"WebSite","@id":"https:\/\/www.sv-freiendiez.de\/#website","url":"https:\/\/www.sv-freiendiez.de\/","name":"SV Diez-Freiendiez 1928 e.V.","description":"Sch\u00fctzenverein Diez-Freiendiez 1928 e.V.","publisher":{"@id":"https:\/\/www.sv-freiendiez.de\/#organization"},"potentialAction":[{"@type":"SearchAction","target":{"@type":"EntryPoint","urlTemplate":"https:\/\/www.sv-freiendiez.de\/?s={search_term_string}"},"query-input":{"@type":"PropertyValueSpecification","valueRequired":true,"valueName":"search_term_string"}}],"inLanguage":"de"},{"@type":"Organization","@id":"https:\/\/www.sv-freiendiez.de\/#organization","name":"SV Diez-Freiendiez 1928 e.V.","url":"https:\/\/www.sv-freiendiez.de\/","logo":{"@type":"ImageObject","inLanguage":"de","@id":"https:\/\/www.sv-freiendiez.de\/#\/schema\/logo\/image\/","url":"https:\/\/www.sv-freiendiez.de\/wp-content\/uploads\/2016\/12\/cropped-wappen250.png","contentUrl":"https:\/\/www.sv-freiendiez.de\/wp-content\/uploads\/2016\/12\/cropped-wappen250.png","width":250,"height":250,"caption":"SV Diez-Freiendiez 1928 e.V."},"image":{"@id":"https:\/\/www.sv-freiendiez.de\/#\/schema\/logo\/image\/"},"sameAs":["https:\/\/www.facebook.com\/svfreiendiez\/"]},{"@type":"Person","@id":"https:\/\/www.sv-freiendiez.de\/#\/schema\/person\/e506fdcfcb3a8d0b33fb2982e44b9b79","name":"editor","image":{"@type":"ImageObject","inLanguage":"de","@id":"https:\/\/secure.gravatar.com\/avatar\/2e61a0e3091a1495360fb924e613dd25bace1d4a95a687bd9add8c68191636ff?s=96&d=mm&r=g","url":"https:\/\/secure.gravatar.com\/avatar\/2e61a0e3091a1495360fb924e613dd25bace1d4a95a687bd9add8c68191636ff?s=96&d=mm&r=g","contentUrl":"https:\/\/secure.gravatar.com\/avatar\/2e61a0e3091a1495360fb924e613dd25bace1d4a95a687bd9add8c68191636ff?s=96&d=mm&r=g","caption":"editor"},"url":"https:\/\/www.sv-freiendiez.de\/?author=1"}]}},"_links":{"self":[{"href":"https:\/\/www.sv-freiendiez.de\/index.php?rest_route=\/wp\/v2\/posts\/4181","targetHints":{"allow":["GET"]}}],"collection":[{"href":"https:\/\/www.sv-freiendiez.de\/index.php?rest_route=\/wp\/v2\/posts"}],"about":[{"href":"https:\/\/www.sv-freiendiez.de\/index.php?rest_route=\/wp\/v2\/types\/post"}],"author":[{"embeddable":true,"href":"https:\/\/www.sv-freiendiez.de\/index.php?rest_route=\/wp\/v2\/users\/1"}],"replies":[{"embeddable":true,"href":"https:\/\/www.sv-freiendiez.de\/index.php?rest_route=%2Fwp%2Fv2%2Fcomments&post=4181"}],"version-history":[{"count":0,"href":"https:\/\/www.sv-freiendiez.de\/index.php?rest_route=\/wp\/v2\/posts\/4181\/revisions"}],"wp:attachment":[{"href":"https:\/\/www.sv-freiendiez.de\/index.php?rest_route=%2Fwp%2Fv2%2Fmedia&parent=4181"}],"wp:term":[{"taxonomy":"category","embeddable":true,"href":"https:\/\/www.sv-freiendiez.de\/index.php?rest_route=%2Fwp%2Fv2%2Fcategories&post=4181"},{"taxonomy":"post_tag","embeddable":true,"href":"https:\/\/www.sv-freiendiez.de\/index.php?rest_route=%2Fwp%2Fv2%2Ftags&post=4181"}],"curies":[{"name":"wp","href":"https:\/\/api.w.org\/{rel}","templated":true}]}}