{"id":4168,"date":"2022-08-03T10:19:14","date_gmt":"2022-08-03T08:19:14","guid":{"rendered":"https:\/\/www.sv-freiendiez.de\/?p=4168"},"modified":"2022-08-03T10:19:14","modified_gmt":"2022-08-03T08:19:14","slug":"volles-haus-beim-tag-der-offenen-tuer","status":"publish","type":"post","link":"https:\/\/www.sv-freiendiez.de\/?p=4168","title":{"rendered":"Volles Haus beim Tag der offenen T\u00fcr"},"content":{"rendered":"<p style=\"text-align: justify;\"><img loading=\"lazy\" decoding=\"async\" class=\"alignleft size-medium wp-image-4169\" src=\"https:\/\/www.sv-freiendiez.de\/wp-content\/uploads\/2022\/08\/20220731_093740-300x225.jpg\" alt=\"\" width=\"300\" height=\"225\" srcset=\"https:\/\/www.sv-freiendiez.de\/wp-content\/uploads\/2022\/08\/20220731_093740-300x225.jpg 300w, https:\/\/www.sv-freiendiez.de\/wp-content\/uploads\/2022\/08\/20220731_093740.jpg 600w\" sizes=\"auto, (max-width: 300px) 100vw, 300px\" \/>Viele Besucher fanden am Tag der offenen T\u00fcr den Weg zu uns ins Sch\u00fctzenhaus. Beg\u00fcnstigt von sch\u00f6nem Wetter trafen die ersten Besucher schon kurz nach der \u00d6ffnung bei uns ein. Bemerkenswert war der hohe Anteil an Familien mit Jugendlichen und Kindern, die sich \u00fcber unseren Sport informieren wollten. Viele nutzten die Gelegenheit, ihre Treffsicherheit unter Beweis zu stellen. Sie hatten die M\u00f6glichkeit auf unserem Kleinkaliber Gewehrstand und\/oder auf unserem Stand f\u00fcr Druckluftwaffen (Pistole und Gewehr) selbst zu schie\u00dfen. Unter fachkundiger Aufsicht und Anleitung trafen die G\u00e4ste durchweg gut. Selbst die vielen Kinder kamen beim Lichtgewehrschie\u00dfen auf ihre Kosten.<\/p>\n<p style=\"text-align: justify;\">Anschlie\u00dfend konnten Sie sich auf unserem Kurzwaffen Stand noch \u00fcber das Schie\u00dfen mit gro\u00dfkalibrigen Waffen informieren. Eine umfangreiche Ausstellung und die Erl\u00e4uterungen erfahrener Sch\u00fctzen lie\u00dfen auch hier keine Fragen offen.<\/p>\n<p style=\"text-align: justify;\">Mit Steaks oder W\u00fcrstchen vom Grill, Kaffee und Kuchen konnte sich dann vor dem Verlassen des Sch\u00fctzenhauses gest\u00e4rkt werden.<\/p>\n<p style=\"text-align: justify;\">In Gespr\u00e4chen mit unseren G\u00e4sten haben wir sehr viel positive R\u00fcckmeldungen bekommen, was uns sehr gefreut hat. Wir m\u00f6chten uns bei allen G\u00e4sten f\u00fcr den Besuch und die positiven Gespr\u00e4che bedanken und hoffen auf ein baldiges Wiedersehen!<\/p>\n","protected":false},"excerpt":{"rendered":"<p>Viele Besucher fanden am Tag der offenen T\u00fcr den Weg zu uns ins Sch\u00fctzenhaus. Beg\u00fcnstigt von sch\u00f6nem Wetter trafen die ersten Besucher schon kurz nach der \u00d6ffnung bei uns ein. Bemerkenswert war der hohe Anteil an Familien mit Jugendlichen und Kindern, die sich \u00fcber unseren Sport informieren wollten. Viele nutzten die Gelegenheit, ihre Treffsicherheit unter &hellip; <\/p>\n<p class=\"link-more\"><a href=\"https:\/\/www.sv-freiendiez.de\/?p=4168\" class=\"more-link\"><span class=\"screen-reader-text\">\u201eVolles Haus beim Tag der offenen T\u00fcr\u201c<\/span> weiterlesen<\/a><\/p>\n","protected":false},"author":1,"featured_media":0,"comment_status":"closed","ping_status":"closed","sticky":false,"template":"","format":"standard","meta":{"ngg_post_thumbnail":0,"footnotes":""},"categories":[6],"tags":[],"class_list":["post-4168","post","type-post","status-publish","format-standard","hentry","category-veranstaltungen"],"yoast_head":"<!-- This site is optimized with the Yoast SEO plugin v27.5 - https:\/\/yoast.com\/product\/yoast-seo-wordpress\/ -->\n<title>Volles Haus beim Tag der offenen T\u00fcr - SV Diez-Freiendiez 1928 e.V.<\/title>\n<meta name=\"robots\" content=\"index, follow, max-snippet:-1, max-image-preview:large, max-video-preview:-1\" \/>\n<link rel=\"canonical\" href=\"https:\/\/www.sv-freiendiez.de\/?p=4168\" \/>\n<meta property=\"og:locale\" content=\"de_DE\" \/>\n<meta property=\"og:type\" content=\"article\" \/>\n<meta property=\"og:title\" content=\"Volles Haus beim Tag der offenen T\u00fcr - SV Diez-Freiendiez 1928 e.V.\" \/>\n<meta property=\"og:description\" content=\"Viele Besucher fanden am Tag der offenen T\u00fcr den Weg zu uns ins Sch\u00fctzenhaus. Beg\u00fcnstigt von sch\u00f6nem Wetter trafen die ersten Besucher schon kurz nach der \u00d6ffnung bei uns ein. Bemerkenswert war der hohe Anteil an Familien mit Jugendlichen und Kindern, die sich \u00fcber unseren Sport informieren wollten. Viele nutzten die Gelegenheit, ihre Treffsicherheit unter &hellip; \u201eVolles Haus beim Tag der offenen T\u00fcr\u201c weiterlesen\" \/>\n<meta property=\"og:url\" content=\"https:\/\/www.sv-freiendiez.de\/?p=4168\" \/>\n<meta property=\"og:site_name\" content=\"SV Diez-Freiendiez 1928 e.V.\" \/>\n<meta property=\"article:publisher\" content=\"https:\/\/www.facebook.com\/svfreiendiez\/\" \/>\n<meta property=\"article:published_time\" content=\"2022-08-03T08:19:14+00:00\" \/>\n<meta property=\"og:image\" content=\"https:\/\/www.sv-freiendiez.de\/wp-content\/uploads\/2022\/08\/20220731_093740-300x225.jpg\" \/>\n<meta name=\"author\" content=\"editor\" \/>\n<meta name=\"twitter:card\" content=\"summary_large_image\" \/>\n<meta name=\"twitter:label1\" content=\"Verfasst von\" \/>\n\t<meta name=\"twitter:data1\" content=\"editor\" \/>\n\t<meta name=\"twitter:label2\" content=\"Gesch\u00e4tzte Lesezeit\" \/>\n\t<meta name=\"twitter:data2\" content=\"1\u00a0Minute\" \/>\n<script type=\"application\/ld+json\" class=\"yoast-schema-graph\">{\"@context\":\"https:\\\/\\\/schema.org\",\"@graph\":[{\"@type\":\"Article\",\"@id\":\"https:\\\/\\\/www.sv-freiendiez.de\\\/?p=4168#article\",\"isPartOf\":{\"@id\":\"https:\\\/\\\/www.sv-freiendiez.de\\\/?p=4168\"},\"author\":{\"name\":\"editor\",\"@id\":\"https:\\\/\\\/www.sv-freiendiez.de\\\/#\\\/schema\\\/person\\\/e506fdcfcb3a8d0b33fb2982e44b9b79\"},\"headline\":\"Volles Haus beim Tag der offenen T\u00fcr\",\"datePublished\":\"2022-08-03T08:19:14+00:00\",\"mainEntityOfPage\":{\"@id\":\"https:\\\/\\\/www.sv-freiendiez.de\\\/?p=4168\"},\"wordCount\":218,\"publisher\":{\"@id\":\"https:\\\/\\\/www.sv-freiendiez.de\\\/#organization\"},\"image\":{\"@id\":\"https:\\\/\\\/www.sv-freiendiez.de\\\/?p=4168#primaryimage\"},\"thumbnailUrl\":\"https:\\\/\\\/www.sv-freiendiez.de\\\/wp-content\\\/uploads\\\/2022\\\/08\\\/20220731_093740-300x225.jpg\",\"articleSection\":[\"Veranstaltungen\"],\"inLanguage\":\"de\"},{\"@type\":\"WebPage\",\"@id\":\"https:\\\/\\\/www.sv-freiendiez.de\\\/?p=4168\",\"url\":\"https:\\\/\\\/www.sv-freiendiez.de\\\/?p=4168\",\"name\":\"Volles Haus beim Tag der offenen T\u00fcr - SV Diez-Freiendiez 1928 e.V.\",\"isPartOf\":{\"@id\":\"https:\\\/\\\/www.sv-freiendiez.de\\\/#website\"},\"primaryImageOfPage\":{\"@id\":\"https:\\\/\\\/www.sv-freiendiez.de\\\/?p=4168#primaryimage\"},\"image\":{\"@id\":\"https:\\\/\\\/www.sv-freiendiez.de\\\/?p=4168#primaryimage\"},\"thumbnailUrl\":\"https:\\\/\\\/www.sv-freiendiez.de\\\/wp-content\\\/uploads\\\/2022\\\/08\\\/20220731_093740-300x225.jpg\",\"datePublished\":\"2022-08-03T08:19:14+00:00\",\"breadcrumb\":{\"@id\":\"https:\\\/\\\/www.sv-freiendiez.de\\\/?p=4168#breadcrumb\"},\"inLanguage\":\"de\",\"potentialAction\":[{\"@type\":\"ReadAction\",\"target\":[\"https:\\\/\\\/www.sv-freiendiez.de\\\/?p=4168\"]}]},{\"@type\":\"ImageObject\",\"inLanguage\":\"de\",\"@id\":\"https:\\\/\\\/www.sv-freiendiez.de\\\/?p=4168#primaryimage\",\"url\":\"https:\\\/\\\/www.sv-freiendiez.de\\\/wp-content\\\/uploads\\\/2022\\\/08\\\/20220731_093740.jpg\",\"contentUrl\":\"https:\\\/\\\/www.sv-freiendiez.de\\\/wp-content\\\/uploads\\\/2022\\\/08\\\/20220731_093740.jpg\",\"width\":600,\"height\":450},{\"@type\":\"BreadcrumbList\",\"@id\":\"https:\\\/\\\/www.sv-freiendiez.de\\\/?p=4168#breadcrumb\",\"itemListElement\":[{\"@type\":\"ListItem\",\"position\":1,\"name\":\"Startseite\",\"item\":\"https:\\\/\\\/www.sv-freiendiez.de\\\/\"},{\"@type\":\"ListItem\",\"position\":2,\"name\":\"Volles Haus beim Tag der offenen T\u00fcr\"}]},{\"@type\":\"WebSite\",\"@id\":\"https:\\\/\\\/www.sv-freiendiez.de\\\/#website\",\"url\":\"https:\\\/\\\/www.sv-freiendiez.de\\\/\",\"name\":\"SV Diez-Freiendiez 1928 e.V.\",\"description\":\"Sch\u00fctzenverein Diez-Freiendiez 1928 e.V.\",\"publisher\":{\"@id\":\"https:\\\/\\\/www.sv-freiendiez.de\\\/#organization\"},\"potentialAction\":[{\"@type\":\"SearchAction\",\"target\":{\"@type\":\"EntryPoint\",\"urlTemplate\":\"https:\\\/\\\/www.sv-freiendiez.de\\\/?s={search_term_string}\"},\"query-input\":{\"@type\":\"PropertyValueSpecification\",\"valueRequired\":true,\"valueName\":\"search_term_string\"}}],\"inLanguage\":\"de\"},{\"@type\":\"Organization\",\"@id\":\"https:\\\/\\\/www.sv-freiendiez.de\\\/#organization\",\"name\":\"SV Diez-Freiendiez 1928 e.V.\",\"url\":\"https:\\\/\\\/www.sv-freiendiez.de\\\/\",\"logo\":{\"@type\":\"ImageObject\",\"inLanguage\":\"de\",\"@id\":\"https:\\\/\\\/www.sv-freiendiez.de\\\/#\\\/schema\\\/logo\\\/image\\\/\",\"url\":\"https:\\\/\\\/www.sv-freiendiez.de\\\/wp-content\\\/uploads\\\/2016\\\/12\\\/cropped-wappen250.png\",\"contentUrl\":\"https:\\\/\\\/www.sv-freiendiez.de\\\/wp-content\\\/uploads\\\/2016\\\/12\\\/cropped-wappen250.png\",\"width\":250,\"height\":250,\"caption\":\"SV Diez-Freiendiez 1928 e.V.\"},\"image\":{\"@id\":\"https:\\\/\\\/www.sv-freiendiez.de\\\/#\\\/schema\\\/logo\\\/image\\\/\"},\"sameAs\":[\"https:\\\/\\\/www.facebook.com\\\/svfreiendiez\\\/\"]},{\"@type\":\"Person\",\"@id\":\"https:\\\/\\\/www.sv-freiendiez.de\\\/#\\\/schema\\\/person\\\/e506fdcfcb3a8d0b33fb2982e44b9b79\",\"name\":\"editor\",\"image\":{\"@type\":\"ImageObject\",\"inLanguage\":\"de\",\"@id\":\"https:\\\/\\\/secure.gravatar.com\\\/avatar\\\/2e61a0e3091a1495360fb924e613dd25bace1d4a95a687bd9add8c68191636ff?s=96&d=mm&r=g\",\"url\":\"https:\\\/\\\/secure.gravatar.com\\\/avatar\\\/2e61a0e3091a1495360fb924e613dd25bace1d4a95a687bd9add8c68191636ff?s=96&d=mm&r=g\",\"contentUrl\":\"https:\\\/\\\/secure.gravatar.com\\\/avatar\\\/2e61a0e3091a1495360fb924e613dd25bace1d4a95a687bd9add8c68191636ff?s=96&d=mm&r=g\",\"caption\":\"editor\"},\"url\":\"https:\\\/\\\/www.sv-freiendiez.de\\\/?author=1\"}]}<\/script>\n<!-- \/ Yoast SEO plugin. -->","yoast_head_json":{"title":"Volles Haus beim Tag der offenen T\u00fcr - SV Diez-Freiendiez 1928 e.V.","robots":{"index":"index","follow":"follow","max-snippet":"max-snippet:-1","max-image-preview":"max-image-preview:large","max-video-preview":"max-video-preview:-1"},"canonical":"https:\/\/www.sv-freiendiez.de\/?p=4168","og_locale":"de_DE","og_type":"article","og_title":"Volles Haus beim Tag der offenen T\u00fcr - SV Diez-Freiendiez 1928 e.V.","og_description":"Viele Besucher fanden am Tag der offenen T\u00fcr den Weg zu uns ins Sch\u00fctzenhaus. Beg\u00fcnstigt von sch\u00f6nem Wetter trafen die ersten Besucher schon kurz nach der \u00d6ffnung bei uns ein. Bemerkenswert war der hohe Anteil an Familien mit Jugendlichen und Kindern, die sich \u00fcber unseren Sport informieren wollten. Viele nutzten die Gelegenheit, ihre Treffsicherheit unter &hellip; \u201eVolles Haus beim Tag der offenen T\u00fcr\u201c weiterlesen","og_url":"https:\/\/www.sv-freiendiez.de\/?p=4168","og_site_name":"SV Diez-Freiendiez 1928 e.V.","article_publisher":"https:\/\/www.facebook.com\/svfreiendiez\/","article_published_time":"2022-08-03T08:19:14+00:00","og_image":[{"url":"https:\/\/www.sv-freiendiez.de\/wp-content\/uploads\/2022\/08\/20220731_093740-300x225.jpg","type":"","width":"","height":""}],"author":"editor","twitter_card":"summary_large_image","twitter_misc":{"Verfasst von":"editor","Gesch\u00e4tzte Lesezeit":"1\u00a0Minute"},"schema":{"@context":"https:\/\/schema.org","@graph":[{"@type":"Article","@id":"https:\/\/www.sv-freiendiez.de\/?p=4168#article","isPartOf":{"@id":"https:\/\/www.sv-freiendiez.de\/?p=4168"},"author":{"name":"editor","@id":"https:\/\/www.sv-freiendiez.de\/#\/schema\/person\/e506fdcfcb3a8d0b33fb2982e44b9b79"},"headline":"Volles Haus beim Tag der offenen T\u00fcr","datePublished":"2022-08-03T08:19:14+00:00","mainEntityOfPage":{"@id":"https:\/\/www.sv-freiendiez.de\/?p=4168"},"wordCount":218,"publisher":{"@id":"https:\/\/www.sv-freiendiez.de\/#organization"},"image":{"@id":"https:\/\/www.sv-freiendiez.de\/?p=4168#primaryimage"},"thumbnailUrl":"https:\/\/www.sv-freiendiez.de\/wp-content\/uploads\/2022\/08\/20220731_093740-300x225.jpg","articleSection":["Veranstaltungen"],"inLanguage":"de"},{"@type":"WebPage","@id":"https:\/\/www.sv-freiendiez.de\/?p=4168","url":"https:\/\/www.sv-freiendiez.de\/?p=4168","name":"Volles Haus beim Tag der offenen T\u00fcr - SV Diez-Freiendiez 1928 e.V.","isPartOf":{"@id":"https:\/\/www.sv-freiendiez.de\/#website"},"primaryImageOfPage":{"@id":"https:\/\/www.sv-freiendiez.de\/?p=4168#primaryimage"},"image":{"@id":"https:\/\/www.sv-freiendiez.de\/?p=4168#primaryimage"},"thumbnailUrl":"https:\/\/www.sv-freiendiez.de\/wp-content\/uploads\/2022\/08\/20220731_093740-300x225.jpg","datePublished":"2022-08-03T08:19:14+00:00","breadcrumb":{"@id":"https:\/\/www.sv-freiendiez.de\/?p=4168#breadcrumb"},"inLanguage":"de","potentialAction":[{"@type":"ReadAction","target":["https:\/\/www.sv-freiendiez.de\/?p=4168"]}]},{"@type":"ImageObject","inLanguage":"de","@id":"https:\/\/www.sv-freiendiez.de\/?p=4168#primaryimage","url":"https:\/\/www.sv-freiendiez.de\/wp-content\/uploads\/2022\/08\/20220731_093740.jpg","contentUrl":"https:\/\/www.sv-freiendiez.de\/wp-content\/uploads\/2022\/08\/20220731_093740.jpg","width":600,"height":450},{"@type":"BreadcrumbList","@id":"https:\/\/www.sv-freiendiez.de\/?p=4168#breadcrumb","itemListElement":[{"@type":"ListItem","position":1,"name":"Startseite","item":"https:\/\/www.sv-freiendiez.de\/"},{"@type":"ListItem","position":2,"name":"Volles Haus beim Tag der offenen T\u00fcr"}]},{"@type":"WebSite","@id":"https:\/\/www.sv-freiendiez.de\/#website","url":"https:\/\/www.sv-freiendiez.de\/","name":"SV Diez-Freiendiez 1928 e.V.","description":"Sch\u00fctzenverein Diez-Freiendiez 1928 e.V.","publisher":{"@id":"https:\/\/www.sv-freiendiez.de\/#organization"},"potentialAction":[{"@type":"SearchAction","target":{"@type":"EntryPoint","urlTemplate":"https:\/\/www.sv-freiendiez.de\/?s={search_term_string}"},"query-input":{"@type":"PropertyValueSpecification","valueRequired":true,"valueName":"search_term_string"}}],"inLanguage":"de"},{"@type":"Organization","@id":"https:\/\/www.sv-freiendiez.de\/#organization","name":"SV Diez-Freiendiez 1928 e.V.","url":"https:\/\/www.sv-freiendiez.de\/","logo":{"@type":"ImageObject","inLanguage":"de","@id":"https:\/\/www.sv-freiendiez.de\/#\/schema\/logo\/image\/","url":"https:\/\/www.sv-freiendiez.de\/wp-content\/uploads\/2016\/12\/cropped-wappen250.png","contentUrl":"https:\/\/www.sv-freiendiez.de\/wp-content\/uploads\/2016\/12\/cropped-wappen250.png","width":250,"height":250,"caption":"SV Diez-Freiendiez 1928 e.V."},"image":{"@id":"https:\/\/www.sv-freiendiez.de\/#\/schema\/logo\/image\/"},"sameAs":["https:\/\/www.facebook.com\/svfreiendiez\/"]},{"@type":"Person","@id":"https:\/\/www.sv-freiendiez.de\/#\/schema\/person\/e506fdcfcb3a8d0b33fb2982e44b9b79","name":"editor","image":{"@type":"ImageObject","inLanguage":"de","@id":"https:\/\/secure.gravatar.com\/avatar\/2e61a0e3091a1495360fb924e613dd25bace1d4a95a687bd9add8c68191636ff?s=96&d=mm&r=g","url":"https:\/\/secure.gravatar.com\/avatar\/2e61a0e3091a1495360fb924e613dd25bace1d4a95a687bd9add8c68191636ff?s=96&d=mm&r=g","contentUrl":"https:\/\/secure.gravatar.com\/avatar\/2e61a0e3091a1495360fb924e613dd25bace1d4a95a687bd9add8c68191636ff?s=96&d=mm&r=g","caption":"editor"},"url":"https:\/\/www.sv-freiendiez.de\/?author=1"}]}},"_links":{"self":[{"href":"https:\/\/www.sv-freiendiez.de\/index.php?rest_route=\/wp\/v2\/posts\/4168","targetHints":{"allow":["GET"]}}],"collection":[{"href":"https:\/\/www.sv-freiendiez.de\/index.php?rest_route=\/wp\/v2\/posts"}],"about":[{"href":"https:\/\/www.sv-freiendiez.de\/index.php?rest_route=\/wp\/v2\/types\/post"}],"author":[{"embeddable":true,"href":"https:\/\/www.sv-freiendiez.de\/index.php?rest_route=\/wp\/v2\/users\/1"}],"replies":[{"embeddable":true,"href":"https:\/\/www.sv-freiendiez.de\/index.php?rest_route=%2Fwp%2Fv2%2Fcomments&post=4168"}],"version-history":[{"count":0,"href":"https:\/\/www.sv-freiendiez.de\/index.php?rest_route=\/wp\/v2\/posts\/4168\/revisions"}],"wp:attachment":[{"href":"https:\/\/www.sv-freiendiez.de\/index.php?rest_route=%2Fwp%2Fv2%2Fmedia&parent=4168"}],"wp:term":[{"taxonomy":"category","embeddable":true,"href":"https:\/\/www.sv-freiendiez.de\/index.php?rest_route=%2Fwp%2Fv2%2Fcategories&post=4168"},{"taxonomy":"post_tag","embeddable":true,"href":"https:\/\/www.sv-freiendiez.de\/index.php?rest_route=%2Fwp%2Fv2%2Ftags&post=4168"}],"curies":[{"name":"wp","href":"https:\/\/api.w.org\/{rel}","templated":true}]}}