{"id":4024,"date":"2021-12-21T13:06:41","date_gmt":"2021-12-21T12:06:41","guid":{"rendered":"https:\/\/www.sv-freiendiez.de\/?p=4024"},"modified":"2021-12-21T13:15:26","modified_gmt":"2021-12-21T12:15:26","slug":"waehlt-unsere-gold-mannschaft-zur-mannschaft-des-jahres-2021-in-rheinland-pfalz","status":"publish","type":"post","link":"https:\/\/www.sv-freiendiez.de\/?p=4024","title":{"rendered":"W\u00e4hlt unsere Gold-Mannschaft zur Mannschaft des Jahres 2021 in Rheinland-Pfalz!"},"content":{"rendered":"<p style=\"text-align: justify;\"><img loading=\"lazy\" decoding=\"async\" class=\"alignleft size-full wp-image-2168\" src=\"https:\/\/www.sv-freiendiez.de\/wp-content\/uploads\/2017\/10\/wichtigemitteilung.png\" alt=\"\" width=\"275\" height=\"183\">Jedes Jahr ruft der Landessportbund Rheinland-Pfalz zur Wahl der Sportlerin, des Sportlers und des Teams des Jahres auf. Bis zum 28. Februar 2022 kann f\u00fcr die Nominierten abgestimmt werden. Dieses Jahr geh\u00f6rt zu den Nominierten Teams auch unsere Standardpistolen Mannschaft dazu, die bei den Deutschen Meisterschaften im Sportschie\u00dfen in M\u00fcnchen Gold errungen hat (siehe auch <a href=\"https:\/\/www.sv-freiendiez.de\/?p=3972\" target=\"_blank\" rel=\"noopener\">https:\/\/www.sv-freiendiez.de\/?p=3972<\/a>).<\/p>\n<p style=\"text-align: justify;\">In der Ausgabe 12\/2021 der Mitgliederzeitschrift des Landessportbundes Rheinland-Pfalz (<a href=\"https:\/\/www.lsb-rlp.de\/sif\/2021_12\/6\/\" target=\"_blank\" rel=\"noopener\">Seite 6<\/a>) wird zur Wahl der Sportlerin, des Sportlers und der Mannschaft des Landes Rheinland-Pfalz aufgerufen. Nominiert sind jeweils 5 Sportlerinnen, Sportler und Mannschaften. Dabei muss innerhalb einer Kategorie 1 bis 5 Punkte vergeben werden.<\/p>\n<figure id=\"attachment_4018\" aria-describedby=\"caption-attachment-4018\" style=\"width: 150px\" class=\"wp-caption alignleft\"><img loading=\"lazy\" decoding=\"async\" class=\"size-thumbnail wp-image-4018\" src=\"https:\/\/www.sv-freiendiez.de\/wp-content\/uploads\/2021\/12\/IMG_7434b-09_05-Siegerehrung-StP-M-HI-nur-1.-auf-dem-Treppchen-ToPiPa-150x150.jpg\" alt=\"\" width=\"150\" height=\"150\" srcset=\"https:\/\/www.sv-freiendiez.de\/wp-content\/uploads\/2021\/12\/IMG_7434b-09_05-Siegerehrung-StP-M-HI-nur-1.-auf-dem-Treppchen-ToPiPa-150x150.jpg 150w, https:\/\/www.sv-freiendiez.de\/wp-content\/uploads\/2021\/12\/IMG_7434b-09_05-Siegerehrung-StP-M-HI-nur-1.-auf-dem-Treppchen-ToPiPa-100x100.jpg 100w\" sizes=\"auto, (max-width: 150px) 100vw, 150px\" \/><figcaption id=\"caption-attachment-4018\" class=\"wp-caption-text\">(C) 2021 SV Diez-Freiendiez &#8211; v.l.n.r.: Thorben Engel, Pierre Michel, Patrick Meyer<\/figcaption><\/figure>\n<p style=\"text-align: justify;\">Wir m\u00f6chten hiermit aufrufen, unser Gold-Team zahlreich bei der Wahl zur Mannschaft des Jahres 2021 des Landes Rheinland-Pfalz zu unterst\u00fctzen. Sprecht auch Eure Freunde und Bekannte an. Vielleicht haben auch sie Lust f\u00fcr uns zu voten. Abstimmen k\u00f6nnt Ihr unter dem Link <a href=\"https:\/\/www.landessportlerwahl.de\/\" target=\"_blank\" rel=\"noopener\">https:\/\/www.landessportlerwahl.de\/<\/a>. Wir rechnen mit Eurer Unterst\u00fctzung!<\/p>\n<p>Wer die Troph\u00e4e f\u00fcr die Mannschaft des Jahres 2021 Rheinland-Pfalz abr\u00e4umt wird am 27. M\u00e4rz 2022 um 21:45 Uhr im SWR Fernsehen in der Sendung &#8222;SWR Sport&#8220; bekanntgegeben.<\/p>\n","protected":false},"excerpt":{"rendered":"<p>Jedes Jahr ruft der Landessportbund Rheinland-Pfalz zur Wahl der Sportlerin, des Sportlers und des Teams des Jahres auf. Bis zum 28. Februar 2022 kann f\u00fcr die Nominierten abgestimmt werden. Dieses Jahr geh\u00f6rt zu den Nominierten Teams auch unsere Standardpistolen Mannschaft dazu, die bei den Deutschen Meisterschaften im Sportschie\u00dfen in M\u00fcnchen Gold errungen hat (siehe auch &hellip; <\/p>\n<p class=\"link-more\"><a href=\"https:\/\/www.sv-freiendiez.de\/?p=4024\" class=\"more-link\"><span class=\"screen-reader-text\">\u201eW\u00e4hlt unsere Gold-Mannschaft zur Mannschaft des Jahres 2021 in Rheinland-Pfalz!\u201c<\/span> weiterlesen<\/a><\/p>\n","protected":false},"author":1,"featured_media":0,"comment_status":"closed","ping_status":"closed","sticky":false,"template":"","format":"standard","meta":{"ngg_post_thumbnail":0,"footnotes":""},"categories":[1],"tags":[],"class_list":["post-4024","post","type-post","status-publish","format-standard","hentry","category-allgemein"],"yoast_head":"<!-- This site is optimized with the Yoast SEO plugin v27.5 - https:\/\/yoast.com\/product\/yoast-seo-wordpress\/ -->\n<title>W\u00e4hlt unsere Gold-Mannschaft zur Mannschaft des Jahres 2021 in Rheinland-Pfalz! - SV Diez-Freiendiez 1928 e.V.<\/title>\n<meta name=\"robots\" content=\"index, follow, max-snippet:-1, max-image-preview:large, max-video-preview:-1\" \/>\n<link rel=\"canonical\" href=\"https:\/\/www.sv-freiendiez.de\/?p=4024\" \/>\n<meta property=\"og:locale\" content=\"de_DE\" \/>\n<meta property=\"og:type\" content=\"article\" \/>\n<meta property=\"og:title\" content=\"W\u00e4hlt unsere Gold-Mannschaft zur Mannschaft des Jahres 2021 in Rheinland-Pfalz! - SV Diez-Freiendiez 1928 e.V.\" \/>\n<meta property=\"og:description\" content=\"Jedes Jahr ruft der Landessportbund Rheinland-Pfalz zur Wahl der Sportlerin, des Sportlers und des Teams des Jahres auf. Bis zum 28. Februar 2022 kann f\u00fcr die Nominierten abgestimmt werden. Dieses Jahr geh\u00f6rt zu den Nominierten Teams auch unsere Standardpistolen Mannschaft dazu, die bei den Deutschen Meisterschaften im Sportschie\u00dfen in M\u00fcnchen Gold errungen hat (siehe auch &hellip; \u201eW\u00e4hlt unsere Gold-Mannschaft zur Mannschaft des Jahres 2021 in Rheinland-Pfalz!\u201c weiterlesen\" \/>\n<meta property=\"og:url\" content=\"https:\/\/www.sv-freiendiez.de\/?p=4024\" \/>\n<meta property=\"og:site_name\" content=\"SV Diez-Freiendiez 1928 e.V.\" \/>\n<meta property=\"article:publisher\" content=\"https:\/\/www.facebook.com\/svfreiendiez\/\" \/>\n<meta property=\"article:published_time\" content=\"2021-12-21T12:06:41+00:00\" \/>\n<meta property=\"article:modified_time\" content=\"2021-12-21T12:15:26+00:00\" \/>\n<meta property=\"og:image\" content=\"https:\/\/www.sv-freiendiez.de\/wp-content\/uploads\/2017\/10\/wichtigemitteilung.png\" \/>\n<meta name=\"author\" content=\"editor\" \/>\n<meta name=\"twitter:card\" content=\"summary_large_image\" \/>\n<meta name=\"twitter:label1\" content=\"Verfasst von\" \/>\n\t<meta name=\"twitter:data1\" content=\"editor\" \/>\n\t<meta name=\"twitter:label2\" content=\"Gesch\u00e4tzte Lesezeit\" \/>\n\t<meta name=\"twitter:data2\" content=\"1\u00a0Minute\" \/>\n<script type=\"application\/ld+json\" class=\"yoast-schema-graph\">{\"@context\":\"https:\\\/\\\/schema.org\",\"@graph\":[{\"@type\":\"Article\",\"@id\":\"https:\\\/\\\/www.sv-freiendiez.de\\\/?p=4024#article\",\"isPartOf\":{\"@id\":\"https:\\\/\\\/www.sv-freiendiez.de\\\/?p=4024\"},\"author\":{\"name\":\"editor\",\"@id\":\"https:\\\/\\\/www.sv-freiendiez.de\\\/#\\\/schema\\\/person\\\/e506fdcfcb3a8d0b33fb2982e44b9b79\"},\"headline\":\"W\u00e4hlt unsere Gold-Mannschaft zur Mannschaft des Jahres 2021 in Rheinland-Pfalz!\",\"datePublished\":\"2021-12-21T12:06:41+00:00\",\"dateModified\":\"2021-12-21T12:15:26+00:00\",\"mainEntityOfPage\":{\"@id\":\"https:\\\/\\\/www.sv-freiendiez.de\\\/?p=4024\"},\"wordCount\":215,\"publisher\":{\"@id\":\"https:\\\/\\\/www.sv-freiendiez.de\\\/#organization\"},\"image\":{\"@id\":\"https:\\\/\\\/www.sv-freiendiez.de\\\/?p=4024#primaryimage\"},\"thumbnailUrl\":\"https:\\\/\\\/www.sv-freiendiez.de\\\/wp-content\\\/uploads\\\/2017\\\/10\\\/wichtigemitteilung.png\",\"inLanguage\":\"de\"},{\"@type\":\"WebPage\",\"@id\":\"https:\\\/\\\/www.sv-freiendiez.de\\\/?p=4024\",\"url\":\"https:\\\/\\\/www.sv-freiendiez.de\\\/?p=4024\",\"name\":\"W\u00e4hlt unsere Gold-Mannschaft zur Mannschaft des Jahres 2021 in Rheinland-Pfalz! - SV Diez-Freiendiez 1928 e.V.\",\"isPartOf\":{\"@id\":\"https:\\\/\\\/www.sv-freiendiez.de\\\/#website\"},\"primaryImageOfPage\":{\"@id\":\"https:\\\/\\\/www.sv-freiendiez.de\\\/?p=4024#primaryimage\"},\"image\":{\"@id\":\"https:\\\/\\\/www.sv-freiendiez.de\\\/?p=4024#primaryimage\"},\"thumbnailUrl\":\"https:\\\/\\\/www.sv-freiendiez.de\\\/wp-content\\\/uploads\\\/2017\\\/10\\\/wichtigemitteilung.png\",\"datePublished\":\"2021-12-21T12:06:41+00:00\",\"dateModified\":\"2021-12-21T12:15:26+00:00\",\"breadcrumb\":{\"@id\":\"https:\\\/\\\/www.sv-freiendiez.de\\\/?p=4024#breadcrumb\"},\"inLanguage\":\"de\",\"potentialAction\":[{\"@type\":\"ReadAction\",\"target\":[\"https:\\\/\\\/www.sv-freiendiez.de\\\/?p=4024\"]}]},{\"@type\":\"ImageObject\",\"inLanguage\":\"de\",\"@id\":\"https:\\\/\\\/www.sv-freiendiez.de\\\/?p=4024#primaryimage\",\"url\":\"https:\\\/\\\/www.sv-freiendiez.de\\\/wp-content\\\/uploads\\\/2017\\\/10\\\/wichtigemitteilung.png\",\"contentUrl\":\"https:\\\/\\\/www.sv-freiendiez.de\\\/wp-content\\\/uploads\\\/2017\\\/10\\\/wichtigemitteilung.png\",\"width\":275,\"height\":183},{\"@type\":\"BreadcrumbList\",\"@id\":\"https:\\\/\\\/www.sv-freiendiez.de\\\/?p=4024#breadcrumb\",\"itemListElement\":[{\"@type\":\"ListItem\",\"position\":1,\"name\":\"Startseite\",\"item\":\"https:\\\/\\\/www.sv-freiendiez.de\\\/\"},{\"@type\":\"ListItem\",\"position\":2,\"name\":\"W\u00e4hlt unsere Gold-Mannschaft zur Mannschaft des Jahres 2021 in Rheinland-Pfalz!\"}]},{\"@type\":\"WebSite\",\"@id\":\"https:\\\/\\\/www.sv-freiendiez.de\\\/#website\",\"url\":\"https:\\\/\\\/www.sv-freiendiez.de\\\/\",\"name\":\"SV Diez-Freiendiez 1928 e.V.\",\"description\":\"Sch\u00fctzenverein Diez-Freiendiez 1928 e.V.\",\"publisher\":{\"@id\":\"https:\\\/\\\/www.sv-freiendiez.de\\\/#organization\"},\"potentialAction\":[{\"@type\":\"SearchAction\",\"target\":{\"@type\":\"EntryPoint\",\"urlTemplate\":\"https:\\\/\\\/www.sv-freiendiez.de\\\/?s={search_term_string}\"},\"query-input\":{\"@type\":\"PropertyValueSpecification\",\"valueRequired\":true,\"valueName\":\"search_term_string\"}}],\"inLanguage\":\"de\"},{\"@type\":\"Organization\",\"@id\":\"https:\\\/\\\/www.sv-freiendiez.de\\\/#organization\",\"name\":\"SV Diez-Freiendiez 1928 e.V.\",\"url\":\"https:\\\/\\\/www.sv-freiendiez.de\\\/\",\"logo\":{\"@type\":\"ImageObject\",\"inLanguage\":\"de\",\"@id\":\"https:\\\/\\\/www.sv-freiendiez.de\\\/#\\\/schema\\\/logo\\\/image\\\/\",\"url\":\"https:\\\/\\\/www.sv-freiendiez.de\\\/wp-content\\\/uploads\\\/2016\\\/12\\\/cropped-wappen250.png\",\"contentUrl\":\"https:\\\/\\\/www.sv-freiendiez.de\\\/wp-content\\\/uploads\\\/2016\\\/12\\\/cropped-wappen250.png\",\"width\":250,\"height\":250,\"caption\":\"SV Diez-Freiendiez 1928 e.V.\"},\"image\":{\"@id\":\"https:\\\/\\\/www.sv-freiendiez.de\\\/#\\\/schema\\\/logo\\\/image\\\/\"},\"sameAs\":[\"https:\\\/\\\/www.facebook.com\\\/svfreiendiez\\\/\"]},{\"@type\":\"Person\",\"@id\":\"https:\\\/\\\/www.sv-freiendiez.de\\\/#\\\/schema\\\/person\\\/e506fdcfcb3a8d0b33fb2982e44b9b79\",\"name\":\"editor\",\"image\":{\"@type\":\"ImageObject\",\"inLanguage\":\"de\",\"@id\":\"https:\\\/\\\/secure.gravatar.com\\\/avatar\\\/2e61a0e3091a1495360fb924e613dd25bace1d4a95a687bd9add8c68191636ff?s=96&d=mm&r=g\",\"url\":\"https:\\\/\\\/secure.gravatar.com\\\/avatar\\\/2e61a0e3091a1495360fb924e613dd25bace1d4a95a687bd9add8c68191636ff?s=96&d=mm&r=g\",\"contentUrl\":\"https:\\\/\\\/secure.gravatar.com\\\/avatar\\\/2e61a0e3091a1495360fb924e613dd25bace1d4a95a687bd9add8c68191636ff?s=96&d=mm&r=g\",\"caption\":\"editor\"},\"url\":\"https:\\\/\\\/www.sv-freiendiez.de\\\/?author=1\"}]}<\/script>\n<!-- \/ Yoast SEO plugin. -->","yoast_head_json":{"title":"W\u00e4hlt unsere Gold-Mannschaft zur Mannschaft des Jahres 2021 in Rheinland-Pfalz! - SV Diez-Freiendiez 1928 e.V.","robots":{"index":"index","follow":"follow","max-snippet":"max-snippet:-1","max-image-preview":"max-image-preview:large","max-video-preview":"max-video-preview:-1"},"canonical":"https:\/\/www.sv-freiendiez.de\/?p=4024","og_locale":"de_DE","og_type":"article","og_title":"W\u00e4hlt unsere Gold-Mannschaft zur Mannschaft des Jahres 2021 in Rheinland-Pfalz! - SV Diez-Freiendiez 1928 e.V.","og_description":"Jedes Jahr ruft der Landessportbund Rheinland-Pfalz zur Wahl der Sportlerin, des Sportlers und des Teams des Jahres auf. Bis zum 28. Februar 2022 kann f\u00fcr die Nominierten abgestimmt werden. Dieses Jahr geh\u00f6rt zu den Nominierten Teams auch unsere Standardpistolen Mannschaft dazu, die bei den Deutschen Meisterschaften im Sportschie\u00dfen in M\u00fcnchen Gold errungen hat (siehe auch &hellip; \u201eW\u00e4hlt unsere Gold-Mannschaft zur Mannschaft des Jahres 2021 in Rheinland-Pfalz!\u201c weiterlesen","og_url":"https:\/\/www.sv-freiendiez.de\/?p=4024","og_site_name":"SV Diez-Freiendiez 1928 e.V.","article_publisher":"https:\/\/www.facebook.com\/svfreiendiez\/","article_published_time":"2021-12-21T12:06:41+00:00","article_modified_time":"2021-12-21T12:15:26+00:00","og_image":[{"url":"https:\/\/www.sv-freiendiez.de\/wp-content\/uploads\/2017\/10\/wichtigemitteilung.png","type":"","width":"","height":""}],"author":"editor","twitter_card":"summary_large_image","twitter_misc":{"Verfasst von":"editor","Gesch\u00e4tzte Lesezeit":"1\u00a0Minute"},"schema":{"@context":"https:\/\/schema.org","@graph":[{"@type":"Article","@id":"https:\/\/www.sv-freiendiez.de\/?p=4024#article","isPartOf":{"@id":"https:\/\/www.sv-freiendiez.de\/?p=4024"},"author":{"name":"editor","@id":"https:\/\/www.sv-freiendiez.de\/#\/schema\/person\/e506fdcfcb3a8d0b33fb2982e44b9b79"},"headline":"W\u00e4hlt unsere Gold-Mannschaft zur Mannschaft des Jahres 2021 in Rheinland-Pfalz!","datePublished":"2021-12-21T12:06:41+00:00","dateModified":"2021-12-21T12:15:26+00:00","mainEntityOfPage":{"@id":"https:\/\/www.sv-freiendiez.de\/?p=4024"},"wordCount":215,"publisher":{"@id":"https:\/\/www.sv-freiendiez.de\/#organization"},"image":{"@id":"https:\/\/www.sv-freiendiez.de\/?p=4024#primaryimage"},"thumbnailUrl":"https:\/\/www.sv-freiendiez.de\/wp-content\/uploads\/2017\/10\/wichtigemitteilung.png","inLanguage":"de"},{"@type":"WebPage","@id":"https:\/\/www.sv-freiendiez.de\/?p=4024","url":"https:\/\/www.sv-freiendiez.de\/?p=4024","name":"W\u00e4hlt unsere Gold-Mannschaft zur Mannschaft des Jahres 2021 in Rheinland-Pfalz! - SV Diez-Freiendiez 1928 e.V.","isPartOf":{"@id":"https:\/\/www.sv-freiendiez.de\/#website"},"primaryImageOfPage":{"@id":"https:\/\/www.sv-freiendiez.de\/?p=4024#primaryimage"},"image":{"@id":"https:\/\/www.sv-freiendiez.de\/?p=4024#primaryimage"},"thumbnailUrl":"https:\/\/www.sv-freiendiez.de\/wp-content\/uploads\/2017\/10\/wichtigemitteilung.png","datePublished":"2021-12-21T12:06:41+00:00","dateModified":"2021-12-21T12:15:26+00:00","breadcrumb":{"@id":"https:\/\/www.sv-freiendiez.de\/?p=4024#breadcrumb"},"inLanguage":"de","potentialAction":[{"@type":"ReadAction","target":["https:\/\/www.sv-freiendiez.de\/?p=4024"]}]},{"@type":"ImageObject","inLanguage":"de","@id":"https:\/\/www.sv-freiendiez.de\/?p=4024#primaryimage","url":"https:\/\/www.sv-freiendiez.de\/wp-content\/uploads\/2017\/10\/wichtigemitteilung.png","contentUrl":"https:\/\/www.sv-freiendiez.de\/wp-content\/uploads\/2017\/10\/wichtigemitteilung.png","width":275,"height":183},{"@type":"BreadcrumbList","@id":"https:\/\/www.sv-freiendiez.de\/?p=4024#breadcrumb","itemListElement":[{"@type":"ListItem","position":1,"name":"Startseite","item":"https:\/\/www.sv-freiendiez.de\/"},{"@type":"ListItem","position":2,"name":"W\u00e4hlt unsere Gold-Mannschaft zur Mannschaft des Jahres 2021 in Rheinland-Pfalz!"}]},{"@type":"WebSite","@id":"https:\/\/www.sv-freiendiez.de\/#website","url":"https:\/\/www.sv-freiendiez.de\/","name":"SV Diez-Freiendiez 1928 e.V.","description":"Sch\u00fctzenverein Diez-Freiendiez 1928 e.V.","publisher":{"@id":"https:\/\/www.sv-freiendiez.de\/#organization"},"potentialAction":[{"@type":"SearchAction","target":{"@type":"EntryPoint","urlTemplate":"https:\/\/www.sv-freiendiez.de\/?s={search_term_string}"},"query-input":{"@type":"PropertyValueSpecification","valueRequired":true,"valueName":"search_term_string"}}],"inLanguage":"de"},{"@type":"Organization","@id":"https:\/\/www.sv-freiendiez.de\/#organization","name":"SV Diez-Freiendiez 1928 e.V.","url":"https:\/\/www.sv-freiendiez.de\/","logo":{"@type":"ImageObject","inLanguage":"de","@id":"https:\/\/www.sv-freiendiez.de\/#\/schema\/logo\/image\/","url":"https:\/\/www.sv-freiendiez.de\/wp-content\/uploads\/2016\/12\/cropped-wappen250.png","contentUrl":"https:\/\/www.sv-freiendiez.de\/wp-content\/uploads\/2016\/12\/cropped-wappen250.png","width":250,"height":250,"caption":"SV Diez-Freiendiez 1928 e.V."},"image":{"@id":"https:\/\/www.sv-freiendiez.de\/#\/schema\/logo\/image\/"},"sameAs":["https:\/\/www.facebook.com\/svfreiendiez\/"]},{"@type":"Person","@id":"https:\/\/www.sv-freiendiez.de\/#\/schema\/person\/e506fdcfcb3a8d0b33fb2982e44b9b79","name":"editor","image":{"@type":"ImageObject","inLanguage":"de","@id":"https:\/\/secure.gravatar.com\/avatar\/2e61a0e3091a1495360fb924e613dd25bace1d4a95a687bd9add8c68191636ff?s=96&d=mm&r=g","url":"https:\/\/secure.gravatar.com\/avatar\/2e61a0e3091a1495360fb924e613dd25bace1d4a95a687bd9add8c68191636ff?s=96&d=mm&r=g","contentUrl":"https:\/\/secure.gravatar.com\/avatar\/2e61a0e3091a1495360fb924e613dd25bace1d4a95a687bd9add8c68191636ff?s=96&d=mm&r=g","caption":"editor"},"url":"https:\/\/www.sv-freiendiez.de\/?author=1"}]}},"_links":{"self":[{"href":"https:\/\/www.sv-freiendiez.de\/index.php?rest_route=\/wp\/v2\/posts\/4024","targetHints":{"allow":["GET"]}}],"collection":[{"href":"https:\/\/www.sv-freiendiez.de\/index.php?rest_route=\/wp\/v2\/posts"}],"about":[{"href":"https:\/\/www.sv-freiendiez.de\/index.php?rest_route=\/wp\/v2\/types\/post"}],"author":[{"embeddable":true,"href":"https:\/\/www.sv-freiendiez.de\/index.php?rest_route=\/wp\/v2\/users\/1"}],"replies":[{"embeddable":true,"href":"https:\/\/www.sv-freiendiez.de\/index.php?rest_route=%2Fwp%2Fv2%2Fcomments&post=4024"}],"version-history":[{"count":0,"href":"https:\/\/www.sv-freiendiez.de\/index.php?rest_route=\/wp\/v2\/posts\/4024\/revisions"}],"wp:attachment":[{"href":"https:\/\/www.sv-freiendiez.de\/index.php?rest_route=%2Fwp%2Fv2%2Fmedia&parent=4024"}],"wp:term":[{"taxonomy":"category","embeddable":true,"href":"https:\/\/www.sv-freiendiez.de\/index.php?rest_route=%2Fwp%2Fv2%2Fcategories&post=4024"},{"taxonomy":"post_tag","embeddable":true,"href":"https:\/\/www.sv-freiendiez.de\/index.php?rest_route=%2Fwp%2Fv2%2Ftags&post=4024"}],"curies":[{"name":"wp","href":"https:\/\/api.w.org\/{rel}","templated":true}]}}