{"id":3945,"date":"2021-07-24T11:44:57","date_gmt":"2021-07-24T09:44:57","guid":{"rendered":"https:\/\/www.sv-freiendiez.de\/?p=3945"},"modified":"2021-07-24T11:46:07","modified_gmt":"2021-07-24T09:46:07","slug":"3945","status":"publish","type":"post","link":"https:\/\/www.sv-freiendiez.de\/?p=3945","title":{"rendered":"Personalnot im Vorstand des Sch\u00fctzenkreises 115"},"content":{"rendered":"<p style=\"text-align: justify;\"><img loading=\"lazy\" decoding=\"async\" class=\"alignleft size-full wp-image-3561\" src=\"https:\/\/www.sv-freiendiez.de\/wp-content\/uploads\/2019\/10\/kreislogo140.png\" alt=\"\" width=\"144\" height=\"140\">In einer eindringlichen und alarmierenden Mail hat sich der Vorstandsvorsitzende des Sch\u00fctzenkreises 115, Uli Hennemann, an die Vereine und alle Sportsch\u00fctzen des Kreises 115 gewand, um auf die Personalmisere im Vorstand des Sch\u00fctzenkreises hinzuweisen. Trotz mehrmaliger Mails und Hinweisen ist es bisher nicht gelungen, 3 vakante Vorstandsposten nachzubesetzen.<\/p>\n<p style=\"text-align: justify;\">Sowohl die Position des 1. Vorsitzenden, des Kreissportleiters und der Damenleiterin sind sp\u00e4testens im Fr\u00fchjahr zu besetzen. Damit hat der Kreisvorstand das gleiche Problem wie auch viele Vereine des Kreises, geeignete Kandidaten f\u00fcr diese Positionen zu finden.<!--more--><\/p>\n<p style=\"text-align: justify;\">Uli Hennemann weist daraufhin, das bei der Nichtbesetzung der Positionen der Sportbetrieb im Kreis (Kreismeisterschaften, Liga) nicht m\u00f6glich ist.<\/p>\n<p style=\"text-align: justify;\">Deswegen auch von unserer Seite der Aufruf an alle sich selbst zu pr\u00fcfen, ob eine Unterst\u00fctzung des Sportkreises durch die Annahme einer der Positionen m\u00f6glich ist. Es ist allen bewusst, das gerade die Position des Sportleiters eine sehr zeitintensive Angelegenheit ist. Diese Position k\u00f6nnte auch durch ein Team besetzt werden, so das die Arbeit geteilt wird.<\/p>\n<p style=\"text-align: justify;\">Interessenten wenden sich bitte direkt an Uli Hennemann. Seine Kontaktdaten findet Ihr auf der Webseite des Kreises <a href=\"http:\/\/www.schuetzenkreis-115.de\" target=\"_blank\" rel=\"noopener\">http:\/\/www.schuetzenkreis-115.de<\/a>.<\/p>\n","protected":false},"excerpt":{"rendered":"<p>In einer eindringlichen und alarmierenden Mail hat sich der Vorstandsvorsitzende des Sch\u00fctzenkreises 115, Uli Hennemann, an die Vereine und alle Sportsch\u00fctzen des Kreises 115 gewand, um auf die Personalmisere im Vorstand des Sch\u00fctzenkreises hinzuweisen. Trotz mehrmaliger Mails und Hinweisen ist es bisher nicht gelungen, 3 vakante Vorstandsposten nachzubesetzen. Sowohl die Position des 1. Vorsitzenden, des &hellip; <\/p>\n<p class=\"link-more\"><a href=\"https:\/\/www.sv-freiendiez.de\/?p=3945\" class=\"more-link\"><span class=\"screen-reader-text\">\u201ePersonalnot im Vorstand des Sch\u00fctzenkreises 115\u201c<\/span> weiterlesen<\/a><\/p>\n","protected":false},"author":1,"featured_media":0,"comment_status":"closed","ping_status":"closed","sticky":false,"template":"","format":"standard","meta":{"ngg_post_thumbnail":0,"footnotes":""},"categories":[1],"tags":[],"class_list":["post-3945","post","type-post","status-publish","format-standard","hentry","category-allgemein"],"yoast_head":"<!-- This site is optimized with the Yoast SEO plugin v27.5 - https:\/\/yoast.com\/product\/yoast-seo-wordpress\/ -->\n<title>Personalnot im Vorstand des Sch\u00fctzenkreises 115 - SV Diez-Freiendiez 1928 e.V.<\/title>\n<meta name=\"robots\" content=\"index, follow, max-snippet:-1, max-image-preview:large, max-video-preview:-1\" \/>\n<link rel=\"canonical\" href=\"https:\/\/www.sv-freiendiez.de\/?p=3945\" \/>\n<meta property=\"og:locale\" content=\"de_DE\" \/>\n<meta property=\"og:type\" content=\"article\" \/>\n<meta property=\"og:title\" content=\"Personalnot im Vorstand des Sch\u00fctzenkreises 115 - SV Diez-Freiendiez 1928 e.V.\" \/>\n<meta property=\"og:description\" content=\"In einer eindringlichen und alarmierenden Mail hat sich der Vorstandsvorsitzende des Sch\u00fctzenkreises 115, Uli Hennemann, an die Vereine und alle Sportsch\u00fctzen des Kreises 115 gewand, um auf die Personalmisere im Vorstand des Sch\u00fctzenkreises hinzuweisen. Trotz mehrmaliger Mails und Hinweisen ist es bisher nicht gelungen, 3 vakante Vorstandsposten nachzubesetzen. Sowohl die Position des 1. Vorsitzenden, des &hellip; \u201ePersonalnot im Vorstand des Sch\u00fctzenkreises 115\u201c weiterlesen\" \/>\n<meta property=\"og:url\" content=\"https:\/\/www.sv-freiendiez.de\/?p=3945\" \/>\n<meta property=\"og:site_name\" content=\"SV Diez-Freiendiez 1928 e.V.\" \/>\n<meta property=\"article:publisher\" content=\"https:\/\/www.facebook.com\/svfreiendiez\/\" \/>\n<meta property=\"article:published_time\" content=\"2021-07-24T09:44:57+00:00\" \/>\n<meta property=\"article:modified_time\" content=\"2021-07-24T09:46:07+00:00\" \/>\n<meta property=\"og:image\" content=\"https:\/\/www.sv-freiendiez.de\/wp-content\/uploads\/2019\/10\/kreislogo140.png\" \/>\n<meta name=\"author\" content=\"editor\" \/>\n<meta name=\"twitter:card\" content=\"summary_large_image\" \/>\n<meta name=\"twitter:label1\" content=\"Verfasst von\" \/>\n\t<meta name=\"twitter:data1\" content=\"editor\" \/>\n\t<meta name=\"twitter:label2\" content=\"Gesch\u00e4tzte Lesezeit\" \/>\n\t<meta name=\"twitter:data2\" content=\"1\u00a0Minute\" \/>\n<script type=\"application\/ld+json\" class=\"yoast-schema-graph\">{\"@context\":\"https:\\\/\\\/schema.org\",\"@graph\":[{\"@type\":\"Article\",\"@id\":\"https:\\\/\\\/www.sv-freiendiez.de\\\/?p=3945#article\",\"isPartOf\":{\"@id\":\"https:\\\/\\\/www.sv-freiendiez.de\\\/?p=3945\"},\"author\":{\"name\":\"editor\",\"@id\":\"https:\\\/\\\/www.sv-freiendiez.de\\\/#\\\/schema\\\/person\\\/e506fdcfcb3a8d0b33fb2982e44b9b79\"},\"headline\":\"Personalnot im Vorstand des Sch\u00fctzenkreises 115\",\"datePublished\":\"2021-07-24T09:44:57+00:00\",\"dateModified\":\"2021-07-24T09:46:07+00:00\",\"mainEntityOfPage\":{\"@id\":\"https:\\\/\\\/www.sv-freiendiez.de\\\/?p=3945\"},\"wordCount\":194,\"publisher\":{\"@id\":\"https:\\\/\\\/www.sv-freiendiez.de\\\/#organization\"},\"image\":{\"@id\":\"https:\\\/\\\/www.sv-freiendiez.de\\\/?p=3945#primaryimage\"},\"thumbnailUrl\":\"https:\\\/\\\/www.sv-freiendiez.de\\\/wp-content\\\/uploads\\\/2019\\\/10\\\/kreislogo140.png\",\"inLanguage\":\"de\"},{\"@type\":\"WebPage\",\"@id\":\"https:\\\/\\\/www.sv-freiendiez.de\\\/?p=3945\",\"url\":\"https:\\\/\\\/www.sv-freiendiez.de\\\/?p=3945\",\"name\":\"Personalnot im Vorstand des Sch\u00fctzenkreises 115 - SV Diez-Freiendiez 1928 e.V.\",\"isPartOf\":{\"@id\":\"https:\\\/\\\/www.sv-freiendiez.de\\\/#website\"},\"primaryImageOfPage\":{\"@id\":\"https:\\\/\\\/www.sv-freiendiez.de\\\/?p=3945#primaryimage\"},\"image\":{\"@id\":\"https:\\\/\\\/www.sv-freiendiez.de\\\/?p=3945#primaryimage\"},\"thumbnailUrl\":\"https:\\\/\\\/www.sv-freiendiez.de\\\/wp-content\\\/uploads\\\/2019\\\/10\\\/kreislogo140.png\",\"datePublished\":\"2021-07-24T09:44:57+00:00\",\"dateModified\":\"2021-07-24T09:46:07+00:00\",\"breadcrumb\":{\"@id\":\"https:\\\/\\\/www.sv-freiendiez.de\\\/?p=3945#breadcrumb\"},\"inLanguage\":\"de\",\"potentialAction\":[{\"@type\":\"ReadAction\",\"target\":[\"https:\\\/\\\/www.sv-freiendiez.de\\\/?p=3945\"]}]},{\"@type\":\"ImageObject\",\"inLanguage\":\"de\",\"@id\":\"https:\\\/\\\/www.sv-freiendiez.de\\\/?p=3945#primaryimage\",\"url\":\"https:\\\/\\\/www.sv-freiendiez.de\\\/wp-content\\\/uploads\\\/2019\\\/10\\\/kreislogo140.png\",\"contentUrl\":\"https:\\\/\\\/www.sv-freiendiez.de\\\/wp-content\\\/uploads\\\/2019\\\/10\\\/kreislogo140.png\",\"width\":144,\"height\":140},{\"@type\":\"BreadcrumbList\",\"@id\":\"https:\\\/\\\/www.sv-freiendiez.de\\\/?p=3945#breadcrumb\",\"itemListElement\":[{\"@type\":\"ListItem\",\"position\":1,\"name\":\"Startseite\",\"item\":\"https:\\\/\\\/www.sv-freiendiez.de\\\/\"},{\"@type\":\"ListItem\",\"position\":2,\"name\":\"Personalnot im Vorstand des Sch\u00fctzenkreises 115\"}]},{\"@type\":\"WebSite\",\"@id\":\"https:\\\/\\\/www.sv-freiendiez.de\\\/#website\",\"url\":\"https:\\\/\\\/www.sv-freiendiez.de\\\/\",\"name\":\"SV Diez-Freiendiez 1928 e.V.\",\"description\":\"Sch\u00fctzenverein Diez-Freiendiez 1928 e.V.\",\"publisher\":{\"@id\":\"https:\\\/\\\/www.sv-freiendiez.de\\\/#organization\"},\"potentialAction\":[{\"@type\":\"SearchAction\",\"target\":{\"@type\":\"EntryPoint\",\"urlTemplate\":\"https:\\\/\\\/www.sv-freiendiez.de\\\/?s={search_term_string}\"},\"query-input\":{\"@type\":\"PropertyValueSpecification\",\"valueRequired\":true,\"valueName\":\"search_term_string\"}}],\"inLanguage\":\"de\"},{\"@type\":\"Organization\",\"@id\":\"https:\\\/\\\/www.sv-freiendiez.de\\\/#organization\",\"name\":\"SV Diez-Freiendiez 1928 e.V.\",\"url\":\"https:\\\/\\\/www.sv-freiendiez.de\\\/\",\"logo\":{\"@type\":\"ImageObject\",\"inLanguage\":\"de\",\"@id\":\"https:\\\/\\\/www.sv-freiendiez.de\\\/#\\\/schema\\\/logo\\\/image\\\/\",\"url\":\"https:\\\/\\\/www.sv-freiendiez.de\\\/wp-content\\\/uploads\\\/2016\\\/12\\\/cropped-wappen250.png\",\"contentUrl\":\"https:\\\/\\\/www.sv-freiendiez.de\\\/wp-content\\\/uploads\\\/2016\\\/12\\\/cropped-wappen250.png\",\"width\":250,\"height\":250,\"caption\":\"SV Diez-Freiendiez 1928 e.V.\"},\"image\":{\"@id\":\"https:\\\/\\\/www.sv-freiendiez.de\\\/#\\\/schema\\\/logo\\\/image\\\/\"},\"sameAs\":[\"https:\\\/\\\/www.facebook.com\\\/svfreiendiez\\\/\"]},{\"@type\":\"Person\",\"@id\":\"https:\\\/\\\/www.sv-freiendiez.de\\\/#\\\/schema\\\/person\\\/e506fdcfcb3a8d0b33fb2982e44b9b79\",\"name\":\"editor\",\"image\":{\"@type\":\"ImageObject\",\"inLanguage\":\"de\",\"@id\":\"https:\\\/\\\/secure.gravatar.com\\\/avatar\\\/2e61a0e3091a1495360fb924e613dd25bace1d4a95a687bd9add8c68191636ff?s=96&d=mm&r=g\",\"url\":\"https:\\\/\\\/secure.gravatar.com\\\/avatar\\\/2e61a0e3091a1495360fb924e613dd25bace1d4a95a687bd9add8c68191636ff?s=96&d=mm&r=g\",\"contentUrl\":\"https:\\\/\\\/secure.gravatar.com\\\/avatar\\\/2e61a0e3091a1495360fb924e613dd25bace1d4a95a687bd9add8c68191636ff?s=96&d=mm&r=g\",\"caption\":\"editor\"},\"url\":\"https:\\\/\\\/www.sv-freiendiez.de\\\/?author=1\"}]}<\/script>\n<!-- \/ Yoast SEO plugin. -->","yoast_head_json":{"title":"Personalnot im Vorstand des Sch\u00fctzenkreises 115 - SV Diez-Freiendiez 1928 e.V.","robots":{"index":"index","follow":"follow","max-snippet":"max-snippet:-1","max-image-preview":"max-image-preview:large","max-video-preview":"max-video-preview:-1"},"canonical":"https:\/\/www.sv-freiendiez.de\/?p=3945","og_locale":"de_DE","og_type":"article","og_title":"Personalnot im Vorstand des Sch\u00fctzenkreises 115 - SV Diez-Freiendiez 1928 e.V.","og_description":"In einer eindringlichen und alarmierenden Mail hat sich der Vorstandsvorsitzende des Sch\u00fctzenkreises 115, Uli Hennemann, an die Vereine und alle Sportsch\u00fctzen des Kreises 115 gewand, um auf die Personalmisere im Vorstand des Sch\u00fctzenkreises hinzuweisen. Trotz mehrmaliger Mails und Hinweisen ist es bisher nicht gelungen, 3 vakante Vorstandsposten nachzubesetzen. Sowohl die Position des 1. Vorsitzenden, des &hellip; \u201ePersonalnot im Vorstand des Sch\u00fctzenkreises 115\u201c weiterlesen","og_url":"https:\/\/www.sv-freiendiez.de\/?p=3945","og_site_name":"SV Diez-Freiendiez 1928 e.V.","article_publisher":"https:\/\/www.facebook.com\/svfreiendiez\/","article_published_time":"2021-07-24T09:44:57+00:00","article_modified_time":"2021-07-24T09:46:07+00:00","og_image":[{"url":"https:\/\/www.sv-freiendiez.de\/wp-content\/uploads\/2019\/10\/kreislogo140.png","type":"","width":"","height":""}],"author":"editor","twitter_card":"summary_large_image","twitter_misc":{"Verfasst von":"editor","Gesch\u00e4tzte Lesezeit":"1\u00a0Minute"},"schema":{"@context":"https:\/\/schema.org","@graph":[{"@type":"Article","@id":"https:\/\/www.sv-freiendiez.de\/?p=3945#article","isPartOf":{"@id":"https:\/\/www.sv-freiendiez.de\/?p=3945"},"author":{"name":"editor","@id":"https:\/\/www.sv-freiendiez.de\/#\/schema\/person\/e506fdcfcb3a8d0b33fb2982e44b9b79"},"headline":"Personalnot im Vorstand des Sch\u00fctzenkreises 115","datePublished":"2021-07-24T09:44:57+00:00","dateModified":"2021-07-24T09:46:07+00:00","mainEntityOfPage":{"@id":"https:\/\/www.sv-freiendiez.de\/?p=3945"},"wordCount":194,"publisher":{"@id":"https:\/\/www.sv-freiendiez.de\/#organization"},"image":{"@id":"https:\/\/www.sv-freiendiez.de\/?p=3945#primaryimage"},"thumbnailUrl":"https:\/\/www.sv-freiendiez.de\/wp-content\/uploads\/2019\/10\/kreislogo140.png","inLanguage":"de"},{"@type":"WebPage","@id":"https:\/\/www.sv-freiendiez.de\/?p=3945","url":"https:\/\/www.sv-freiendiez.de\/?p=3945","name":"Personalnot im Vorstand des Sch\u00fctzenkreises 115 - SV Diez-Freiendiez 1928 e.V.","isPartOf":{"@id":"https:\/\/www.sv-freiendiez.de\/#website"},"primaryImageOfPage":{"@id":"https:\/\/www.sv-freiendiez.de\/?p=3945#primaryimage"},"image":{"@id":"https:\/\/www.sv-freiendiez.de\/?p=3945#primaryimage"},"thumbnailUrl":"https:\/\/www.sv-freiendiez.de\/wp-content\/uploads\/2019\/10\/kreislogo140.png","datePublished":"2021-07-24T09:44:57+00:00","dateModified":"2021-07-24T09:46:07+00:00","breadcrumb":{"@id":"https:\/\/www.sv-freiendiez.de\/?p=3945#breadcrumb"},"inLanguage":"de","potentialAction":[{"@type":"ReadAction","target":["https:\/\/www.sv-freiendiez.de\/?p=3945"]}]},{"@type":"ImageObject","inLanguage":"de","@id":"https:\/\/www.sv-freiendiez.de\/?p=3945#primaryimage","url":"https:\/\/www.sv-freiendiez.de\/wp-content\/uploads\/2019\/10\/kreislogo140.png","contentUrl":"https:\/\/www.sv-freiendiez.de\/wp-content\/uploads\/2019\/10\/kreislogo140.png","width":144,"height":140},{"@type":"BreadcrumbList","@id":"https:\/\/www.sv-freiendiez.de\/?p=3945#breadcrumb","itemListElement":[{"@type":"ListItem","position":1,"name":"Startseite","item":"https:\/\/www.sv-freiendiez.de\/"},{"@type":"ListItem","position":2,"name":"Personalnot im Vorstand des Sch\u00fctzenkreises 115"}]},{"@type":"WebSite","@id":"https:\/\/www.sv-freiendiez.de\/#website","url":"https:\/\/www.sv-freiendiez.de\/","name":"SV Diez-Freiendiez 1928 e.V.","description":"Sch\u00fctzenverein Diez-Freiendiez 1928 e.V.","publisher":{"@id":"https:\/\/www.sv-freiendiez.de\/#organization"},"potentialAction":[{"@type":"SearchAction","target":{"@type":"EntryPoint","urlTemplate":"https:\/\/www.sv-freiendiez.de\/?s={search_term_string}"},"query-input":{"@type":"PropertyValueSpecification","valueRequired":true,"valueName":"search_term_string"}}],"inLanguage":"de"},{"@type":"Organization","@id":"https:\/\/www.sv-freiendiez.de\/#organization","name":"SV Diez-Freiendiez 1928 e.V.","url":"https:\/\/www.sv-freiendiez.de\/","logo":{"@type":"ImageObject","inLanguage":"de","@id":"https:\/\/www.sv-freiendiez.de\/#\/schema\/logo\/image\/","url":"https:\/\/www.sv-freiendiez.de\/wp-content\/uploads\/2016\/12\/cropped-wappen250.png","contentUrl":"https:\/\/www.sv-freiendiez.de\/wp-content\/uploads\/2016\/12\/cropped-wappen250.png","width":250,"height":250,"caption":"SV Diez-Freiendiez 1928 e.V."},"image":{"@id":"https:\/\/www.sv-freiendiez.de\/#\/schema\/logo\/image\/"},"sameAs":["https:\/\/www.facebook.com\/svfreiendiez\/"]},{"@type":"Person","@id":"https:\/\/www.sv-freiendiez.de\/#\/schema\/person\/e506fdcfcb3a8d0b33fb2982e44b9b79","name":"editor","image":{"@type":"ImageObject","inLanguage":"de","@id":"https:\/\/secure.gravatar.com\/avatar\/2e61a0e3091a1495360fb924e613dd25bace1d4a95a687bd9add8c68191636ff?s=96&d=mm&r=g","url":"https:\/\/secure.gravatar.com\/avatar\/2e61a0e3091a1495360fb924e613dd25bace1d4a95a687bd9add8c68191636ff?s=96&d=mm&r=g","contentUrl":"https:\/\/secure.gravatar.com\/avatar\/2e61a0e3091a1495360fb924e613dd25bace1d4a95a687bd9add8c68191636ff?s=96&d=mm&r=g","caption":"editor"},"url":"https:\/\/www.sv-freiendiez.de\/?author=1"}]}},"_links":{"self":[{"href":"https:\/\/www.sv-freiendiez.de\/index.php?rest_route=\/wp\/v2\/posts\/3945","targetHints":{"allow":["GET"]}}],"collection":[{"href":"https:\/\/www.sv-freiendiez.de\/index.php?rest_route=\/wp\/v2\/posts"}],"about":[{"href":"https:\/\/www.sv-freiendiez.de\/index.php?rest_route=\/wp\/v2\/types\/post"}],"author":[{"embeddable":true,"href":"https:\/\/www.sv-freiendiez.de\/index.php?rest_route=\/wp\/v2\/users\/1"}],"replies":[{"embeddable":true,"href":"https:\/\/www.sv-freiendiez.de\/index.php?rest_route=%2Fwp%2Fv2%2Fcomments&post=3945"}],"version-history":[{"count":0,"href":"https:\/\/www.sv-freiendiez.de\/index.php?rest_route=\/wp\/v2\/posts\/3945\/revisions"}],"wp:attachment":[{"href":"https:\/\/www.sv-freiendiez.de\/index.php?rest_route=%2Fwp%2Fv2%2Fmedia&parent=3945"}],"wp:term":[{"taxonomy":"category","embeddable":true,"href":"https:\/\/www.sv-freiendiez.de\/index.php?rest_route=%2Fwp%2Fv2%2Fcategories&post=3945"},{"taxonomy":"post_tag","embeddable":true,"href":"https:\/\/www.sv-freiendiez.de\/index.php?rest_route=%2Fwp%2Fv2%2Ftags&post=3945"}],"curies":[{"name":"wp","href":"https:\/\/api.w.org\/{rel}","templated":true}]}}