{"id":3677,"date":"2020-06-02T23:24:35","date_gmt":"2020-06-02T21:24:35","guid":{"rendered":"https:\/\/www.sv-freiendiez.de\/?p=3677"},"modified":"2020-06-02T23:32:34","modified_gmt":"2020-06-02T21:32:34","slug":"wiederaufnahme-trainingsbetrieb-im-schuetzenhaus","status":"publish","type":"post","link":"https:\/\/www.sv-freiendiez.de\/?p=3677","title":{"rendered":"Wiederaufnahme Trainingsbetrieb im Sch\u00fctzenhaus"},"content":{"rendered":"<p style=\"text-align: justify;\"><img loading=\"lazy\" decoding=\"async\" class=\"alignright size-full wp-image-2172\" src=\"https:\/\/www.sv-freiendiez.de\/wp-content\/uploads\/2017\/10\/Pfeil_seitlich180.png\" alt=\"\" width=\"180\" height=\"126\">Liebe Sch\u00fctzenschwestern, liebe Sch\u00fctzenbr\u00fcder,<\/p>\n<p style=\"text-align: justify;\">die Corona-Pandemie hindert uns seit \u00fcber 8 Wochen daran, unseren Schie\u00dfsport so auszu\u00fcben, wie wir es \u00fcber Jahre hinweg gew\u00f6hnt waren. Zur Verhinderung der Ausbreitung wurden verschiedene staatliche Ma\u00dfnahmen ergriffen, um den Ausbruch einer gro\u00dfen Infektionswelle wie in vielen Nachbarstaaten geschehen, zu verhindern. Wie wir heute wissen, mit Erfolg. Ausgangssperren, Kontaktbeschr\u00e4nkungen, Veranstaltungs- und Versammlungsverbote, sowie das Verbot von gemeinsamen sportlichen Aktivit\u00e4ten haben unser Leben in den letzten Wochen gepr\u00e4gt. Aus vielen Gespr\u00e4chen mit Euch h\u00f6rt man auch heraus, dass nicht nur das Aus\u00fcben des Sportes fehlt, sondern auch die vielen pers\u00f6nlichen Kontakte die an unseren Trainingstagen im Sch\u00fctzenhaus gepflegt wurden. Wir sehnen uns so sehr alle ein St\u00fcck Normalit\u00e4t zur\u00fcck.<!--more--><\/p>\n<p style=\"text-align: justify;\">Der relativ glimpfliche Verlauf der Pandemie bei uns in der Bundesrepublik Deutschland hat es erm\u00f6glicht, das einige der Einschr\u00e4nkungen zur\u00fcckgenommen wurden. Nicht vollumf\u00e4nglich, aber insofern, dass man unter bestimmten Auflagen wieder damit beginnen kann, ein normales soziales Leben, zu dem auch das gemeinsame Aus\u00fcben von sportlichen Aktivit\u00e4ten geh\u00f6ren, zu f\u00fchren.<\/p>\n<p style=\"text-align: justify;\">Der Vorstand des SV Diez-Freiendiez 1928 e.V. hat sich heute Abend (02. Juni 2020) in einer Sitzung dazu entschlossen, den \u00dcbungsbetrieb auf unseren Schie\u00dfanlagen unter Beachtung aller gesetzlichen Vorgaben wieder aufzunehmen.<\/p>\n<p style=\"text-align: justify;\">Dazu werden wir deswegen bereits am <strong>kommenden Freitag, den 05. Juni 2020<\/strong>, einen Probelauf durchf\u00fchren, inwieweit sich ein Schie\u00dfbetrieb unter der Beachtung und Anwendung aller gesetzlichen Vorgaben durchf\u00fchren l\u00e4sst. Start des \u00dcbungsbetriebes ist wie gewohnt 18 Uhr.<\/p>\n<p style=\"text-align: justify;\">Angewendet werden die Vorgaben der 8. Corona-Bek\u00e4mpfungsverordnung Rheinland-Pfalz (8. CoBeLVO) vom 25. Mai 2020.<\/p>\n<p style=\"text-align: justify;\">Vorweg folgende Hinweise zur Beachtung und Befolgung:<\/p>\n<p style=\"text-align: justify;\">1. Die allgemeinen Hygiene Vorgaben zur Bek\u00e4mpfung der Corona-Pandemie sind auch im Bereich des Sch\u00fctzenhauses einzuhalten. (Mindestabstand zu anderen Personen 1,5 Meter, das Tragen eines geeigneten Mundschutzes, Handhygiene, Niesetikette, etc.). F\u00fcr Schutzausr\u00fcstung ist selbst zu sorgen und muss bereits beim Eintreffen am Sch\u00fctzenhaus angelegt sein!<\/p>\n<p style=\"text-align: justify;\">2. Die Anweisungen des <strong>Aufsichtspersonals<\/strong> ist Folge zu leisten. Bei Nichtbefolgen kann ein Verweis vom Stand \/ Sch\u00fctzenhaus Areal erfolgen.<\/p>\n<p style=\"text-align: justify;\">3. Mit <strong>Wartezeiten<\/strong> vor dem Sch\u00fctzenhaus ist zu rechnen, da durch die Abstandsregeln nur eine beschr\u00e4nkte Zahl an Pl\u00e4tzen auf den St\u00e4nden zur Verf\u00fcgung steht (Pistolen-Stand 3 Pl\u00e4tze, Luftdruck-Stand 3 Pl\u00e4tze, KK 50m 2 Pl\u00e4tze). Der Aufenthaltsraum ist gesperrt und darf nur als Durchgang zur Toilette oder zum KK Stand betreten werden. Der Zugang zum Pistolenstand erfolgt au\u00dfen am Sch\u00fctzenhaus vorbei.<\/p>\n<p style=\"text-align: justify;\">4. Es wird <strong>keine Bewirtung<\/strong> geben (kein Essen, keine Getr\u00e4nke)<\/p>\n<p style=\"text-align: justify;\">5. Die <strong>Jugend<\/strong> ist derzeit noch vom Training ausgeschlossen!<\/p>\n<p style=\"text-align: justify;\">6. Risikogruppen halten sich bitte derzeit noch vom Trainingsbetrieb fern.<\/p>\n<p style=\"text-align: justify;\">7. <strong>G\u00e4sten und Zuschauern<\/strong> ist der Zugang zu den Schie\u00dfst\u00e4nden verboten!<\/p>\n<p style=\"text-align: justify;\">8. Mitgliedern mit Krankheitssymptomen bleiben Zuhause, da die Aufsichten angehalten sind, diese Personen nicht am Trainingsbetrieb teilhaben zu lassen.<\/p>\n<p style=\"text-align: justify;\">9. <strong>Toiletten<\/strong> sind einzeln aufzusuchen. Desinfektionsmittel ist im Sch\u00fctzenhaus vorhanden.<\/p>\n<p style=\"text-align: justify;\">Der Ablauf f\u00fcr jeden Sch\u00fctzen beim Eintreffen am Sch\u00fctzenhaus:<\/p>\n<p style=\"text-align: justify;\">Jeder Sch\u00fctze legt beim Eintreffen am Sch\u00fctzenhaus seine Schutzausr\u00fcstung an. Er begibt sich zum Eingang wo er von einer Aufsichtsperson empfangen wird. Die Aufsichtsperson \u00fcber pr\u00fcft alle Zugangsvoraussetzungen und notiert Name und Ankunftszeitpunkt und weist dem Sch\u00fctzen danach einen Stand zu. Sollten bereits alle verf\u00fcgbaren St\u00e4nde belegt sein, muss der Sch\u00fctze warten. Dazu zeiht er sich vom Eingang zur\u00fcck und begibt sich wartend in Rufweite etwas weiter unten auf den Zugangsweg (Abstandsregeln zu anderen Mitgliedern beachten!). Wenn ein Stand frei wird, wird er gerufen und aufgefordert, den Stand zu belegen. Dazu geht er (Pistolenstand) au\u00dfen am Geb\u00e4ude vorbei zum R\u00fcckw\u00e4rtigen Bereich des Sch\u00fctzenhauses oder (Luftdruck oder KK Stand) durch den Aufenthaltsraum, ohne sich dort weiter aufzuhalten, zu seinem Stand. Beim Schie\u00dfen selber muss kein Mundschutz getragen werden. Nach Beendigung des Trainings verl\u00e4sst er z\u00fcgig den Stand und meldet sich bei der Aufsichtsperson am Eingang wieder ab. Die Aufsichtsperson notiert den Zeitpunkt des Verlassens des Sch\u00fctzenhauses.<\/p>\n<p style=\"text-align: justify;\">Uns ist bewusst, dass dies alles sehr aufwendig und umst\u00e4ndlich ist. Die Einhaltung der vorgenannten Regeln ist aber die einzige M\u00f6glichkeit Euch die Gelegenheit zu geben, Euer Schie\u00dftraining schon zum jetzigen Zeitpunkt wieder aufzunehmen.<\/p>\n<p style=\"text-align: justify;\">Der oben genannte Ablauf ergibt sich aus den gesetzlichen Vorgaben und den Empfehlungen des RSB.<\/p>\n<p style=\"text-align: justify;\">Nur wenn jeder die Vorgaben beachtet und die Anweisungen einh\u00e4lt, k\u00f6nnen wir den Trainingsbetrieb in dieser Form aufrechterhalten. Wir sind also auch auf Eure Mitarbeit angewiesen.<\/p>\n<p style=\"text-align: justify;\">Wie bereits erw\u00e4hnt, sieht der Vorstand den kommenden Freitag als Testlauf an. Sollte alles gut Laufen und das Training trotz Einschr\u00e4nkungen in der Form gut angenommen werden, werden wir Euch den Zugang zum Sch\u00fctzenhaus weiter erm\u00f6glichen k\u00f6nnen. Wir behalten uns aber auch vor, den Trainingsbetrieb wieder einzustellen, wenn sich herausstellen sollte, das es unter diesen Umst\u00e4nden nicht gut funktioniert.<\/p>\n<p style=\"text-align: justify;\">Ein Nichtbefolgen der Vorgaben und Ma\u00dfnahmen kann empfindliche Strafen der Beh\u00f6rden f\u00fcr den Verein nach sich ziehen. Also bitte, haltet Euch so gut es geht an alle Ansagen!<\/p>\n<p style=\"text-align: justify;\">Wir hoffen alle, dass wir unsere Vereinsabende bald wieder wie gewohnt abhalten k\u00f6nnen und freuen uns schon darauf. Mittelfristig ist damit zwar nicht zu rechnen, aber die gute Zeit kommt wieder.<\/p>\n<p style=\"text-align: justify;\">Zur Erg\u00e4nzung der oben genannten Regeln lest Euch bitte in Ruhe die folgenden per Link erreichbaren Vorgaben und Empfehlungen:<\/p>\n<p style=\"text-align: justify;\">Achte Corona-Bek\u00e4mpfungsverordnung Rheinland-Pfalz (8. CoBeLVO) vom 25.05.2020:<br \/>\n<a href=\"https:\/\/www.rsb2020.de\/fileadmin\/Aktuelles\/Service\/2020_Dokumente\/20200525_Corona-Bek%C3%A4mpfungsverordnung_RLP_8._CoBeLVO.pdf\">https:\/\/www.rsb2020.de\/fileadmin\/Aktuelles\/Service\/2020_Dokumente\/20200525_Corona-Bek%C3%A4mpfungsverordnung_RLP_8._CoBeLVO.pdf<\/a><\/p>\n<p style=\"text-align: justify;\">Hygienekonzept f\u00fcr den Sport im Innenbereich:<br \/>\n<a href=\"https:\/\/www.rsb2020.de\/fileadmin\/Aktuelles\/Service\/2020_Dokumente\/20200525_RLP-Hygienekonzept_Sport_innen.pdf\">https:\/\/www.rsb2020.de\/fileadmin\/Aktuelles\/Service\/2020_Dokumente\/20200525_RLP-Hygienekonzept_Sport_innen.pdf<\/a><\/p>\n<p style=\"text-align: justify;\">Hygienekonzept f\u00fcr den Sport im Au\u00dfenbereich:<br \/>\n<a href=\"https:\/\/www.rsb2020.de\/fileadmin\/Aktuelles\/Service\/2020_Dokumente\/20200525_RLP-Hygienekonzept_Sport_aussen.pdf\">https:\/\/www.rsb2020.de\/fileadmin\/Aktuelles\/Service\/2020_Dokumente\/20200525_RLP-Hygienekonzept_Sport_aussen.pdf<\/a><\/p>\n<p style=\"text-align: justify;\">Regelungen zur Wiederaufnahme des Trainingsbetriebes in Sch\u00fctzen- und Bogensportvereinen in Nordrhein-Westfalen und Rheinland-Pfalz:<br \/>\n<a href=\"https:\/\/www.rsb2020.de\/aktuelles\/detail\/news\/regelungen-zur-wiederaufnahme-des-trainingsbetriebes-in-schuetzenvereinen\/\">https:\/\/www.rsb2020.de\/aktuelles\/detail\/news\/regelungen-zur-wiederaufnahme-des-trainingsbetriebes-in-schuetzenvereinen\/<\/a><\/p>\n<p style=\"text-align: justify;\">Empfehlungen bei der Wiederer\u00f6ffnung des Sportbetriebs im Rahmen der Corona-Pandemie:<br \/>\n<a href=\"https:\/\/www.rsb2020.de\/fileadmin\/Aktuelles\/Service\/2020_Dokumente\/20200525_Checkliste_RSB_Wiederer%C3%B6ffnung-Sportbetrieb_Wegweiser-Vereine.pdf\">https:\/\/www.rsb2020.de\/fileadmin\/Aktuelles\/Service\/2020_Dokumente\/20200525_Checkliste_RSB_Wiederer%C3%B6ffnung-Sportbetrieb_Wegweiser-Vereine.pdf<\/a><\/p>\n<p style=\"text-align: justify;\">Wir hoffen viele von Euch am kommenden Freitag zu sehen!<\/p>\n<p style=\"text-align: justify;\">Bleibt gesund!<\/p>\n<p style=\"text-align: justify;\">Der Vorstand SV Diez-Freiendiez 1928 e.V.<\/p>\n","protected":false},"excerpt":{"rendered":"<p>Liebe Sch\u00fctzenschwestern, liebe Sch\u00fctzenbr\u00fcder, die Corona-Pandemie hindert uns seit \u00fcber 8 Wochen daran, unseren Schie\u00dfsport so auszu\u00fcben, wie wir es \u00fcber Jahre hinweg gew\u00f6hnt waren. Zur Verhinderung der Ausbreitung wurden verschiedene staatliche Ma\u00dfnahmen ergriffen, um den Ausbruch einer gro\u00dfen Infektionswelle wie in vielen Nachbarstaaten geschehen, zu verhindern. Wie wir heute wissen, mit Erfolg. Ausgangssperren, Kontaktbeschr\u00e4nkungen, &hellip; <\/p>\n<p class=\"link-more\"><a href=\"https:\/\/www.sv-freiendiez.de\/?p=3677\" class=\"more-link\"><span class=\"screen-reader-text\">\u201eWiederaufnahme Trainingsbetrieb im Sch\u00fctzenhaus\u201c<\/span> weiterlesen<\/a><\/p>\n","protected":false},"author":1,"featured_media":0,"comment_status":"closed","ping_status":"closed","sticky":false,"template":"","format":"standard","meta":{"ngg_post_thumbnail":0,"footnotes":""},"categories":[1,25,33,31],"tags":[],"class_list":["post-3677","post","type-post","status-publish","format-standard","hentry","category-allgemein","category-recht","category-sicherheit","category-termine"],"yoast_head":"<!-- This site is optimized with the Yoast SEO plugin v27.5 - https:\/\/yoast.com\/product\/yoast-seo-wordpress\/ -->\n<title>Wiederaufnahme Trainingsbetrieb im Sch\u00fctzenhaus - SV Diez-Freiendiez 1928 e.V.<\/title>\n<meta name=\"robots\" content=\"index, follow, max-snippet:-1, max-image-preview:large, max-video-preview:-1\" \/>\n<link rel=\"canonical\" href=\"https:\/\/www.sv-freiendiez.de\/?p=3677\" \/>\n<meta property=\"og:locale\" content=\"de_DE\" \/>\n<meta property=\"og:type\" content=\"article\" \/>\n<meta property=\"og:title\" content=\"Wiederaufnahme Trainingsbetrieb im Sch\u00fctzenhaus - SV Diez-Freiendiez 1928 e.V.\" \/>\n<meta property=\"og:description\" content=\"Liebe Sch\u00fctzenschwestern, liebe Sch\u00fctzenbr\u00fcder, die Corona-Pandemie hindert uns seit \u00fcber 8 Wochen daran, unseren Schie\u00dfsport so auszu\u00fcben, wie wir es \u00fcber Jahre hinweg gew\u00f6hnt waren. Zur Verhinderung der Ausbreitung wurden verschiedene staatliche Ma\u00dfnahmen ergriffen, um den Ausbruch einer gro\u00dfen Infektionswelle wie in vielen Nachbarstaaten geschehen, zu verhindern. Wie wir heute wissen, mit Erfolg. Ausgangssperren, Kontaktbeschr\u00e4nkungen, &hellip; \u201eWiederaufnahme Trainingsbetrieb im Sch\u00fctzenhaus\u201c weiterlesen\" \/>\n<meta property=\"og:url\" content=\"https:\/\/www.sv-freiendiez.de\/?p=3677\" \/>\n<meta property=\"og:site_name\" content=\"SV Diez-Freiendiez 1928 e.V.\" \/>\n<meta property=\"article:publisher\" content=\"https:\/\/www.facebook.com\/svfreiendiez\/\" \/>\n<meta property=\"article:published_time\" content=\"2020-06-02T21:24:35+00:00\" \/>\n<meta property=\"article:modified_time\" content=\"2020-06-02T21:32:34+00:00\" \/>\n<meta property=\"og:image\" content=\"https:\/\/www.sv-freiendiez.de\/wp-content\/uploads\/2017\/10\/Pfeil_seitlich180.png\" \/>\n<meta name=\"author\" content=\"editor\" \/>\n<meta name=\"twitter:card\" content=\"summary_large_image\" \/>\n<meta name=\"twitter:label1\" content=\"Verfasst von\" \/>\n\t<meta name=\"twitter:data1\" content=\"editor\" \/>\n\t<meta name=\"twitter:label2\" content=\"Gesch\u00e4tzte Lesezeit\" \/>\n\t<meta name=\"twitter:data2\" content=\"5\u00a0Minuten\" \/>\n<script type=\"application\/ld+json\" class=\"yoast-schema-graph\">{\"@context\":\"https:\\\/\\\/schema.org\",\"@graph\":[{\"@type\":\"Article\",\"@id\":\"https:\\\/\\\/www.sv-freiendiez.de\\\/?p=3677#article\",\"isPartOf\":{\"@id\":\"https:\\\/\\\/www.sv-freiendiez.de\\\/?p=3677\"},\"author\":{\"name\":\"editor\",\"@id\":\"https:\\\/\\\/www.sv-freiendiez.de\\\/#\\\/schema\\\/person\\\/e506fdcfcb3a8d0b33fb2982e44b9b79\"},\"headline\":\"Wiederaufnahme Trainingsbetrieb im Sch\u00fctzenhaus\",\"datePublished\":\"2020-06-02T21:24:35+00:00\",\"dateModified\":\"2020-06-02T21:32:34+00:00\",\"mainEntityOfPage\":{\"@id\":\"https:\\\/\\\/www.sv-freiendiez.de\\\/?p=3677\"},\"wordCount\":1023,\"publisher\":{\"@id\":\"https:\\\/\\\/www.sv-freiendiez.de\\\/#organization\"},\"image\":{\"@id\":\"https:\\\/\\\/www.sv-freiendiez.de\\\/?p=3677#primaryimage\"},\"thumbnailUrl\":\"https:\\\/\\\/www.sv-freiendiez.de\\\/wp-content\\\/uploads\\\/2017\\\/10\\\/Pfeil_seitlich180.png\",\"articleSection\":{\"1\":\"Recht\",\"2\":\"Sicherheit\",\"3\":\"Termine\"},\"inLanguage\":\"de\"},{\"@type\":\"WebPage\",\"@id\":\"https:\\\/\\\/www.sv-freiendiez.de\\\/?p=3677\",\"url\":\"https:\\\/\\\/www.sv-freiendiez.de\\\/?p=3677\",\"name\":\"Wiederaufnahme Trainingsbetrieb im Sch\u00fctzenhaus - SV Diez-Freiendiez 1928 e.V.\",\"isPartOf\":{\"@id\":\"https:\\\/\\\/www.sv-freiendiez.de\\\/#website\"},\"primaryImageOfPage\":{\"@id\":\"https:\\\/\\\/www.sv-freiendiez.de\\\/?p=3677#primaryimage\"},\"image\":{\"@id\":\"https:\\\/\\\/www.sv-freiendiez.de\\\/?p=3677#primaryimage\"},\"thumbnailUrl\":\"https:\\\/\\\/www.sv-freiendiez.de\\\/wp-content\\\/uploads\\\/2017\\\/10\\\/Pfeil_seitlich180.png\",\"datePublished\":\"2020-06-02T21:24:35+00:00\",\"dateModified\":\"2020-06-02T21:32:34+00:00\",\"breadcrumb\":{\"@id\":\"https:\\\/\\\/www.sv-freiendiez.de\\\/?p=3677#breadcrumb\"},\"inLanguage\":\"de\",\"potentialAction\":[{\"@type\":\"ReadAction\",\"target\":[\"https:\\\/\\\/www.sv-freiendiez.de\\\/?p=3677\"]}]},{\"@type\":\"ImageObject\",\"inLanguage\":\"de\",\"@id\":\"https:\\\/\\\/www.sv-freiendiez.de\\\/?p=3677#primaryimage\",\"url\":\"https:\\\/\\\/www.sv-freiendiez.de\\\/wp-content\\\/uploads\\\/2017\\\/10\\\/Pfeil_seitlich180.png\",\"contentUrl\":\"https:\\\/\\\/www.sv-freiendiez.de\\\/wp-content\\\/uploads\\\/2017\\\/10\\\/Pfeil_seitlich180.png\",\"width\":180,\"height\":126},{\"@type\":\"BreadcrumbList\",\"@id\":\"https:\\\/\\\/www.sv-freiendiez.de\\\/?p=3677#breadcrumb\",\"itemListElement\":[{\"@type\":\"ListItem\",\"position\":1,\"name\":\"Startseite\",\"item\":\"https:\\\/\\\/www.sv-freiendiez.de\\\/\"},{\"@type\":\"ListItem\",\"position\":2,\"name\":\"Wiederaufnahme Trainingsbetrieb im Sch\u00fctzenhaus\"}]},{\"@type\":\"WebSite\",\"@id\":\"https:\\\/\\\/www.sv-freiendiez.de\\\/#website\",\"url\":\"https:\\\/\\\/www.sv-freiendiez.de\\\/\",\"name\":\"SV Diez-Freiendiez 1928 e.V.\",\"description\":\"Sch\u00fctzenverein Diez-Freiendiez 1928 e.V.\",\"publisher\":{\"@id\":\"https:\\\/\\\/www.sv-freiendiez.de\\\/#organization\"},\"potentialAction\":[{\"@type\":\"SearchAction\",\"target\":{\"@type\":\"EntryPoint\",\"urlTemplate\":\"https:\\\/\\\/www.sv-freiendiez.de\\\/?s={search_term_string}\"},\"query-input\":{\"@type\":\"PropertyValueSpecification\",\"valueRequired\":true,\"valueName\":\"search_term_string\"}}],\"inLanguage\":\"de\"},{\"@type\":\"Organization\",\"@id\":\"https:\\\/\\\/www.sv-freiendiez.de\\\/#organization\",\"name\":\"SV Diez-Freiendiez 1928 e.V.\",\"url\":\"https:\\\/\\\/www.sv-freiendiez.de\\\/\",\"logo\":{\"@type\":\"ImageObject\",\"inLanguage\":\"de\",\"@id\":\"https:\\\/\\\/www.sv-freiendiez.de\\\/#\\\/schema\\\/logo\\\/image\\\/\",\"url\":\"https:\\\/\\\/www.sv-freiendiez.de\\\/wp-content\\\/uploads\\\/2016\\\/12\\\/cropped-wappen250.png\",\"contentUrl\":\"https:\\\/\\\/www.sv-freiendiez.de\\\/wp-content\\\/uploads\\\/2016\\\/12\\\/cropped-wappen250.png\",\"width\":250,\"height\":250,\"caption\":\"SV Diez-Freiendiez 1928 e.V.\"},\"image\":{\"@id\":\"https:\\\/\\\/www.sv-freiendiez.de\\\/#\\\/schema\\\/logo\\\/image\\\/\"},\"sameAs\":[\"https:\\\/\\\/www.facebook.com\\\/svfreiendiez\\\/\"]},{\"@type\":\"Person\",\"@id\":\"https:\\\/\\\/www.sv-freiendiez.de\\\/#\\\/schema\\\/person\\\/e506fdcfcb3a8d0b33fb2982e44b9b79\",\"name\":\"editor\",\"image\":{\"@type\":\"ImageObject\",\"inLanguage\":\"de\",\"@id\":\"https:\\\/\\\/secure.gravatar.com\\\/avatar\\\/2e61a0e3091a1495360fb924e613dd25bace1d4a95a687bd9add8c68191636ff?s=96&d=mm&r=g\",\"url\":\"https:\\\/\\\/secure.gravatar.com\\\/avatar\\\/2e61a0e3091a1495360fb924e613dd25bace1d4a95a687bd9add8c68191636ff?s=96&d=mm&r=g\",\"contentUrl\":\"https:\\\/\\\/secure.gravatar.com\\\/avatar\\\/2e61a0e3091a1495360fb924e613dd25bace1d4a95a687bd9add8c68191636ff?s=96&d=mm&r=g\",\"caption\":\"editor\"},\"url\":\"https:\\\/\\\/www.sv-freiendiez.de\\\/?author=1\"}]}<\/script>\n<!-- \/ Yoast SEO plugin. -->","yoast_head_json":{"title":"Wiederaufnahme Trainingsbetrieb im Sch\u00fctzenhaus - SV Diez-Freiendiez 1928 e.V.","robots":{"index":"index","follow":"follow","max-snippet":"max-snippet:-1","max-image-preview":"max-image-preview:large","max-video-preview":"max-video-preview:-1"},"canonical":"https:\/\/www.sv-freiendiez.de\/?p=3677","og_locale":"de_DE","og_type":"article","og_title":"Wiederaufnahme Trainingsbetrieb im Sch\u00fctzenhaus - SV Diez-Freiendiez 1928 e.V.","og_description":"Liebe Sch\u00fctzenschwestern, liebe Sch\u00fctzenbr\u00fcder, die Corona-Pandemie hindert uns seit \u00fcber 8 Wochen daran, unseren Schie\u00dfsport so auszu\u00fcben, wie wir es \u00fcber Jahre hinweg gew\u00f6hnt waren. Zur Verhinderung der Ausbreitung wurden verschiedene staatliche Ma\u00dfnahmen ergriffen, um den Ausbruch einer gro\u00dfen Infektionswelle wie in vielen Nachbarstaaten geschehen, zu verhindern. Wie wir heute wissen, mit Erfolg. Ausgangssperren, Kontaktbeschr\u00e4nkungen, &hellip; \u201eWiederaufnahme Trainingsbetrieb im Sch\u00fctzenhaus\u201c weiterlesen","og_url":"https:\/\/www.sv-freiendiez.de\/?p=3677","og_site_name":"SV Diez-Freiendiez 1928 e.V.","article_publisher":"https:\/\/www.facebook.com\/svfreiendiez\/","article_published_time":"2020-06-02T21:24:35+00:00","article_modified_time":"2020-06-02T21:32:34+00:00","og_image":[{"url":"https:\/\/www.sv-freiendiez.de\/wp-content\/uploads\/2017\/10\/Pfeil_seitlich180.png","type":"","width":"","height":""}],"author":"editor","twitter_card":"summary_large_image","twitter_misc":{"Verfasst von":"editor","Gesch\u00e4tzte Lesezeit":"5\u00a0Minuten"},"schema":{"@context":"https:\/\/schema.org","@graph":[{"@type":"Article","@id":"https:\/\/www.sv-freiendiez.de\/?p=3677#article","isPartOf":{"@id":"https:\/\/www.sv-freiendiez.de\/?p=3677"},"author":{"name":"editor","@id":"https:\/\/www.sv-freiendiez.de\/#\/schema\/person\/e506fdcfcb3a8d0b33fb2982e44b9b79"},"headline":"Wiederaufnahme Trainingsbetrieb im Sch\u00fctzenhaus","datePublished":"2020-06-02T21:24:35+00:00","dateModified":"2020-06-02T21:32:34+00:00","mainEntityOfPage":{"@id":"https:\/\/www.sv-freiendiez.de\/?p=3677"},"wordCount":1023,"publisher":{"@id":"https:\/\/www.sv-freiendiez.de\/#organization"},"image":{"@id":"https:\/\/www.sv-freiendiez.de\/?p=3677#primaryimage"},"thumbnailUrl":"https:\/\/www.sv-freiendiez.de\/wp-content\/uploads\/2017\/10\/Pfeil_seitlich180.png","articleSection":{"1":"Recht","2":"Sicherheit","3":"Termine"},"inLanguage":"de"},{"@type":"WebPage","@id":"https:\/\/www.sv-freiendiez.de\/?p=3677","url":"https:\/\/www.sv-freiendiez.de\/?p=3677","name":"Wiederaufnahme Trainingsbetrieb im Sch\u00fctzenhaus - SV Diez-Freiendiez 1928 e.V.","isPartOf":{"@id":"https:\/\/www.sv-freiendiez.de\/#website"},"primaryImageOfPage":{"@id":"https:\/\/www.sv-freiendiez.de\/?p=3677#primaryimage"},"image":{"@id":"https:\/\/www.sv-freiendiez.de\/?p=3677#primaryimage"},"thumbnailUrl":"https:\/\/www.sv-freiendiez.de\/wp-content\/uploads\/2017\/10\/Pfeil_seitlich180.png","datePublished":"2020-06-02T21:24:35+00:00","dateModified":"2020-06-02T21:32:34+00:00","breadcrumb":{"@id":"https:\/\/www.sv-freiendiez.de\/?p=3677#breadcrumb"},"inLanguage":"de","potentialAction":[{"@type":"ReadAction","target":["https:\/\/www.sv-freiendiez.de\/?p=3677"]}]},{"@type":"ImageObject","inLanguage":"de","@id":"https:\/\/www.sv-freiendiez.de\/?p=3677#primaryimage","url":"https:\/\/www.sv-freiendiez.de\/wp-content\/uploads\/2017\/10\/Pfeil_seitlich180.png","contentUrl":"https:\/\/www.sv-freiendiez.de\/wp-content\/uploads\/2017\/10\/Pfeil_seitlich180.png","width":180,"height":126},{"@type":"BreadcrumbList","@id":"https:\/\/www.sv-freiendiez.de\/?p=3677#breadcrumb","itemListElement":[{"@type":"ListItem","position":1,"name":"Startseite","item":"https:\/\/www.sv-freiendiez.de\/"},{"@type":"ListItem","position":2,"name":"Wiederaufnahme Trainingsbetrieb im Sch\u00fctzenhaus"}]},{"@type":"WebSite","@id":"https:\/\/www.sv-freiendiez.de\/#website","url":"https:\/\/www.sv-freiendiez.de\/","name":"SV Diez-Freiendiez 1928 e.V.","description":"Sch\u00fctzenverein Diez-Freiendiez 1928 e.V.","publisher":{"@id":"https:\/\/www.sv-freiendiez.de\/#organization"},"potentialAction":[{"@type":"SearchAction","target":{"@type":"EntryPoint","urlTemplate":"https:\/\/www.sv-freiendiez.de\/?s={search_term_string}"},"query-input":{"@type":"PropertyValueSpecification","valueRequired":true,"valueName":"search_term_string"}}],"inLanguage":"de"},{"@type":"Organization","@id":"https:\/\/www.sv-freiendiez.de\/#organization","name":"SV Diez-Freiendiez 1928 e.V.","url":"https:\/\/www.sv-freiendiez.de\/","logo":{"@type":"ImageObject","inLanguage":"de","@id":"https:\/\/www.sv-freiendiez.de\/#\/schema\/logo\/image\/","url":"https:\/\/www.sv-freiendiez.de\/wp-content\/uploads\/2016\/12\/cropped-wappen250.png","contentUrl":"https:\/\/www.sv-freiendiez.de\/wp-content\/uploads\/2016\/12\/cropped-wappen250.png","width":250,"height":250,"caption":"SV Diez-Freiendiez 1928 e.V."},"image":{"@id":"https:\/\/www.sv-freiendiez.de\/#\/schema\/logo\/image\/"},"sameAs":["https:\/\/www.facebook.com\/svfreiendiez\/"]},{"@type":"Person","@id":"https:\/\/www.sv-freiendiez.de\/#\/schema\/person\/e506fdcfcb3a8d0b33fb2982e44b9b79","name":"editor","image":{"@type":"ImageObject","inLanguage":"de","@id":"https:\/\/secure.gravatar.com\/avatar\/2e61a0e3091a1495360fb924e613dd25bace1d4a95a687bd9add8c68191636ff?s=96&d=mm&r=g","url":"https:\/\/secure.gravatar.com\/avatar\/2e61a0e3091a1495360fb924e613dd25bace1d4a95a687bd9add8c68191636ff?s=96&d=mm&r=g","contentUrl":"https:\/\/secure.gravatar.com\/avatar\/2e61a0e3091a1495360fb924e613dd25bace1d4a95a687bd9add8c68191636ff?s=96&d=mm&r=g","caption":"editor"},"url":"https:\/\/www.sv-freiendiez.de\/?author=1"}]}},"_links":{"self":[{"href":"https:\/\/www.sv-freiendiez.de\/index.php?rest_route=\/wp\/v2\/posts\/3677","targetHints":{"allow":["GET"]}}],"collection":[{"href":"https:\/\/www.sv-freiendiez.de\/index.php?rest_route=\/wp\/v2\/posts"}],"about":[{"href":"https:\/\/www.sv-freiendiez.de\/index.php?rest_route=\/wp\/v2\/types\/post"}],"author":[{"embeddable":true,"href":"https:\/\/www.sv-freiendiez.de\/index.php?rest_route=\/wp\/v2\/users\/1"}],"replies":[{"embeddable":true,"href":"https:\/\/www.sv-freiendiez.de\/index.php?rest_route=%2Fwp%2Fv2%2Fcomments&post=3677"}],"version-history":[{"count":0,"href":"https:\/\/www.sv-freiendiez.de\/index.php?rest_route=\/wp\/v2\/posts\/3677\/revisions"}],"wp:attachment":[{"href":"https:\/\/www.sv-freiendiez.de\/index.php?rest_route=%2Fwp%2Fv2%2Fmedia&parent=3677"}],"wp:term":[{"taxonomy":"category","embeddable":true,"href":"https:\/\/www.sv-freiendiez.de\/index.php?rest_route=%2Fwp%2Fv2%2Fcategories&post=3677"},{"taxonomy":"post_tag","embeddable":true,"href":"https:\/\/www.sv-freiendiez.de\/index.php?rest_route=%2Fwp%2Fv2%2Ftags&post=3677"}],"curies":[{"name":"wp","href":"https:\/\/api.w.org\/{rel}","templated":true}]}}