{"id":3650,"date":"2020-03-15T21:15:01","date_gmt":"2020-03-15T20:15:01","guid":{"rendered":"http:\/\/www.sv-freiendiez.de\/?p=3650"},"modified":"2020-03-21T16:37:05","modified_gmt":"2020-03-21T15:37:05","slug":"wichtig-das-schuetzenhaus-bleibt-bis-auf-weiteres-geschlossen","status":"publish","type":"post","link":"https:\/\/www.sv-freiendiez.de\/?p=3650","title":{"rendered":"+++ WICHTIG +++ Das Sch\u00fctzenhaus bleibt bis auf weiteres geschlossen!"},"content":{"rendered":"<p style=\"text-align: justify;\"><img loading=\"lazy\" decoding=\"async\" class=\"alignleft size-full wp-image-2168\" src=\"http:\/\/www.sv-freiendiez.de\/wp-content\/uploads\/2017\/10\/wichtigemitteilung.png\" alt=\"\" width=\"275\" height=\"183\">Angesichts der derzeitigen COVID-19 Pandemie, hat sich der Vorstand dazu entschlossen, das Sch\u00fctzenhaus bis auf weiteres zu schlie\u00dfen um den dringenden Empfehlungen der Beh\u00f6rden zu entsprechen.<\/p>\n<p style=\"text-align: justify;\">Ab sofort findet kein Trainigsbestrieb bis auf Wideruf statt. Das Ostereierschie\u00dfen f\u00e4llt aus und die Jahreshauptversammlung wird verschoben. Eine offizielle Mail des Vorstandes an die Mitglieder folgt morgen!<\/p>\n<p style=\"text-align: justify;\">Inzwischen haben auch der DSB und der RSB alle Wettbeewerbe und den Ligabetrieb f\u00fcr 2020 abgesagt. Informationen hierzu findet ihr <a href=\"https:\/\/www.dsb.de\/aktuelles\/artikel\/dsb-dsb-praesidium-sagt-alle-nationalen-wettkaempfe-2020-ab-8109\/\" target=\"_blank\" rel=\"noopener noreferrer\">hier (DSB)<\/a> und <a href=\"https:\/\/www.rsb2020.de\/aktuelles\/detail\/news\/coronavirus-veranstaltungsverbot-im-nrw-verbandsgebiet-des-rheinischen-schuetzenbundes0\/?tx_news_pi1%5BactbackPid%5D=2&amp;cHash=b64ac1036fc5426e95a2433fb42c02ba\">hier (RSB).<\/a><\/p>\n","protected":false},"excerpt":{"rendered":"<p>Angesichts der derzeitigen COVID-19 Pandemie, hat sich der Vorstand dazu entschlossen, das Sch\u00fctzenhaus bis auf weiteres zu schlie\u00dfen um den dringenden Empfehlungen der Beh\u00f6rden zu entsprechen. Ab sofort findet kein Trainigsbestrieb bis auf Wideruf statt. Das Ostereierschie\u00dfen f\u00e4llt aus und die Jahreshauptversammlung wird verschoben. Eine offizielle Mail des Vorstandes an die Mitglieder folgt morgen! Inzwischen &hellip; <\/p>\n<p class=\"link-more\"><a href=\"https:\/\/www.sv-freiendiez.de\/?p=3650\" class=\"more-link\"><span class=\"screen-reader-text\">\u201e+++ WICHTIG +++ Das Sch\u00fctzenhaus bleibt bis auf weiteres geschlossen!\u201c<\/span> weiterlesen<\/a><\/p>\n","protected":false},"author":1,"featured_media":0,"comment_status":"closed","ping_status":"closed","sticky":false,"template":"","format":"standard","meta":{"ngg_post_thumbnail":0,"footnotes":""},"categories":[1,27,10,29,23,33],"tags":[],"class_list":["post-3650","post","type-post","status-publish","format-standard","hentry","category-allgemein","category-dsb","category-landesoberliga","category-landesverbandsmeisterschaften-rsb","category-liga-wettkaempfe","category-sicherheit"],"yoast_head":"<!-- This site is optimized with the Yoast SEO plugin v27.5 - https:\/\/yoast.com\/product\/yoast-seo-wordpress\/ -->\n<title>+++ WICHTIG +++ Das Sch\u00fctzenhaus bleibt bis auf weiteres geschlossen! - SV Diez-Freiendiez 1928 e.V.<\/title>\n<meta name=\"robots\" content=\"index, follow, max-snippet:-1, max-image-preview:large, max-video-preview:-1\" \/>\n<link rel=\"canonical\" href=\"https:\/\/www.sv-freiendiez.de\/?p=3650\" \/>\n<meta property=\"og:locale\" content=\"de_DE\" \/>\n<meta property=\"og:type\" content=\"article\" \/>\n<meta property=\"og:title\" content=\"+++ WICHTIG +++ Das Sch\u00fctzenhaus bleibt bis auf weiteres geschlossen! - SV Diez-Freiendiez 1928 e.V.\" \/>\n<meta property=\"og:description\" content=\"Angesichts der derzeitigen COVID-19 Pandemie, hat sich der Vorstand dazu entschlossen, das Sch\u00fctzenhaus bis auf weiteres zu schlie\u00dfen um den dringenden Empfehlungen der Beh\u00f6rden zu entsprechen. Ab sofort findet kein Trainigsbestrieb bis auf Wideruf statt. Das Ostereierschie\u00dfen f\u00e4llt aus und die Jahreshauptversammlung wird verschoben. Eine offizielle Mail des Vorstandes an die Mitglieder folgt morgen! Inzwischen &hellip; \u201e+++ WICHTIG +++ Das Sch\u00fctzenhaus bleibt bis auf weiteres geschlossen!\u201c weiterlesen\" \/>\n<meta property=\"og:url\" content=\"https:\/\/www.sv-freiendiez.de\/?p=3650\" \/>\n<meta property=\"og:site_name\" content=\"SV Diez-Freiendiez 1928 e.V.\" \/>\n<meta property=\"article:publisher\" content=\"https:\/\/www.facebook.com\/svfreiendiez\/\" \/>\n<meta property=\"article:published_time\" content=\"2020-03-15T20:15:01+00:00\" \/>\n<meta property=\"article:modified_time\" content=\"2020-03-21T15:37:05+00:00\" \/>\n<meta property=\"og:image\" content=\"http:\/\/www.sv-freiendiez.de\/wp-content\/uploads\/2017\/10\/wichtigemitteilung.png\" \/>\n<meta name=\"author\" content=\"editor\" \/>\n<meta name=\"twitter:card\" content=\"summary_large_image\" \/>\n<meta name=\"twitter:label1\" content=\"Verfasst von\" \/>\n\t<meta name=\"twitter:data1\" content=\"editor\" \/>\n<script type=\"application\/ld+json\" class=\"yoast-schema-graph\">{\"@context\":\"https:\\\/\\\/schema.org\",\"@graph\":[{\"@type\":\"Article\",\"@id\":\"https:\\\/\\\/www.sv-freiendiez.de\\\/?p=3650#article\",\"isPartOf\":{\"@id\":\"https:\\\/\\\/www.sv-freiendiez.de\\\/?p=3650\"},\"author\":{\"name\":\"editor\",\"@id\":\"https:\\\/\\\/www.sv-freiendiez.de\\\/#\\\/schema\\\/person\\\/e506fdcfcb3a8d0b33fb2982e44b9b79\"},\"headline\":\"+++ WICHTIG +++ Das Sch\u00fctzenhaus bleibt bis auf weiteres geschlossen!\",\"datePublished\":\"2020-03-15T20:15:01+00:00\",\"dateModified\":\"2020-03-21T15:37:05+00:00\",\"mainEntityOfPage\":{\"@id\":\"https:\\\/\\\/www.sv-freiendiez.de\\\/?p=3650\"},\"wordCount\":93,\"publisher\":{\"@id\":\"https:\\\/\\\/www.sv-freiendiez.de\\\/#organization\"},\"image\":{\"@id\":\"https:\\\/\\\/www.sv-freiendiez.de\\\/?p=3650#primaryimage\"},\"thumbnailUrl\":\"http:\\\/\\\/www.sv-freiendiez.de\\\/wp-content\\\/uploads\\\/2017\\\/10\\\/wichtigemitteilung.png\",\"articleSection\":{\"1\":\"DSB\",\"2\":\"Landesoberliga\",\"3\":\"Landesverbandsmeisterschaften RSB\",\"4\":\"Liga-Wettk\u00e4mpfe\",\"5\":\"Sicherheit\"},\"inLanguage\":\"de\"},{\"@type\":\"WebPage\",\"@id\":\"https:\\\/\\\/www.sv-freiendiez.de\\\/?p=3650\",\"url\":\"https:\\\/\\\/www.sv-freiendiez.de\\\/?p=3650\",\"name\":\"+++ WICHTIG +++ Das Sch\u00fctzenhaus bleibt bis auf weiteres geschlossen! - SV Diez-Freiendiez 1928 e.V.\",\"isPartOf\":{\"@id\":\"https:\\\/\\\/www.sv-freiendiez.de\\\/#website\"},\"primaryImageOfPage\":{\"@id\":\"https:\\\/\\\/www.sv-freiendiez.de\\\/?p=3650#primaryimage\"},\"image\":{\"@id\":\"https:\\\/\\\/www.sv-freiendiez.de\\\/?p=3650#primaryimage\"},\"thumbnailUrl\":\"http:\\\/\\\/www.sv-freiendiez.de\\\/wp-content\\\/uploads\\\/2017\\\/10\\\/wichtigemitteilung.png\",\"datePublished\":\"2020-03-15T20:15:01+00:00\",\"dateModified\":\"2020-03-21T15:37:05+00:00\",\"breadcrumb\":{\"@id\":\"https:\\\/\\\/www.sv-freiendiez.de\\\/?p=3650#breadcrumb\"},\"inLanguage\":\"de\",\"potentialAction\":[{\"@type\":\"ReadAction\",\"target\":[\"https:\\\/\\\/www.sv-freiendiez.de\\\/?p=3650\"]}]},{\"@type\":\"ImageObject\",\"inLanguage\":\"de\",\"@id\":\"https:\\\/\\\/www.sv-freiendiez.de\\\/?p=3650#primaryimage\",\"url\":\"https:\\\/\\\/www.sv-freiendiez.de\\\/wp-content\\\/uploads\\\/2017\\\/10\\\/wichtigemitteilung.png\",\"contentUrl\":\"https:\\\/\\\/www.sv-freiendiez.de\\\/wp-content\\\/uploads\\\/2017\\\/10\\\/wichtigemitteilung.png\",\"width\":275,\"height\":183},{\"@type\":\"BreadcrumbList\",\"@id\":\"https:\\\/\\\/www.sv-freiendiez.de\\\/?p=3650#breadcrumb\",\"itemListElement\":[{\"@type\":\"ListItem\",\"position\":1,\"name\":\"Startseite\",\"item\":\"https:\\\/\\\/www.sv-freiendiez.de\\\/\"},{\"@type\":\"ListItem\",\"position\":2,\"name\":\"+++ WICHTIG +++ Das Sch\u00fctzenhaus bleibt bis auf weiteres geschlossen!\"}]},{\"@type\":\"WebSite\",\"@id\":\"https:\\\/\\\/www.sv-freiendiez.de\\\/#website\",\"url\":\"https:\\\/\\\/www.sv-freiendiez.de\\\/\",\"name\":\"SV Diez-Freiendiez 1928 e.V.\",\"description\":\"Sch\u00fctzenverein Diez-Freiendiez 1928 e.V.\",\"publisher\":{\"@id\":\"https:\\\/\\\/www.sv-freiendiez.de\\\/#organization\"},\"potentialAction\":[{\"@type\":\"SearchAction\",\"target\":{\"@type\":\"EntryPoint\",\"urlTemplate\":\"https:\\\/\\\/www.sv-freiendiez.de\\\/?s={search_term_string}\"},\"query-input\":{\"@type\":\"PropertyValueSpecification\",\"valueRequired\":true,\"valueName\":\"search_term_string\"}}],\"inLanguage\":\"de\"},{\"@type\":\"Organization\",\"@id\":\"https:\\\/\\\/www.sv-freiendiez.de\\\/#organization\",\"name\":\"SV Diez-Freiendiez 1928 e.V.\",\"url\":\"https:\\\/\\\/www.sv-freiendiez.de\\\/\",\"logo\":{\"@type\":\"ImageObject\",\"inLanguage\":\"de\",\"@id\":\"https:\\\/\\\/www.sv-freiendiez.de\\\/#\\\/schema\\\/logo\\\/image\\\/\",\"url\":\"https:\\\/\\\/www.sv-freiendiez.de\\\/wp-content\\\/uploads\\\/2016\\\/12\\\/cropped-wappen250.png\",\"contentUrl\":\"https:\\\/\\\/www.sv-freiendiez.de\\\/wp-content\\\/uploads\\\/2016\\\/12\\\/cropped-wappen250.png\",\"width\":250,\"height\":250,\"caption\":\"SV Diez-Freiendiez 1928 e.V.\"},\"image\":{\"@id\":\"https:\\\/\\\/www.sv-freiendiez.de\\\/#\\\/schema\\\/logo\\\/image\\\/\"},\"sameAs\":[\"https:\\\/\\\/www.facebook.com\\\/svfreiendiez\\\/\"]},{\"@type\":\"Person\",\"@id\":\"https:\\\/\\\/www.sv-freiendiez.de\\\/#\\\/schema\\\/person\\\/e506fdcfcb3a8d0b33fb2982e44b9b79\",\"name\":\"editor\",\"image\":{\"@type\":\"ImageObject\",\"inLanguage\":\"de\",\"@id\":\"https:\\\/\\\/secure.gravatar.com\\\/avatar\\\/2e61a0e3091a1495360fb924e613dd25bace1d4a95a687bd9add8c68191636ff?s=96&d=mm&r=g\",\"url\":\"https:\\\/\\\/secure.gravatar.com\\\/avatar\\\/2e61a0e3091a1495360fb924e613dd25bace1d4a95a687bd9add8c68191636ff?s=96&d=mm&r=g\",\"contentUrl\":\"https:\\\/\\\/secure.gravatar.com\\\/avatar\\\/2e61a0e3091a1495360fb924e613dd25bace1d4a95a687bd9add8c68191636ff?s=96&d=mm&r=g\",\"caption\":\"editor\"},\"url\":\"https:\\\/\\\/www.sv-freiendiez.de\\\/?author=1\"}]}<\/script>\n<!-- \/ Yoast SEO plugin. -->","yoast_head_json":{"title":"+++ WICHTIG +++ Das Sch\u00fctzenhaus bleibt bis auf weiteres geschlossen! - SV Diez-Freiendiez 1928 e.V.","robots":{"index":"index","follow":"follow","max-snippet":"max-snippet:-1","max-image-preview":"max-image-preview:large","max-video-preview":"max-video-preview:-1"},"canonical":"https:\/\/www.sv-freiendiez.de\/?p=3650","og_locale":"de_DE","og_type":"article","og_title":"+++ WICHTIG +++ Das Sch\u00fctzenhaus bleibt bis auf weiteres geschlossen! - SV Diez-Freiendiez 1928 e.V.","og_description":"Angesichts der derzeitigen COVID-19 Pandemie, hat sich der Vorstand dazu entschlossen, das Sch\u00fctzenhaus bis auf weiteres zu schlie\u00dfen um den dringenden Empfehlungen der Beh\u00f6rden zu entsprechen. Ab sofort findet kein Trainigsbestrieb bis auf Wideruf statt. Das Ostereierschie\u00dfen f\u00e4llt aus und die Jahreshauptversammlung wird verschoben. Eine offizielle Mail des Vorstandes an die Mitglieder folgt morgen! Inzwischen &hellip; \u201e+++ WICHTIG +++ Das Sch\u00fctzenhaus bleibt bis auf weiteres geschlossen!\u201c weiterlesen","og_url":"https:\/\/www.sv-freiendiez.de\/?p=3650","og_site_name":"SV Diez-Freiendiez 1928 e.V.","article_publisher":"https:\/\/www.facebook.com\/svfreiendiez\/","article_published_time":"2020-03-15T20:15:01+00:00","article_modified_time":"2020-03-21T15:37:05+00:00","og_image":[{"url":"http:\/\/www.sv-freiendiez.de\/wp-content\/uploads\/2017\/10\/wichtigemitteilung.png","type":"","width":"","height":""}],"author":"editor","twitter_card":"summary_large_image","twitter_misc":{"Verfasst von":"editor"},"schema":{"@context":"https:\/\/schema.org","@graph":[{"@type":"Article","@id":"https:\/\/www.sv-freiendiez.de\/?p=3650#article","isPartOf":{"@id":"https:\/\/www.sv-freiendiez.de\/?p=3650"},"author":{"name":"editor","@id":"https:\/\/www.sv-freiendiez.de\/#\/schema\/person\/e506fdcfcb3a8d0b33fb2982e44b9b79"},"headline":"+++ WICHTIG +++ Das Sch\u00fctzenhaus bleibt bis auf weiteres geschlossen!","datePublished":"2020-03-15T20:15:01+00:00","dateModified":"2020-03-21T15:37:05+00:00","mainEntityOfPage":{"@id":"https:\/\/www.sv-freiendiez.de\/?p=3650"},"wordCount":93,"publisher":{"@id":"https:\/\/www.sv-freiendiez.de\/#organization"},"image":{"@id":"https:\/\/www.sv-freiendiez.de\/?p=3650#primaryimage"},"thumbnailUrl":"http:\/\/www.sv-freiendiez.de\/wp-content\/uploads\/2017\/10\/wichtigemitteilung.png","articleSection":{"1":"DSB","2":"Landesoberliga","3":"Landesverbandsmeisterschaften RSB","4":"Liga-Wettk\u00e4mpfe","5":"Sicherheit"},"inLanguage":"de"},{"@type":"WebPage","@id":"https:\/\/www.sv-freiendiez.de\/?p=3650","url":"https:\/\/www.sv-freiendiez.de\/?p=3650","name":"+++ WICHTIG +++ Das Sch\u00fctzenhaus bleibt bis auf weiteres geschlossen! - SV Diez-Freiendiez 1928 e.V.","isPartOf":{"@id":"https:\/\/www.sv-freiendiez.de\/#website"},"primaryImageOfPage":{"@id":"https:\/\/www.sv-freiendiez.de\/?p=3650#primaryimage"},"image":{"@id":"https:\/\/www.sv-freiendiez.de\/?p=3650#primaryimage"},"thumbnailUrl":"http:\/\/www.sv-freiendiez.de\/wp-content\/uploads\/2017\/10\/wichtigemitteilung.png","datePublished":"2020-03-15T20:15:01+00:00","dateModified":"2020-03-21T15:37:05+00:00","breadcrumb":{"@id":"https:\/\/www.sv-freiendiez.de\/?p=3650#breadcrumb"},"inLanguage":"de","potentialAction":[{"@type":"ReadAction","target":["https:\/\/www.sv-freiendiez.de\/?p=3650"]}]},{"@type":"ImageObject","inLanguage":"de","@id":"https:\/\/www.sv-freiendiez.de\/?p=3650#primaryimage","url":"https:\/\/www.sv-freiendiez.de\/wp-content\/uploads\/2017\/10\/wichtigemitteilung.png","contentUrl":"https:\/\/www.sv-freiendiez.de\/wp-content\/uploads\/2017\/10\/wichtigemitteilung.png","width":275,"height":183},{"@type":"BreadcrumbList","@id":"https:\/\/www.sv-freiendiez.de\/?p=3650#breadcrumb","itemListElement":[{"@type":"ListItem","position":1,"name":"Startseite","item":"https:\/\/www.sv-freiendiez.de\/"},{"@type":"ListItem","position":2,"name":"+++ WICHTIG +++ Das Sch\u00fctzenhaus bleibt bis auf weiteres geschlossen!"}]},{"@type":"WebSite","@id":"https:\/\/www.sv-freiendiez.de\/#website","url":"https:\/\/www.sv-freiendiez.de\/","name":"SV Diez-Freiendiez 1928 e.V.","description":"Sch\u00fctzenverein Diez-Freiendiez 1928 e.V.","publisher":{"@id":"https:\/\/www.sv-freiendiez.de\/#organization"},"potentialAction":[{"@type":"SearchAction","target":{"@type":"EntryPoint","urlTemplate":"https:\/\/www.sv-freiendiez.de\/?s={search_term_string}"},"query-input":{"@type":"PropertyValueSpecification","valueRequired":true,"valueName":"search_term_string"}}],"inLanguage":"de"},{"@type":"Organization","@id":"https:\/\/www.sv-freiendiez.de\/#organization","name":"SV Diez-Freiendiez 1928 e.V.","url":"https:\/\/www.sv-freiendiez.de\/","logo":{"@type":"ImageObject","inLanguage":"de","@id":"https:\/\/www.sv-freiendiez.de\/#\/schema\/logo\/image\/","url":"https:\/\/www.sv-freiendiez.de\/wp-content\/uploads\/2016\/12\/cropped-wappen250.png","contentUrl":"https:\/\/www.sv-freiendiez.de\/wp-content\/uploads\/2016\/12\/cropped-wappen250.png","width":250,"height":250,"caption":"SV Diez-Freiendiez 1928 e.V."},"image":{"@id":"https:\/\/www.sv-freiendiez.de\/#\/schema\/logo\/image\/"},"sameAs":["https:\/\/www.facebook.com\/svfreiendiez\/"]},{"@type":"Person","@id":"https:\/\/www.sv-freiendiez.de\/#\/schema\/person\/e506fdcfcb3a8d0b33fb2982e44b9b79","name":"editor","image":{"@type":"ImageObject","inLanguage":"de","@id":"https:\/\/secure.gravatar.com\/avatar\/2e61a0e3091a1495360fb924e613dd25bace1d4a95a687bd9add8c68191636ff?s=96&d=mm&r=g","url":"https:\/\/secure.gravatar.com\/avatar\/2e61a0e3091a1495360fb924e613dd25bace1d4a95a687bd9add8c68191636ff?s=96&d=mm&r=g","contentUrl":"https:\/\/secure.gravatar.com\/avatar\/2e61a0e3091a1495360fb924e613dd25bace1d4a95a687bd9add8c68191636ff?s=96&d=mm&r=g","caption":"editor"},"url":"https:\/\/www.sv-freiendiez.de\/?author=1"}]}},"_links":{"self":[{"href":"https:\/\/www.sv-freiendiez.de\/index.php?rest_route=\/wp\/v2\/posts\/3650","targetHints":{"allow":["GET"]}}],"collection":[{"href":"https:\/\/www.sv-freiendiez.de\/index.php?rest_route=\/wp\/v2\/posts"}],"about":[{"href":"https:\/\/www.sv-freiendiez.de\/index.php?rest_route=\/wp\/v2\/types\/post"}],"author":[{"embeddable":true,"href":"https:\/\/www.sv-freiendiez.de\/index.php?rest_route=\/wp\/v2\/users\/1"}],"replies":[{"embeddable":true,"href":"https:\/\/www.sv-freiendiez.de\/index.php?rest_route=%2Fwp%2Fv2%2Fcomments&post=3650"}],"version-history":[{"count":0,"href":"https:\/\/www.sv-freiendiez.de\/index.php?rest_route=\/wp\/v2\/posts\/3650\/revisions"}],"wp:attachment":[{"href":"https:\/\/www.sv-freiendiez.de\/index.php?rest_route=%2Fwp%2Fv2%2Fmedia&parent=3650"}],"wp:term":[{"taxonomy":"category","embeddable":true,"href":"https:\/\/www.sv-freiendiez.de\/index.php?rest_route=%2Fwp%2Fv2%2Fcategories&post=3650"},{"taxonomy":"post_tag","embeddable":true,"href":"https:\/\/www.sv-freiendiez.de\/index.php?rest_route=%2Fwp%2Fv2%2Ftags&post=3650"}],"curies":[{"name":"wp","href":"https:\/\/api.w.org\/{rel}","templated":true}]}}