{"id":3556,"date":"2019-10-28T14:05:09","date_gmt":"2019-10-28T13:05:09","guid":{"rendered":"http:\/\/www.sv-freiendiez.de\/?p=3556"},"modified":"2019-10-31T09:55:05","modified_gmt":"2019-10-31T08:55:05","slug":"kein-schiesstraining-am-01-november","status":"publish","type":"post","link":"https:\/\/www.sv-freiendiez.de\/?p=3556","title":{"rendered":"Kein Schie\u00dftraining am 01. November!"},"content":{"rendered":"<p style=\"text-align: justify;\"><img loading=\"lazy\" decoding=\"async\" class=\"alignleft wp-image-3557\" src=\"http:\/\/www.sv-freiendiez.de\/wp-content\/uploads\/2019\/10\/no_guns-300x300.png\" alt=\"\" width=\"111\" height=\"111\" srcset=\"https:\/\/www.sv-freiendiez.de\/wp-content\/uploads\/2019\/10\/no_guns-300x300.png 300w, https:\/\/www.sv-freiendiez.de\/wp-content\/uploads\/2019\/10\/no_guns-150x150.png 150w, https:\/\/www.sv-freiendiez.de\/wp-content\/uploads\/2019\/10\/no_guns-768x768.png 768w, https:\/\/www.sv-freiendiez.de\/wp-content\/uploads\/2019\/10\/no_guns-1024x1024.png 1024w, https:\/\/www.sv-freiendiez.de\/wp-content\/uploads\/2019\/10\/no_guns-600x600.png 600w, https:\/\/www.sv-freiendiez.de\/wp-content\/uploads\/2019\/10\/no_guns-100x100.png 100w, https:\/\/www.sv-freiendiez.de\/wp-content\/uploads\/2019\/10\/no_guns.png 2000w\" sizes=\"auto, (max-width: 111px) 100vw, 111px\" \/>KORREKTUR: Bitte beachtet, das am kommenden Freitag (01. November Allerheiligen) kein Schie\u00dftratining stattfindet. Unser Sch\u00fctzenhaus bleibt an diesem Tag geschlossen.<\/p>\n<p style=\"text-align: justify;\">Auch am Sonntag, dem 03. November ist kein Schie\u00dftraining m\u00f6glich, da in unserem Sch\u00fctzenhaus die Kreismeisterschaften f\u00fcr einige Kurzwaffendisziplinen ausgetragen wird.<\/p>\n","protected":false},"excerpt":{"rendered":"<p>KORREKTUR: Bitte beachtet, das am kommenden Freitag (01. November Allerheiligen) kein Schie\u00dftratining stattfindet. Unser Sch\u00fctzenhaus bleibt an diesem Tag geschlossen. Auch am Sonntag, dem 03. November ist kein Schie\u00dftraining m\u00f6glich, da in unserem Sch\u00fctzenhaus die Kreismeisterschaften f\u00fcr einige Kurzwaffendisziplinen ausgetragen wird.<\/p>\n","protected":false},"author":1,"featured_media":0,"comment_status":"closed","ping_status":"closed","sticky":false,"template":"","format":"standard","meta":{"ngg_post_thumbnail":0,"footnotes":""},"categories":[1,31],"tags":[],"class_list":["post-3556","post","type-post","status-publish","format-standard","hentry","category-allgemein","category-termine"],"yoast_head":"<!-- This site is optimized with the Yoast SEO plugin v27.5 - https:\/\/yoast.com\/product\/yoast-seo-wordpress\/ -->\n<title>Kein Schie\u00dftraining am 01. November! - SV Diez-Freiendiez 1928 e.V.<\/title>\n<meta name=\"robots\" content=\"index, follow, max-snippet:-1, max-image-preview:large, max-video-preview:-1\" \/>\n<link rel=\"canonical\" href=\"https:\/\/www.sv-freiendiez.de\/?p=3556\" \/>\n<meta property=\"og:locale\" content=\"de_DE\" \/>\n<meta property=\"og:type\" content=\"article\" \/>\n<meta property=\"og:title\" content=\"Kein Schie\u00dftraining am 01. November! - SV Diez-Freiendiez 1928 e.V.\" \/>\n<meta property=\"og:description\" content=\"KORREKTUR: Bitte beachtet, das am kommenden Freitag (01. November Allerheiligen) kein Schie\u00dftratining stattfindet. Unser Sch\u00fctzenhaus bleibt an diesem Tag geschlossen. Auch am Sonntag, dem 03. November ist kein Schie\u00dftraining m\u00f6glich, da in unserem Sch\u00fctzenhaus die Kreismeisterschaften f\u00fcr einige Kurzwaffendisziplinen ausgetragen wird.\" \/>\n<meta property=\"og:url\" content=\"https:\/\/www.sv-freiendiez.de\/?p=3556\" \/>\n<meta property=\"og:site_name\" content=\"SV Diez-Freiendiez 1928 e.V.\" \/>\n<meta property=\"article:publisher\" content=\"https:\/\/www.facebook.com\/svfreiendiez\/\" \/>\n<meta property=\"article:published_time\" content=\"2019-10-28T13:05:09+00:00\" \/>\n<meta property=\"article:modified_time\" content=\"2019-10-31T08:55:05+00:00\" \/>\n<meta property=\"og:image\" content=\"http:\/\/www.sv-freiendiez.de\/wp-content\/uploads\/2019\/10\/no_guns-300x300.png\" \/>\n<meta name=\"author\" content=\"editor\" \/>\n<meta name=\"twitter:card\" content=\"summary_large_image\" \/>\n<meta name=\"twitter:label1\" content=\"Verfasst von\" \/>\n\t<meta name=\"twitter:data1\" content=\"editor\" \/>\n<script type=\"application\/ld+json\" class=\"yoast-schema-graph\">{\"@context\":\"https:\\\/\\\/schema.org\",\"@graph\":[{\"@type\":\"Article\",\"@id\":\"https:\\\/\\\/www.sv-freiendiez.de\\\/?p=3556#article\",\"isPartOf\":{\"@id\":\"https:\\\/\\\/www.sv-freiendiez.de\\\/?p=3556\"},\"author\":{\"name\":\"editor\",\"@id\":\"https:\\\/\\\/www.sv-freiendiez.de\\\/#\\\/schema\\\/person\\\/e506fdcfcb3a8d0b33fb2982e44b9b79\"},\"headline\":\"Kein Schie\u00dftraining am 01. November!\",\"datePublished\":\"2019-10-28T13:05:09+00:00\",\"dateModified\":\"2019-10-31T08:55:05+00:00\",\"mainEntityOfPage\":{\"@id\":\"https:\\\/\\\/www.sv-freiendiez.de\\\/?p=3556\"},\"wordCount\":50,\"publisher\":{\"@id\":\"https:\\\/\\\/www.sv-freiendiez.de\\\/#organization\"},\"image\":{\"@id\":\"https:\\\/\\\/www.sv-freiendiez.de\\\/?p=3556#primaryimage\"},\"thumbnailUrl\":\"http:\\\/\\\/www.sv-freiendiez.de\\\/wp-content\\\/uploads\\\/2019\\\/10\\\/no_guns-300x300.png\",\"articleSection\":{\"1\":\"Termine\"},\"inLanguage\":\"de\"},{\"@type\":\"WebPage\",\"@id\":\"https:\\\/\\\/www.sv-freiendiez.de\\\/?p=3556\",\"url\":\"https:\\\/\\\/www.sv-freiendiez.de\\\/?p=3556\",\"name\":\"Kein Schie\u00dftraining am 01. November! - SV Diez-Freiendiez 1928 e.V.\",\"isPartOf\":{\"@id\":\"https:\\\/\\\/www.sv-freiendiez.de\\\/#website\"},\"primaryImageOfPage\":{\"@id\":\"https:\\\/\\\/www.sv-freiendiez.de\\\/?p=3556#primaryimage\"},\"image\":{\"@id\":\"https:\\\/\\\/www.sv-freiendiez.de\\\/?p=3556#primaryimage\"},\"thumbnailUrl\":\"http:\\\/\\\/www.sv-freiendiez.de\\\/wp-content\\\/uploads\\\/2019\\\/10\\\/no_guns-300x300.png\",\"datePublished\":\"2019-10-28T13:05:09+00:00\",\"dateModified\":\"2019-10-31T08:55:05+00:00\",\"breadcrumb\":{\"@id\":\"https:\\\/\\\/www.sv-freiendiez.de\\\/?p=3556#breadcrumb\"},\"inLanguage\":\"de\",\"potentialAction\":[{\"@type\":\"ReadAction\",\"target\":[\"https:\\\/\\\/www.sv-freiendiez.de\\\/?p=3556\"]}]},{\"@type\":\"ImageObject\",\"inLanguage\":\"de\",\"@id\":\"https:\\\/\\\/www.sv-freiendiez.de\\\/?p=3556#primaryimage\",\"url\":\"https:\\\/\\\/www.sv-freiendiez.de\\\/wp-content\\\/uploads\\\/2019\\\/10\\\/no_guns.png\",\"contentUrl\":\"https:\\\/\\\/www.sv-freiendiez.de\\\/wp-content\\\/uploads\\\/2019\\\/10\\\/no_guns.png\",\"width\":2000,\"height\":2000},{\"@type\":\"BreadcrumbList\",\"@id\":\"https:\\\/\\\/www.sv-freiendiez.de\\\/?p=3556#breadcrumb\",\"itemListElement\":[{\"@type\":\"ListItem\",\"position\":1,\"name\":\"Startseite\",\"item\":\"https:\\\/\\\/www.sv-freiendiez.de\\\/\"},{\"@type\":\"ListItem\",\"position\":2,\"name\":\"Kein Schie\u00dftraining am 01. November!\"}]},{\"@type\":\"WebSite\",\"@id\":\"https:\\\/\\\/www.sv-freiendiez.de\\\/#website\",\"url\":\"https:\\\/\\\/www.sv-freiendiez.de\\\/\",\"name\":\"SV Diez-Freiendiez 1928 e.V.\",\"description\":\"Sch\u00fctzenverein Diez-Freiendiez 1928 e.V.\",\"publisher\":{\"@id\":\"https:\\\/\\\/www.sv-freiendiez.de\\\/#organization\"},\"potentialAction\":[{\"@type\":\"SearchAction\",\"target\":{\"@type\":\"EntryPoint\",\"urlTemplate\":\"https:\\\/\\\/www.sv-freiendiez.de\\\/?s={search_term_string}\"},\"query-input\":{\"@type\":\"PropertyValueSpecification\",\"valueRequired\":true,\"valueName\":\"search_term_string\"}}],\"inLanguage\":\"de\"},{\"@type\":\"Organization\",\"@id\":\"https:\\\/\\\/www.sv-freiendiez.de\\\/#organization\",\"name\":\"SV Diez-Freiendiez 1928 e.V.\",\"url\":\"https:\\\/\\\/www.sv-freiendiez.de\\\/\",\"logo\":{\"@type\":\"ImageObject\",\"inLanguage\":\"de\",\"@id\":\"https:\\\/\\\/www.sv-freiendiez.de\\\/#\\\/schema\\\/logo\\\/image\\\/\",\"url\":\"https:\\\/\\\/www.sv-freiendiez.de\\\/wp-content\\\/uploads\\\/2016\\\/12\\\/cropped-wappen250.png\",\"contentUrl\":\"https:\\\/\\\/www.sv-freiendiez.de\\\/wp-content\\\/uploads\\\/2016\\\/12\\\/cropped-wappen250.png\",\"width\":250,\"height\":250,\"caption\":\"SV Diez-Freiendiez 1928 e.V.\"},\"image\":{\"@id\":\"https:\\\/\\\/www.sv-freiendiez.de\\\/#\\\/schema\\\/logo\\\/image\\\/\"},\"sameAs\":[\"https:\\\/\\\/www.facebook.com\\\/svfreiendiez\\\/\"]},{\"@type\":\"Person\",\"@id\":\"https:\\\/\\\/www.sv-freiendiez.de\\\/#\\\/schema\\\/person\\\/e506fdcfcb3a8d0b33fb2982e44b9b79\",\"name\":\"editor\",\"image\":{\"@type\":\"ImageObject\",\"inLanguage\":\"de\",\"@id\":\"https:\\\/\\\/secure.gravatar.com\\\/avatar\\\/2e61a0e3091a1495360fb924e613dd25bace1d4a95a687bd9add8c68191636ff?s=96&d=mm&r=g\",\"url\":\"https:\\\/\\\/secure.gravatar.com\\\/avatar\\\/2e61a0e3091a1495360fb924e613dd25bace1d4a95a687bd9add8c68191636ff?s=96&d=mm&r=g\",\"contentUrl\":\"https:\\\/\\\/secure.gravatar.com\\\/avatar\\\/2e61a0e3091a1495360fb924e613dd25bace1d4a95a687bd9add8c68191636ff?s=96&d=mm&r=g\",\"caption\":\"editor\"},\"url\":\"https:\\\/\\\/www.sv-freiendiez.de\\\/?author=1\"}]}<\/script>\n<!-- \/ Yoast SEO plugin. -->","yoast_head_json":{"title":"Kein Schie\u00dftraining am 01. November! - SV Diez-Freiendiez 1928 e.V.","robots":{"index":"index","follow":"follow","max-snippet":"max-snippet:-1","max-image-preview":"max-image-preview:large","max-video-preview":"max-video-preview:-1"},"canonical":"https:\/\/www.sv-freiendiez.de\/?p=3556","og_locale":"de_DE","og_type":"article","og_title":"Kein Schie\u00dftraining am 01. November! - SV Diez-Freiendiez 1928 e.V.","og_description":"KORREKTUR: Bitte beachtet, das am kommenden Freitag (01. November Allerheiligen) kein Schie\u00dftratining stattfindet. Unser Sch\u00fctzenhaus bleibt an diesem Tag geschlossen. Auch am Sonntag, dem 03. November ist kein Schie\u00dftraining m\u00f6glich, da in unserem Sch\u00fctzenhaus die Kreismeisterschaften f\u00fcr einige Kurzwaffendisziplinen ausgetragen wird.","og_url":"https:\/\/www.sv-freiendiez.de\/?p=3556","og_site_name":"SV Diez-Freiendiez 1928 e.V.","article_publisher":"https:\/\/www.facebook.com\/svfreiendiez\/","article_published_time":"2019-10-28T13:05:09+00:00","article_modified_time":"2019-10-31T08:55:05+00:00","og_image":[{"url":"http:\/\/www.sv-freiendiez.de\/wp-content\/uploads\/2019\/10\/no_guns-300x300.png","type":"","width":"","height":""}],"author":"editor","twitter_card":"summary_large_image","twitter_misc":{"Verfasst von":"editor"},"schema":{"@context":"https:\/\/schema.org","@graph":[{"@type":"Article","@id":"https:\/\/www.sv-freiendiez.de\/?p=3556#article","isPartOf":{"@id":"https:\/\/www.sv-freiendiez.de\/?p=3556"},"author":{"name":"editor","@id":"https:\/\/www.sv-freiendiez.de\/#\/schema\/person\/e506fdcfcb3a8d0b33fb2982e44b9b79"},"headline":"Kein Schie\u00dftraining am 01. November!","datePublished":"2019-10-28T13:05:09+00:00","dateModified":"2019-10-31T08:55:05+00:00","mainEntityOfPage":{"@id":"https:\/\/www.sv-freiendiez.de\/?p=3556"},"wordCount":50,"publisher":{"@id":"https:\/\/www.sv-freiendiez.de\/#organization"},"image":{"@id":"https:\/\/www.sv-freiendiez.de\/?p=3556#primaryimage"},"thumbnailUrl":"http:\/\/www.sv-freiendiez.de\/wp-content\/uploads\/2019\/10\/no_guns-300x300.png","articleSection":{"1":"Termine"},"inLanguage":"de"},{"@type":"WebPage","@id":"https:\/\/www.sv-freiendiez.de\/?p=3556","url":"https:\/\/www.sv-freiendiez.de\/?p=3556","name":"Kein Schie\u00dftraining am 01. November! - SV Diez-Freiendiez 1928 e.V.","isPartOf":{"@id":"https:\/\/www.sv-freiendiez.de\/#website"},"primaryImageOfPage":{"@id":"https:\/\/www.sv-freiendiez.de\/?p=3556#primaryimage"},"image":{"@id":"https:\/\/www.sv-freiendiez.de\/?p=3556#primaryimage"},"thumbnailUrl":"http:\/\/www.sv-freiendiez.de\/wp-content\/uploads\/2019\/10\/no_guns-300x300.png","datePublished":"2019-10-28T13:05:09+00:00","dateModified":"2019-10-31T08:55:05+00:00","breadcrumb":{"@id":"https:\/\/www.sv-freiendiez.de\/?p=3556#breadcrumb"},"inLanguage":"de","potentialAction":[{"@type":"ReadAction","target":["https:\/\/www.sv-freiendiez.de\/?p=3556"]}]},{"@type":"ImageObject","inLanguage":"de","@id":"https:\/\/www.sv-freiendiez.de\/?p=3556#primaryimage","url":"https:\/\/www.sv-freiendiez.de\/wp-content\/uploads\/2019\/10\/no_guns.png","contentUrl":"https:\/\/www.sv-freiendiez.de\/wp-content\/uploads\/2019\/10\/no_guns.png","width":2000,"height":2000},{"@type":"BreadcrumbList","@id":"https:\/\/www.sv-freiendiez.de\/?p=3556#breadcrumb","itemListElement":[{"@type":"ListItem","position":1,"name":"Startseite","item":"https:\/\/www.sv-freiendiez.de\/"},{"@type":"ListItem","position":2,"name":"Kein Schie\u00dftraining am 01. November!"}]},{"@type":"WebSite","@id":"https:\/\/www.sv-freiendiez.de\/#website","url":"https:\/\/www.sv-freiendiez.de\/","name":"SV Diez-Freiendiez 1928 e.V.","description":"Sch\u00fctzenverein Diez-Freiendiez 1928 e.V.","publisher":{"@id":"https:\/\/www.sv-freiendiez.de\/#organization"},"potentialAction":[{"@type":"SearchAction","target":{"@type":"EntryPoint","urlTemplate":"https:\/\/www.sv-freiendiez.de\/?s={search_term_string}"},"query-input":{"@type":"PropertyValueSpecification","valueRequired":true,"valueName":"search_term_string"}}],"inLanguage":"de"},{"@type":"Organization","@id":"https:\/\/www.sv-freiendiez.de\/#organization","name":"SV Diez-Freiendiez 1928 e.V.","url":"https:\/\/www.sv-freiendiez.de\/","logo":{"@type":"ImageObject","inLanguage":"de","@id":"https:\/\/www.sv-freiendiez.de\/#\/schema\/logo\/image\/","url":"https:\/\/www.sv-freiendiez.de\/wp-content\/uploads\/2016\/12\/cropped-wappen250.png","contentUrl":"https:\/\/www.sv-freiendiez.de\/wp-content\/uploads\/2016\/12\/cropped-wappen250.png","width":250,"height":250,"caption":"SV Diez-Freiendiez 1928 e.V."},"image":{"@id":"https:\/\/www.sv-freiendiez.de\/#\/schema\/logo\/image\/"},"sameAs":["https:\/\/www.facebook.com\/svfreiendiez\/"]},{"@type":"Person","@id":"https:\/\/www.sv-freiendiez.de\/#\/schema\/person\/e506fdcfcb3a8d0b33fb2982e44b9b79","name":"editor","image":{"@type":"ImageObject","inLanguage":"de","@id":"https:\/\/secure.gravatar.com\/avatar\/2e61a0e3091a1495360fb924e613dd25bace1d4a95a687bd9add8c68191636ff?s=96&d=mm&r=g","url":"https:\/\/secure.gravatar.com\/avatar\/2e61a0e3091a1495360fb924e613dd25bace1d4a95a687bd9add8c68191636ff?s=96&d=mm&r=g","contentUrl":"https:\/\/secure.gravatar.com\/avatar\/2e61a0e3091a1495360fb924e613dd25bace1d4a95a687bd9add8c68191636ff?s=96&d=mm&r=g","caption":"editor"},"url":"https:\/\/www.sv-freiendiez.de\/?author=1"}]}},"_links":{"self":[{"href":"https:\/\/www.sv-freiendiez.de\/index.php?rest_route=\/wp\/v2\/posts\/3556","targetHints":{"allow":["GET"]}}],"collection":[{"href":"https:\/\/www.sv-freiendiez.de\/index.php?rest_route=\/wp\/v2\/posts"}],"about":[{"href":"https:\/\/www.sv-freiendiez.de\/index.php?rest_route=\/wp\/v2\/types\/post"}],"author":[{"embeddable":true,"href":"https:\/\/www.sv-freiendiez.de\/index.php?rest_route=\/wp\/v2\/users\/1"}],"replies":[{"embeddable":true,"href":"https:\/\/www.sv-freiendiez.de\/index.php?rest_route=%2Fwp%2Fv2%2Fcomments&post=3556"}],"version-history":[{"count":0,"href":"https:\/\/www.sv-freiendiez.de\/index.php?rest_route=\/wp\/v2\/posts\/3556\/revisions"}],"wp:attachment":[{"href":"https:\/\/www.sv-freiendiez.de\/index.php?rest_route=%2Fwp%2Fv2%2Fmedia&parent=3556"}],"wp:term":[{"taxonomy":"category","embeddable":true,"href":"https:\/\/www.sv-freiendiez.de\/index.php?rest_route=%2Fwp%2Fv2%2Fcategories&post=3556"},{"taxonomy":"post_tag","embeddable":true,"href":"https:\/\/www.sv-freiendiez.de\/index.php?rest_route=%2Fwp%2Fv2%2Ftags&post=3556"}],"curies":[{"name":"wp","href":"https:\/\/api.w.org\/{rel}","templated":true}]}}