{"id":3540,"date":"2019-09-04T09:35:55","date_gmt":"2019-09-04T07:35:55","guid":{"rendered":"http:\/\/www.sv-freiendiez.de\/?p=3540"},"modified":"2019-09-04T09:36:40","modified_gmt":"2019-09-04T07:36:40","slug":"viel-edelmetall-bei-den-deutschen-meisterschaften-fuer-unsere-teilnehmer","status":"publish","type":"post","link":"https:\/\/www.sv-freiendiez.de\/?p=3540","title":{"rendered":"Viel Edelmetall bei den Deutschen Meisterschaften f\u00fcr unsere Teilnehmer"},"content":{"rendered":"<figure id=\"attachment_3541\" aria-describedby=\"caption-attachment-3541\" style=\"width: 300px\" class=\"wp-caption alignright\"><img loading=\"lazy\" decoding=\"async\" class=\"size-medium wp-image-3541\" src=\"http:\/\/www.sv-freiendiez.de\/wp-content\/uploads\/2019\/09\/IMG_7073-Mannschaft-Standardpistole-1.Platz-RSB-Torben-Engel-Pierre-Michel-Patrick-Meyer-300x188.jpg\" alt=\"\" width=\"300\" height=\"188\" srcset=\"https:\/\/www.sv-freiendiez.de\/wp-content\/uploads\/2019\/09\/IMG_7073-Mannschaft-Standardpistole-1.Platz-RSB-Torben-Engel-Pierre-Michel-Patrick-Meyer-300x188.jpg 300w, https:\/\/www.sv-freiendiez.de\/wp-content\/uploads\/2019\/09\/IMG_7073-Mannschaft-Standardpistole-1.Platz-RSB-Torben-Engel-Pierre-Michel-Patrick-Meyer-768x480.jpg 768w, https:\/\/www.sv-freiendiez.de\/wp-content\/uploads\/2019\/09\/IMG_7073-Mannschaft-Standardpistole-1.Platz-RSB-Torben-Engel-Pierre-Michel-Patrick-Meyer-1024x640.jpg 1024w, https:\/\/www.sv-freiendiez.de\/wp-content\/uploads\/2019\/09\/IMG_7073-Mannschaft-Standardpistole-1.Platz-RSB-Torben-Engel-Pierre-Michel-Patrick-Meyer-600x375.jpg 600w, https:\/\/www.sv-freiendiez.de\/wp-content\/uploads\/2019\/09\/IMG_7073-Mannschaft-Standardpistole-1.Platz-RSB-Torben-Engel-Pierre-Michel-Patrick-Meyer.jpg 1200w\" sizes=\"auto, (max-width: 300px) 100vw, 300px\" \/><figcaption id=\"caption-attachment-3541\" class=\"wp-caption-text\">Die Gold Mannschaft Standardpistole RSB v.l.n.r.: Torben Engel, Pierre Michel, Patrick Meyer<br \/>(C) 2019 SV Diez-Freiendiez 1928 e.V.<\/figcaption><\/figure>\n<p style=\"text-align: justify;\"><strong>Unsere Sch\u00fctzen erringen einmal Gold, dreimal Silber und dreimal Bronze bei der Teilnahme bei den Deutschen Meisterschaften im Sportschie\u00dfen vom 23. August bis zum 02. September 2019 in M\u00fcnchen<\/strong><\/p>\n<p style=\"text-align: justify;\">Unsere Sch\u00fctzen konnten in diesem Jahr an ihre guten Leistungen des vergangenen Jahres in M\u00fcnchen ankn\u00fcpfen. Mit einmal Gold, dreimal Silber und dreimal Bronze kamen die Teilnehmer in diesem Jahr zur\u00fcck nach Diez.<\/p>\n<p style=\"text-align: justify;\"><!--more-->Nach 2015, 2016 und 2018 ist die Mannschaft Standardpistole Deutscher Maister in M\u00fcnchen geworden. Pierre Michel, Patrick Meyer und Torben Engel best\u00e4tigten mit insgesamt 1675 Ringen damit ihre stabilen Spitzenleistungen der letzten Jahre.<\/p>\n<p style=\"text-align: justify;\">Silber erreichten die Mannschaft Sportpistole\/Herren I (Patrick Meyer, Torben Engel, Stephan Trippel) 1713 Ringe, die Mannschaft Zentralfeuerpistole\/Herren I (Florian Th\u00fcnemann, Patrick Meyer, Torben Engel) 1689 Ringe und Patrick Meyer in der Einzelwertung Standardpistole\/Herren I mit 569 Ringen.<\/p>\n<p style=\"text-align: justify;\">Bronze erreichten jeweils drei Sch\u00fctzen in der Einzelwertung: Thomas Rodenkirchen mit 542 Ringen in der Disziplin Schnellfeuerpistole\/Herren III, Patrick Meyer mit 573 Ringen in der Disziplin Zentralfeuerpistole\/Herren I und Pierre Michel mit 563 Ringen bei der Standardpistole\/Herren I.<\/p>\n<p style=\"text-align: justify;\">Erfolgreichster Sch\u00fctze des SV Diez-Freiendiez bei der Deutschen Meisterschaft 2019 in M\u00fcnchen wurde Patrick Meyer mit 1 x Gold, 3 x Silber und 1 x Bronze.<\/p>\n<p style=\"text-align: justify;\">Eine tolle Leistung aller Teilnehmer an den Deutschen Meisterschaften. Wir gratulieren!<\/p>\n","protected":false},"excerpt":{"rendered":"<p>Unsere Sch\u00fctzen erringen einmal Gold, dreimal Silber und dreimal Bronze bei der Teilnahme bei den Deutschen Meisterschaften im Sportschie\u00dfen vom 23. August bis zum 02. September 2019 in M\u00fcnchen Unsere Sch\u00fctzen konnten in diesem Jahr an ihre guten Leistungen des vergangenen Jahres in M\u00fcnchen ankn\u00fcpfen. Mit einmal Gold, dreimal Silber und dreimal Bronze kamen die &hellip; <\/p>\n<p class=\"link-more\"><a href=\"https:\/\/www.sv-freiendiez.de\/?p=3540\" class=\"more-link\"><span class=\"screen-reader-text\">\u201eViel Edelmetall bei den Deutschen Meisterschaften f\u00fcr unsere Teilnehmer\u201c<\/span> weiterlesen<\/a><\/p>\n","protected":false},"author":1,"featured_media":0,"comment_status":"closed","ping_status":"closed","sticky":false,"template":"","format":"standard","meta":{"ngg_post_thumbnail":0,"footnotes":""},"categories":[14,27],"tags":[],"class_list":["post-3540","post","type-post","status-publish","format-standard","hentry","category-deutsche-meisterschaft","category-dsb"],"yoast_head":"<!-- This site is optimized with the Yoast SEO plugin v27.5 - https:\/\/yoast.com\/product\/yoast-seo-wordpress\/ -->\n<title>Viel Edelmetall bei den Deutschen Meisterschaften f\u00fcr unsere Teilnehmer - SV Diez-Freiendiez 1928 e.V.<\/title>\n<meta name=\"robots\" content=\"index, follow, max-snippet:-1, max-image-preview:large, max-video-preview:-1\" \/>\n<link rel=\"canonical\" href=\"https:\/\/www.sv-freiendiez.de\/?p=3540\" \/>\n<meta property=\"og:locale\" content=\"de_DE\" \/>\n<meta property=\"og:type\" content=\"article\" \/>\n<meta property=\"og:title\" content=\"Viel Edelmetall bei den Deutschen Meisterschaften f\u00fcr unsere Teilnehmer - SV Diez-Freiendiez 1928 e.V.\" \/>\n<meta property=\"og:description\" content=\"Unsere Sch\u00fctzen erringen einmal Gold, dreimal Silber und dreimal Bronze bei der Teilnahme bei den Deutschen Meisterschaften im Sportschie\u00dfen vom 23. August bis zum 02. September 2019 in M\u00fcnchen Unsere Sch\u00fctzen konnten in diesem Jahr an ihre guten Leistungen des vergangenen Jahres in M\u00fcnchen ankn\u00fcpfen. Mit einmal Gold, dreimal Silber und dreimal Bronze kamen die &hellip; \u201eViel Edelmetall bei den Deutschen Meisterschaften f\u00fcr unsere Teilnehmer\u201c weiterlesen\" \/>\n<meta property=\"og:url\" content=\"https:\/\/www.sv-freiendiez.de\/?p=3540\" \/>\n<meta property=\"og:site_name\" content=\"SV Diez-Freiendiez 1928 e.V.\" \/>\n<meta property=\"article:publisher\" content=\"https:\/\/www.facebook.com\/svfreiendiez\/\" \/>\n<meta property=\"article:published_time\" content=\"2019-09-04T07:35:55+00:00\" \/>\n<meta property=\"article:modified_time\" content=\"2019-09-04T07:36:40+00:00\" \/>\n<meta property=\"og:image\" content=\"http:\/\/www.sv-freiendiez.de\/wp-content\/uploads\/2019\/09\/IMG_7073-Mannschaft-Standardpistole-1.Platz-RSB-Torben-Engel-Pierre-Michel-Patrick-Meyer-300x188.jpg\" \/>\n<meta name=\"author\" content=\"editor\" \/>\n<meta name=\"twitter:card\" content=\"summary_large_image\" \/>\n<meta name=\"twitter:label1\" content=\"Verfasst von\" \/>\n\t<meta name=\"twitter:data1\" content=\"editor\" \/>\n\t<meta name=\"twitter:label2\" content=\"Gesch\u00e4tzte Lesezeit\" \/>\n\t<meta name=\"twitter:data2\" content=\"1\u00a0Minute\" \/>\n<script type=\"application\/ld+json\" class=\"yoast-schema-graph\">{\"@context\":\"https:\\\/\\\/schema.org\",\"@graph\":[{\"@type\":\"Article\",\"@id\":\"https:\\\/\\\/www.sv-freiendiez.de\\\/?p=3540#article\",\"isPartOf\":{\"@id\":\"https:\\\/\\\/www.sv-freiendiez.de\\\/?p=3540\"},\"author\":{\"name\":\"editor\",\"@id\":\"https:\\\/\\\/www.sv-freiendiez.de\\\/#\\\/schema\\\/person\\\/e506fdcfcb3a8d0b33fb2982e44b9b79\"},\"headline\":\"Viel Edelmetall bei den Deutschen Meisterschaften f\u00fcr unsere Teilnehmer\",\"datePublished\":\"2019-09-04T07:35:55+00:00\",\"dateModified\":\"2019-09-04T07:36:40+00:00\",\"mainEntityOfPage\":{\"@id\":\"https:\\\/\\\/www.sv-freiendiez.de\\\/?p=3540\"},\"wordCount\":246,\"publisher\":{\"@id\":\"https:\\\/\\\/www.sv-freiendiez.de\\\/#organization\"},\"image\":{\"@id\":\"https:\\\/\\\/www.sv-freiendiez.de\\\/?p=3540#primaryimage\"},\"thumbnailUrl\":\"http:\\\/\\\/www.sv-freiendiez.de\\\/wp-content\\\/uploads\\\/2019\\\/09\\\/IMG_7073-Mannschaft-Standardpistole-1.Platz-RSB-Torben-Engel-Pierre-Michel-Patrick-Meyer-300x188.jpg\",\"articleSection\":[\"Deutsche Meisterschaft\",\"DSB\"],\"inLanguage\":\"de\"},{\"@type\":\"WebPage\",\"@id\":\"https:\\\/\\\/www.sv-freiendiez.de\\\/?p=3540\",\"url\":\"https:\\\/\\\/www.sv-freiendiez.de\\\/?p=3540\",\"name\":\"Viel Edelmetall bei den Deutschen Meisterschaften f\u00fcr unsere Teilnehmer - SV Diez-Freiendiez 1928 e.V.\",\"isPartOf\":{\"@id\":\"https:\\\/\\\/www.sv-freiendiez.de\\\/#website\"},\"primaryImageOfPage\":{\"@id\":\"https:\\\/\\\/www.sv-freiendiez.de\\\/?p=3540#primaryimage\"},\"image\":{\"@id\":\"https:\\\/\\\/www.sv-freiendiez.de\\\/?p=3540#primaryimage\"},\"thumbnailUrl\":\"http:\\\/\\\/www.sv-freiendiez.de\\\/wp-content\\\/uploads\\\/2019\\\/09\\\/IMG_7073-Mannschaft-Standardpistole-1.Platz-RSB-Torben-Engel-Pierre-Michel-Patrick-Meyer-300x188.jpg\",\"datePublished\":\"2019-09-04T07:35:55+00:00\",\"dateModified\":\"2019-09-04T07:36:40+00:00\",\"breadcrumb\":{\"@id\":\"https:\\\/\\\/www.sv-freiendiez.de\\\/?p=3540#breadcrumb\"},\"inLanguage\":\"de\",\"potentialAction\":[{\"@type\":\"ReadAction\",\"target\":[\"https:\\\/\\\/www.sv-freiendiez.de\\\/?p=3540\"]}]},{\"@type\":\"ImageObject\",\"inLanguage\":\"de\",\"@id\":\"https:\\\/\\\/www.sv-freiendiez.de\\\/?p=3540#primaryimage\",\"url\":\"https:\\\/\\\/www.sv-freiendiez.de\\\/wp-content\\\/uploads\\\/2019\\\/09\\\/IMG_7073-Mannschaft-Standardpistole-1.Platz-RSB-Torben-Engel-Pierre-Michel-Patrick-Meyer.jpg\",\"contentUrl\":\"https:\\\/\\\/www.sv-freiendiez.de\\\/wp-content\\\/uploads\\\/2019\\\/09\\\/IMG_7073-Mannschaft-Standardpistole-1.Platz-RSB-Torben-Engel-Pierre-Michel-Patrick-Meyer.jpg\",\"width\":1200,\"height\":750,\"caption\":\"Die Gold Mannschaft Standardpistole RSB v.l.n.r.: Torben Engel, Pierre Michel, Patrick Meyer (C) 2019 SV Diez-Freiendiez 1928 e.V.\"},{\"@type\":\"BreadcrumbList\",\"@id\":\"https:\\\/\\\/www.sv-freiendiez.de\\\/?p=3540#breadcrumb\",\"itemListElement\":[{\"@type\":\"ListItem\",\"position\":1,\"name\":\"Startseite\",\"item\":\"https:\\\/\\\/www.sv-freiendiez.de\\\/\"},{\"@type\":\"ListItem\",\"position\":2,\"name\":\"Viel Edelmetall bei den Deutschen Meisterschaften f\u00fcr unsere Teilnehmer\"}]},{\"@type\":\"WebSite\",\"@id\":\"https:\\\/\\\/www.sv-freiendiez.de\\\/#website\",\"url\":\"https:\\\/\\\/www.sv-freiendiez.de\\\/\",\"name\":\"SV Diez-Freiendiez 1928 e.V.\",\"description\":\"Sch\u00fctzenverein Diez-Freiendiez 1928 e.V.\",\"publisher\":{\"@id\":\"https:\\\/\\\/www.sv-freiendiez.de\\\/#organization\"},\"potentialAction\":[{\"@type\":\"SearchAction\",\"target\":{\"@type\":\"EntryPoint\",\"urlTemplate\":\"https:\\\/\\\/www.sv-freiendiez.de\\\/?s={search_term_string}\"},\"query-input\":{\"@type\":\"PropertyValueSpecification\",\"valueRequired\":true,\"valueName\":\"search_term_string\"}}],\"inLanguage\":\"de\"},{\"@type\":\"Organization\",\"@id\":\"https:\\\/\\\/www.sv-freiendiez.de\\\/#organization\",\"name\":\"SV Diez-Freiendiez 1928 e.V.\",\"url\":\"https:\\\/\\\/www.sv-freiendiez.de\\\/\",\"logo\":{\"@type\":\"ImageObject\",\"inLanguage\":\"de\",\"@id\":\"https:\\\/\\\/www.sv-freiendiez.de\\\/#\\\/schema\\\/logo\\\/image\\\/\",\"url\":\"https:\\\/\\\/www.sv-freiendiez.de\\\/wp-content\\\/uploads\\\/2016\\\/12\\\/cropped-wappen250.png\",\"contentUrl\":\"https:\\\/\\\/www.sv-freiendiez.de\\\/wp-content\\\/uploads\\\/2016\\\/12\\\/cropped-wappen250.png\",\"width\":250,\"height\":250,\"caption\":\"SV Diez-Freiendiez 1928 e.V.\"},\"image\":{\"@id\":\"https:\\\/\\\/www.sv-freiendiez.de\\\/#\\\/schema\\\/logo\\\/image\\\/\"},\"sameAs\":[\"https:\\\/\\\/www.facebook.com\\\/svfreiendiez\\\/\"]},{\"@type\":\"Person\",\"@id\":\"https:\\\/\\\/www.sv-freiendiez.de\\\/#\\\/schema\\\/person\\\/e506fdcfcb3a8d0b33fb2982e44b9b79\",\"name\":\"editor\",\"image\":{\"@type\":\"ImageObject\",\"inLanguage\":\"de\",\"@id\":\"https:\\\/\\\/secure.gravatar.com\\\/avatar\\\/2e61a0e3091a1495360fb924e613dd25bace1d4a95a687bd9add8c68191636ff?s=96&d=mm&r=g\",\"url\":\"https:\\\/\\\/secure.gravatar.com\\\/avatar\\\/2e61a0e3091a1495360fb924e613dd25bace1d4a95a687bd9add8c68191636ff?s=96&d=mm&r=g\",\"contentUrl\":\"https:\\\/\\\/secure.gravatar.com\\\/avatar\\\/2e61a0e3091a1495360fb924e613dd25bace1d4a95a687bd9add8c68191636ff?s=96&d=mm&r=g\",\"caption\":\"editor\"},\"url\":\"https:\\\/\\\/www.sv-freiendiez.de\\\/?author=1\"}]}<\/script>\n<!-- \/ Yoast SEO plugin. -->","yoast_head_json":{"title":"Viel Edelmetall bei den Deutschen Meisterschaften f\u00fcr unsere Teilnehmer - SV Diez-Freiendiez 1928 e.V.","robots":{"index":"index","follow":"follow","max-snippet":"max-snippet:-1","max-image-preview":"max-image-preview:large","max-video-preview":"max-video-preview:-1"},"canonical":"https:\/\/www.sv-freiendiez.de\/?p=3540","og_locale":"de_DE","og_type":"article","og_title":"Viel Edelmetall bei den Deutschen Meisterschaften f\u00fcr unsere Teilnehmer - SV Diez-Freiendiez 1928 e.V.","og_description":"Unsere Sch\u00fctzen erringen einmal Gold, dreimal Silber und dreimal Bronze bei der Teilnahme bei den Deutschen Meisterschaften im Sportschie\u00dfen vom 23. August bis zum 02. September 2019 in M\u00fcnchen Unsere Sch\u00fctzen konnten in diesem Jahr an ihre guten Leistungen des vergangenen Jahres in M\u00fcnchen ankn\u00fcpfen. Mit einmal Gold, dreimal Silber und dreimal Bronze kamen die &hellip; \u201eViel Edelmetall bei den Deutschen Meisterschaften f\u00fcr unsere Teilnehmer\u201c weiterlesen","og_url":"https:\/\/www.sv-freiendiez.de\/?p=3540","og_site_name":"SV Diez-Freiendiez 1928 e.V.","article_publisher":"https:\/\/www.facebook.com\/svfreiendiez\/","article_published_time":"2019-09-04T07:35:55+00:00","article_modified_time":"2019-09-04T07:36:40+00:00","og_image":[{"url":"http:\/\/www.sv-freiendiez.de\/wp-content\/uploads\/2019\/09\/IMG_7073-Mannschaft-Standardpistole-1.Platz-RSB-Torben-Engel-Pierre-Michel-Patrick-Meyer-300x188.jpg","type":"","width":"","height":""}],"author":"editor","twitter_card":"summary_large_image","twitter_misc":{"Verfasst von":"editor","Gesch\u00e4tzte Lesezeit":"1\u00a0Minute"},"schema":{"@context":"https:\/\/schema.org","@graph":[{"@type":"Article","@id":"https:\/\/www.sv-freiendiez.de\/?p=3540#article","isPartOf":{"@id":"https:\/\/www.sv-freiendiez.de\/?p=3540"},"author":{"name":"editor","@id":"https:\/\/www.sv-freiendiez.de\/#\/schema\/person\/e506fdcfcb3a8d0b33fb2982e44b9b79"},"headline":"Viel Edelmetall bei den Deutschen Meisterschaften f\u00fcr unsere Teilnehmer","datePublished":"2019-09-04T07:35:55+00:00","dateModified":"2019-09-04T07:36:40+00:00","mainEntityOfPage":{"@id":"https:\/\/www.sv-freiendiez.de\/?p=3540"},"wordCount":246,"publisher":{"@id":"https:\/\/www.sv-freiendiez.de\/#organization"},"image":{"@id":"https:\/\/www.sv-freiendiez.de\/?p=3540#primaryimage"},"thumbnailUrl":"http:\/\/www.sv-freiendiez.de\/wp-content\/uploads\/2019\/09\/IMG_7073-Mannschaft-Standardpistole-1.Platz-RSB-Torben-Engel-Pierre-Michel-Patrick-Meyer-300x188.jpg","articleSection":["Deutsche Meisterschaft","DSB"],"inLanguage":"de"},{"@type":"WebPage","@id":"https:\/\/www.sv-freiendiez.de\/?p=3540","url":"https:\/\/www.sv-freiendiez.de\/?p=3540","name":"Viel Edelmetall bei den Deutschen Meisterschaften f\u00fcr unsere Teilnehmer - SV Diez-Freiendiez 1928 e.V.","isPartOf":{"@id":"https:\/\/www.sv-freiendiez.de\/#website"},"primaryImageOfPage":{"@id":"https:\/\/www.sv-freiendiez.de\/?p=3540#primaryimage"},"image":{"@id":"https:\/\/www.sv-freiendiez.de\/?p=3540#primaryimage"},"thumbnailUrl":"http:\/\/www.sv-freiendiez.de\/wp-content\/uploads\/2019\/09\/IMG_7073-Mannschaft-Standardpistole-1.Platz-RSB-Torben-Engel-Pierre-Michel-Patrick-Meyer-300x188.jpg","datePublished":"2019-09-04T07:35:55+00:00","dateModified":"2019-09-04T07:36:40+00:00","breadcrumb":{"@id":"https:\/\/www.sv-freiendiez.de\/?p=3540#breadcrumb"},"inLanguage":"de","potentialAction":[{"@type":"ReadAction","target":["https:\/\/www.sv-freiendiez.de\/?p=3540"]}]},{"@type":"ImageObject","inLanguage":"de","@id":"https:\/\/www.sv-freiendiez.de\/?p=3540#primaryimage","url":"https:\/\/www.sv-freiendiez.de\/wp-content\/uploads\/2019\/09\/IMG_7073-Mannschaft-Standardpistole-1.Platz-RSB-Torben-Engel-Pierre-Michel-Patrick-Meyer.jpg","contentUrl":"https:\/\/www.sv-freiendiez.de\/wp-content\/uploads\/2019\/09\/IMG_7073-Mannschaft-Standardpistole-1.Platz-RSB-Torben-Engel-Pierre-Michel-Patrick-Meyer.jpg","width":1200,"height":750,"caption":"Die Gold Mannschaft Standardpistole RSB v.l.n.r.: Torben Engel, Pierre Michel, Patrick Meyer (C) 2019 SV Diez-Freiendiez 1928 e.V."},{"@type":"BreadcrumbList","@id":"https:\/\/www.sv-freiendiez.de\/?p=3540#breadcrumb","itemListElement":[{"@type":"ListItem","position":1,"name":"Startseite","item":"https:\/\/www.sv-freiendiez.de\/"},{"@type":"ListItem","position":2,"name":"Viel Edelmetall bei den Deutschen Meisterschaften f\u00fcr unsere Teilnehmer"}]},{"@type":"WebSite","@id":"https:\/\/www.sv-freiendiez.de\/#website","url":"https:\/\/www.sv-freiendiez.de\/","name":"SV Diez-Freiendiez 1928 e.V.","description":"Sch\u00fctzenverein Diez-Freiendiez 1928 e.V.","publisher":{"@id":"https:\/\/www.sv-freiendiez.de\/#organization"},"potentialAction":[{"@type":"SearchAction","target":{"@type":"EntryPoint","urlTemplate":"https:\/\/www.sv-freiendiez.de\/?s={search_term_string}"},"query-input":{"@type":"PropertyValueSpecification","valueRequired":true,"valueName":"search_term_string"}}],"inLanguage":"de"},{"@type":"Organization","@id":"https:\/\/www.sv-freiendiez.de\/#organization","name":"SV Diez-Freiendiez 1928 e.V.","url":"https:\/\/www.sv-freiendiez.de\/","logo":{"@type":"ImageObject","inLanguage":"de","@id":"https:\/\/www.sv-freiendiez.de\/#\/schema\/logo\/image\/","url":"https:\/\/www.sv-freiendiez.de\/wp-content\/uploads\/2016\/12\/cropped-wappen250.png","contentUrl":"https:\/\/www.sv-freiendiez.de\/wp-content\/uploads\/2016\/12\/cropped-wappen250.png","width":250,"height":250,"caption":"SV Diez-Freiendiez 1928 e.V."},"image":{"@id":"https:\/\/www.sv-freiendiez.de\/#\/schema\/logo\/image\/"},"sameAs":["https:\/\/www.facebook.com\/svfreiendiez\/"]},{"@type":"Person","@id":"https:\/\/www.sv-freiendiez.de\/#\/schema\/person\/e506fdcfcb3a8d0b33fb2982e44b9b79","name":"editor","image":{"@type":"ImageObject","inLanguage":"de","@id":"https:\/\/secure.gravatar.com\/avatar\/2e61a0e3091a1495360fb924e613dd25bace1d4a95a687bd9add8c68191636ff?s=96&d=mm&r=g","url":"https:\/\/secure.gravatar.com\/avatar\/2e61a0e3091a1495360fb924e613dd25bace1d4a95a687bd9add8c68191636ff?s=96&d=mm&r=g","contentUrl":"https:\/\/secure.gravatar.com\/avatar\/2e61a0e3091a1495360fb924e613dd25bace1d4a95a687bd9add8c68191636ff?s=96&d=mm&r=g","caption":"editor"},"url":"https:\/\/www.sv-freiendiez.de\/?author=1"}]}},"_links":{"self":[{"href":"https:\/\/www.sv-freiendiez.de\/index.php?rest_route=\/wp\/v2\/posts\/3540","targetHints":{"allow":["GET"]}}],"collection":[{"href":"https:\/\/www.sv-freiendiez.de\/index.php?rest_route=\/wp\/v2\/posts"}],"about":[{"href":"https:\/\/www.sv-freiendiez.de\/index.php?rest_route=\/wp\/v2\/types\/post"}],"author":[{"embeddable":true,"href":"https:\/\/www.sv-freiendiez.de\/index.php?rest_route=\/wp\/v2\/users\/1"}],"replies":[{"embeddable":true,"href":"https:\/\/www.sv-freiendiez.de\/index.php?rest_route=%2Fwp%2Fv2%2Fcomments&post=3540"}],"version-history":[{"count":0,"href":"https:\/\/www.sv-freiendiez.de\/index.php?rest_route=\/wp\/v2\/posts\/3540\/revisions"}],"wp:attachment":[{"href":"https:\/\/www.sv-freiendiez.de\/index.php?rest_route=%2Fwp%2Fv2%2Fmedia&parent=3540"}],"wp:term":[{"taxonomy":"category","embeddable":true,"href":"https:\/\/www.sv-freiendiez.de\/index.php?rest_route=%2Fwp%2Fv2%2Fcategories&post=3540"},{"taxonomy":"post_tag","embeddable":true,"href":"https:\/\/www.sv-freiendiez.de\/index.php?rest_route=%2Fwp%2Fv2%2Ftags&post=3540"}],"curies":[{"name":"wp","href":"https:\/\/api.w.org\/{rel}","templated":true}]}}