{"id":3516,"date":"2019-07-26T17:06:02","date_gmt":"2019-07-26T15:06:02","guid":{"rendered":"http:\/\/www.sv-freiendiez.de\/?p=3516"},"modified":"2019-07-26T17:07:06","modified_gmt":"2019-07-26T15:07:06","slug":"einladung-zum-koenigsschiessen","status":"publish","type":"post","link":"https:\/\/www.sv-freiendiez.de\/?p=3516","title":{"rendered":"Einladung zum K\u00f6nigsschie\u00dfen"},"content":{"rendered":"<p style=\"text-align: justify;\"><img loading=\"lazy\" decoding=\"async\" class=\"alignleft size-full wp-image-2274\" src=\"http:\/\/www.sv-freiendiez.de\/wp-content\/uploads\/2017\/10\/wappen_klein_mskonto.png\" alt=\"\" width=\"176\" height=\"194\">Liebe Sch\u00fctzenschwestern, liebe Sch\u00fctzenbr\u00fcder, liebe Sch\u00fctzenjugend,<\/p>\n<p style=\"text-align: justify;\">wir laden Euch mit Partner herzlich zu unserem diesj\u00e4hrigen K\u00f6nigsschie\u00dfen am Sonntag den 1.09.2019 in unser Sch\u00fctzenhaus ein.<\/p>\n<p style=\"text-align: justify;\">Wir beginnen um 09:00 mit einem gemeinsamen Fr\u00fchst\u00fcck. So etwa gegen 10:00 beginnen wir mit dem K\u00f6nigsschie\u00dfen.<\/p>\n<p style=\"text-align: justify;\">Mittagessen , Kaffee und Kuchen sowie weitere Getr\u00e4nke werden in aus-reichender Menge vorhanden sein.<\/p>\n<p>Wir freuen uns auf Euer kommen.<\/p>\n<p>Der&nbsp; Vorstand<\/p>\n","protected":false},"excerpt":{"rendered":"<p>Liebe Sch\u00fctzenschwestern, liebe Sch\u00fctzenbr\u00fcder, liebe Sch\u00fctzenjugend, wir laden Euch mit Partner herzlich zu unserem diesj\u00e4hrigen K\u00f6nigsschie\u00dfen am Sonntag den 1.09.2019 in unser Sch\u00fctzenhaus ein. Wir beginnen um 09:00 mit einem gemeinsamen Fr\u00fchst\u00fcck. So etwa gegen 10:00 beginnen wir mit dem K\u00f6nigsschie\u00dfen. Mittagessen , Kaffee und Kuchen sowie weitere Getr\u00e4nke werden in aus-reichender Menge vorhanden sein. &hellip; <\/p>\n<p class=\"link-more\"><a href=\"https:\/\/www.sv-freiendiez.de\/?p=3516\" class=\"more-link\"><span class=\"screen-reader-text\">\u201eEinladung zum K\u00f6nigsschie\u00dfen\u201c<\/span> weiterlesen<\/a><\/p>\n","protected":false},"author":1,"featured_media":0,"comment_status":"closed","ping_status":"closed","sticky":false,"template":"","format":"standard","meta":{"ngg_post_thumbnail":0,"footnotes":""},"categories":[40,6],"tags":[],"class_list":["post-3516","post","type-post","status-publish","format-standard","hentry","category-koenigsschiessen","category-veranstaltungen"],"yoast_head":"<!-- This site is optimized with the Yoast SEO plugin v27.5 - https:\/\/yoast.com\/product\/yoast-seo-wordpress\/ -->\n<title>Einladung zum K\u00f6nigsschie\u00dfen - SV Diez-Freiendiez 1928 e.V.<\/title>\n<meta name=\"robots\" content=\"index, follow, max-snippet:-1, max-image-preview:large, max-video-preview:-1\" \/>\n<link rel=\"canonical\" href=\"https:\/\/www.sv-freiendiez.de\/?p=3516\" \/>\n<meta property=\"og:locale\" content=\"de_DE\" \/>\n<meta property=\"og:type\" content=\"article\" \/>\n<meta property=\"og:title\" content=\"Einladung zum K\u00f6nigsschie\u00dfen - SV Diez-Freiendiez 1928 e.V.\" \/>\n<meta property=\"og:description\" content=\"Liebe Sch\u00fctzenschwestern, liebe Sch\u00fctzenbr\u00fcder, liebe Sch\u00fctzenjugend, wir laden Euch mit Partner herzlich zu unserem diesj\u00e4hrigen K\u00f6nigsschie\u00dfen am Sonntag den 1.09.2019 in unser Sch\u00fctzenhaus ein. Wir beginnen um 09:00 mit einem gemeinsamen Fr\u00fchst\u00fcck. So etwa gegen 10:00 beginnen wir mit dem K\u00f6nigsschie\u00dfen. Mittagessen , Kaffee und Kuchen sowie weitere Getr\u00e4nke werden in aus-reichender Menge vorhanden sein. &hellip; \u201eEinladung zum K\u00f6nigsschie\u00dfen\u201c weiterlesen\" \/>\n<meta property=\"og:url\" content=\"https:\/\/www.sv-freiendiez.de\/?p=3516\" \/>\n<meta property=\"og:site_name\" content=\"SV Diez-Freiendiez 1928 e.V.\" \/>\n<meta property=\"article:publisher\" content=\"https:\/\/www.facebook.com\/svfreiendiez\/\" \/>\n<meta property=\"article:published_time\" content=\"2019-07-26T15:06:02+00:00\" \/>\n<meta property=\"article:modified_time\" content=\"2019-07-26T15:07:06+00:00\" \/>\n<meta property=\"og:image\" content=\"http:\/\/www.sv-freiendiez.de\/wp-content\/uploads\/2017\/10\/wappen_klein_mskonto.png\" \/>\n<meta name=\"author\" content=\"editor\" \/>\n<meta name=\"twitter:card\" content=\"summary_large_image\" \/>\n<meta name=\"twitter:label1\" content=\"Verfasst von\" \/>\n\t<meta name=\"twitter:data1\" content=\"editor\" \/>\n<script type=\"application\/ld+json\" class=\"yoast-schema-graph\">{\"@context\":\"https:\\\/\\\/schema.org\",\"@graph\":[{\"@type\":\"Article\",\"@id\":\"https:\\\/\\\/www.sv-freiendiez.de\\\/?p=3516#article\",\"isPartOf\":{\"@id\":\"https:\\\/\\\/www.sv-freiendiez.de\\\/?p=3516\"},\"author\":{\"name\":\"editor\",\"@id\":\"https:\\\/\\\/www.sv-freiendiez.de\\\/#\\\/schema\\\/person\\\/e506fdcfcb3a8d0b33fb2982e44b9b79\"},\"headline\":\"Einladung zum K\u00f6nigsschie\u00dfen\",\"datePublished\":\"2019-07-26T15:06:02+00:00\",\"dateModified\":\"2019-07-26T15:07:06+00:00\",\"mainEntityOfPage\":{\"@id\":\"https:\\\/\\\/www.sv-freiendiez.de\\\/?p=3516\"},\"wordCount\":78,\"publisher\":{\"@id\":\"https:\\\/\\\/www.sv-freiendiez.de\\\/#organization\"},\"image\":{\"@id\":\"https:\\\/\\\/www.sv-freiendiez.de\\\/?p=3516#primaryimage\"},\"thumbnailUrl\":\"http:\\\/\\\/www.sv-freiendiez.de\\\/wp-content\\\/uploads\\\/2017\\\/10\\\/wappen_klein_mskonto.png\",\"articleSection\":[\"K\u00f6nigsschie\u00dfen\",\"Veranstaltungen\"],\"inLanguage\":\"de\"},{\"@type\":\"WebPage\",\"@id\":\"https:\\\/\\\/www.sv-freiendiez.de\\\/?p=3516\",\"url\":\"https:\\\/\\\/www.sv-freiendiez.de\\\/?p=3516\",\"name\":\"Einladung zum K\u00f6nigsschie\u00dfen - SV Diez-Freiendiez 1928 e.V.\",\"isPartOf\":{\"@id\":\"https:\\\/\\\/www.sv-freiendiez.de\\\/#website\"},\"primaryImageOfPage\":{\"@id\":\"https:\\\/\\\/www.sv-freiendiez.de\\\/?p=3516#primaryimage\"},\"image\":{\"@id\":\"https:\\\/\\\/www.sv-freiendiez.de\\\/?p=3516#primaryimage\"},\"thumbnailUrl\":\"http:\\\/\\\/www.sv-freiendiez.de\\\/wp-content\\\/uploads\\\/2017\\\/10\\\/wappen_klein_mskonto.png\",\"datePublished\":\"2019-07-26T15:06:02+00:00\",\"dateModified\":\"2019-07-26T15:07:06+00:00\",\"breadcrumb\":{\"@id\":\"https:\\\/\\\/www.sv-freiendiez.de\\\/?p=3516#breadcrumb\"},\"inLanguage\":\"de\",\"potentialAction\":[{\"@type\":\"ReadAction\",\"target\":[\"https:\\\/\\\/www.sv-freiendiez.de\\\/?p=3516\"]}]},{\"@type\":\"ImageObject\",\"inLanguage\":\"de\",\"@id\":\"https:\\\/\\\/www.sv-freiendiez.de\\\/?p=3516#primaryimage\",\"url\":\"https:\\\/\\\/www.sv-freiendiez.de\\\/wp-content\\\/uploads\\\/2017\\\/10\\\/wappen_klein_mskonto.png\",\"contentUrl\":\"https:\\\/\\\/www.sv-freiendiez.de\\\/wp-content\\\/uploads\\\/2017\\\/10\\\/wappen_klein_mskonto.png\",\"width\":176,\"height\":194},{\"@type\":\"BreadcrumbList\",\"@id\":\"https:\\\/\\\/www.sv-freiendiez.de\\\/?p=3516#breadcrumb\",\"itemListElement\":[{\"@type\":\"ListItem\",\"position\":1,\"name\":\"Startseite\",\"item\":\"https:\\\/\\\/www.sv-freiendiez.de\\\/\"},{\"@type\":\"ListItem\",\"position\":2,\"name\":\"Einladung zum K\u00f6nigsschie\u00dfen\"}]},{\"@type\":\"WebSite\",\"@id\":\"https:\\\/\\\/www.sv-freiendiez.de\\\/#website\",\"url\":\"https:\\\/\\\/www.sv-freiendiez.de\\\/\",\"name\":\"SV Diez-Freiendiez 1928 e.V.\",\"description\":\"Sch\u00fctzenverein Diez-Freiendiez 1928 e.V.\",\"publisher\":{\"@id\":\"https:\\\/\\\/www.sv-freiendiez.de\\\/#organization\"},\"potentialAction\":[{\"@type\":\"SearchAction\",\"target\":{\"@type\":\"EntryPoint\",\"urlTemplate\":\"https:\\\/\\\/www.sv-freiendiez.de\\\/?s={search_term_string}\"},\"query-input\":{\"@type\":\"PropertyValueSpecification\",\"valueRequired\":true,\"valueName\":\"search_term_string\"}}],\"inLanguage\":\"de\"},{\"@type\":\"Organization\",\"@id\":\"https:\\\/\\\/www.sv-freiendiez.de\\\/#organization\",\"name\":\"SV Diez-Freiendiez 1928 e.V.\",\"url\":\"https:\\\/\\\/www.sv-freiendiez.de\\\/\",\"logo\":{\"@type\":\"ImageObject\",\"inLanguage\":\"de\",\"@id\":\"https:\\\/\\\/www.sv-freiendiez.de\\\/#\\\/schema\\\/logo\\\/image\\\/\",\"url\":\"https:\\\/\\\/www.sv-freiendiez.de\\\/wp-content\\\/uploads\\\/2016\\\/12\\\/cropped-wappen250.png\",\"contentUrl\":\"https:\\\/\\\/www.sv-freiendiez.de\\\/wp-content\\\/uploads\\\/2016\\\/12\\\/cropped-wappen250.png\",\"width\":250,\"height\":250,\"caption\":\"SV Diez-Freiendiez 1928 e.V.\"},\"image\":{\"@id\":\"https:\\\/\\\/www.sv-freiendiez.de\\\/#\\\/schema\\\/logo\\\/image\\\/\"},\"sameAs\":[\"https:\\\/\\\/www.facebook.com\\\/svfreiendiez\\\/\"]},{\"@type\":\"Person\",\"@id\":\"https:\\\/\\\/www.sv-freiendiez.de\\\/#\\\/schema\\\/person\\\/e506fdcfcb3a8d0b33fb2982e44b9b79\",\"name\":\"editor\",\"image\":{\"@type\":\"ImageObject\",\"inLanguage\":\"de\",\"@id\":\"https:\\\/\\\/secure.gravatar.com\\\/avatar\\\/2e61a0e3091a1495360fb924e613dd25bace1d4a95a687bd9add8c68191636ff?s=96&d=mm&r=g\",\"url\":\"https:\\\/\\\/secure.gravatar.com\\\/avatar\\\/2e61a0e3091a1495360fb924e613dd25bace1d4a95a687bd9add8c68191636ff?s=96&d=mm&r=g\",\"contentUrl\":\"https:\\\/\\\/secure.gravatar.com\\\/avatar\\\/2e61a0e3091a1495360fb924e613dd25bace1d4a95a687bd9add8c68191636ff?s=96&d=mm&r=g\",\"caption\":\"editor\"},\"url\":\"https:\\\/\\\/www.sv-freiendiez.de\\\/?author=1\"}]}<\/script>\n<!-- \/ Yoast SEO plugin. -->","yoast_head_json":{"title":"Einladung zum K\u00f6nigsschie\u00dfen - SV Diez-Freiendiez 1928 e.V.","robots":{"index":"index","follow":"follow","max-snippet":"max-snippet:-1","max-image-preview":"max-image-preview:large","max-video-preview":"max-video-preview:-1"},"canonical":"https:\/\/www.sv-freiendiez.de\/?p=3516","og_locale":"de_DE","og_type":"article","og_title":"Einladung zum K\u00f6nigsschie\u00dfen - SV Diez-Freiendiez 1928 e.V.","og_description":"Liebe Sch\u00fctzenschwestern, liebe Sch\u00fctzenbr\u00fcder, liebe Sch\u00fctzenjugend, wir laden Euch mit Partner herzlich zu unserem diesj\u00e4hrigen K\u00f6nigsschie\u00dfen am Sonntag den 1.09.2019 in unser Sch\u00fctzenhaus ein. Wir beginnen um 09:00 mit einem gemeinsamen Fr\u00fchst\u00fcck. So etwa gegen 10:00 beginnen wir mit dem K\u00f6nigsschie\u00dfen. Mittagessen , Kaffee und Kuchen sowie weitere Getr\u00e4nke werden in aus-reichender Menge vorhanden sein. &hellip; \u201eEinladung zum K\u00f6nigsschie\u00dfen\u201c weiterlesen","og_url":"https:\/\/www.sv-freiendiez.de\/?p=3516","og_site_name":"SV Diez-Freiendiez 1928 e.V.","article_publisher":"https:\/\/www.facebook.com\/svfreiendiez\/","article_published_time":"2019-07-26T15:06:02+00:00","article_modified_time":"2019-07-26T15:07:06+00:00","og_image":[{"url":"http:\/\/www.sv-freiendiez.de\/wp-content\/uploads\/2017\/10\/wappen_klein_mskonto.png","type":"","width":"","height":""}],"author":"editor","twitter_card":"summary_large_image","twitter_misc":{"Verfasst von":"editor"},"schema":{"@context":"https:\/\/schema.org","@graph":[{"@type":"Article","@id":"https:\/\/www.sv-freiendiez.de\/?p=3516#article","isPartOf":{"@id":"https:\/\/www.sv-freiendiez.de\/?p=3516"},"author":{"name":"editor","@id":"https:\/\/www.sv-freiendiez.de\/#\/schema\/person\/e506fdcfcb3a8d0b33fb2982e44b9b79"},"headline":"Einladung zum K\u00f6nigsschie\u00dfen","datePublished":"2019-07-26T15:06:02+00:00","dateModified":"2019-07-26T15:07:06+00:00","mainEntityOfPage":{"@id":"https:\/\/www.sv-freiendiez.de\/?p=3516"},"wordCount":78,"publisher":{"@id":"https:\/\/www.sv-freiendiez.de\/#organization"},"image":{"@id":"https:\/\/www.sv-freiendiez.de\/?p=3516#primaryimage"},"thumbnailUrl":"http:\/\/www.sv-freiendiez.de\/wp-content\/uploads\/2017\/10\/wappen_klein_mskonto.png","articleSection":["K\u00f6nigsschie\u00dfen","Veranstaltungen"],"inLanguage":"de"},{"@type":"WebPage","@id":"https:\/\/www.sv-freiendiez.de\/?p=3516","url":"https:\/\/www.sv-freiendiez.de\/?p=3516","name":"Einladung zum K\u00f6nigsschie\u00dfen - SV Diez-Freiendiez 1928 e.V.","isPartOf":{"@id":"https:\/\/www.sv-freiendiez.de\/#website"},"primaryImageOfPage":{"@id":"https:\/\/www.sv-freiendiez.de\/?p=3516#primaryimage"},"image":{"@id":"https:\/\/www.sv-freiendiez.de\/?p=3516#primaryimage"},"thumbnailUrl":"http:\/\/www.sv-freiendiez.de\/wp-content\/uploads\/2017\/10\/wappen_klein_mskonto.png","datePublished":"2019-07-26T15:06:02+00:00","dateModified":"2019-07-26T15:07:06+00:00","breadcrumb":{"@id":"https:\/\/www.sv-freiendiez.de\/?p=3516#breadcrumb"},"inLanguage":"de","potentialAction":[{"@type":"ReadAction","target":["https:\/\/www.sv-freiendiez.de\/?p=3516"]}]},{"@type":"ImageObject","inLanguage":"de","@id":"https:\/\/www.sv-freiendiez.de\/?p=3516#primaryimage","url":"https:\/\/www.sv-freiendiez.de\/wp-content\/uploads\/2017\/10\/wappen_klein_mskonto.png","contentUrl":"https:\/\/www.sv-freiendiez.de\/wp-content\/uploads\/2017\/10\/wappen_klein_mskonto.png","width":176,"height":194},{"@type":"BreadcrumbList","@id":"https:\/\/www.sv-freiendiez.de\/?p=3516#breadcrumb","itemListElement":[{"@type":"ListItem","position":1,"name":"Startseite","item":"https:\/\/www.sv-freiendiez.de\/"},{"@type":"ListItem","position":2,"name":"Einladung zum K\u00f6nigsschie\u00dfen"}]},{"@type":"WebSite","@id":"https:\/\/www.sv-freiendiez.de\/#website","url":"https:\/\/www.sv-freiendiez.de\/","name":"SV Diez-Freiendiez 1928 e.V.","description":"Sch\u00fctzenverein Diez-Freiendiez 1928 e.V.","publisher":{"@id":"https:\/\/www.sv-freiendiez.de\/#organization"},"potentialAction":[{"@type":"SearchAction","target":{"@type":"EntryPoint","urlTemplate":"https:\/\/www.sv-freiendiez.de\/?s={search_term_string}"},"query-input":{"@type":"PropertyValueSpecification","valueRequired":true,"valueName":"search_term_string"}}],"inLanguage":"de"},{"@type":"Organization","@id":"https:\/\/www.sv-freiendiez.de\/#organization","name":"SV Diez-Freiendiez 1928 e.V.","url":"https:\/\/www.sv-freiendiez.de\/","logo":{"@type":"ImageObject","inLanguage":"de","@id":"https:\/\/www.sv-freiendiez.de\/#\/schema\/logo\/image\/","url":"https:\/\/www.sv-freiendiez.de\/wp-content\/uploads\/2016\/12\/cropped-wappen250.png","contentUrl":"https:\/\/www.sv-freiendiez.de\/wp-content\/uploads\/2016\/12\/cropped-wappen250.png","width":250,"height":250,"caption":"SV Diez-Freiendiez 1928 e.V."},"image":{"@id":"https:\/\/www.sv-freiendiez.de\/#\/schema\/logo\/image\/"},"sameAs":["https:\/\/www.facebook.com\/svfreiendiez\/"]},{"@type":"Person","@id":"https:\/\/www.sv-freiendiez.de\/#\/schema\/person\/e506fdcfcb3a8d0b33fb2982e44b9b79","name":"editor","image":{"@type":"ImageObject","inLanguage":"de","@id":"https:\/\/secure.gravatar.com\/avatar\/2e61a0e3091a1495360fb924e613dd25bace1d4a95a687bd9add8c68191636ff?s=96&d=mm&r=g","url":"https:\/\/secure.gravatar.com\/avatar\/2e61a0e3091a1495360fb924e613dd25bace1d4a95a687bd9add8c68191636ff?s=96&d=mm&r=g","contentUrl":"https:\/\/secure.gravatar.com\/avatar\/2e61a0e3091a1495360fb924e613dd25bace1d4a95a687bd9add8c68191636ff?s=96&d=mm&r=g","caption":"editor"},"url":"https:\/\/www.sv-freiendiez.de\/?author=1"}]}},"_links":{"self":[{"href":"https:\/\/www.sv-freiendiez.de\/index.php?rest_route=\/wp\/v2\/posts\/3516","targetHints":{"allow":["GET"]}}],"collection":[{"href":"https:\/\/www.sv-freiendiez.de\/index.php?rest_route=\/wp\/v2\/posts"}],"about":[{"href":"https:\/\/www.sv-freiendiez.de\/index.php?rest_route=\/wp\/v2\/types\/post"}],"author":[{"embeddable":true,"href":"https:\/\/www.sv-freiendiez.de\/index.php?rest_route=\/wp\/v2\/users\/1"}],"replies":[{"embeddable":true,"href":"https:\/\/www.sv-freiendiez.de\/index.php?rest_route=%2Fwp%2Fv2%2Fcomments&post=3516"}],"version-history":[{"count":0,"href":"https:\/\/www.sv-freiendiez.de\/index.php?rest_route=\/wp\/v2\/posts\/3516\/revisions"}],"wp:attachment":[{"href":"https:\/\/www.sv-freiendiez.de\/index.php?rest_route=%2Fwp%2Fv2%2Fmedia&parent=3516"}],"wp:term":[{"taxonomy":"category","embeddable":true,"href":"https:\/\/www.sv-freiendiez.de\/index.php?rest_route=%2Fwp%2Fv2%2Fcategories&post=3516"},{"taxonomy":"post_tag","embeddable":true,"href":"https:\/\/www.sv-freiendiez.de\/index.php?rest_route=%2Fwp%2Fv2%2Ftags&post=3516"}],"curies":[{"name":"wp","href":"https:\/\/api.w.org\/{rel}","templated":true}]}}