{"id":3107,"date":"2018-12-16T12:30:44","date_gmt":"2018-12-16T11:30:44","guid":{"rendered":"http:\/\/www.sv-freiendiez.de\/?p=3107"},"modified":"2018-12-16T12:32:23","modified_gmt":"2018-12-16T11:32:23","slug":"ein-weihnachtsgruss-von-karin-und-wolfgang","status":"publish","type":"post","link":"https:\/\/www.sv-freiendiez.de\/?p=3107","title":{"rendered":"Ein Weihnachtsgru\u00df von Karin und Wolfram"},"content":{"rendered":"<p>Danke liebe Karin, lieber Wolfram f\u00fcr Eure lieben Weihnachtsgr\u00fc\u00dfe! Wir freuen uns \u00fcber Eure, nicht allt\u00e4glichen W\u00fcnsche!<\/p>\n<p><img loading=\"lazy\" decoding=\"async\" class=\"aligncenter wp-image-3108 size-full\" src=\"http:\/\/www.sv-freiendiez.de\/wp-content\/uploads\/2018\/12\/IMG_20181214_191111.jpg\" alt=\"\" width=\"684\" height=\"912\" srcset=\"https:\/\/www.sv-freiendiez.de\/wp-content\/uploads\/2018\/12\/IMG_20181214_191111.jpg 684w, https:\/\/www.sv-freiendiez.de\/wp-content\/uploads\/2018\/12\/IMG_20181214_191111-225x300.jpg 225w, https:\/\/www.sv-freiendiez.de\/wp-content\/uploads\/2018\/12\/IMG_20181214_191111-600x800.jpg 600w\" sizes=\"auto, (max-width: 684px) 100vw, 684px\" \/><\/p>\n","protected":false},"excerpt":{"rendered":"<p>Danke liebe Karin, lieber Wolfram f\u00fcr Eure lieben Weihnachtsgr\u00fc\u00dfe! Wir freuen uns \u00fcber Eure, nicht allt\u00e4glichen W\u00fcnsche!<\/p>\n","protected":false},"author":1,"featured_media":0,"comment_status":"closed","ping_status":"closed","sticky":false,"template":"","format":"standard","meta":{"ngg_post_thumbnail":0,"footnotes":""},"categories":[1],"tags":[],"class_list":["post-3107","post","type-post","status-publish","format-standard","hentry","category-allgemein"],"yoast_head":"<!-- This site is optimized with the Yoast SEO plugin v27.5 - https:\/\/yoast.com\/product\/yoast-seo-wordpress\/ -->\n<title>Ein Weihnachtsgru\u00df von Karin und Wolfram - SV Diez-Freiendiez 1928 e.V.<\/title>\n<meta name=\"robots\" content=\"index, follow, max-snippet:-1, max-image-preview:large, max-video-preview:-1\" \/>\n<link rel=\"canonical\" href=\"https:\/\/www.sv-freiendiez.de\/?p=3107\" \/>\n<meta property=\"og:locale\" content=\"de_DE\" \/>\n<meta property=\"og:type\" content=\"article\" \/>\n<meta property=\"og:title\" content=\"Ein Weihnachtsgru\u00df von Karin und Wolfram - SV Diez-Freiendiez 1928 e.V.\" \/>\n<meta property=\"og:description\" content=\"Danke liebe Karin, lieber Wolfram f\u00fcr Eure lieben Weihnachtsgr\u00fc\u00dfe! Wir freuen uns \u00fcber Eure, nicht allt\u00e4glichen W\u00fcnsche!\" \/>\n<meta property=\"og:url\" content=\"https:\/\/www.sv-freiendiez.de\/?p=3107\" \/>\n<meta property=\"og:site_name\" content=\"SV Diez-Freiendiez 1928 e.V.\" \/>\n<meta property=\"article:publisher\" content=\"https:\/\/www.facebook.com\/svfreiendiez\/\" \/>\n<meta property=\"article:published_time\" content=\"2018-12-16T11:30:44+00:00\" \/>\n<meta property=\"article:modified_time\" content=\"2018-12-16T11:32:23+00:00\" \/>\n<meta property=\"og:image\" content=\"http:\/\/www.sv-freiendiez.de\/wp-content\/uploads\/2018\/12\/IMG_20181214_191111.jpg\" \/>\n<meta name=\"author\" content=\"editor\" \/>\n<meta name=\"twitter:card\" content=\"summary_large_image\" \/>\n<meta name=\"twitter:label1\" content=\"Verfasst von\" \/>\n\t<meta name=\"twitter:data1\" content=\"editor\" \/>\n<script type=\"application\/ld+json\" class=\"yoast-schema-graph\">{\"@context\":\"https:\\\/\\\/schema.org\",\"@graph\":[{\"@type\":\"Article\",\"@id\":\"https:\\\/\\\/www.sv-freiendiez.de\\\/?p=3107#article\",\"isPartOf\":{\"@id\":\"https:\\\/\\\/www.sv-freiendiez.de\\\/?p=3107\"},\"author\":{\"name\":\"editor\",\"@id\":\"https:\\\/\\\/www.sv-freiendiez.de\\\/#\\\/schema\\\/person\\\/e506fdcfcb3a8d0b33fb2982e44b9b79\"},\"headline\":\"Ein Weihnachtsgru\u00df von Karin und Wolfram\",\"datePublished\":\"2018-12-16T11:30:44+00:00\",\"dateModified\":\"2018-12-16T11:32:23+00:00\",\"mainEntityOfPage\":{\"@id\":\"https:\\\/\\\/www.sv-freiendiez.de\\\/?p=3107\"},\"wordCount\":27,\"publisher\":{\"@id\":\"https:\\\/\\\/www.sv-freiendiez.de\\\/#organization\"},\"image\":{\"@id\":\"https:\\\/\\\/www.sv-freiendiez.de\\\/?p=3107#primaryimage\"},\"thumbnailUrl\":\"http:\\\/\\\/www.sv-freiendiez.de\\\/wp-content\\\/uploads\\\/2018\\\/12\\\/IMG_20181214_191111.jpg\",\"inLanguage\":\"de\"},{\"@type\":\"WebPage\",\"@id\":\"https:\\\/\\\/www.sv-freiendiez.de\\\/?p=3107\",\"url\":\"https:\\\/\\\/www.sv-freiendiez.de\\\/?p=3107\",\"name\":\"Ein Weihnachtsgru\u00df von Karin und Wolfram - SV Diez-Freiendiez 1928 e.V.\",\"isPartOf\":{\"@id\":\"https:\\\/\\\/www.sv-freiendiez.de\\\/#website\"},\"primaryImageOfPage\":{\"@id\":\"https:\\\/\\\/www.sv-freiendiez.de\\\/?p=3107#primaryimage\"},\"image\":{\"@id\":\"https:\\\/\\\/www.sv-freiendiez.de\\\/?p=3107#primaryimage\"},\"thumbnailUrl\":\"http:\\\/\\\/www.sv-freiendiez.de\\\/wp-content\\\/uploads\\\/2018\\\/12\\\/IMG_20181214_191111.jpg\",\"datePublished\":\"2018-12-16T11:30:44+00:00\",\"dateModified\":\"2018-12-16T11:32:23+00:00\",\"breadcrumb\":{\"@id\":\"https:\\\/\\\/www.sv-freiendiez.de\\\/?p=3107#breadcrumb\"},\"inLanguage\":\"de\",\"potentialAction\":[{\"@type\":\"ReadAction\",\"target\":[\"https:\\\/\\\/www.sv-freiendiez.de\\\/?p=3107\"]}]},{\"@type\":\"ImageObject\",\"inLanguage\":\"de\",\"@id\":\"https:\\\/\\\/www.sv-freiendiez.de\\\/?p=3107#primaryimage\",\"url\":\"https:\\\/\\\/www.sv-freiendiez.de\\\/wp-content\\\/uploads\\\/2018\\\/12\\\/IMG_20181214_191111.jpg\",\"contentUrl\":\"https:\\\/\\\/www.sv-freiendiez.de\\\/wp-content\\\/uploads\\\/2018\\\/12\\\/IMG_20181214_191111.jpg\",\"width\":684,\"height\":912,\"caption\":\"qrf\"},{\"@type\":\"BreadcrumbList\",\"@id\":\"https:\\\/\\\/www.sv-freiendiez.de\\\/?p=3107#breadcrumb\",\"itemListElement\":[{\"@type\":\"ListItem\",\"position\":1,\"name\":\"Startseite\",\"item\":\"https:\\\/\\\/www.sv-freiendiez.de\\\/\"},{\"@type\":\"ListItem\",\"position\":2,\"name\":\"Ein Weihnachtsgru\u00df von Karin und Wolfram\"}]},{\"@type\":\"WebSite\",\"@id\":\"https:\\\/\\\/www.sv-freiendiez.de\\\/#website\",\"url\":\"https:\\\/\\\/www.sv-freiendiez.de\\\/\",\"name\":\"SV Diez-Freiendiez 1928 e.V.\",\"description\":\"Sch\u00fctzenverein Diez-Freiendiez 1928 e.V.\",\"publisher\":{\"@id\":\"https:\\\/\\\/www.sv-freiendiez.de\\\/#organization\"},\"potentialAction\":[{\"@type\":\"SearchAction\",\"target\":{\"@type\":\"EntryPoint\",\"urlTemplate\":\"https:\\\/\\\/www.sv-freiendiez.de\\\/?s={search_term_string}\"},\"query-input\":{\"@type\":\"PropertyValueSpecification\",\"valueRequired\":true,\"valueName\":\"search_term_string\"}}],\"inLanguage\":\"de\"},{\"@type\":\"Organization\",\"@id\":\"https:\\\/\\\/www.sv-freiendiez.de\\\/#organization\",\"name\":\"SV Diez-Freiendiez 1928 e.V.\",\"url\":\"https:\\\/\\\/www.sv-freiendiez.de\\\/\",\"logo\":{\"@type\":\"ImageObject\",\"inLanguage\":\"de\",\"@id\":\"https:\\\/\\\/www.sv-freiendiez.de\\\/#\\\/schema\\\/logo\\\/image\\\/\",\"url\":\"https:\\\/\\\/www.sv-freiendiez.de\\\/wp-content\\\/uploads\\\/2016\\\/12\\\/cropped-wappen250.png\",\"contentUrl\":\"https:\\\/\\\/www.sv-freiendiez.de\\\/wp-content\\\/uploads\\\/2016\\\/12\\\/cropped-wappen250.png\",\"width\":250,\"height\":250,\"caption\":\"SV Diez-Freiendiez 1928 e.V.\"},\"image\":{\"@id\":\"https:\\\/\\\/www.sv-freiendiez.de\\\/#\\\/schema\\\/logo\\\/image\\\/\"},\"sameAs\":[\"https:\\\/\\\/www.facebook.com\\\/svfreiendiez\\\/\"]},{\"@type\":\"Person\",\"@id\":\"https:\\\/\\\/www.sv-freiendiez.de\\\/#\\\/schema\\\/person\\\/e506fdcfcb3a8d0b33fb2982e44b9b79\",\"name\":\"editor\",\"image\":{\"@type\":\"ImageObject\",\"inLanguage\":\"de\",\"@id\":\"https:\\\/\\\/secure.gravatar.com\\\/avatar\\\/2e61a0e3091a1495360fb924e613dd25bace1d4a95a687bd9add8c68191636ff?s=96&d=mm&r=g\",\"url\":\"https:\\\/\\\/secure.gravatar.com\\\/avatar\\\/2e61a0e3091a1495360fb924e613dd25bace1d4a95a687bd9add8c68191636ff?s=96&d=mm&r=g\",\"contentUrl\":\"https:\\\/\\\/secure.gravatar.com\\\/avatar\\\/2e61a0e3091a1495360fb924e613dd25bace1d4a95a687bd9add8c68191636ff?s=96&d=mm&r=g\",\"caption\":\"editor\"},\"url\":\"https:\\\/\\\/www.sv-freiendiez.de\\\/?author=1\"}]}<\/script>\n<!-- \/ Yoast SEO plugin. -->","yoast_head_json":{"title":"Ein Weihnachtsgru\u00df von Karin und Wolfram - SV Diez-Freiendiez 1928 e.V.","robots":{"index":"index","follow":"follow","max-snippet":"max-snippet:-1","max-image-preview":"max-image-preview:large","max-video-preview":"max-video-preview:-1"},"canonical":"https:\/\/www.sv-freiendiez.de\/?p=3107","og_locale":"de_DE","og_type":"article","og_title":"Ein Weihnachtsgru\u00df von Karin und Wolfram - SV Diez-Freiendiez 1928 e.V.","og_description":"Danke liebe Karin, lieber Wolfram f\u00fcr Eure lieben Weihnachtsgr\u00fc\u00dfe! Wir freuen uns \u00fcber Eure, nicht allt\u00e4glichen W\u00fcnsche!","og_url":"https:\/\/www.sv-freiendiez.de\/?p=3107","og_site_name":"SV Diez-Freiendiez 1928 e.V.","article_publisher":"https:\/\/www.facebook.com\/svfreiendiez\/","article_published_time":"2018-12-16T11:30:44+00:00","article_modified_time":"2018-12-16T11:32:23+00:00","og_image":[{"url":"http:\/\/www.sv-freiendiez.de\/wp-content\/uploads\/2018\/12\/IMG_20181214_191111.jpg","type":"","width":"","height":""}],"author":"editor","twitter_card":"summary_large_image","twitter_misc":{"Verfasst von":"editor"},"schema":{"@context":"https:\/\/schema.org","@graph":[{"@type":"Article","@id":"https:\/\/www.sv-freiendiez.de\/?p=3107#article","isPartOf":{"@id":"https:\/\/www.sv-freiendiez.de\/?p=3107"},"author":{"name":"editor","@id":"https:\/\/www.sv-freiendiez.de\/#\/schema\/person\/e506fdcfcb3a8d0b33fb2982e44b9b79"},"headline":"Ein Weihnachtsgru\u00df von Karin und Wolfram","datePublished":"2018-12-16T11:30:44+00:00","dateModified":"2018-12-16T11:32:23+00:00","mainEntityOfPage":{"@id":"https:\/\/www.sv-freiendiez.de\/?p=3107"},"wordCount":27,"publisher":{"@id":"https:\/\/www.sv-freiendiez.de\/#organization"},"image":{"@id":"https:\/\/www.sv-freiendiez.de\/?p=3107#primaryimage"},"thumbnailUrl":"http:\/\/www.sv-freiendiez.de\/wp-content\/uploads\/2018\/12\/IMG_20181214_191111.jpg","inLanguage":"de"},{"@type":"WebPage","@id":"https:\/\/www.sv-freiendiez.de\/?p=3107","url":"https:\/\/www.sv-freiendiez.de\/?p=3107","name":"Ein Weihnachtsgru\u00df von Karin und Wolfram - SV Diez-Freiendiez 1928 e.V.","isPartOf":{"@id":"https:\/\/www.sv-freiendiez.de\/#website"},"primaryImageOfPage":{"@id":"https:\/\/www.sv-freiendiez.de\/?p=3107#primaryimage"},"image":{"@id":"https:\/\/www.sv-freiendiez.de\/?p=3107#primaryimage"},"thumbnailUrl":"http:\/\/www.sv-freiendiez.de\/wp-content\/uploads\/2018\/12\/IMG_20181214_191111.jpg","datePublished":"2018-12-16T11:30:44+00:00","dateModified":"2018-12-16T11:32:23+00:00","breadcrumb":{"@id":"https:\/\/www.sv-freiendiez.de\/?p=3107#breadcrumb"},"inLanguage":"de","potentialAction":[{"@type":"ReadAction","target":["https:\/\/www.sv-freiendiez.de\/?p=3107"]}]},{"@type":"ImageObject","inLanguage":"de","@id":"https:\/\/www.sv-freiendiez.de\/?p=3107#primaryimage","url":"https:\/\/www.sv-freiendiez.de\/wp-content\/uploads\/2018\/12\/IMG_20181214_191111.jpg","contentUrl":"https:\/\/www.sv-freiendiez.de\/wp-content\/uploads\/2018\/12\/IMG_20181214_191111.jpg","width":684,"height":912,"caption":"qrf"},{"@type":"BreadcrumbList","@id":"https:\/\/www.sv-freiendiez.de\/?p=3107#breadcrumb","itemListElement":[{"@type":"ListItem","position":1,"name":"Startseite","item":"https:\/\/www.sv-freiendiez.de\/"},{"@type":"ListItem","position":2,"name":"Ein Weihnachtsgru\u00df von Karin und Wolfram"}]},{"@type":"WebSite","@id":"https:\/\/www.sv-freiendiez.de\/#website","url":"https:\/\/www.sv-freiendiez.de\/","name":"SV Diez-Freiendiez 1928 e.V.","description":"Sch\u00fctzenverein Diez-Freiendiez 1928 e.V.","publisher":{"@id":"https:\/\/www.sv-freiendiez.de\/#organization"},"potentialAction":[{"@type":"SearchAction","target":{"@type":"EntryPoint","urlTemplate":"https:\/\/www.sv-freiendiez.de\/?s={search_term_string}"},"query-input":{"@type":"PropertyValueSpecification","valueRequired":true,"valueName":"search_term_string"}}],"inLanguage":"de"},{"@type":"Organization","@id":"https:\/\/www.sv-freiendiez.de\/#organization","name":"SV Diez-Freiendiez 1928 e.V.","url":"https:\/\/www.sv-freiendiez.de\/","logo":{"@type":"ImageObject","inLanguage":"de","@id":"https:\/\/www.sv-freiendiez.de\/#\/schema\/logo\/image\/","url":"https:\/\/www.sv-freiendiez.de\/wp-content\/uploads\/2016\/12\/cropped-wappen250.png","contentUrl":"https:\/\/www.sv-freiendiez.de\/wp-content\/uploads\/2016\/12\/cropped-wappen250.png","width":250,"height":250,"caption":"SV Diez-Freiendiez 1928 e.V."},"image":{"@id":"https:\/\/www.sv-freiendiez.de\/#\/schema\/logo\/image\/"},"sameAs":["https:\/\/www.facebook.com\/svfreiendiez\/"]},{"@type":"Person","@id":"https:\/\/www.sv-freiendiez.de\/#\/schema\/person\/e506fdcfcb3a8d0b33fb2982e44b9b79","name":"editor","image":{"@type":"ImageObject","inLanguage":"de","@id":"https:\/\/secure.gravatar.com\/avatar\/2e61a0e3091a1495360fb924e613dd25bace1d4a95a687bd9add8c68191636ff?s=96&d=mm&r=g","url":"https:\/\/secure.gravatar.com\/avatar\/2e61a0e3091a1495360fb924e613dd25bace1d4a95a687bd9add8c68191636ff?s=96&d=mm&r=g","contentUrl":"https:\/\/secure.gravatar.com\/avatar\/2e61a0e3091a1495360fb924e613dd25bace1d4a95a687bd9add8c68191636ff?s=96&d=mm&r=g","caption":"editor"},"url":"https:\/\/www.sv-freiendiez.de\/?author=1"}]}},"_links":{"self":[{"href":"https:\/\/www.sv-freiendiez.de\/index.php?rest_route=\/wp\/v2\/posts\/3107","targetHints":{"allow":["GET"]}}],"collection":[{"href":"https:\/\/www.sv-freiendiez.de\/index.php?rest_route=\/wp\/v2\/posts"}],"about":[{"href":"https:\/\/www.sv-freiendiez.de\/index.php?rest_route=\/wp\/v2\/types\/post"}],"author":[{"embeddable":true,"href":"https:\/\/www.sv-freiendiez.de\/index.php?rest_route=\/wp\/v2\/users\/1"}],"replies":[{"embeddable":true,"href":"https:\/\/www.sv-freiendiez.de\/index.php?rest_route=%2Fwp%2Fv2%2Fcomments&post=3107"}],"version-history":[{"count":0,"href":"https:\/\/www.sv-freiendiez.de\/index.php?rest_route=\/wp\/v2\/posts\/3107\/revisions"}],"wp:attachment":[{"href":"https:\/\/www.sv-freiendiez.de\/index.php?rest_route=%2Fwp%2Fv2%2Fmedia&parent=3107"}],"wp:term":[{"taxonomy":"category","embeddable":true,"href":"https:\/\/www.sv-freiendiez.de\/index.php?rest_route=%2Fwp%2Fv2%2Fcategories&post=3107"},{"taxonomy":"post_tag","embeddable":true,"href":"https:\/\/www.sv-freiendiez.de\/index.php?rest_route=%2Fwp%2Fv2%2Ftags&post=3107"}],"curies":[{"name":"wp","href":"https:\/\/api.w.org\/{rel}","templated":true}]}}