{"id":294,"date":"2015-08-10T12:06:23","date_gmt":"2015-08-10T10:06:23","guid":{"rendered":"http:\/\/www.sv-freiendiez.de\/?p=294"},"modified":"2015-08-10T12:06:23","modified_gmt":"2015-08-10T10:06:23","slug":"die-nassauische-neue-presse-berichtet-ueber-unsere-umbauarbeiten","status":"publish","type":"post","link":"https:\/\/www.sv-freiendiez.de\/?p=294","title":{"rendered":"Die Nassauische Neue Presse berichtet \u00fcber unsere Umbauarbeiten"},"content":{"rendered":"<p style=\"text-align: justify;\"><a href=\"http:\/\/www.sv-freiendiez.de\/wp-content\/uploads\/2015\/08\/NNP-10-08-2015-SV-Freiendiez.pdf\"><img loading=\"lazy\" decoding=\"async\" class=\"alignright wp-image-296 size-thumbnail\" src=\"http:\/\/www.sv-freiendiez.de\/wp-content\/uploads\/2015\/08\/nnp_artikel_k-150x150.jpg\" alt=\"nnp_artikel_k\" width=\"150\" height=\"150\" \/><\/a>In der heutigen Ausgabe der Nassauischen Neuen Presse (10. August 2015) ist ein Bericht \u00fcber unseren Verein und \u00fcber die fortschreitenden Umbau- und Modernisierungs-ma\u00dfnahmen auf unserem Luftdruckwaffen Stand zu lesen. Auch die ganz frischen sportlichen Erfolge unserer Mitglieder kommen nicht zu kurz.<\/p>\n<p style=\"text-align: justify;\">Der unten stehende Link verweist auf ein PDF, in dem der Artikel in voller L\u00e4nge zu finden ist. Daf\u00fcr ist ein installierter PDF Reader notwendig, z.B. von <a href=\"https:\/\/get.adobe.com\/de\/reader\/\">Adobe<\/a>.<\/p>\n<p style=\"text-align: justify;\">Aus der Nassauische Neue Presse, Montag 10. August 2015, Seite 17<br \/>\n<a href=\"http:\/\/www.sv-freiendiez.de\/wp-content\/uploads\/2015\/08\/NNP-10-08-2015-SV-Freiendiez.pdf\">NNP 10-08-2015 SV Freiendiez<\/a><\/p>\n","protected":false},"excerpt":{"rendered":"<p>In der heutigen Ausgabe der Nassauischen Neuen Presse (10. August 2015) ist ein Bericht \u00fcber unseren Verein und \u00fcber die fortschreitenden Umbau- und Modernisierungs-ma\u00dfnahmen auf unserem Luftdruckwaffen Stand zu lesen. Auch die ganz frischen sportlichen Erfolge unserer Mitglieder kommen nicht zu kurz. Der unten stehende Link verweist auf ein PDF, in dem der Artikel in &hellip; <\/p>\n<p class=\"link-more\"><a href=\"https:\/\/www.sv-freiendiez.de\/?p=294\" class=\"more-link\"><span class=\"screen-reader-text\">\u201eDie Nassauische Neue Presse berichtet \u00fcber unsere Umbauarbeiten\u201c<\/span> weiterlesen<\/a><\/p>\n","protected":false},"author":1,"featured_media":0,"comment_status":"closed","ping_status":"open","sticky":false,"template":"","format":"standard","meta":{"ngg_post_thumbnail":0,"footnotes":""},"categories":[1,12],"tags":[],"class_list":["post-294","post","type-post","status-publish","format-standard","hentry","category-allgemein","category-presse"],"yoast_head":"<!-- This site is optimized with the Yoast SEO plugin v27.5 - https:\/\/yoast.com\/product\/yoast-seo-wordpress\/ -->\n<title>Die Nassauische Neue Presse berichtet \u00fcber unsere Umbauarbeiten - SV Diez-Freiendiez 1928 e.V.<\/title>\n<meta name=\"robots\" content=\"index, follow, max-snippet:-1, max-image-preview:large, max-video-preview:-1\" \/>\n<link rel=\"canonical\" href=\"https:\/\/www.sv-freiendiez.de\/?p=294\" \/>\n<meta property=\"og:locale\" content=\"de_DE\" \/>\n<meta property=\"og:type\" content=\"article\" \/>\n<meta property=\"og:title\" content=\"Die Nassauische Neue Presse berichtet \u00fcber unsere Umbauarbeiten - SV Diez-Freiendiez 1928 e.V.\" \/>\n<meta property=\"og:description\" content=\"In der heutigen Ausgabe der Nassauischen Neuen Presse (10. August 2015) ist ein Bericht \u00fcber unseren Verein und \u00fcber die fortschreitenden Umbau- und Modernisierungs-ma\u00dfnahmen auf unserem Luftdruckwaffen Stand zu lesen. Auch die ganz frischen sportlichen Erfolge unserer Mitglieder kommen nicht zu kurz. Der unten stehende Link verweist auf ein PDF, in dem der Artikel in &hellip; \u201eDie Nassauische Neue Presse berichtet \u00fcber unsere Umbauarbeiten\u201c weiterlesen\" \/>\n<meta property=\"og:url\" content=\"https:\/\/www.sv-freiendiez.de\/?p=294\" \/>\n<meta property=\"og:site_name\" content=\"SV Diez-Freiendiez 1928 e.V.\" \/>\n<meta property=\"article:publisher\" content=\"https:\/\/www.facebook.com\/svfreiendiez\/\" \/>\n<meta property=\"article:published_time\" content=\"2015-08-10T10:06:23+00:00\" \/>\n<meta property=\"og:image\" content=\"http:\/\/www.sv-freiendiez.de\/wp-content\/uploads\/2015\/08\/nnp_artikel_k-150x150.jpg\" \/>\n<meta name=\"author\" content=\"editor\" \/>\n<meta name=\"twitter:card\" content=\"summary_large_image\" \/>\n<meta name=\"twitter:label1\" content=\"Verfasst von\" \/>\n\t<meta name=\"twitter:data1\" content=\"editor\" \/>\n<script type=\"application\/ld+json\" class=\"yoast-schema-graph\">{\"@context\":\"https:\\\/\\\/schema.org\",\"@graph\":[{\"@type\":\"Article\",\"@id\":\"https:\\\/\\\/www.sv-freiendiez.de\\\/?p=294#article\",\"isPartOf\":{\"@id\":\"https:\\\/\\\/www.sv-freiendiez.de\\\/?p=294\"},\"author\":{\"name\":\"editor\",\"@id\":\"https:\\\/\\\/www.sv-freiendiez.de\\\/#\\\/schema\\\/person\\\/e506fdcfcb3a8d0b33fb2982e44b9b79\"},\"headline\":\"Die Nassauische Neue Presse berichtet \u00fcber unsere Umbauarbeiten\",\"datePublished\":\"2015-08-10T10:06:23+00:00\",\"mainEntityOfPage\":{\"@id\":\"https:\\\/\\\/www.sv-freiendiez.de\\\/?p=294\"},\"wordCount\":93,\"publisher\":{\"@id\":\"https:\\\/\\\/www.sv-freiendiez.de\\\/#organization\"},\"image\":{\"@id\":\"https:\\\/\\\/www.sv-freiendiez.de\\\/?p=294#primaryimage\"},\"thumbnailUrl\":\"http:\\\/\\\/www.sv-freiendiez.de\\\/wp-content\\\/uploads\\\/2015\\\/08\\\/nnp_artikel_k-150x150.jpg\",\"articleSection\":{\"1\":\"Presse\"},\"inLanguage\":\"de\"},{\"@type\":\"WebPage\",\"@id\":\"https:\\\/\\\/www.sv-freiendiez.de\\\/?p=294\",\"url\":\"https:\\\/\\\/www.sv-freiendiez.de\\\/?p=294\",\"name\":\"Die Nassauische Neue Presse berichtet \u00fcber unsere Umbauarbeiten - SV Diez-Freiendiez 1928 e.V.\",\"isPartOf\":{\"@id\":\"https:\\\/\\\/www.sv-freiendiez.de\\\/#website\"},\"primaryImageOfPage\":{\"@id\":\"https:\\\/\\\/www.sv-freiendiez.de\\\/?p=294#primaryimage\"},\"image\":{\"@id\":\"https:\\\/\\\/www.sv-freiendiez.de\\\/?p=294#primaryimage\"},\"thumbnailUrl\":\"http:\\\/\\\/www.sv-freiendiez.de\\\/wp-content\\\/uploads\\\/2015\\\/08\\\/nnp_artikel_k-150x150.jpg\",\"datePublished\":\"2015-08-10T10:06:23+00:00\",\"breadcrumb\":{\"@id\":\"https:\\\/\\\/www.sv-freiendiez.de\\\/?p=294#breadcrumb\"},\"inLanguage\":\"de\",\"potentialAction\":[{\"@type\":\"ReadAction\",\"target\":[\"https:\\\/\\\/www.sv-freiendiez.de\\\/?p=294\"]}]},{\"@type\":\"ImageObject\",\"inLanguage\":\"de\",\"@id\":\"https:\\\/\\\/www.sv-freiendiez.de\\\/?p=294#primaryimage\",\"url\":\"https:\\\/\\\/www.sv-freiendiez.de\\\/wp-content\\\/uploads\\\/2015\\\/08\\\/nnp_artikel_k.jpg\",\"contentUrl\":\"https:\\\/\\\/www.sv-freiendiez.de\\\/wp-content\\\/uploads\\\/2015\\\/08\\\/nnp_artikel_k.jpg\",\"width\":446,\"height\":336},{\"@type\":\"BreadcrumbList\",\"@id\":\"https:\\\/\\\/www.sv-freiendiez.de\\\/?p=294#breadcrumb\",\"itemListElement\":[{\"@type\":\"ListItem\",\"position\":1,\"name\":\"Startseite\",\"item\":\"https:\\\/\\\/www.sv-freiendiez.de\\\/\"},{\"@type\":\"ListItem\",\"position\":2,\"name\":\"Die Nassauische Neue Presse berichtet \u00fcber unsere Umbauarbeiten\"}]},{\"@type\":\"WebSite\",\"@id\":\"https:\\\/\\\/www.sv-freiendiez.de\\\/#website\",\"url\":\"https:\\\/\\\/www.sv-freiendiez.de\\\/\",\"name\":\"SV Diez-Freiendiez 1928 e.V.\",\"description\":\"Sch\u00fctzenverein Diez-Freiendiez 1928 e.V.\",\"publisher\":{\"@id\":\"https:\\\/\\\/www.sv-freiendiez.de\\\/#organization\"},\"potentialAction\":[{\"@type\":\"SearchAction\",\"target\":{\"@type\":\"EntryPoint\",\"urlTemplate\":\"https:\\\/\\\/www.sv-freiendiez.de\\\/?s={search_term_string}\"},\"query-input\":{\"@type\":\"PropertyValueSpecification\",\"valueRequired\":true,\"valueName\":\"search_term_string\"}}],\"inLanguage\":\"de\"},{\"@type\":\"Organization\",\"@id\":\"https:\\\/\\\/www.sv-freiendiez.de\\\/#organization\",\"name\":\"SV Diez-Freiendiez 1928 e.V.\",\"url\":\"https:\\\/\\\/www.sv-freiendiez.de\\\/\",\"logo\":{\"@type\":\"ImageObject\",\"inLanguage\":\"de\",\"@id\":\"https:\\\/\\\/www.sv-freiendiez.de\\\/#\\\/schema\\\/logo\\\/image\\\/\",\"url\":\"https:\\\/\\\/www.sv-freiendiez.de\\\/wp-content\\\/uploads\\\/2016\\\/12\\\/cropped-wappen250.png\",\"contentUrl\":\"https:\\\/\\\/www.sv-freiendiez.de\\\/wp-content\\\/uploads\\\/2016\\\/12\\\/cropped-wappen250.png\",\"width\":250,\"height\":250,\"caption\":\"SV Diez-Freiendiez 1928 e.V.\"},\"image\":{\"@id\":\"https:\\\/\\\/www.sv-freiendiez.de\\\/#\\\/schema\\\/logo\\\/image\\\/\"},\"sameAs\":[\"https:\\\/\\\/www.facebook.com\\\/svfreiendiez\\\/\"]},{\"@type\":\"Person\",\"@id\":\"https:\\\/\\\/www.sv-freiendiez.de\\\/#\\\/schema\\\/person\\\/e506fdcfcb3a8d0b33fb2982e44b9b79\",\"name\":\"editor\",\"image\":{\"@type\":\"ImageObject\",\"inLanguage\":\"de\",\"@id\":\"https:\\\/\\\/secure.gravatar.com\\\/avatar\\\/2e61a0e3091a1495360fb924e613dd25bace1d4a95a687bd9add8c68191636ff?s=96&d=mm&r=g\",\"url\":\"https:\\\/\\\/secure.gravatar.com\\\/avatar\\\/2e61a0e3091a1495360fb924e613dd25bace1d4a95a687bd9add8c68191636ff?s=96&d=mm&r=g\",\"contentUrl\":\"https:\\\/\\\/secure.gravatar.com\\\/avatar\\\/2e61a0e3091a1495360fb924e613dd25bace1d4a95a687bd9add8c68191636ff?s=96&d=mm&r=g\",\"caption\":\"editor\"},\"url\":\"https:\\\/\\\/www.sv-freiendiez.de\\\/?author=1\"}]}<\/script>\n<!-- \/ Yoast SEO plugin. -->","yoast_head_json":{"title":"Die Nassauische Neue Presse berichtet \u00fcber unsere Umbauarbeiten - SV Diez-Freiendiez 1928 e.V.","robots":{"index":"index","follow":"follow","max-snippet":"max-snippet:-1","max-image-preview":"max-image-preview:large","max-video-preview":"max-video-preview:-1"},"canonical":"https:\/\/www.sv-freiendiez.de\/?p=294","og_locale":"de_DE","og_type":"article","og_title":"Die Nassauische Neue Presse berichtet \u00fcber unsere Umbauarbeiten - SV Diez-Freiendiez 1928 e.V.","og_description":"In der heutigen Ausgabe der Nassauischen Neuen Presse (10. August 2015) ist ein Bericht \u00fcber unseren Verein und \u00fcber die fortschreitenden Umbau- und Modernisierungs-ma\u00dfnahmen auf unserem Luftdruckwaffen Stand zu lesen. Auch die ganz frischen sportlichen Erfolge unserer Mitglieder kommen nicht zu kurz. Der unten stehende Link verweist auf ein PDF, in dem der Artikel in &hellip; \u201eDie Nassauische Neue Presse berichtet \u00fcber unsere Umbauarbeiten\u201c weiterlesen","og_url":"https:\/\/www.sv-freiendiez.de\/?p=294","og_site_name":"SV Diez-Freiendiez 1928 e.V.","article_publisher":"https:\/\/www.facebook.com\/svfreiendiez\/","article_published_time":"2015-08-10T10:06:23+00:00","og_image":[{"url":"http:\/\/www.sv-freiendiez.de\/wp-content\/uploads\/2015\/08\/nnp_artikel_k-150x150.jpg","type":"","width":"","height":""}],"author":"editor","twitter_card":"summary_large_image","twitter_misc":{"Verfasst von":"editor"},"schema":{"@context":"https:\/\/schema.org","@graph":[{"@type":"Article","@id":"https:\/\/www.sv-freiendiez.de\/?p=294#article","isPartOf":{"@id":"https:\/\/www.sv-freiendiez.de\/?p=294"},"author":{"name":"editor","@id":"https:\/\/www.sv-freiendiez.de\/#\/schema\/person\/e506fdcfcb3a8d0b33fb2982e44b9b79"},"headline":"Die Nassauische Neue Presse berichtet \u00fcber unsere Umbauarbeiten","datePublished":"2015-08-10T10:06:23+00:00","mainEntityOfPage":{"@id":"https:\/\/www.sv-freiendiez.de\/?p=294"},"wordCount":93,"publisher":{"@id":"https:\/\/www.sv-freiendiez.de\/#organization"},"image":{"@id":"https:\/\/www.sv-freiendiez.de\/?p=294#primaryimage"},"thumbnailUrl":"http:\/\/www.sv-freiendiez.de\/wp-content\/uploads\/2015\/08\/nnp_artikel_k-150x150.jpg","articleSection":{"1":"Presse"},"inLanguage":"de"},{"@type":"WebPage","@id":"https:\/\/www.sv-freiendiez.de\/?p=294","url":"https:\/\/www.sv-freiendiez.de\/?p=294","name":"Die Nassauische Neue Presse berichtet \u00fcber unsere Umbauarbeiten - SV Diez-Freiendiez 1928 e.V.","isPartOf":{"@id":"https:\/\/www.sv-freiendiez.de\/#website"},"primaryImageOfPage":{"@id":"https:\/\/www.sv-freiendiez.de\/?p=294#primaryimage"},"image":{"@id":"https:\/\/www.sv-freiendiez.de\/?p=294#primaryimage"},"thumbnailUrl":"http:\/\/www.sv-freiendiez.de\/wp-content\/uploads\/2015\/08\/nnp_artikel_k-150x150.jpg","datePublished":"2015-08-10T10:06:23+00:00","breadcrumb":{"@id":"https:\/\/www.sv-freiendiez.de\/?p=294#breadcrumb"},"inLanguage":"de","potentialAction":[{"@type":"ReadAction","target":["https:\/\/www.sv-freiendiez.de\/?p=294"]}]},{"@type":"ImageObject","inLanguage":"de","@id":"https:\/\/www.sv-freiendiez.de\/?p=294#primaryimage","url":"https:\/\/www.sv-freiendiez.de\/wp-content\/uploads\/2015\/08\/nnp_artikel_k.jpg","contentUrl":"https:\/\/www.sv-freiendiez.de\/wp-content\/uploads\/2015\/08\/nnp_artikel_k.jpg","width":446,"height":336},{"@type":"BreadcrumbList","@id":"https:\/\/www.sv-freiendiez.de\/?p=294#breadcrumb","itemListElement":[{"@type":"ListItem","position":1,"name":"Startseite","item":"https:\/\/www.sv-freiendiez.de\/"},{"@type":"ListItem","position":2,"name":"Die Nassauische Neue Presse berichtet \u00fcber unsere Umbauarbeiten"}]},{"@type":"WebSite","@id":"https:\/\/www.sv-freiendiez.de\/#website","url":"https:\/\/www.sv-freiendiez.de\/","name":"SV Diez-Freiendiez 1928 e.V.","description":"Sch\u00fctzenverein Diez-Freiendiez 1928 e.V.","publisher":{"@id":"https:\/\/www.sv-freiendiez.de\/#organization"},"potentialAction":[{"@type":"SearchAction","target":{"@type":"EntryPoint","urlTemplate":"https:\/\/www.sv-freiendiez.de\/?s={search_term_string}"},"query-input":{"@type":"PropertyValueSpecification","valueRequired":true,"valueName":"search_term_string"}}],"inLanguage":"de"},{"@type":"Organization","@id":"https:\/\/www.sv-freiendiez.de\/#organization","name":"SV Diez-Freiendiez 1928 e.V.","url":"https:\/\/www.sv-freiendiez.de\/","logo":{"@type":"ImageObject","inLanguage":"de","@id":"https:\/\/www.sv-freiendiez.de\/#\/schema\/logo\/image\/","url":"https:\/\/www.sv-freiendiez.de\/wp-content\/uploads\/2016\/12\/cropped-wappen250.png","contentUrl":"https:\/\/www.sv-freiendiez.de\/wp-content\/uploads\/2016\/12\/cropped-wappen250.png","width":250,"height":250,"caption":"SV Diez-Freiendiez 1928 e.V."},"image":{"@id":"https:\/\/www.sv-freiendiez.de\/#\/schema\/logo\/image\/"},"sameAs":["https:\/\/www.facebook.com\/svfreiendiez\/"]},{"@type":"Person","@id":"https:\/\/www.sv-freiendiez.de\/#\/schema\/person\/e506fdcfcb3a8d0b33fb2982e44b9b79","name":"editor","image":{"@type":"ImageObject","inLanguage":"de","@id":"https:\/\/secure.gravatar.com\/avatar\/2e61a0e3091a1495360fb924e613dd25bace1d4a95a687bd9add8c68191636ff?s=96&d=mm&r=g","url":"https:\/\/secure.gravatar.com\/avatar\/2e61a0e3091a1495360fb924e613dd25bace1d4a95a687bd9add8c68191636ff?s=96&d=mm&r=g","contentUrl":"https:\/\/secure.gravatar.com\/avatar\/2e61a0e3091a1495360fb924e613dd25bace1d4a95a687bd9add8c68191636ff?s=96&d=mm&r=g","caption":"editor"},"url":"https:\/\/www.sv-freiendiez.de\/?author=1"}]}},"_links":{"self":[{"href":"https:\/\/www.sv-freiendiez.de\/index.php?rest_route=\/wp\/v2\/posts\/294","targetHints":{"allow":["GET"]}}],"collection":[{"href":"https:\/\/www.sv-freiendiez.de\/index.php?rest_route=\/wp\/v2\/posts"}],"about":[{"href":"https:\/\/www.sv-freiendiez.de\/index.php?rest_route=\/wp\/v2\/types\/post"}],"author":[{"embeddable":true,"href":"https:\/\/www.sv-freiendiez.de\/index.php?rest_route=\/wp\/v2\/users\/1"}],"replies":[{"embeddable":true,"href":"https:\/\/www.sv-freiendiez.de\/index.php?rest_route=%2Fwp%2Fv2%2Fcomments&post=294"}],"version-history":[{"count":0,"href":"https:\/\/www.sv-freiendiez.de\/index.php?rest_route=\/wp\/v2\/posts\/294\/revisions"}],"wp:attachment":[{"href":"https:\/\/www.sv-freiendiez.de\/index.php?rest_route=%2Fwp%2Fv2%2Fmedia&parent=294"}],"wp:term":[{"taxonomy":"category","embeddable":true,"href":"https:\/\/www.sv-freiendiez.de\/index.php?rest_route=%2Fwp%2Fv2%2Fcategories&post=294"},{"taxonomy":"post_tag","embeddable":true,"href":"https:\/\/www.sv-freiendiez.de\/index.php?rest_route=%2Fwp%2Fv2%2Ftags&post=294"}],"curies":[{"name":"wp","href":"https:\/\/api.w.org\/{rel}","templated":true}]}}