{"id":273,"date":"2015-07-07T11:45:10","date_gmt":"2015-07-07T09:45:10","guid":{"rendered":"http:\/\/www.sv-freiendiez.de\/?p=273"},"modified":"2015-07-07T11:47:31","modified_gmt":"2015-07-07T09:47:31","slug":"bundeskaderschuetzen-und-landeskaderschuetze-verstaerken-die-sportler-des-schuetzenvereins-diez-freiendiez-ab-2015","status":"publish","type":"post","link":"https:\/\/www.sv-freiendiez.de\/?p=273","title":{"rendered":"Bundeskadersch\u00fctzen und Landeskadersch\u00fctze verst\u00e4rken die Sportler des Sch\u00fctzenvereins Diez Freiendiez ab 2015"},"content":{"rendered":"<p style=\"text-align: justify;\"><a href=\"http:\/\/www.sv-freiendiez.de\/wp-content\/uploads\/2015\/07\/kaderschuetzen.jpg\"><img loading=\"lazy\" decoding=\"async\" class=\"alignleft size-medium wp-image-274\" src=\"http:\/\/www.sv-freiendiez.de\/wp-content\/uploads\/2015\/07\/kaderschuetzen-214x300.jpg\" alt=\"Kadersch\u00fctzen\" width=\"214\" height=\"300\" srcset=\"https:\/\/www.sv-freiendiez.de\/wp-content\/uploads\/2015\/07\/kaderschuetzen-214x300.jpg 214w, https:\/\/www.sv-freiendiez.de\/wp-content\/uploads\/2015\/07\/kaderschuetzen.jpg 220w\" sizes=\"auto, (max-width: 214px) 100vw, 214px\" \/><\/a>Vier kurze &#8222;sportliche Steckbriefe&#8220; von den drei Bundeskader Pistolensch\u00fctzen des Deutschen Sch\u00fctzenbundes (Torben Engel, Patrick Meyer und Pierre Michel) sowie dem Landeskadersch\u00fctzen Pistole des Rheinischen Sch\u00fctzenbundes\u00a0(Stefan Decker) sind jetzt online. Ihr findet sie unter dem Menupunkt <em><strong>Sport -&gt; Sportliche Neuzug\u00e4nge<\/strong><\/em> oder direkt hier:<\/p>\n<p><a href=\"http:\/\/www.sv-freiendiez.de\/?page_id=256\">Patrick Meyer<\/a><br \/>\n<a href=\"http:\/\/www.sv-freiendiez.de\/?page_id=258\">Pierre Michel<\/a><br \/>\n<a href=\"http:\/\/www.sv-freiendiez.de\/?page_id=260\">Stefan Decker<\/a><br \/>\n<a href=\"http:\/\/www.sv-freiendiez.de\/?page_id=262\">Torben Engel<\/a><\/p>\n","protected":false},"excerpt":{"rendered":"<p>Vier kurze &#8222;sportliche Steckbriefe&#8220; von den drei Bundeskader Pistolensch\u00fctzen des Deutschen Sch\u00fctzenbundes (Torben Engel, Patrick Meyer und Pierre Michel) sowie dem Landeskadersch\u00fctzen Pistole des Rheinischen Sch\u00fctzenbundes\u00a0(Stefan Decker) sind jetzt online. Ihr findet sie unter dem Menupunkt Sport -&gt; Sportliche Neuzug\u00e4nge oder direkt hier: Patrick Meyer Pierre Michel Stefan Decker Torben Engel<\/p>\n","protected":false},"author":1,"featured_media":0,"comment_status":"closed","ping_status":"open","sticky":false,"template":"","format":"standard","meta":{"ngg_post_thumbnail":0,"footnotes":""},"categories":[1],"tags":[],"class_list":["post-273","post","type-post","status-publish","format-standard","hentry","category-allgemein"],"yoast_head":"<!-- This site is optimized with the Yoast SEO plugin v27.5 - https:\/\/yoast.com\/product\/yoast-seo-wordpress\/ -->\n<title>Bundeskadersch\u00fctzen und Landeskadersch\u00fctze verst\u00e4rken die Sportler des Sch\u00fctzenvereins Diez Freiendiez ab 2015 - SV Diez-Freiendiez 1928 e.V.<\/title>\n<meta name=\"robots\" content=\"index, follow, max-snippet:-1, max-image-preview:large, max-video-preview:-1\" \/>\n<link rel=\"canonical\" href=\"https:\/\/www.sv-freiendiez.de\/?p=273\" \/>\n<meta property=\"og:locale\" content=\"de_DE\" \/>\n<meta property=\"og:type\" content=\"article\" \/>\n<meta property=\"og:title\" content=\"Bundeskadersch\u00fctzen und Landeskadersch\u00fctze verst\u00e4rken die Sportler des Sch\u00fctzenvereins Diez Freiendiez ab 2015 - SV Diez-Freiendiez 1928 e.V.\" \/>\n<meta property=\"og:description\" content=\"Vier kurze &#8222;sportliche Steckbriefe&#8220; von den drei Bundeskader Pistolensch\u00fctzen des Deutschen Sch\u00fctzenbundes (Torben Engel, Patrick Meyer und Pierre Michel) sowie dem Landeskadersch\u00fctzen Pistole des Rheinischen Sch\u00fctzenbundes\u00a0(Stefan Decker) sind jetzt online. Ihr findet sie unter dem Menupunkt Sport -&gt; Sportliche Neuzug\u00e4nge oder direkt hier: Patrick Meyer Pierre Michel Stefan Decker Torben Engel\" \/>\n<meta property=\"og:url\" content=\"https:\/\/www.sv-freiendiez.de\/?p=273\" \/>\n<meta property=\"og:site_name\" content=\"SV Diez-Freiendiez 1928 e.V.\" \/>\n<meta property=\"article:publisher\" content=\"https:\/\/www.facebook.com\/svfreiendiez\/\" \/>\n<meta property=\"article:published_time\" content=\"2015-07-07T09:45:10+00:00\" \/>\n<meta property=\"article:modified_time\" content=\"2015-07-07T09:47:31+00:00\" \/>\n<meta property=\"og:image\" content=\"http:\/\/www.sv-freiendiez.de\/wp-content\/uploads\/2015\/07\/kaderschuetzen-214x300.jpg\" \/>\n<meta name=\"author\" content=\"editor\" \/>\n<meta name=\"twitter:card\" content=\"summary_large_image\" \/>\n<meta name=\"twitter:label1\" content=\"Verfasst von\" \/>\n\t<meta name=\"twitter:data1\" content=\"editor\" \/>\n<script type=\"application\/ld+json\" class=\"yoast-schema-graph\">{\"@context\":\"https:\\\/\\\/schema.org\",\"@graph\":[{\"@type\":\"Article\",\"@id\":\"https:\\\/\\\/www.sv-freiendiez.de\\\/?p=273#article\",\"isPartOf\":{\"@id\":\"https:\\\/\\\/www.sv-freiendiez.de\\\/?p=273\"},\"author\":{\"name\":\"editor\",\"@id\":\"https:\\\/\\\/www.sv-freiendiez.de\\\/#\\\/schema\\\/person\\\/e506fdcfcb3a8d0b33fb2982e44b9b79\"},\"headline\":\"Bundeskadersch\u00fctzen und Landeskadersch\u00fctze verst\u00e4rken die Sportler des Sch\u00fctzenvereins Diez Freiendiez ab 2015\",\"datePublished\":\"2015-07-07T09:45:10+00:00\",\"dateModified\":\"2015-07-07T09:47:31+00:00\",\"mainEntityOfPage\":{\"@id\":\"https:\\\/\\\/www.sv-freiendiez.de\\\/?p=273\"},\"wordCount\":73,\"publisher\":{\"@id\":\"https:\\\/\\\/www.sv-freiendiez.de\\\/#organization\"},\"image\":{\"@id\":\"https:\\\/\\\/www.sv-freiendiez.de\\\/?p=273#primaryimage\"},\"thumbnailUrl\":\"http:\\\/\\\/www.sv-freiendiez.de\\\/wp-content\\\/uploads\\\/2015\\\/07\\\/kaderschuetzen-214x300.jpg\",\"inLanguage\":\"de\"},{\"@type\":\"WebPage\",\"@id\":\"https:\\\/\\\/www.sv-freiendiez.de\\\/?p=273\",\"url\":\"https:\\\/\\\/www.sv-freiendiez.de\\\/?p=273\",\"name\":\"Bundeskadersch\u00fctzen und Landeskadersch\u00fctze verst\u00e4rken die Sportler des Sch\u00fctzenvereins Diez Freiendiez ab 2015 - SV Diez-Freiendiez 1928 e.V.\",\"isPartOf\":{\"@id\":\"https:\\\/\\\/www.sv-freiendiez.de\\\/#website\"},\"primaryImageOfPage\":{\"@id\":\"https:\\\/\\\/www.sv-freiendiez.de\\\/?p=273#primaryimage\"},\"image\":{\"@id\":\"https:\\\/\\\/www.sv-freiendiez.de\\\/?p=273#primaryimage\"},\"thumbnailUrl\":\"http:\\\/\\\/www.sv-freiendiez.de\\\/wp-content\\\/uploads\\\/2015\\\/07\\\/kaderschuetzen-214x300.jpg\",\"datePublished\":\"2015-07-07T09:45:10+00:00\",\"dateModified\":\"2015-07-07T09:47:31+00:00\",\"breadcrumb\":{\"@id\":\"https:\\\/\\\/www.sv-freiendiez.de\\\/?p=273#breadcrumb\"},\"inLanguage\":\"de\",\"potentialAction\":[{\"@type\":\"ReadAction\",\"target\":[\"https:\\\/\\\/www.sv-freiendiez.de\\\/?p=273\"]}]},{\"@type\":\"ImageObject\",\"inLanguage\":\"de\",\"@id\":\"https:\\\/\\\/www.sv-freiendiez.de\\\/?p=273#primaryimage\",\"url\":\"https:\\\/\\\/www.sv-freiendiez.de\\\/wp-content\\\/uploads\\\/2015\\\/07\\\/kaderschuetzen.jpg\",\"contentUrl\":\"https:\\\/\\\/www.sv-freiendiez.de\\\/wp-content\\\/uploads\\\/2015\\\/07\\\/kaderschuetzen.jpg\",\"width\":220,\"height\":308},{\"@type\":\"BreadcrumbList\",\"@id\":\"https:\\\/\\\/www.sv-freiendiez.de\\\/?p=273#breadcrumb\",\"itemListElement\":[{\"@type\":\"ListItem\",\"position\":1,\"name\":\"Startseite\",\"item\":\"https:\\\/\\\/www.sv-freiendiez.de\\\/\"},{\"@type\":\"ListItem\",\"position\":2,\"name\":\"Bundeskadersch\u00fctzen und Landeskadersch\u00fctze verst\u00e4rken die Sportler des Sch\u00fctzenvereins Diez Freiendiez ab 2015\"}]},{\"@type\":\"WebSite\",\"@id\":\"https:\\\/\\\/www.sv-freiendiez.de\\\/#website\",\"url\":\"https:\\\/\\\/www.sv-freiendiez.de\\\/\",\"name\":\"SV Diez-Freiendiez 1928 e.V.\",\"description\":\"Sch\u00fctzenverein Diez-Freiendiez 1928 e.V.\",\"publisher\":{\"@id\":\"https:\\\/\\\/www.sv-freiendiez.de\\\/#organization\"},\"potentialAction\":[{\"@type\":\"SearchAction\",\"target\":{\"@type\":\"EntryPoint\",\"urlTemplate\":\"https:\\\/\\\/www.sv-freiendiez.de\\\/?s={search_term_string}\"},\"query-input\":{\"@type\":\"PropertyValueSpecification\",\"valueRequired\":true,\"valueName\":\"search_term_string\"}}],\"inLanguage\":\"de\"},{\"@type\":\"Organization\",\"@id\":\"https:\\\/\\\/www.sv-freiendiez.de\\\/#organization\",\"name\":\"SV Diez-Freiendiez 1928 e.V.\",\"url\":\"https:\\\/\\\/www.sv-freiendiez.de\\\/\",\"logo\":{\"@type\":\"ImageObject\",\"inLanguage\":\"de\",\"@id\":\"https:\\\/\\\/www.sv-freiendiez.de\\\/#\\\/schema\\\/logo\\\/image\\\/\",\"url\":\"https:\\\/\\\/www.sv-freiendiez.de\\\/wp-content\\\/uploads\\\/2016\\\/12\\\/cropped-wappen250.png\",\"contentUrl\":\"https:\\\/\\\/www.sv-freiendiez.de\\\/wp-content\\\/uploads\\\/2016\\\/12\\\/cropped-wappen250.png\",\"width\":250,\"height\":250,\"caption\":\"SV Diez-Freiendiez 1928 e.V.\"},\"image\":{\"@id\":\"https:\\\/\\\/www.sv-freiendiez.de\\\/#\\\/schema\\\/logo\\\/image\\\/\"},\"sameAs\":[\"https:\\\/\\\/www.facebook.com\\\/svfreiendiez\\\/\"]},{\"@type\":\"Person\",\"@id\":\"https:\\\/\\\/www.sv-freiendiez.de\\\/#\\\/schema\\\/person\\\/e506fdcfcb3a8d0b33fb2982e44b9b79\",\"name\":\"editor\",\"image\":{\"@type\":\"ImageObject\",\"inLanguage\":\"de\",\"@id\":\"https:\\\/\\\/secure.gravatar.com\\\/avatar\\\/2e61a0e3091a1495360fb924e613dd25bace1d4a95a687bd9add8c68191636ff?s=96&d=mm&r=g\",\"url\":\"https:\\\/\\\/secure.gravatar.com\\\/avatar\\\/2e61a0e3091a1495360fb924e613dd25bace1d4a95a687bd9add8c68191636ff?s=96&d=mm&r=g\",\"contentUrl\":\"https:\\\/\\\/secure.gravatar.com\\\/avatar\\\/2e61a0e3091a1495360fb924e613dd25bace1d4a95a687bd9add8c68191636ff?s=96&d=mm&r=g\",\"caption\":\"editor\"},\"url\":\"https:\\\/\\\/www.sv-freiendiez.de\\\/?author=1\"}]}<\/script>\n<!-- \/ Yoast SEO plugin. -->","yoast_head_json":{"title":"Bundeskadersch\u00fctzen und Landeskadersch\u00fctze verst\u00e4rken die Sportler des Sch\u00fctzenvereins Diez Freiendiez ab 2015 - SV Diez-Freiendiez 1928 e.V.","robots":{"index":"index","follow":"follow","max-snippet":"max-snippet:-1","max-image-preview":"max-image-preview:large","max-video-preview":"max-video-preview:-1"},"canonical":"https:\/\/www.sv-freiendiez.de\/?p=273","og_locale":"de_DE","og_type":"article","og_title":"Bundeskadersch\u00fctzen und Landeskadersch\u00fctze verst\u00e4rken die Sportler des Sch\u00fctzenvereins Diez Freiendiez ab 2015 - SV Diez-Freiendiez 1928 e.V.","og_description":"Vier kurze &#8222;sportliche Steckbriefe&#8220; von den drei Bundeskader Pistolensch\u00fctzen des Deutschen Sch\u00fctzenbundes (Torben Engel, Patrick Meyer und Pierre Michel) sowie dem Landeskadersch\u00fctzen Pistole des Rheinischen Sch\u00fctzenbundes\u00a0(Stefan Decker) sind jetzt online. Ihr findet sie unter dem Menupunkt Sport -&gt; Sportliche Neuzug\u00e4nge oder direkt hier: Patrick Meyer Pierre Michel Stefan Decker Torben Engel","og_url":"https:\/\/www.sv-freiendiez.de\/?p=273","og_site_name":"SV Diez-Freiendiez 1928 e.V.","article_publisher":"https:\/\/www.facebook.com\/svfreiendiez\/","article_published_time":"2015-07-07T09:45:10+00:00","article_modified_time":"2015-07-07T09:47:31+00:00","og_image":[{"url":"http:\/\/www.sv-freiendiez.de\/wp-content\/uploads\/2015\/07\/kaderschuetzen-214x300.jpg","type":"","width":"","height":""}],"author":"editor","twitter_card":"summary_large_image","twitter_misc":{"Verfasst von":"editor"},"schema":{"@context":"https:\/\/schema.org","@graph":[{"@type":"Article","@id":"https:\/\/www.sv-freiendiez.de\/?p=273#article","isPartOf":{"@id":"https:\/\/www.sv-freiendiez.de\/?p=273"},"author":{"name":"editor","@id":"https:\/\/www.sv-freiendiez.de\/#\/schema\/person\/e506fdcfcb3a8d0b33fb2982e44b9b79"},"headline":"Bundeskadersch\u00fctzen und Landeskadersch\u00fctze verst\u00e4rken die Sportler des Sch\u00fctzenvereins Diez Freiendiez ab 2015","datePublished":"2015-07-07T09:45:10+00:00","dateModified":"2015-07-07T09:47:31+00:00","mainEntityOfPage":{"@id":"https:\/\/www.sv-freiendiez.de\/?p=273"},"wordCount":73,"publisher":{"@id":"https:\/\/www.sv-freiendiez.de\/#organization"},"image":{"@id":"https:\/\/www.sv-freiendiez.de\/?p=273#primaryimage"},"thumbnailUrl":"http:\/\/www.sv-freiendiez.de\/wp-content\/uploads\/2015\/07\/kaderschuetzen-214x300.jpg","inLanguage":"de"},{"@type":"WebPage","@id":"https:\/\/www.sv-freiendiez.de\/?p=273","url":"https:\/\/www.sv-freiendiez.de\/?p=273","name":"Bundeskadersch\u00fctzen und Landeskadersch\u00fctze verst\u00e4rken die Sportler des Sch\u00fctzenvereins Diez Freiendiez ab 2015 - SV Diez-Freiendiez 1928 e.V.","isPartOf":{"@id":"https:\/\/www.sv-freiendiez.de\/#website"},"primaryImageOfPage":{"@id":"https:\/\/www.sv-freiendiez.de\/?p=273#primaryimage"},"image":{"@id":"https:\/\/www.sv-freiendiez.de\/?p=273#primaryimage"},"thumbnailUrl":"http:\/\/www.sv-freiendiez.de\/wp-content\/uploads\/2015\/07\/kaderschuetzen-214x300.jpg","datePublished":"2015-07-07T09:45:10+00:00","dateModified":"2015-07-07T09:47:31+00:00","breadcrumb":{"@id":"https:\/\/www.sv-freiendiez.de\/?p=273#breadcrumb"},"inLanguage":"de","potentialAction":[{"@type":"ReadAction","target":["https:\/\/www.sv-freiendiez.de\/?p=273"]}]},{"@type":"ImageObject","inLanguage":"de","@id":"https:\/\/www.sv-freiendiez.de\/?p=273#primaryimage","url":"https:\/\/www.sv-freiendiez.de\/wp-content\/uploads\/2015\/07\/kaderschuetzen.jpg","contentUrl":"https:\/\/www.sv-freiendiez.de\/wp-content\/uploads\/2015\/07\/kaderschuetzen.jpg","width":220,"height":308},{"@type":"BreadcrumbList","@id":"https:\/\/www.sv-freiendiez.de\/?p=273#breadcrumb","itemListElement":[{"@type":"ListItem","position":1,"name":"Startseite","item":"https:\/\/www.sv-freiendiez.de\/"},{"@type":"ListItem","position":2,"name":"Bundeskadersch\u00fctzen und Landeskadersch\u00fctze verst\u00e4rken die Sportler des Sch\u00fctzenvereins Diez Freiendiez ab 2015"}]},{"@type":"WebSite","@id":"https:\/\/www.sv-freiendiez.de\/#website","url":"https:\/\/www.sv-freiendiez.de\/","name":"SV Diez-Freiendiez 1928 e.V.","description":"Sch\u00fctzenverein Diez-Freiendiez 1928 e.V.","publisher":{"@id":"https:\/\/www.sv-freiendiez.de\/#organization"},"potentialAction":[{"@type":"SearchAction","target":{"@type":"EntryPoint","urlTemplate":"https:\/\/www.sv-freiendiez.de\/?s={search_term_string}"},"query-input":{"@type":"PropertyValueSpecification","valueRequired":true,"valueName":"search_term_string"}}],"inLanguage":"de"},{"@type":"Organization","@id":"https:\/\/www.sv-freiendiez.de\/#organization","name":"SV Diez-Freiendiez 1928 e.V.","url":"https:\/\/www.sv-freiendiez.de\/","logo":{"@type":"ImageObject","inLanguage":"de","@id":"https:\/\/www.sv-freiendiez.de\/#\/schema\/logo\/image\/","url":"https:\/\/www.sv-freiendiez.de\/wp-content\/uploads\/2016\/12\/cropped-wappen250.png","contentUrl":"https:\/\/www.sv-freiendiez.de\/wp-content\/uploads\/2016\/12\/cropped-wappen250.png","width":250,"height":250,"caption":"SV Diez-Freiendiez 1928 e.V."},"image":{"@id":"https:\/\/www.sv-freiendiez.de\/#\/schema\/logo\/image\/"},"sameAs":["https:\/\/www.facebook.com\/svfreiendiez\/"]},{"@type":"Person","@id":"https:\/\/www.sv-freiendiez.de\/#\/schema\/person\/e506fdcfcb3a8d0b33fb2982e44b9b79","name":"editor","image":{"@type":"ImageObject","inLanguage":"de","@id":"https:\/\/secure.gravatar.com\/avatar\/2e61a0e3091a1495360fb924e613dd25bace1d4a95a687bd9add8c68191636ff?s=96&d=mm&r=g","url":"https:\/\/secure.gravatar.com\/avatar\/2e61a0e3091a1495360fb924e613dd25bace1d4a95a687bd9add8c68191636ff?s=96&d=mm&r=g","contentUrl":"https:\/\/secure.gravatar.com\/avatar\/2e61a0e3091a1495360fb924e613dd25bace1d4a95a687bd9add8c68191636ff?s=96&d=mm&r=g","caption":"editor"},"url":"https:\/\/www.sv-freiendiez.de\/?author=1"}]}},"_links":{"self":[{"href":"https:\/\/www.sv-freiendiez.de\/index.php?rest_route=\/wp\/v2\/posts\/273","targetHints":{"allow":["GET"]}}],"collection":[{"href":"https:\/\/www.sv-freiendiez.de\/index.php?rest_route=\/wp\/v2\/posts"}],"about":[{"href":"https:\/\/www.sv-freiendiez.de\/index.php?rest_route=\/wp\/v2\/types\/post"}],"author":[{"embeddable":true,"href":"https:\/\/www.sv-freiendiez.de\/index.php?rest_route=\/wp\/v2\/users\/1"}],"replies":[{"embeddable":true,"href":"https:\/\/www.sv-freiendiez.de\/index.php?rest_route=%2Fwp%2Fv2%2Fcomments&post=273"}],"version-history":[{"count":0,"href":"https:\/\/www.sv-freiendiez.de\/index.php?rest_route=\/wp\/v2\/posts\/273\/revisions"}],"wp:attachment":[{"href":"https:\/\/www.sv-freiendiez.de\/index.php?rest_route=%2Fwp%2Fv2%2Fmedia&parent=273"}],"wp:term":[{"taxonomy":"category","embeddable":true,"href":"https:\/\/www.sv-freiendiez.de\/index.php?rest_route=%2Fwp%2Fv2%2Fcategories&post=273"},{"taxonomy":"post_tag","embeddable":true,"href":"https:\/\/www.sv-freiendiez.de\/index.php?rest_route=%2Fwp%2Fv2%2Ftags&post=273"}],"curies":[{"name":"wp","href":"https:\/\/api.w.org\/{rel}","templated":true}]}}