{"id":2264,"date":"2017-10-19T18:52:38","date_gmt":"2017-10-19T16:52:38","guid":{"rendered":"http:\/\/www.sv-freiendiez.de\/?p=2264"},"modified":"2017-10-24T13:59:13","modified_gmt":"2017-10-24T11:59:13","slug":"die-sache-mit-dem-schluessel","status":"publish","type":"post","link":"https:\/\/www.sv-freiendiez.de\/?p=2264","title":{"rendered":"Die Sache mit dem Schl\u00fcssel"},"content":{"rendered":"<p style=\"text-align: justify;\"><img loading=\"lazy\" decoding=\"async\" class=\"alignleft size-full wp-image-1462\" src=\"http:\/\/www.sv-freiendiez.de\/wp-content\/uploads\/2017\/05\/WaffG-Schein-klein.png\" alt=\"\" height=\"180\" width=\"286\">Viele von Euch werden sich, als sie ein Sicherheitsbeh\u00e4ltnis f\u00fcr Ihre Waffen kauften, f\u00fcr die kosteng\u00fcnstigere Variante mit einem Schl\u00fcssel entschieden haben. Warum auch nicht, unser Hobby ist eh&#8216; teuer genug.<\/p>\n<p style=\"text-align: justify;\">Aber der Schl\u00fcssel hat ein Problem: Wohin mit dem Ding?<!--more--><\/p>\n<p style=\"text-align: justify;\">Zun\u00e4chst mal ein Auszug aus dem Waffengesetz zum Thema Zuverl\u00e4ssigkeit:<\/p>\n<blockquote>\n<p style=\"text-align: justify;\"><strong>WaffG \u00a76 Absatz 1.3<\/strong><br \/>\nDie erforderliche pers\u00f6nliche Eignung besizten Personen nicht, wenn Tatsachen die Annahme rechtfertigen das<br \/>\n&#8230;<br \/>\n3. auf Grund in der Person liegender Umst\u00e4nde mit Waffen oder Munition nicht vorsichtig umgegangen oder diese Gegenst\u00e4nde nicht sorgf\u00e4ltig verwahren k\u00f6nnen oder dass die konkrete Gefahr einer Fremd- oder Selbstgef\u00e4hrdung besteht.<\/p>\n<\/blockquote>\n<p style=\"text-align: justify;\">&#8222;sorgf\u00e4ltig verwahren&#8220; &#8211; das ist der Punkt, auf den es hinausl\u00e4uft.<\/p>\n<p style=\"text-align: justify;\">In der Community gibt es Berichte, das Beh\u00f6rden seit neuestem nach dem Aufbewahrungsort des Schl\u00fcssels fragen. In dem gemeinten Bericht wurde der Schl\u00fcssel vom Eigent\u00fcmer &#8222;nur&#8220; versteckt. Nach Auffasung der pr\u00fcfenden Beh\u00f6rde war das eine &#8222;grob Fahrl\u00e4ssige&#8220; Handlung und stellte die Zuverl\u00e4ssigkeit des Sportsch\u00fctzen in Frage. Was das bedeutet wei\u00df jeder &#8211; die Waffen wurden erstmal von der Beh\u00f6rde kassiert.<\/p>\n<p style=\"text-align: justify;\">Dazu erstmal ein Zitat aus dem <a href=\"http:\/\/www.sv-freiendiez.de\/wp-content\/uploads\/2017\/10\/waffmun.pdf\" target=\"_blank\" rel=\"noopener\">Merkblatt des LKA Bayern, Seite 39:<\/a><\/p>\n<blockquote>\n<p style=\"text-align: justify;\">Wird ein Schl\u00fcssel eines Wertbeh\u00e4ltnisses in einem &#8211; weiteren, geringwertigeren &#8211; Beh\u00e4ltnis aufbewahrt, so kann das Wertbeh\u00e4ltnis nur als so sicher oder gleichgestellt eingestuft werden, wie das Schl\u00fcsselaufbewahrungsbeh\u00e4ltnis. Das h\u00f6herwertige Wertbeh\u00e4ltnis zur Waffenaufbewahrung wird somit abgewertet. Ist erstmal das Schl\u00fcsselaufbewahrungsbeh\u00e4ltnis aufgebrochen, dann ist auch das h\u00f6herwertige Wertbeh\u00e4ltnis ge\u00f6ffnet!<\/p>\n<\/blockquote>\n<p style=\"text-align: justify;\">Ihr ahnt worauf das hinausl\u00e4uft. Im W\u00e4scheschrank verstecken oder gutgemeint in einer Geldschlie\u00dfkassette aufbewahren reicht nicht! Selbst das st\u00e4ndige Herumtragen an Eurem K\u00f6rper reicht streng genommen nicht: Denn wenn ihr schlaft, verf\u00fcgt ihr nicht mehr \u00fcber die im WaffG beschschriebene &#8222;tats\u00e4chliche Gewalt&#8220; \u00fcber Eure Waffen.<\/p>\n<p style=\"text-align: justify;\">Das einzige was euch gegen\u00fcber der Waffenbeh\u00f6rde und Beanstandungen &#8222;safe&#8220; macht ist folgendes: Kauft Euch einen kleinen Waffenschrank mit einem Zahlen- oder biometrischen Schlo\u00df &#8211; nat\u00fcrlich gem\u00e4\u00df Euren Waffenschr\u00e4nken die ihr einsetzen m\u00fcsst: F\u00fcr alle bestandsgesch\u00fctzten A oder B Schrank Besitzer, reicht ein kleiner B-Schrank, f\u00fcr alle von der Neuregelung der Waffenaufbewahrung betroffenen, werdet ihr Euch nach einem gleichwertigen Schrank umsehen m\u00fcssen.<\/p>\n<p style=\"text-align: justify;\">Wenn ihr also euren Schl\u00fcssel von Eurem A oder B &#8211; Schrank in einen kleinen mit Zahlen- oder Biometrikschlo\u00df versehenen B-Schrank legt, seid ihr konform zum Waffengesetz.<\/p>\n<p style=\"text-align: justify;\">Achtet darauf, das sich die Batterien an dem Zahlen- oder Biometrikschlo\u00df von aussen wechseln lassen. Sonst kann es sein, das ihr trotzdem wieder einen Schl\u00fcssel bekommt, den Ihr sicher verwahren m\u00fcsst.<\/p>\n<p style=\"text-align: justify;\">Wie ihr seht, kann euch die Waffenbeh\u00f6rde ganz sch\u00f6n \u00e4rgern. Also geht auf Nummer sicher und sorgt daf\u00fcr, dass euer Schl\u00fcssel gesetzteskonform aufbewahrt wird. Sonst k\u00f6nnte es jede Menge \u00c4rger geben.<\/p>\n<p>Danke an die Macher vom Youtube Kanal <a href=\"https:\/\/www.youtube.com\/channel\/UCNj_cyh0wyUB5eieMIBRVjQ\" target=\"_blank\" rel=\"noopener\">&#8222;Lassen Sie es krachen&#8220;<\/a>, auf dem dieser Artikel basiert! <a href=\"https:\/\/www.youtube.com\/watch?v=p3LxEbe7-KQ\" target=\"_blank\" rel=\"noopener\">Der Link zum Video<\/a>.<\/p>\n<p>&nbsp;<\/p>\n<p>&nbsp;<\/p>\n","protected":false},"excerpt":{"rendered":"<p>Viele von Euch werden sich, als sie ein Sicherheitsbeh\u00e4ltnis f\u00fcr Ihre Waffen kauften, f\u00fcr die kosteng\u00fcnstigere Variante mit einem Schl\u00fcssel entschieden haben. Warum auch nicht, unser Hobby ist eh&#8216; teuer genug. Aber der Schl\u00fcssel hat ein Problem: Wohin mit dem Ding?<\/p>\n","protected":false},"author":1,"featured_media":0,"comment_status":"closed","ping_status":"closed","sticky":false,"template":"","format":"standard","meta":{"ngg_post_thumbnail":0,"footnotes":""},"categories":[1,25],"tags":[],"class_list":["post-2264","post","type-post","status-publish","format-standard","hentry","category-allgemein","category-recht"],"yoast_head":"<!-- This site is optimized with the Yoast SEO plugin v27.5 - https:\/\/yoast.com\/product\/yoast-seo-wordpress\/ -->\n<title>Die Sache mit dem Schl\u00fcssel - SV Diez-Freiendiez 1928 e.V.<\/title>\n<meta name=\"robots\" content=\"index, follow, max-snippet:-1, max-image-preview:large, max-video-preview:-1\" \/>\n<link rel=\"canonical\" href=\"https:\/\/www.sv-freiendiez.de\/?p=2264\" \/>\n<meta property=\"og:locale\" content=\"de_DE\" \/>\n<meta property=\"og:type\" content=\"article\" \/>\n<meta property=\"og:title\" content=\"Die Sache mit dem Schl\u00fcssel - SV Diez-Freiendiez 1928 e.V.\" \/>\n<meta property=\"og:description\" content=\"Viele von Euch werden sich, als sie ein Sicherheitsbeh\u00e4ltnis f\u00fcr Ihre Waffen kauften, f\u00fcr die kosteng\u00fcnstigere Variante mit einem Schl\u00fcssel entschieden haben. Warum auch nicht, unser Hobby ist eh&#8216; teuer genug. Aber der Schl\u00fcssel hat ein Problem: Wohin mit dem Ding?\" \/>\n<meta property=\"og:url\" content=\"https:\/\/www.sv-freiendiez.de\/?p=2264\" \/>\n<meta property=\"og:site_name\" content=\"SV Diez-Freiendiez 1928 e.V.\" \/>\n<meta property=\"article:publisher\" content=\"https:\/\/www.facebook.com\/svfreiendiez\/\" \/>\n<meta property=\"article:published_time\" content=\"2017-10-19T16:52:38+00:00\" \/>\n<meta property=\"article:modified_time\" content=\"2017-10-24T11:59:13+00:00\" \/>\n<meta property=\"og:image\" content=\"http:\/\/www.sv-freiendiez.de\/wp-content\/uploads\/2017\/05\/WaffG-Schein-klein.png\" \/>\n<meta name=\"author\" content=\"editor\" \/>\n<meta name=\"twitter:card\" content=\"summary_large_image\" \/>\n<meta name=\"twitter:label1\" content=\"Verfasst von\" \/>\n\t<meta name=\"twitter:data1\" content=\"editor\" \/>\n\t<meta name=\"twitter:label2\" content=\"Gesch\u00e4tzte Lesezeit\" \/>\n\t<meta name=\"twitter:data2\" content=\"3\u00a0Minuten\" \/>\n<script type=\"application\/ld+json\" class=\"yoast-schema-graph\">{\"@context\":\"https:\\\/\\\/schema.org\",\"@graph\":[{\"@type\":\"Article\",\"@id\":\"https:\\\/\\\/www.sv-freiendiez.de\\\/?p=2264#article\",\"isPartOf\":{\"@id\":\"https:\\\/\\\/www.sv-freiendiez.de\\\/?p=2264\"},\"author\":{\"name\":\"editor\",\"@id\":\"https:\\\/\\\/www.sv-freiendiez.de\\\/#\\\/schema\\\/person\\\/e506fdcfcb3a8d0b33fb2982e44b9b79\"},\"headline\":\"Die Sache mit dem Schl\u00fcssel\",\"datePublished\":\"2017-10-19T16:52:38+00:00\",\"dateModified\":\"2017-10-24T11:59:13+00:00\",\"mainEntityOfPage\":{\"@id\":\"https:\\\/\\\/www.sv-freiendiez.de\\\/?p=2264\"},\"wordCount\":514,\"publisher\":{\"@id\":\"https:\\\/\\\/www.sv-freiendiez.de\\\/#organization\"},\"image\":{\"@id\":\"https:\\\/\\\/www.sv-freiendiez.de\\\/?p=2264#primaryimage\"},\"thumbnailUrl\":\"http:\\\/\\\/www.sv-freiendiez.de\\\/wp-content\\\/uploads\\\/2017\\\/05\\\/WaffG-Schein-klein.png\",\"articleSection\":{\"1\":\"Recht\"},\"inLanguage\":\"de\"},{\"@type\":\"WebPage\",\"@id\":\"https:\\\/\\\/www.sv-freiendiez.de\\\/?p=2264\",\"url\":\"https:\\\/\\\/www.sv-freiendiez.de\\\/?p=2264\",\"name\":\"Die Sache mit dem Schl\u00fcssel - SV Diez-Freiendiez 1928 e.V.\",\"isPartOf\":{\"@id\":\"https:\\\/\\\/www.sv-freiendiez.de\\\/#website\"},\"primaryImageOfPage\":{\"@id\":\"https:\\\/\\\/www.sv-freiendiez.de\\\/?p=2264#primaryimage\"},\"image\":{\"@id\":\"https:\\\/\\\/www.sv-freiendiez.de\\\/?p=2264#primaryimage\"},\"thumbnailUrl\":\"http:\\\/\\\/www.sv-freiendiez.de\\\/wp-content\\\/uploads\\\/2017\\\/05\\\/WaffG-Schein-klein.png\",\"datePublished\":\"2017-10-19T16:52:38+00:00\",\"dateModified\":\"2017-10-24T11:59:13+00:00\",\"breadcrumb\":{\"@id\":\"https:\\\/\\\/www.sv-freiendiez.de\\\/?p=2264#breadcrumb\"},\"inLanguage\":\"de\",\"potentialAction\":[{\"@type\":\"ReadAction\",\"target\":[\"https:\\\/\\\/www.sv-freiendiez.de\\\/?p=2264\"]}]},{\"@type\":\"ImageObject\",\"inLanguage\":\"de\",\"@id\":\"https:\\\/\\\/www.sv-freiendiez.de\\\/?p=2264#primaryimage\",\"url\":\"https:\\\/\\\/www.sv-freiendiez.de\\\/wp-content\\\/uploads\\\/2017\\\/05\\\/WaffG-Schein-klein.png\",\"contentUrl\":\"https:\\\/\\\/www.sv-freiendiez.de\\\/wp-content\\\/uploads\\\/2017\\\/05\\\/WaffG-Schein-klein.png\",\"width\":286,\"height\":180},{\"@type\":\"BreadcrumbList\",\"@id\":\"https:\\\/\\\/www.sv-freiendiez.de\\\/?p=2264#breadcrumb\",\"itemListElement\":[{\"@type\":\"ListItem\",\"position\":1,\"name\":\"Startseite\",\"item\":\"https:\\\/\\\/www.sv-freiendiez.de\\\/\"},{\"@type\":\"ListItem\",\"position\":2,\"name\":\"Die Sache mit dem Schl\u00fcssel\"}]},{\"@type\":\"WebSite\",\"@id\":\"https:\\\/\\\/www.sv-freiendiez.de\\\/#website\",\"url\":\"https:\\\/\\\/www.sv-freiendiez.de\\\/\",\"name\":\"SV Diez-Freiendiez 1928 e.V.\",\"description\":\"Sch\u00fctzenverein Diez-Freiendiez 1928 e.V.\",\"publisher\":{\"@id\":\"https:\\\/\\\/www.sv-freiendiez.de\\\/#organization\"},\"potentialAction\":[{\"@type\":\"SearchAction\",\"target\":{\"@type\":\"EntryPoint\",\"urlTemplate\":\"https:\\\/\\\/www.sv-freiendiez.de\\\/?s={search_term_string}\"},\"query-input\":{\"@type\":\"PropertyValueSpecification\",\"valueRequired\":true,\"valueName\":\"search_term_string\"}}],\"inLanguage\":\"de\"},{\"@type\":\"Organization\",\"@id\":\"https:\\\/\\\/www.sv-freiendiez.de\\\/#organization\",\"name\":\"SV Diez-Freiendiez 1928 e.V.\",\"url\":\"https:\\\/\\\/www.sv-freiendiez.de\\\/\",\"logo\":{\"@type\":\"ImageObject\",\"inLanguage\":\"de\",\"@id\":\"https:\\\/\\\/www.sv-freiendiez.de\\\/#\\\/schema\\\/logo\\\/image\\\/\",\"url\":\"https:\\\/\\\/www.sv-freiendiez.de\\\/wp-content\\\/uploads\\\/2016\\\/12\\\/cropped-wappen250.png\",\"contentUrl\":\"https:\\\/\\\/www.sv-freiendiez.de\\\/wp-content\\\/uploads\\\/2016\\\/12\\\/cropped-wappen250.png\",\"width\":250,\"height\":250,\"caption\":\"SV Diez-Freiendiez 1928 e.V.\"},\"image\":{\"@id\":\"https:\\\/\\\/www.sv-freiendiez.de\\\/#\\\/schema\\\/logo\\\/image\\\/\"},\"sameAs\":[\"https:\\\/\\\/www.facebook.com\\\/svfreiendiez\\\/\"]},{\"@type\":\"Person\",\"@id\":\"https:\\\/\\\/www.sv-freiendiez.de\\\/#\\\/schema\\\/person\\\/e506fdcfcb3a8d0b33fb2982e44b9b79\",\"name\":\"editor\",\"image\":{\"@type\":\"ImageObject\",\"inLanguage\":\"de\",\"@id\":\"https:\\\/\\\/secure.gravatar.com\\\/avatar\\\/2e61a0e3091a1495360fb924e613dd25bace1d4a95a687bd9add8c68191636ff?s=96&d=mm&r=g\",\"url\":\"https:\\\/\\\/secure.gravatar.com\\\/avatar\\\/2e61a0e3091a1495360fb924e613dd25bace1d4a95a687bd9add8c68191636ff?s=96&d=mm&r=g\",\"contentUrl\":\"https:\\\/\\\/secure.gravatar.com\\\/avatar\\\/2e61a0e3091a1495360fb924e613dd25bace1d4a95a687bd9add8c68191636ff?s=96&d=mm&r=g\",\"caption\":\"editor\"},\"url\":\"https:\\\/\\\/www.sv-freiendiez.de\\\/?author=1\"}]}<\/script>\n<!-- \/ Yoast SEO plugin. -->","yoast_head_json":{"title":"Die Sache mit dem Schl\u00fcssel - SV Diez-Freiendiez 1928 e.V.","robots":{"index":"index","follow":"follow","max-snippet":"max-snippet:-1","max-image-preview":"max-image-preview:large","max-video-preview":"max-video-preview:-1"},"canonical":"https:\/\/www.sv-freiendiez.de\/?p=2264","og_locale":"de_DE","og_type":"article","og_title":"Die Sache mit dem Schl\u00fcssel - SV Diez-Freiendiez 1928 e.V.","og_description":"Viele von Euch werden sich, als sie ein Sicherheitsbeh\u00e4ltnis f\u00fcr Ihre Waffen kauften, f\u00fcr die kosteng\u00fcnstigere Variante mit einem Schl\u00fcssel entschieden haben. Warum auch nicht, unser Hobby ist eh&#8216; teuer genug. Aber der Schl\u00fcssel hat ein Problem: Wohin mit dem Ding?","og_url":"https:\/\/www.sv-freiendiez.de\/?p=2264","og_site_name":"SV Diez-Freiendiez 1928 e.V.","article_publisher":"https:\/\/www.facebook.com\/svfreiendiez\/","article_published_time":"2017-10-19T16:52:38+00:00","article_modified_time":"2017-10-24T11:59:13+00:00","og_image":[{"url":"http:\/\/www.sv-freiendiez.de\/wp-content\/uploads\/2017\/05\/WaffG-Schein-klein.png","type":"","width":"","height":""}],"author":"editor","twitter_card":"summary_large_image","twitter_misc":{"Verfasst von":"editor","Gesch\u00e4tzte Lesezeit":"3\u00a0Minuten"},"schema":{"@context":"https:\/\/schema.org","@graph":[{"@type":"Article","@id":"https:\/\/www.sv-freiendiez.de\/?p=2264#article","isPartOf":{"@id":"https:\/\/www.sv-freiendiez.de\/?p=2264"},"author":{"name":"editor","@id":"https:\/\/www.sv-freiendiez.de\/#\/schema\/person\/e506fdcfcb3a8d0b33fb2982e44b9b79"},"headline":"Die Sache mit dem Schl\u00fcssel","datePublished":"2017-10-19T16:52:38+00:00","dateModified":"2017-10-24T11:59:13+00:00","mainEntityOfPage":{"@id":"https:\/\/www.sv-freiendiez.de\/?p=2264"},"wordCount":514,"publisher":{"@id":"https:\/\/www.sv-freiendiez.de\/#organization"},"image":{"@id":"https:\/\/www.sv-freiendiez.de\/?p=2264#primaryimage"},"thumbnailUrl":"http:\/\/www.sv-freiendiez.de\/wp-content\/uploads\/2017\/05\/WaffG-Schein-klein.png","articleSection":{"1":"Recht"},"inLanguage":"de"},{"@type":"WebPage","@id":"https:\/\/www.sv-freiendiez.de\/?p=2264","url":"https:\/\/www.sv-freiendiez.de\/?p=2264","name":"Die Sache mit dem Schl\u00fcssel - SV Diez-Freiendiez 1928 e.V.","isPartOf":{"@id":"https:\/\/www.sv-freiendiez.de\/#website"},"primaryImageOfPage":{"@id":"https:\/\/www.sv-freiendiez.de\/?p=2264#primaryimage"},"image":{"@id":"https:\/\/www.sv-freiendiez.de\/?p=2264#primaryimage"},"thumbnailUrl":"http:\/\/www.sv-freiendiez.de\/wp-content\/uploads\/2017\/05\/WaffG-Schein-klein.png","datePublished":"2017-10-19T16:52:38+00:00","dateModified":"2017-10-24T11:59:13+00:00","breadcrumb":{"@id":"https:\/\/www.sv-freiendiez.de\/?p=2264#breadcrumb"},"inLanguage":"de","potentialAction":[{"@type":"ReadAction","target":["https:\/\/www.sv-freiendiez.de\/?p=2264"]}]},{"@type":"ImageObject","inLanguage":"de","@id":"https:\/\/www.sv-freiendiez.de\/?p=2264#primaryimage","url":"https:\/\/www.sv-freiendiez.de\/wp-content\/uploads\/2017\/05\/WaffG-Schein-klein.png","contentUrl":"https:\/\/www.sv-freiendiez.de\/wp-content\/uploads\/2017\/05\/WaffG-Schein-klein.png","width":286,"height":180},{"@type":"BreadcrumbList","@id":"https:\/\/www.sv-freiendiez.de\/?p=2264#breadcrumb","itemListElement":[{"@type":"ListItem","position":1,"name":"Startseite","item":"https:\/\/www.sv-freiendiez.de\/"},{"@type":"ListItem","position":2,"name":"Die Sache mit dem Schl\u00fcssel"}]},{"@type":"WebSite","@id":"https:\/\/www.sv-freiendiez.de\/#website","url":"https:\/\/www.sv-freiendiez.de\/","name":"SV Diez-Freiendiez 1928 e.V.","description":"Sch\u00fctzenverein Diez-Freiendiez 1928 e.V.","publisher":{"@id":"https:\/\/www.sv-freiendiez.de\/#organization"},"potentialAction":[{"@type":"SearchAction","target":{"@type":"EntryPoint","urlTemplate":"https:\/\/www.sv-freiendiez.de\/?s={search_term_string}"},"query-input":{"@type":"PropertyValueSpecification","valueRequired":true,"valueName":"search_term_string"}}],"inLanguage":"de"},{"@type":"Organization","@id":"https:\/\/www.sv-freiendiez.de\/#organization","name":"SV Diez-Freiendiez 1928 e.V.","url":"https:\/\/www.sv-freiendiez.de\/","logo":{"@type":"ImageObject","inLanguage":"de","@id":"https:\/\/www.sv-freiendiez.de\/#\/schema\/logo\/image\/","url":"https:\/\/www.sv-freiendiez.de\/wp-content\/uploads\/2016\/12\/cropped-wappen250.png","contentUrl":"https:\/\/www.sv-freiendiez.de\/wp-content\/uploads\/2016\/12\/cropped-wappen250.png","width":250,"height":250,"caption":"SV Diez-Freiendiez 1928 e.V."},"image":{"@id":"https:\/\/www.sv-freiendiez.de\/#\/schema\/logo\/image\/"},"sameAs":["https:\/\/www.facebook.com\/svfreiendiez\/"]},{"@type":"Person","@id":"https:\/\/www.sv-freiendiez.de\/#\/schema\/person\/e506fdcfcb3a8d0b33fb2982e44b9b79","name":"editor","image":{"@type":"ImageObject","inLanguage":"de","@id":"https:\/\/secure.gravatar.com\/avatar\/2e61a0e3091a1495360fb924e613dd25bace1d4a95a687bd9add8c68191636ff?s=96&d=mm&r=g","url":"https:\/\/secure.gravatar.com\/avatar\/2e61a0e3091a1495360fb924e613dd25bace1d4a95a687bd9add8c68191636ff?s=96&d=mm&r=g","contentUrl":"https:\/\/secure.gravatar.com\/avatar\/2e61a0e3091a1495360fb924e613dd25bace1d4a95a687bd9add8c68191636ff?s=96&d=mm&r=g","caption":"editor"},"url":"https:\/\/www.sv-freiendiez.de\/?author=1"}]}},"_links":{"self":[{"href":"https:\/\/www.sv-freiendiez.de\/index.php?rest_route=\/wp\/v2\/posts\/2264","targetHints":{"allow":["GET"]}}],"collection":[{"href":"https:\/\/www.sv-freiendiez.de\/index.php?rest_route=\/wp\/v2\/posts"}],"about":[{"href":"https:\/\/www.sv-freiendiez.de\/index.php?rest_route=\/wp\/v2\/types\/post"}],"author":[{"embeddable":true,"href":"https:\/\/www.sv-freiendiez.de\/index.php?rest_route=\/wp\/v2\/users\/1"}],"replies":[{"embeddable":true,"href":"https:\/\/www.sv-freiendiez.de\/index.php?rest_route=%2Fwp%2Fv2%2Fcomments&post=2264"}],"version-history":[{"count":0,"href":"https:\/\/www.sv-freiendiez.de\/index.php?rest_route=\/wp\/v2\/posts\/2264\/revisions"}],"wp:attachment":[{"href":"https:\/\/www.sv-freiendiez.de\/index.php?rest_route=%2Fwp%2Fv2%2Fmedia&parent=2264"}],"wp:term":[{"taxonomy":"category","embeddable":true,"href":"https:\/\/www.sv-freiendiez.de\/index.php?rest_route=%2Fwp%2Fv2%2Fcategories&post=2264"},{"taxonomy":"post_tag","embeddable":true,"href":"https:\/\/www.sv-freiendiez.de\/index.php?rest_route=%2Fwp%2Fv2%2Ftags&post=2264"}],"curies":[{"name":"wp","href":"https:\/\/api.w.org\/{rel}","templated":true}]}}