{"id":197,"date":"2015-06-12T21:39:03","date_gmt":"2015-06-12T19:39:03","guid":{"rendered":"http:\/\/www.sv-freiendiez.de\/?p=197"},"modified":"2015-06-12T21:43:24","modified_gmt":"2015-06-12T19:43:24","slug":"wichtig-an-alle-teilnehmer-des-ligawettbewerbs-am-sonntag-dem-14-juni-in-unserem-schuetzenhaus","status":"publish","type":"post","link":"https:\/\/www.sv-freiendiez.de\/?p=197","title":{"rendered":"!!!WICHTIG!!! An alle Teilnehmer des Ligawettbewerbs am Sonntag, dem 14. Juni in unserem Sch\u00fctzenhaus"},"content":{"rendered":"<p>Aufgrund von Stra\u00dfenbauarbeiten ist am Sonntag dem 14. Juni 2015 unserer Parkplatz am Sch\u00fctzenhaus nicht anfahrbar. Bitte nutzt den Wanderparkplatz am Vorderwald an der L318. Die unten stehende Karte hilft Euch bei der Lokalisierung und Anfahrt! Von dort aus sind es ca. 200 Meter bis zu unserem Sch\u00fctzenhaus. Ihr haltet Euch vom Parkplatz aus rechts und geht Richtung B54.<\/p>\n<p>[put_wpgm id=2]<\/p>\n","protected":false},"excerpt":{"rendered":"<p>Aufgrund von Stra\u00dfenbauarbeiten ist am Sonntag dem 14. Juni 2015 unserer Parkplatz am Sch\u00fctzenhaus nicht anfahrbar. Bitte nutzt den Wanderparkplatz am Vorderwald an der L318. Die unten stehende Karte hilft Euch bei der Lokalisierung und Anfahrt! Von dort aus sind es ca. 200 Meter bis zu unserem Sch\u00fctzenhaus. Ihr haltet Euch vom Parkplatz aus rechts &hellip; <\/p>\n<p class=\"link-more\"><a href=\"https:\/\/www.sv-freiendiez.de\/?p=197\" class=\"more-link\"><span class=\"screen-reader-text\">\u201e!!!WICHTIG!!! An alle Teilnehmer des Ligawettbewerbs am Sonntag, dem 14. Juni in unserem Sch\u00fctzenhaus\u201c<\/span> weiterlesen<\/a><\/p>\n","protected":false},"author":1,"featured_media":0,"comment_status":"closed","ping_status":"open","sticky":false,"template":"","format":"standard","meta":{"ngg_post_thumbnail":0,"footnotes":""},"categories":[1],"tags":[],"class_list":["post-197","post","type-post","status-publish","format-standard","hentry","category-allgemein"],"yoast_head":"<!-- This site is optimized with the Yoast SEO plugin v27.5 - https:\/\/yoast.com\/product\/yoast-seo-wordpress\/ -->\n<title>!!!WICHTIG!!! An alle Teilnehmer des Ligawettbewerbs am Sonntag, dem 14. Juni in unserem Sch\u00fctzenhaus - SV Diez-Freiendiez 1928 e.V.<\/title>\n<meta name=\"robots\" content=\"index, follow, max-snippet:-1, max-image-preview:large, max-video-preview:-1\" \/>\n<link rel=\"canonical\" href=\"https:\/\/www.sv-freiendiez.de\/?p=197\" \/>\n<meta property=\"og:locale\" content=\"de_DE\" \/>\n<meta property=\"og:type\" content=\"article\" \/>\n<meta property=\"og:title\" content=\"!!!WICHTIG!!! An alle Teilnehmer des Ligawettbewerbs am Sonntag, dem 14. Juni in unserem Sch\u00fctzenhaus - SV Diez-Freiendiez 1928 e.V.\" \/>\n<meta property=\"og:description\" content=\"Aufgrund von Stra\u00dfenbauarbeiten ist am Sonntag dem 14. Juni 2015 unserer Parkplatz am Sch\u00fctzenhaus nicht anfahrbar. Bitte nutzt den Wanderparkplatz am Vorderwald an der L318. Die unten stehende Karte hilft Euch bei der Lokalisierung und Anfahrt! Von dort aus sind es ca. 200 Meter bis zu unserem Sch\u00fctzenhaus. Ihr haltet Euch vom Parkplatz aus rechts &hellip; \u201e!!!WICHTIG!!! An alle Teilnehmer des Ligawettbewerbs am Sonntag, dem 14. Juni in unserem Sch\u00fctzenhaus\u201c weiterlesen\" \/>\n<meta property=\"og:url\" content=\"https:\/\/www.sv-freiendiez.de\/?p=197\" \/>\n<meta property=\"og:site_name\" content=\"SV Diez-Freiendiez 1928 e.V.\" \/>\n<meta property=\"article:publisher\" content=\"https:\/\/www.facebook.com\/svfreiendiez\/\" \/>\n<meta property=\"article:published_time\" content=\"2015-06-12T19:39:03+00:00\" \/>\n<meta property=\"article:modified_time\" content=\"2015-06-12T19:43:24+00:00\" \/>\n<meta name=\"author\" content=\"editor\" \/>\n<meta name=\"twitter:card\" content=\"summary_large_image\" \/>\n<meta name=\"twitter:label1\" content=\"Verfasst von\" \/>\n\t<meta name=\"twitter:data1\" content=\"editor\" \/>\n<script type=\"application\/ld+json\" class=\"yoast-schema-graph\">{\"@context\":\"https:\\\/\\\/schema.org\",\"@graph\":[{\"@type\":\"Article\",\"@id\":\"https:\\\/\\\/www.sv-freiendiez.de\\\/?p=197#article\",\"isPartOf\":{\"@id\":\"https:\\\/\\\/www.sv-freiendiez.de\\\/?p=197\"},\"author\":{\"name\":\"editor\",\"@id\":\"https:\\\/\\\/www.sv-freiendiez.de\\\/#\\\/schema\\\/person\\\/e506fdcfcb3a8d0b33fb2982e44b9b79\"},\"headline\":\"!!!WICHTIG!!! An alle Teilnehmer des Ligawettbewerbs am Sonntag, dem 14. Juni in unserem Sch\u00fctzenhaus\",\"datePublished\":\"2015-06-12T19:39:03+00:00\",\"dateModified\":\"2015-06-12T19:43:24+00:00\",\"mainEntityOfPage\":{\"@id\":\"https:\\\/\\\/www.sv-freiendiez.de\\\/?p=197\"},\"wordCount\":76,\"publisher\":{\"@id\":\"https:\\\/\\\/www.sv-freiendiez.de\\\/#organization\"},\"inLanguage\":\"de\"},{\"@type\":\"WebPage\",\"@id\":\"https:\\\/\\\/www.sv-freiendiez.de\\\/?p=197\",\"url\":\"https:\\\/\\\/www.sv-freiendiez.de\\\/?p=197\",\"name\":\"!!!WICHTIG!!! An alle Teilnehmer des Ligawettbewerbs am Sonntag, dem 14. Juni in unserem Sch\u00fctzenhaus - SV Diez-Freiendiez 1928 e.V.\",\"isPartOf\":{\"@id\":\"https:\\\/\\\/www.sv-freiendiez.de\\\/#website\"},\"datePublished\":\"2015-06-12T19:39:03+00:00\",\"dateModified\":\"2015-06-12T19:43:24+00:00\",\"breadcrumb\":{\"@id\":\"https:\\\/\\\/www.sv-freiendiez.de\\\/?p=197#breadcrumb\"},\"inLanguage\":\"de\",\"potentialAction\":[{\"@type\":\"ReadAction\",\"target\":[\"https:\\\/\\\/www.sv-freiendiez.de\\\/?p=197\"]}]},{\"@type\":\"BreadcrumbList\",\"@id\":\"https:\\\/\\\/www.sv-freiendiez.de\\\/?p=197#breadcrumb\",\"itemListElement\":[{\"@type\":\"ListItem\",\"position\":1,\"name\":\"Startseite\",\"item\":\"https:\\\/\\\/www.sv-freiendiez.de\\\/\"},{\"@type\":\"ListItem\",\"position\":2,\"name\":\"!!!WICHTIG!!! An alle Teilnehmer des Ligawettbewerbs am Sonntag, dem 14. Juni in unserem Sch\u00fctzenhaus\"}]},{\"@type\":\"WebSite\",\"@id\":\"https:\\\/\\\/www.sv-freiendiez.de\\\/#website\",\"url\":\"https:\\\/\\\/www.sv-freiendiez.de\\\/\",\"name\":\"SV Diez-Freiendiez 1928 e.V.\",\"description\":\"Sch\u00fctzenverein Diez-Freiendiez 1928 e.V.\",\"publisher\":{\"@id\":\"https:\\\/\\\/www.sv-freiendiez.de\\\/#organization\"},\"potentialAction\":[{\"@type\":\"SearchAction\",\"target\":{\"@type\":\"EntryPoint\",\"urlTemplate\":\"https:\\\/\\\/www.sv-freiendiez.de\\\/?s={search_term_string}\"},\"query-input\":{\"@type\":\"PropertyValueSpecification\",\"valueRequired\":true,\"valueName\":\"search_term_string\"}}],\"inLanguage\":\"de\"},{\"@type\":\"Organization\",\"@id\":\"https:\\\/\\\/www.sv-freiendiez.de\\\/#organization\",\"name\":\"SV Diez-Freiendiez 1928 e.V.\",\"url\":\"https:\\\/\\\/www.sv-freiendiez.de\\\/\",\"logo\":{\"@type\":\"ImageObject\",\"inLanguage\":\"de\",\"@id\":\"https:\\\/\\\/www.sv-freiendiez.de\\\/#\\\/schema\\\/logo\\\/image\\\/\",\"url\":\"https:\\\/\\\/www.sv-freiendiez.de\\\/wp-content\\\/uploads\\\/2016\\\/12\\\/cropped-wappen250.png\",\"contentUrl\":\"https:\\\/\\\/www.sv-freiendiez.de\\\/wp-content\\\/uploads\\\/2016\\\/12\\\/cropped-wappen250.png\",\"width\":250,\"height\":250,\"caption\":\"SV Diez-Freiendiez 1928 e.V.\"},\"image\":{\"@id\":\"https:\\\/\\\/www.sv-freiendiez.de\\\/#\\\/schema\\\/logo\\\/image\\\/\"},\"sameAs\":[\"https:\\\/\\\/www.facebook.com\\\/svfreiendiez\\\/\"]},{\"@type\":\"Person\",\"@id\":\"https:\\\/\\\/www.sv-freiendiez.de\\\/#\\\/schema\\\/person\\\/e506fdcfcb3a8d0b33fb2982e44b9b79\",\"name\":\"editor\",\"image\":{\"@type\":\"ImageObject\",\"inLanguage\":\"de\",\"@id\":\"https:\\\/\\\/secure.gravatar.com\\\/avatar\\\/2e61a0e3091a1495360fb924e613dd25bace1d4a95a687bd9add8c68191636ff?s=96&d=mm&r=g\",\"url\":\"https:\\\/\\\/secure.gravatar.com\\\/avatar\\\/2e61a0e3091a1495360fb924e613dd25bace1d4a95a687bd9add8c68191636ff?s=96&d=mm&r=g\",\"contentUrl\":\"https:\\\/\\\/secure.gravatar.com\\\/avatar\\\/2e61a0e3091a1495360fb924e613dd25bace1d4a95a687bd9add8c68191636ff?s=96&d=mm&r=g\",\"caption\":\"editor\"},\"url\":\"https:\\\/\\\/www.sv-freiendiez.de\\\/?author=1\"}]}<\/script>\n<!-- \/ Yoast SEO plugin. -->","yoast_head_json":{"title":"!!!WICHTIG!!! An alle Teilnehmer des Ligawettbewerbs am Sonntag, dem 14. Juni in unserem Sch\u00fctzenhaus - SV Diez-Freiendiez 1928 e.V.","robots":{"index":"index","follow":"follow","max-snippet":"max-snippet:-1","max-image-preview":"max-image-preview:large","max-video-preview":"max-video-preview:-1"},"canonical":"https:\/\/www.sv-freiendiez.de\/?p=197","og_locale":"de_DE","og_type":"article","og_title":"!!!WICHTIG!!! An alle Teilnehmer des Ligawettbewerbs am Sonntag, dem 14. Juni in unserem Sch\u00fctzenhaus - SV Diez-Freiendiez 1928 e.V.","og_description":"Aufgrund von Stra\u00dfenbauarbeiten ist am Sonntag dem 14. Juni 2015 unserer Parkplatz am Sch\u00fctzenhaus nicht anfahrbar. Bitte nutzt den Wanderparkplatz am Vorderwald an der L318. Die unten stehende Karte hilft Euch bei der Lokalisierung und Anfahrt! Von dort aus sind es ca. 200 Meter bis zu unserem Sch\u00fctzenhaus. Ihr haltet Euch vom Parkplatz aus rechts &hellip; \u201e!!!WICHTIG!!! An alle Teilnehmer des Ligawettbewerbs am Sonntag, dem 14. Juni in unserem Sch\u00fctzenhaus\u201c weiterlesen","og_url":"https:\/\/www.sv-freiendiez.de\/?p=197","og_site_name":"SV Diez-Freiendiez 1928 e.V.","article_publisher":"https:\/\/www.facebook.com\/svfreiendiez\/","article_published_time":"2015-06-12T19:39:03+00:00","article_modified_time":"2015-06-12T19:43:24+00:00","author":"editor","twitter_card":"summary_large_image","twitter_misc":{"Verfasst von":"editor"},"schema":{"@context":"https:\/\/schema.org","@graph":[{"@type":"Article","@id":"https:\/\/www.sv-freiendiez.de\/?p=197#article","isPartOf":{"@id":"https:\/\/www.sv-freiendiez.de\/?p=197"},"author":{"name":"editor","@id":"https:\/\/www.sv-freiendiez.de\/#\/schema\/person\/e506fdcfcb3a8d0b33fb2982e44b9b79"},"headline":"!!!WICHTIG!!! An alle Teilnehmer des Ligawettbewerbs am Sonntag, dem 14. Juni in unserem Sch\u00fctzenhaus","datePublished":"2015-06-12T19:39:03+00:00","dateModified":"2015-06-12T19:43:24+00:00","mainEntityOfPage":{"@id":"https:\/\/www.sv-freiendiez.de\/?p=197"},"wordCount":76,"publisher":{"@id":"https:\/\/www.sv-freiendiez.de\/#organization"},"inLanguage":"de"},{"@type":"WebPage","@id":"https:\/\/www.sv-freiendiez.de\/?p=197","url":"https:\/\/www.sv-freiendiez.de\/?p=197","name":"!!!WICHTIG!!! An alle Teilnehmer des Ligawettbewerbs am Sonntag, dem 14. Juni in unserem Sch\u00fctzenhaus - SV Diez-Freiendiez 1928 e.V.","isPartOf":{"@id":"https:\/\/www.sv-freiendiez.de\/#website"},"datePublished":"2015-06-12T19:39:03+00:00","dateModified":"2015-06-12T19:43:24+00:00","breadcrumb":{"@id":"https:\/\/www.sv-freiendiez.de\/?p=197#breadcrumb"},"inLanguage":"de","potentialAction":[{"@type":"ReadAction","target":["https:\/\/www.sv-freiendiez.de\/?p=197"]}]},{"@type":"BreadcrumbList","@id":"https:\/\/www.sv-freiendiez.de\/?p=197#breadcrumb","itemListElement":[{"@type":"ListItem","position":1,"name":"Startseite","item":"https:\/\/www.sv-freiendiez.de\/"},{"@type":"ListItem","position":2,"name":"!!!WICHTIG!!! An alle Teilnehmer des Ligawettbewerbs am Sonntag, dem 14. Juni in unserem Sch\u00fctzenhaus"}]},{"@type":"WebSite","@id":"https:\/\/www.sv-freiendiez.de\/#website","url":"https:\/\/www.sv-freiendiez.de\/","name":"SV Diez-Freiendiez 1928 e.V.","description":"Sch\u00fctzenverein Diez-Freiendiez 1928 e.V.","publisher":{"@id":"https:\/\/www.sv-freiendiez.de\/#organization"},"potentialAction":[{"@type":"SearchAction","target":{"@type":"EntryPoint","urlTemplate":"https:\/\/www.sv-freiendiez.de\/?s={search_term_string}"},"query-input":{"@type":"PropertyValueSpecification","valueRequired":true,"valueName":"search_term_string"}}],"inLanguage":"de"},{"@type":"Organization","@id":"https:\/\/www.sv-freiendiez.de\/#organization","name":"SV Diez-Freiendiez 1928 e.V.","url":"https:\/\/www.sv-freiendiez.de\/","logo":{"@type":"ImageObject","inLanguage":"de","@id":"https:\/\/www.sv-freiendiez.de\/#\/schema\/logo\/image\/","url":"https:\/\/www.sv-freiendiez.de\/wp-content\/uploads\/2016\/12\/cropped-wappen250.png","contentUrl":"https:\/\/www.sv-freiendiez.de\/wp-content\/uploads\/2016\/12\/cropped-wappen250.png","width":250,"height":250,"caption":"SV Diez-Freiendiez 1928 e.V."},"image":{"@id":"https:\/\/www.sv-freiendiez.de\/#\/schema\/logo\/image\/"},"sameAs":["https:\/\/www.facebook.com\/svfreiendiez\/"]},{"@type":"Person","@id":"https:\/\/www.sv-freiendiez.de\/#\/schema\/person\/e506fdcfcb3a8d0b33fb2982e44b9b79","name":"editor","image":{"@type":"ImageObject","inLanguage":"de","@id":"https:\/\/secure.gravatar.com\/avatar\/2e61a0e3091a1495360fb924e613dd25bace1d4a95a687bd9add8c68191636ff?s=96&d=mm&r=g","url":"https:\/\/secure.gravatar.com\/avatar\/2e61a0e3091a1495360fb924e613dd25bace1d4a95a687bd9add8c68191636ff?s=96&d=mm&r=g","contentUrl":"https:\/\/secure.gravatar.com\/avatar\/2e61a0e3091a1495360fb924e613dd25bace1d4a95a687bd9add8c68191636ff?s=96&d=mm&r=g","caption":"editor"},"url":"https:\/\/www.sv-freiendiez.de\/?author=1"}]}},"_links":{"self":[{"href":"https:\/\/www.sv-freiendiez.de\/index.php?rest_route=\/wp\/v2\/posts\/197","targetHints":{"allow":["GET"]}}],"collection":[{"href":"https:\/\/www.sv-freiendiez.de\/index.php?rest_route=\/wp\/v2\/posts"}],"about":[{"href":"https:\/\/www.sv-freiendiez.de\/index.php?rest_route=\/wp\/v2\/types\/post"}],"author":[{"embeddable":true,"href":"https:\/\/www.sv-freiendiez.de\/index.php?rest_route=\/wp\/v2\/users\/1"}],"replies":[{"embeddable":true,"href":"https:\/\/www.sv-freiendiez.de\/index.php?rest_route=%2Fwp%2Fv2%2Fcomments&post=197"}],"version-history":[{"count":0,"href":"https:\/\/www.sv-freiendiez.de\/index.php?rest_route=\/wp\/v2\/posts\/197\/revisions"}],"wp:attachment":[{"href":"https:\/\/www.sv-freiendiez.de\/index.php?rest_route=%2Fwp%2Fv2%2Fmedia&parent=197"}],"wp:term":[{"taxonomy":"category","embeddable":true,"href":"https:\/\/www.sv-freiendiez.de\/index.php?rest_route=%2Fwp%2Fv2%2Fcategories&post=197"},{"taxonomy":"post_tag","embeddable":true,"href":"https:\/\/www.sv-freiendiez.de\/index.php?rest_route=%2Fwp%2Fv2%2Ftags&post=197"}],"curies":[{"name":"wp","href":"https:\/\/api.w.org\/{rel}","templated":true}]}}