{"id":1869,"date":"2017-07-30T14:09:16","date_gmt":"2017-07-30T12:09:16","guid":{"rendered":"http:\/\/www.sv-freiendiez.de\/?p=1869"},"modified":"2017-08-05T13:19:26","modified_gmt":"2017-08-05T11:19:26","slug":"anmerkung-zu-den-aenderungen-im-waffg-zur-aufbewahrung-bestandschutz","status":"publish","type":"post","link":"https:\/\/www.sv-freiendiez.de\/?p=1869","title":{"rendered":"Anmerkung zu den \u00c4nderungen im WaffG zur Aufbewahrung \/ Bestandschutz"},"content":{"rendered":"<p style=\"text-align: justify;\">Seit dem inkraftreten des neuen Aufbewahrungsrichtlinie im Waffengesetz (WaffG \u00a736) gilt der Bestandschutz. Das Bedeutet, A und B Schr\u00e4nke k\u00f6nnen von WBK Inhabern, die vor dem 06. Juli 2017 ihre Waffenrechtliche Erlaubnis erhalten haben, weitergenutz werden.<\/p>\n<p style=\"text-align: justify;\">Man k\u00f6nnte meinen, das WBK Inhaber, die unter den Bestandsschutz fallen, jetzt weiter \u00e4ltere A oder B Schr\u00e4nke zu ihrem bestehenden hinzu kaufen k\u00f6nnten, da diese durch den Bestandschutz abgedeckt werden. Eben nicht.<\/p>\n<p style=\"text-align: justify;\">Das Stichwort heisst hier &#8222;bei der Beh\u00f6rde angemeldete Schr\u00e4nke&#8220;. Der Bestandschutz greift nur f\u00fcr bei der Waffenbeh\u00f6rde angemeldet Schr\u00e4nke. Angemeldet ist ein Schrank dann, wenn mit dem Antrag zur ersten WBK der Besitz eines entsprechenden Sicherheits Beh\u00e4ltnisses nachgewiesen wurde. Dieser Schrank gilt als angemeldet. Solltet ihr also einen A oder B Schrank vor dem Inkrattreten der neuen Richtlinie am 06.07.2017 nachgekauft haben und dort auch Waffen lagern, ist es ratsam, diesen Schrank der Beh\u00f6rde nachzumelden oder zumindest f\u00fcr den Fall einer Pr\u00fcfung die Kopie der Original Rechnung greifbar zu haben, die nachweist, das der Schrank vor dem 06.07.2017 gekauft wurde.<\/p>\n<p style=\"text-align: justify;\">Ich habe in verschiedenen Foren gelesen, das einige Waffenbeh\u00f6rden auf diesen Nachweis bestehen. Wie es in Bad Ems \/ Limburg-Weilburg \/ Montabaur gehandhabt wird, wei\u00df ich nicht. Wenn jemand dazu was h\u00f6rt, w\u00fcrde ich mich \u00fcber Feddback freuen.<\/p>\n","protected":false},"excerpt":{"rendered":"<p>Seit dem inkraftreten des neuen Aufbewahrungsrichtlinie im Waffengesetz (WaffG \u00a736) gilt der Bestandschutz. Das Bedeutet, A und B Schr\u00e4nke k\u00f6nnen von WBK Inhabern, die vor dem 06. Juli 2017 ihre Waffenrechtliche Erlaubnis erhalten haben, weitergenutz werden. Man k\u00f6nnte meinen, das WBK Inhaber, die unter den Bestandsschutz fallen, jetzt weiter \u00e4ltere A oder B Schr\u00e4nke zu &hellip; <\/p>\n<p class=\"link-more\"><a href=\"https:\/\/www.sv-freiendiez.de\/?p=1869\" class=\"more-link\"><span class=\"screen-reader-text\">\u201eAnmerkung zu den \u00c4nderungen im WaffG zur Aufbewahrung \/ Bestandschutz\u201c<\/span> weiterlesen<\/a><\/p>\n","protected":false},"author":1,"featured_media":0,"comment_status":"closed","ping_status":"closed","sticky":false,"template":"","format":"standard","meta":{"ngg_post_thumbnail":0,"footnotes":""},"categories":[25],"tags":[],"class_list":["post-1869","post","type-post","status-publish","format-standard","hentry","category-recht"],"yoast_head":"<!-- This site is optimized with the Yoast SEO plugin v27.5 - https:\/\/yoast.com\/product\/yoast-seo-wordpress\/ -->\n<title>Anmerkung zu den \u00c4nderungen im WaffG zur Aufbewahrung \/ Bestandschutz - SV Diez-Freiendiez 1928 e.V.<\/title>\n<meta name=\"robots\" content=\"index, follow, max-snippet:-1, max-image-preview:large, max-video-preview:-1\" \/>\n<link rel=\"canonical\" href=\"https:\/\/www.sv-freiendiez.de\/?p=1869\" \/>\n<meta property=\"og:locale\" content=\"de_DE\" \/>\n<meta property=\"og:type\" content=\"article\" \/>\n<meta property=\"og:title\" content=\"Anmerkung zu den \u00c4nderungen im WaffG zur Aufbewahrung \/ Bestandschutz - SV Diez-Freiendiez 1928 e.V.\" \/>\n<meta property=\"og:description\" content=\"Seit dem inkraftreten des neuen Aufbewahrungsrichtlinie im Waffengesetz (WaffG \u00a736) gilt der Bestandschutz. Das Bedeutet, A und B Schr\u00e4nke k\u00f6nnen von WBK Inhabern, die vor dem 06. Juli 2017 ihre Waffenrechtliche Erlaubnis erhalten haben, weitergenutz werden. Man k\u00f6nnte meinen, das WBK Inhaber, die unter den Bestandsschutz fallen, jetzt weiter \u00e4ltere A oder B Schr\u00e4nke zu &hellip; \u201eAnmerkung zu den \u00c4nderungen im WaffG zur Aufbewahrung \/ Bestandschutz\u201c weiterlesen\" \/>\n<meta property=\"og:url\" content=\"https:\/\/www.sv-freiendiez.de\/?p=1869\" \/>\n<meta property=\"og:site_name\" content=\"SV Diez-Freiendiez 1928 e.V.\" \/>\n<meta property=\"article:publisher\" content=\"https:\/\/www.facebook.com\/svfreiendiez\/\" \/>\n<meta property=\"article:published_time\" content=\"2017-07-30T12:09:16+00:00\" \/>\n<meta property=\"article:modified_time\" content=\"2017-08-05T11:19:26+00:00\" \/>\n<meta name=\"author\" content=\"editor\" \/>\n<meta name=\"twitter:card\" content=\"summary_large_image\" \/>\n<meta name=\"twitter:label1\" content=\"Verfasst von\" \/>\n\t<meta name=\"twitter:data1\" content=\"editor\" \/>\n\t<meta name=\"twitter:label2\" content=\"Gesch\u00e4tzte Lesezeit\" \/>\n\t<meta name=\"twitter:data2\" content=\"1\u00a0Minute\" \/>\n<script type=\"application\/ld+json\" class=\"yoast-schema-graph\">{\"@context\":\"https:\\\/\\\/schema.org\",\"@graph\":[{\"@type\":\"Article\",\"@id\":\"https:\\\/\\\/www.sv-freiendiez.de\\\/?p=1869#article\",\"isPartOf\":{\"@id\":\"https:\\\/\\\/www.sv-freiendiez.de\\\/?p=1869\"},\"author\":{\"name\":\"editor\",\"@id\":\"https:\\\/\\\/www.sv-freiendiez.de\\\/#\\\/schema\\\/person\\\/e506fdcfcb3a8d0b33fb2982e44b9b79\"},\"headline\":\"Anmerkung zu den \u00c4nderungen im WaffG zur Aufbewahrung \\\/ Bestandschutz\",\"datePublished\":\"2017-07-30T12:09:16+00:00\",\"dateModified\":\"2017-08-05T11:19:26+00:00\",\"mainEntityOfPage\":{\"@id\":\"https:\\\/\\\/www.sv-freiendiez.de\\\/?p=1869\"},\"wordCount\":226,\"publisher\":{\"@id\":\"https:\\\/\\\/www.sv-freiendiez.de\\\/#organization\"},\"articleSection\":[\"Recht\"],\"inLanguage\":\"de\"},{\"@type\":\"WebPage\",\"@id\":\"https:\\\/\\\/www.sv-freiendiez.de\\\/?p=1869\",\"url\":\"https:\\\/\\\/www.sv-freiendiez.de\\\/?p=1869\",\"name\":\"Anmerkung zu den \u00c4nderungen im WaffG zur Aufbewahrung \\\/ Bestandschutz - SV Diez-Freiendiez 1928 e.V.\",\"isPartOf\":{\"@id\":\"https:\\\/\\\/www.sv-freiendiez.de\\\/#website\"},\"datePublished\":\"2017-07-30T12:09:16+00:00\",\"dateModified\":\"2017-08-05T11:19:26+00:00\",\"breadcrumb\":{\"@id\":\"https:\\\/\\\/www.sv-freiendiez.de\\\/?p=1869#breadcrumb\"},\"inLanguage\":\"de\",\"potentialAction\":[{\"@type\":\"ReadAction\",\"target\":[\"https:\\\/\\\/www.sv-freiendiez.de\\\/?p=1869\"]}]},{\"@type\":\"BreadcrumbList\",\"@id\":\"https:\\\/\\\/www.sv-freiendiez.de\\\/?p=1869#breadcrumb\",\"itemListElement\":[{\"@type\":\"ListItem\",\"position\":1,\"name\":\"Startseite\",\"item\":\"https:\\\/\\\/www.sv-freiendiez.de\\\/\"},{\"@type\":\"ListItem\",\"position\":2,\"name\":\"Anmerkung zu den \u00c4nderungen im WaffG zur Aufbewahrung \\\/ Bestandschutz\"}]},{\"@type\":\"WebSite\",\"@id\":\"https:\\\/\\\/www.sv-freiendiez.de\\\/#website\",\"url\":\"https:\\\/\\\/www.sv-freiendiez.de\\\/\",\"name\":\"SV Diez-Freiendiez 1928 e.V.\",\"description\":\"Sch\u00fctzenverein Diez-Freiendiez 1928 e.V.\",\"publisher\":{\"@id\":\"https:\\\/\\\/www.sv-freiendiez.de\\\/#organization\"},\"potentialAction\":[{\"@type\":\"SearchAction\",\"target\":{\"@type\":\"EntryPoint\",\"urlTemplate\":\"https:\\\/\\\/www.sv-freiendiez.de\\\/?s={search_term_string}\"},\"query-input\":{\"@type\":\"PropertyValueSpecification\",\"valueRequired\":true,\"valueName\":\"search_term_string\"}}],\"inLanguage\":\"de\"},{\"@type\":\"Organization\",\"@id\":\"https:\\\/\\\/www.sv-freiendiez.de\\\/#organization\",\"name\":\"SV Diez-Freiendiez 1928 e.V.\",\"url\":\"https:\\\/\\\/www.sv-freiendiez.de\\\/\",\"logo\":{\"@type\":\"ImageObject\",\"inLanguage\":\"de\",\"@id\":\"https:\\\/\\\/www.sv-freiendiez.de\\\/#\\\/schema\\\/logo\\\/image\\\/\",\"url\":\"https:\\\/\\\/www.sv-freiendiez.de\\\/wp-content\\\/uploads\\\/2016\\\/12\\\/cropped-wappen250.png\",\"contentUrl\":\"https:\\\/\\\/www.sv-freiendiez.de\\\/wp-content\\\/uploads\\\/2016\\\/12\\\/cropped-wappen250.png\",\"width\":250,\"height\":250,\"caption\":\"SV Diez-Freiendiez 1928 e.V.\"},\"image\":{\"@id\":\"https:\\\/\\\/www.sv-freiendiez.de\\\/#\\\/schema\\\/logo\\\/image\\\/\"},\"sameAs\":[\"https:\\\/\\\/www.facebook.com\\\/svfreiendiez\\\/\"]},{\"@type\":\"Person\",\"@id\":\"https:\\\/\\\/www.sv-freiendiez.de\\\/#\\\/schema\\\/person\\\/e506fdcfcb3a8d0b33fb2982e44b9b79\",\"name\":\"editor\",\"image\":{\"@type\":\"ImageObject\",\"inLanguage\":\"de\",\"@id\":\"https:\\\/\\\/secure.gravatar.com\\\/avatar\\\/2e61a0e3091a1495360fb924e613dd25bace1d4a95a687bd9add8c68191636ff?s=96&d=mm&r=g\",\"url\":\"https:\\\/\\\/secure.gravatar.com\\\/avatar\\\/2e61a0e3091a1495360fb924e613dd25bace1d4a95a687bd9add8c68191636ff?s=96&d=mm&r=g\",\"contentUrl\":\"https:\\\/\\\/secure.gravatar.com\\\/avatar\\\/2e61a0e3091a1495360fb924e613dd25bace1d4a95a687bd9add8c68191636ff?s=96&d=mm&r=g\",\"caption\":\"editor\"},\"url\":\"https:\\\/\\\/www.sv-freiendiez.de\\\/?author=1\"}]}<\/script>\n<!-- \/ Yoast SEO plugin. -->","yoast_head_json":{"title":"Anmerkung zu den \u00c4nderungen im WaffG zur Aufbewahrung \/ Bestandschutz - SV Diez-Freiendiez 1928 e.V.","robots":{"index":"index","follow":"follow","max-snippet":"max-snippet:-1","max-image-preview":"max-image-preview:large","max-video-preview":"max-video-preview:-1"},"canonical":"https:\/\/www.sv-freiendiez.de\/?p=1869","og_locale":"de_DE","og_type":"article","og_title":"Anmerkung zu den \u00c4nderungen im WaffG zur Aufbewahrung \/ Bestandschutz - SV Diez-Freiendiez 1928 e.V.","og_description":"Seit dem inkraftreten des neuen Aufbewahrungsrichtlinie im Waffengesetz (WaffG \u00a736) gilt der Bestandschutz. Das Bedeutet, A und B Schr\u00e4nke k\u00f6nnen von WBK Inhabern, die vor dem 06. Juli 2017 ihre Waffenrechtliche Erlaubnis erhalten haben, weitergenutz werden. Man k\u00f6nnte meinen, das WBK Inhaber, die unter den Bestandsschutz fallen, jetzt weiter \u00e4ltere A oder B Schr\u00e4nke zu &hellip; \u201eAnmerkung zu den \u00c4nderungen im WaffG zur Aufbewahrung \/ Bestandschutz\u201c weiterlesen","og_url":"https:\/\/www.sv-freiendiez.de\/?p=1869","og_site_name":"SV Diez-Freiendiez 1928 e.V.","article_publisher":"https:\/\/www.facebook.com\/svfreiendiez\/","article_published_time":"2017-07-30T12:09:16+00:00","article_modified_time":"2017-08-05T11:19:26+00:00","author":"editor","twitter_card":"summary_large_image","twitter_misc":{"Verfasst von":"editor","Gesch\u00e4tzte Lesezeit":"1\u00a0Minute"},"schema":{"@context":"https:\/\/schema.org","@graph":[{"@type":"Article","@id":"https:\/\/www.sv-freiendiez.de\/?p=1869#article","isPartOf":{"@id":"https:\/\/www.sv-freiendiez.de\/?p=1869"},"author":{"name":"editor","@id":"https:\/\/www.sv-freiendiez.de\/#\/schema\/person\/e506fdcfcb3a8d0b33fb2982e44b9b79"},"headline":"Anmerkung zu den \u00c4nderungen im WaffG zur Aufbewahrung \/ Bestandschutz","datePublished":"2017-07-30T12:09:16+00:00","dateModified":"2017-08-05T11:19:26+00:00","mainEntityOfPage":{"@id":"https:\/\/www.sv-freiendiez.de\/?p=1869"},"wordCount":226,"publisher":{"@id":"https:\/\/www.sv-freiendiez.de\/#organization"},"articleSection":["Recht"],"inLanguage":"de"},{"@type":"WebPage","@id":"https:\/\/www.sv-freiendiez.de\/?p=1869","url":"https:\/\/www.sv-freiendiez.de\/?p=1869","name":"Anmerkung zu den \u00c4nderungen im WaffG zur Aufbewahrung \/ Bestandschutz - SV Diez-Freiendiez 1928 e.V.","isPartOf":{"@id":"https:\/\/www.sv-freiendiez.de\/#website"},"datePublished":"2017-07-30T12:09:16+00:00","dateModified":"2017-08-05T11:19:26+00:00","breadcrumb":{"@id":"https:\/\/www.sv-freiendiez.de\/?p=1869#breadcrumb"},"inLanguage":"de","potentialAction":[{"@type":"ReadAction","target":["https:\/\/www.sv-freiendiez.de\/?p=1869"]}]},{"@type":"BreadcrumbList","@id":"https:\/\/www.sv-freiendiez.de\/?p=1869#breadcrumb","itemListElement":[{"@type":"ListItem","position":1,"name":"Startseite","item":"https:\/\/www.sv-freiendiez.de\/"},{"@type":"ListItem","position":2,"name":"Anmerkung zu den \u00c4nderungen im WaffG zur Aufbewahrung \/ Bestandschutz"}]},{"@type":"WebSite","@id":"https:\/\/www.sv-freiendiez.de\/#website","url":"https:\/\/www.sv-freiendiez.de\/","name":"SV Diez-Freiendiez 1928 e.V.","description":"Sch\u00fctzenverein Diez-Freiendiez 1928 e.V.","publisher":{"@id":"https:\/\/www.sv-freiendiez.de\/#organization"},"potentialAction":[{"@type":"SearchAction","target":{"@type":"EntryPoint","urlTemplate":"https:\/\/www.sv-freiendiez.de\/?s={search_term_string}"},"query-input":{"@type":"PropertyValueSpecification","valueRequired":true,"valueName":"search_term_string"}}],"inLanguage":"de"},{"@type":"Organization","@id":"https:\/\/www.sv-freiendiez.de\/#organization","name":"SV Diez-Freiendiez 1928 e.V.","url":"https:\/\/www.sv-freiendiez.de\/","logo":{"@type":"ImageObject","inLanguage":"de","@id":"https:\/\/www.sv-freiendiez.de\/#\/schema\/logo\/image\/","url":"https:\/\/www.sv-freiendiez.de\/wp-content\/uploads\/2016\/12\/cropped-wappen250.png","contentUrl":"https:\/\/www.sv-freiendiez.de\/wp-content\/uploads\/2016\/12\/cropped-wappen250.png","width":250,"height":250,"caption":"SV Diez-Freiendiez 1928 e.V."},"image":{"@id":"https:\/\/www.sv-freiendiez.de\/#\/schema\/logo\/image\/"},"sameAs":["https:\/\/www.facebook.com\/svfreiendiez\/"]},{"@type":"Person","@id":"https:\/\/www.sv-freiendiez.de\/#\/schema\/person\/e506fdcfcb3a8d0b33fb2982e44b9b79","name":"editor","image":{"@type":"ImageObject","inLanguage":"de","@id":"https:\/\/secure.gravatar.com\/avatar\/2e61a0e3091a1495360fb924e613dd25bace1d4a95a687bd9add8c68191636ff?s=96&d=mm&r=g","url":"https:\/\/secure.gravatar.com\/avatar\/2e61a0e3091a1495360fb924e613dd25bace1d4a95a687bd9add8c68191636ff?s=96&d=mm&r=g","contentUrl":"https:\/\/secure.gravatar.com\/avatar\/2e61a0e3091a1495360fb924e613dd25bace1d4a95a687bd9add8c68191636ff?s=96&d=mm&r=g","caption":"editor"},"url":"https:\/\/www.sv-freiendiez.de\/?author=1"}]}},"_links":{"self":[{"href":"https:\/\/www.sv-freiendiez.de\/index.php?rest_route=\/wp\/v2\/posts\/1869","targetHints":{"allow":["GET"]}}],"collection":[{"href":"https:\/\/www.sv-freiendiez.de\/index.php?rest_route=\/wp\/v2\/posts"}],"about":[{"href":"https:\/\/www.sv-freiendiez.de\/index.php?rest_route=\/wp\/v2\/types\/post"}],"author":[{"embeddable":true,"href":"https:\/\/www.sv-freiendiez.de\/index.php?rest_route=\/wp\/v2\/users\/1"}],"replies":[{"embeddable":true,"href":"https:\/\/www.sv-freiendiez.de\/index.php?rest_route=%2Fwp%2Fv2%2Fcomments&post=1869"}],"version-history":[{"count":0,"href":"https:\/\/www.sv-freiendiez.de\/index.php?rest_route=\/wp\/v2\/posts\/1869\/revisions"}],"wp:attachment":[{"href":"https:\/\/www.sv-freiendiez.de\/index.php?rest_route=%2Fwp%2Fv2%2Fmedia&parent=1869"}],"wp:term":[{"taxonomy":"category","embeddable":true,"href":"https:\/\/www.sv-freiendiez.de\/index.php?rest_route=%2Fwp%2Fv2%2Fcategories&post=1869"},{"taxonomy":"post_tag","embeddable":true,"href":"https:\/\/www.sv-freiendiez.de\/index.php?rest_route=%2Fwp%2Fv2%2Ftags&post=1869"}],"curies":[{"name":"wp","href":"https:\/\/api.w.org\/{rel}","templated":true}]}}