{"id":1758,"date":"2017-07-05T18:08:49","date_gmt":"2017-07-05T16:08:49","guid":{"rendered":"http:\/\/www.sv-freiendiez.de\/?p=1758"},"modified":"2017-07-22T15:22:45","modified_gmt":"2017-07-22T13:22:45","slug":"aenderungen-im-waffengesetz-waffg-zur-waffenaufbewahrung-treten-ab-dem-06-juni-2017-in-kraft","status":"publish","type":"post","link":"https:\/\/www.sv-freiendiez.de\/?p=1758","title":{"rendered":"\u00c4nderungen im Waffengesetz (WaffG) zur Waffenaufbewahrung treten ab dem 06. Juni 2017 in Kraft"},"content":{"rendered":"<p style=\"text-align: justify;\"><a href=\"http:\/\/www.sv-freiendiez.de\/wp-content\/uploads\/2017\/05\/WaffG-Schein-klein.png\"><img loading=\"lazy\" decoding=\"async\" class=\"alignright size-full wp-image-1462\" src=\"http:\/\/www.sv-freiendiez.de\/wp-content\/uploads\/2017\/05\/WaffG-Schein-klein.png\" alt=\"\" width=\"286\" height=\"180\"><\/a>Nach der heutigen Ver\u00f6ffentlichung im <a href=\"http:\/\/www.sv-freiendiez.de\/wp-content\/uploads\/2017\/07\/bgbl117s2133_75490.pdf\">Bundesgesetzblatt<\/a> treten die \u00c4nderungen im Waffengesetz (WaffG) bez\u00fcglich der Aufbewahrungsvorschriften von Erlaubnispflichtigen Waffen ohne \u00dcbergangsfristen unverz\u00fcglich ab dem 06. Juni 2017 in Kraft. Bestandsschutz ist gew\u00e4hrleistet.<\/p>\n<p style=\"text-align: justify;\">Das bedeutet, das ab Morgen bei allen Neubeantragungen einer WBK auch der Nachweis \u00fcber den Erwerb\/Besitz eines Sicherheitsbeh\u00e4ltnnisses nach dem neuen Standard mindestens der Stufe 0 DIN\/EN 1143-1 erbracht werden mu\u00df. Inhaber einer vorher beantragten WBK genie\u00dfen den Bestandsschutz <!--more-->und d\u00fcrfen ihre alten Beh\u00e4ltnisse unbesfristet weiter nutzen. Auch WBK Antragsteller, die im gleichen Haushalt mit einer Person leben, die bereits ein Beh\u00e4ltnis der Stufen A oder B besitzen, d\u00fcrfen Ihre Waffen in diesen Beh\u00e4ltnissen lagern. Das gleiche gilt bei \u00dcbergang der Besitzverh\u00e4ltnisse von Waffen und Beh\u00e4ltnis bei einer Erbschaft.<\/p>\n<p style=\"text-align: justify;\">Durch die neue Gesetzeslage werden erheblich h\u00f6here Kosten f\u00fcr die Aufbewahrungs Beh\u00e4ltnisse auf WBK Neulinge zukommen. Kostete ein kleiner Kurzwaffenschrank f\u00fcr max. 5 Kurzwaffen bisher ab 150,- \u20ac werden in Zukunft mind 350,- \u20ac f\u00fcr die Anschaffung eines entsprechenden Beh\u00e4ltnisses zu bezahlen sein. Auch kann es bei gr\u00f6\u00dferen Schr\u00e4nken zu Problemen mit der Statik kommen. Es k\u00f6nnte sein, das auch hier Nachweise verlangt werden.<\/p>\n<p style=\"text-align: justify;\">Durch die h\u00f6here Nachfrage an Sicherheitsbeh\u00e4ltnissen der neuen Klassen wird sich der Preis dieser Schr\u00e4nke in absehbarer Zukunft nach unten bewegen. Trotzdem wird es unseren Sport auf Zeit teurer machen und so manchen Interessenten vom Schie\u00dfsport abschrecken. Ob diese Anhebung der Sicherheitsklasse sinnvoll ist, bleibt fragw\u00fcrdig.<\/p>\n<p style=\"text-align: justify;\">Weitere \u00c4nderungen die in Kraft treten, die ich f\u00fcr erw\u00e4hnenswert halte:<\/p>\n<ul>\n<li style=\"text-align: justify;\">Erlaubnisfreie Waffen, die ab dem 18. Lebensjahr erworben werden d\u00fcrfen, m\u00fcssen ab sofort in einem verschlossenen Beh\u00e4ltnis (Schrank \/ Kiste \/ Schublade, etc.) aufbewart werden. Die gilt f\u00fcr Luftdruckwaffen, CO2-Waffen, Schreck- und Signalpistolen, Softair Waffen &gt;0,5 Joule, usw. Das ist deswegen erw\u00e4hnenswert, weil einem solche offen herumliegenden Waffen einem WBK Innhaber bei einer Pr\u00fcfung zum Verh\u00e4ngnis werden k\u00f6nnen.<\/li>\n<li>Erlaubnispflichtige Munition muss in einem Stahlblechbeh\u00e4ltnis mit Schwenkriegelschlo\u00df aufbewahrt werden.<\/li>\n<li style=\"text-align: justify;\">Ab dem morgigen Datum gilt auch eine einj\u00e4hrige Frist zur straffreien Abgabe von unerlaubt besessenen Schusswaffen und Munition. Dies umfasst auch das unerlaubte F\u00fchren auf dem direkten Weg zur Polizeibeh\u00f6rde zwecks Abgabe und Vernichtung.<\/li>\n<\/ul>\n<p>Ausf\u00fchtlich berichtet der <a href=\"http:\/\/www.dsb.de\/aktuelles\/meldung\/6787-Aenderung-des-Waffengesetzes-sind-gueltig\/\">DSB \u00fcber die \u00c4nderungen.<\/a><\/p>\n<p style=\"text-align: justify;\">Unter dem Menu-Punkt Links auf dieser Webseite findet Ihr auch dier Verlinkungen zu den online Ausgaben der Ma\u00dfgeblichen Verordnungen<br \/>\n&#8211; <a href=\"https:\/\/www.gesetze-im-internet.de\/waffg_2002\/index.html#BJNR397010002BJNE003602118\" target=\"_blank\" rel=\"noopener\">Waffengesetz &#8211; WaffG<\/a><br \/>\n&#8211; <a href=\"https:\/\/www.gesetze-im-internet.de\/awaffv\/index.html#BJNR212300003BJNE001502118\" target=\"_blank\" rel=\"noopener\">Allgemeine Waffengesetz-Verordnung &#8211; AWaffV<\/a><br \/>\n&#8211; <a href=\"https:\/\/www.stmi.bayern.de\/assets\/stmi\/sus\/inneresicherheit\/ie_waffenrecht_waffvwv_20120322.pdf\" target=\"_blank\" rel=\"noopener\">Allgemeine Verwaltungsvorschrift zum Waffengesetz &#8211; WaffVwV<\/a><\/p>\n<p><strong>Disclaimer: Alle Angaben vorbehaltlich Irrtum und Gesetzeslage!<\/strong><\/p>\n","protected":false},"excerpt":{"rendered":"<p>Nach der heutigen Ver\u00f6ffentlichung im Bundesgesetzblatt treten die \u00c4nderungen im Waffengesetz (WaffG) bez\u00fcglich der Aufbewahrungsvorschriften von Erlaubnispflichtigen Waffen ohne \u00dcbergangsfristen unverz\u00fcglich ab dem 06. Juni 2017 in Kraft. Bestandsschutz ist gew\u00e4hrleistet. Das bedeutet, das ab Morgen bei allen Neubeantragungen einer WBK auch der Nachweis \u00fcber den Erwerb\/Besitz eines Sicherheitsbeh\u00e4ltnnisses nach dem neuen Standard mindestens der &hellip; <\/p>\n<p class=\"link-more\"><a href=\"https:\/\/www.sv-freiendiez.de\/?p=1758\" class=\"more-link\"><span class=\"screen-reader-text\">\u201e\u00c4nderungen im Waffengesetz (WaffG) zur Waffenaufbewahrung treten ab dem 06. Juni 2017 in Kraft\u201c<\/span> weiterlesen<\/a><\/p>\n","protected":false},"author":1,"featured_media":0,"comment_status":"closed","ping_status":"closed","sticky":false,"template":"","format":"standard","meta":{"ngg_post_thumbnail":0,"footnotes":""},"categories":[1,25],"tags":[],"class_list":["post-1758","post","type-post","status-publish","format-standard","hentry","category-allgemein","category-recht"],"yoast_head":"<!-- This site is optimized with the Yoast SEO plugin v27.5 - https:\/\/yoast.com\/product\/yoast-seo-wordpress\/ -->\n<title>\u00c4nderungen im Waffengesetz (WaffG) zur Waffenaufbewahrung treten ab dem 06. Juni 2017 in Kraft - SV Diez-Freiendiez 1928 e.V.<\/title>\n<meta name=\"robots\" content=\"index, follow, max-snippet:-1, max-image-preview:large, max-video-preview:-1\" \/>\n<link rel=\"canonical\" href=\"https:\/\/www.sv-freiendiez.de\/?p=1758\" \/>\n<meta property=\"og:locale\" content=\"de_DE\" \/>\n<meta property=\"og:type\" content=\"article\" \/>\n<meta property=\"og:title\" content=\"\u00c4nderungen im Waffengesetz (WaffG) zur Waffenaufbewahrung treten ab dem 06. Juni 2017 in Kraft - SV Diez-Freiendiez 1928 e.V.\" \/>\n<meta property=\"og:description\" content=\"Nach der heutigen Ver\u00f6ffentlichung im Bundesgesetzblatt treten die \u00c4nderungen im Waffengesetz (WaffG) bez\u00fcglich der Aufbewahrungsvorschriften von Erlaubnispflichtigen Waffen ohne \u00dcbergangsfristen unverz\u00fcglich ab dem 06. Juni 2017 in Kraft. Bestandsschutz ist gew\u00e4hrleistet. Das bedeutet, das ab Morgen bei allen Neubeantragungen einer WBK auch der Nachweis \u00fcber den Erwerb\/Besitz eines Sicherheitsbeh\u00e4ltnnisses nach dem neuen Standard mindestens der &hellip; \u201e\u00c4nderungen im Waffengesetz (WaffG) zur Waffenaufbewahrung treten ab dem 06. Juni 2017 in Kraft\u201c weiterlesen\" \/>\n<meta property=\"og:url\" content=\"https:\/\/www.sv-freiendiez.de\/?p=1758\" \/>\n<meta property=\"og:site_name\" content=\"SV Diez-Freiendiez 1928 e.V.\" \/>\n<meta property=\"article:publisher\" content=\"https:\/\/www.facebook.com\/svfreiendiez\/\" \/>\n<meta property=\"article:published_time\" content=\"2017-07-05T16:08:49+00:00\" \/>\n<meta property=\"article:modified_time\" content=\"2017-07-22T13:22:45+00:00\" \/>\n<meta property=\"og:image\" content=\"http:\/\/www.sv-freiendiez.de\/wp-content\/uploads\/2017\/05\/WaffG-Schein-klein.png\" \/>\n<meta name=\"author\" content=\"editor\" \/>\n<meta name=\"twitter:card\" content=\"summary_large_image\" \/>\n<meta name=\"twitter:label1\" content=\"Verfasst von\" \/>\n\t<meta name=\"twitter:data1\" content=\"editor\" \/>\n\t<meta name=\"twitter:label2\" content=\"Gesch\u00e4tzte Lesezeit\" \/>\n\t<meta name=\"twitter:data2\" content=\"2\u00a0Minuten\" \/>\n<script type=\"application\/ld+json\" class=\"yoast-schema-graph\">{\"@context\":\"https:\\\/\\\/schema.org\",\"@graph\":[{\"@type\":\"Article\",\"@id\":\"https:\\\/\\\/www.sv-freiendiez.de\\\/?p=1758#article\",\"isPartOf\":{\"@id\":\"https:\\\/\\\/www.sv-freiendiez.de\\\/?p=1758\"},\"author\":{\"name\":\"editor\",\"@id\":\"https:\\\/\\\/www.sv-freiendiez.de\\\/#\\\/schema\\\/person\\\/e506fdcfcb3a8d0b33fb2982e44b9b79\"},\"headline\":\"\u00c4nderungen im Waffengesetz (WaffG) zur Waffenaufbewahrung treten ab dem 06. Juni 2017 in Kraft\",\"datePublished\":\"2017-07-05T16:08:49+00:00\",\"dateModified\":\"2017-07-22T13:22:45+00:00\",\"mainEntityOfPage\":{\"@id\":\"https:\\\/\\\/www.sv-freiendiez.de\\\/?p=1758\"},\"wordCount\":441,\"publisher\":{\"@id\":\"https:\\\/\\\/www.sv-freiendiez.de\\\/#organization\"},\"image\":{\"@id\":\"https:\\\/\\\/www.sv-freiendiez.de\\\/?p=1758#primaryimage\"},\"thumbnailUrl\":\"http:\\\/\\\/www.sv-freiendiez.de\\\/wp-content\\\/uploads\\\/2017\\\/05\\\/WaffG-Schein-klein.png\",\"articleSection\":{\"1\":\"Recht\"},\"inLanguage\":\"de\"},{\"@type\":\"WebPage\",\"@id\":\"https:\\\/\\\/www.sv-freiendiez.de\\\/?p=1758\",\"url\":\"https:\\\/\\\/www.sv-freiendiez.de\\\/?p=1758\",\"name\":\"\u00c4nderungen im Waffengesetz (WaffG) zur Waffenaufbewahrung treten ab dem 06. Juni 2017 in Kraft - SV Diez-Freiendiez 1928 e.V.\",\"isPartOf\":{\"@id\":\"https:\\\/\\\/www.sv-freiendiez.de\\\/#website\"},\"primaryImageOfPage\":{\"@id\":\"https:\\\/\\\/www.sv-freiendiez.de\\\/?p=1758#primaryimage\"},\"image\":{\"@id\":\"https:\\\/\\\/www.sv-freiendiez.de\\\/?p=1758#primaryimage\"},\"thumbnailUrl\":\"http:\\\/\\\/www.sv-freiendiez.de\\\/wp-content\\\/uploads\\\/2017\\\/05\\\/WaffG-Schein-klein.png\",\"datePublished\":\"2017-07-05T16:08:49+00:00\",\"dateModified\":\"2017-07-22T13:22:45+00:00\",\"breadcrumb\":{\"@id\":\"https:\\\/\\\/www.sv-freiendiez.de\\\/?p=1758#breadcrumb\"},\"inLanguage\":\"de\",\"potentialAction\":[{\"@type\":\"ReadAction\",\"target\":[\"https:\\\/\\\/www.sv-freiendiez.de\\\/?p=1758\"]}]},{\"@type\":\"ImageObject\",\"inLanguage\":\"de\",\"@id\":\"https:\\\/\\\/www.sv-freiendiez.de\\\/?p=1758#primaryimage\",\"url\":\"https:\\\/\\\/www.sv-freiendiez.de\\\/wp-content\\\/uploads\\\/2017\\\/05\\\/WaffG-Schein-klein.png\",\"contentUrl\":\"https:\\\/\\\/www.sv-freiendiez.de\\\/wp-content\\\/uploads\\\/2017\\\/05\\\/WaffG-Schein-klein.png\",\"width\":286,\"height\":180},{\"@type\":\"BreadcrumbList\",\"@id\":\"https:\\\/\\\/www.sv-freiendiez.de\\\/?p=1758#breadcrumb\",\"itemListElement\":[{\"@type\":\"ListItem\",\"position\":1,\"name\":\"Startseite\",\"item\":\"https:\\\/\\\/www.sv-freiendiez.de\\\/\"},{\"@type\":\"ListItem\",\"position\":2,\"name\":\"\u00c4nderungen im Waffengesetz (WaffG) zur Waffenaufbewahrung treten ab dem 06. Juni 2017 in Kraft\"}]},{\"@type\":\"WebSite\",\"@id\":\"https:\\\/\\\/www.sv-freiendiez.de\\\/#website\",\"url\":\"https:\\\/\\\/www.sv-freiendiez.de\\\/\",\"name\":\"SV Diez-Freiendiez 1928 e.V.\",\"description\":\"Sch\u00fctzenverein Diez-Freiendiez 1928 e.V.\",\"publisher\":{\"@id\":\"https:\\\/\\\/www.sv-freiendiez.de\\\/#organization\"},\"potentialAction\":[{\"@type\":\"SearchAction\",\"target\":{\"@type\":\"EntryPoint\",\"urlTemplate\":\"https:\\\/\\\/www.sv-freiendiez.de\\\/?s={search_term_string}\"},\"query-input\":{\"@type\":\"PropertyValueSpecification\",\"valueRequired\":true,\"valueName\":\"search_term_string\"}}],\"inLanguage\":\"de\"},{\"@type\":\"Organization\",\"@id\":\"https:\\\/\\\/www.sv-freiendiez.de\\\/#organization\",\"name\":\"SV Diez-Freiendiez 1928 e.V.\",\"url\":\"https:\\\/\\\/www.sv-freiendiez.de\\\/\",\"logo\":{\"@type\":\"ImageObject\",\"inLanguage\":\"de\",\"@id\":\"https:\\\/\\\/www.sv-freiendiez.de\\\/#\\\/schema\\\/logo\\\/image\\\/\",\"url\":\"https:\\\/\\\/www.sv-freiendiez.de\\\/wp-content\\\/uploads\\\/2016\\\/12\\\/cropped-wappen250.png\",\"contentUrl\":\"https:\\\/\\\/www.sv-freiendiez.de\\\/wp-content\\\/uploads\\\/2016\\\/12\\\/cropped-wappen250.png\",\"width\":250,\"height\":250,\"caption\":\"SV Diez-Freiendiez 1928 e.V.\"},\"image\":{\"@id\":\"https:\\\/\\\/www.sv-freiendiez.de\\\/#\\\/schema\\\/logo\\\/image\\\/\"},\"sameAs\":[\"https:\\\/\\\/www.facebook.com\\\/svfreiendiez\\\/\"]},{\"@type\":\"Person\",\"@id\":\"https:\\\/\\\/www.sv-freiendiez.de\\\/#\\\/schema\\\/person\\\/e506fdcfcb3a8d0b33fb2982e44b9b79\",\"name\":\"editor\",\"image\":{\"@type\":\"ImageObject\",\"inLanguage\":\"de\",\"@id\":\"https:\\\/\\\/secure.gravatar.com\\\/avatar\\\/2e61a0e3091a1495360fb924e613dd25bace1d4a95a687bd9add8c68191636ff?s=96&d=mm&r=g\",\"url\":\"https:\\\/\\\/secure.gravatar.com\\\/avatar\\\/2e61a0e3091a1495360fb924e613dd25bace1d4a95a687bd9add8c68191636ff?s=96&d=mm&r=g\",\"contentUrl\":\"https:\\\/\\\/secure.gravatar.com\\\/avatar\\\/2e61a0e3091a1495360fb924e613dd25bace1d4a95a687bd9add8c68191636ff?s=96&d=mm&r=g\",\"caption\":\"editor\"},\"url\":\"https:\\\/\\\/www.sv-freiendiez.de\\\/?author=1\"}]}<\/script>\n<!-- \/ Yoast SEO plugin. -->","yoast_head_json":{"title":"\u00c4nderungen im Waffengesetz (WaffG) zur Waffenaufbewahrung treten ab dem 06. Juni 2017 in Kraft - SV Diez-Freiendiez 1928 e.V.","robots":{"index":"index","follow":"follow","max-snippet":"max-snippet:-1","max-image-preview":"max-image-preview:large","max-video-preview":"max-video-preview:-1"},"canonical":"https:\/\/www.sv-freiendiez.de\/?p=1758","og_locale":"de_DE","og_type":"article","og_title":"\u00c4nderungen im Waffengesetz (WaffG) zur Waffenaufbewahrung treten ab dem 06. Juni 2017 in Kraft - SV Diez-Freiendiez 1928 e.V.","og_description":"Nach der heutigen Ver\u00f6ffentlichung im Bundesgesetzblatt treten die \u00c4nderungen im Waffengesetz (WaffG) bez\u00fcglich der Aufbewahrungsvorschriften von Erlaubnispflichtigen Waffen ohne \u00dcbergangsfristen unverz\u00fcglich ab dem 06. Juni 2017 in Kraft. Bestandsschutz ist gew\u00e4hrleistet. Das bedeutet, das ab Morgen bei allen Neubeantragungen einer WBK auch der Nachweis \u00fcber den Erwerb\/Besitz eines Sicherheitsbeh\u00e4ltnnisses nach dem neuen Standard mindestens der &hellip; \u201e\u00c4nderungen im Waffengesetz (WaffG) zur Waffenaufbewahrung treten ab dem 06. Juni 2017 in Kraft\u201c weiterlesen","og_url":"https:\/\/www.sv-freiendiez.de\/?p=1758","og_site_name":"SV Diez-Freiendiez 1928 e.V.","article_publisher":"https:\/\/www.facebook.com\/svfreiendiez\/","article_published_time":"2017-07-05T16:08:49+00:00","article_modified_time":"2017-07-22T13:22:45+00:00","og_image":[{"url":"http:\/\/www.sv-freiendiez.de\/wp-content\/uploads\/2017\/05\/WaffG-Schein-klein.png","type":"","width":"","height":""}],"author":"editor","twitter_card":"summary_large_image","twitter_misc":{"Verfasst von":"editor","Gesch\u00e4tzte Lesezeit":"2\u00a0Minuten"},"schema":{"@context":"https:\/\/schema.org","@graph":[{"@type":"Article","@id":"https:\/\/www.sv-freiendiez.de\/?p=1758#article","isPartOf":{"@id":"https:\/\/www.sv-freiendiez.de\/?p=1758"},"author":{"name":"editor","@id":"https:\/\/www.sv-freiendiez.de\/#\/schema\/person\/e506fdcfcb3a8d0b33fb2982e44b9b79"},"headline":"\u00c4nderungen im Waffengesetz (WaffG) zur Waffenaufbewahrung treten ab dem 06. Juni 2017 in Kraft","datePublished":"2017-07-05T16:08:49+00:00","dateModified":"2017-07-22T13:22:45+00:00","mainEntityOfPage":{"@id":"https:\/\/www.sv-freiendiez.de\/?p=1758"},"wordCount":441,"publisher":{"@id":"https:\/\/www.sv-freiendiez.de\/#organization"},"image":{"@id":"https:\/\/www.sv-freiendiez.de\/?p=1758#primaryimage"},"thumbnailUrl":"http:\/\/www.sv-freiendiez.de\/wp-content\/uploads\/2017\/05\/WaffG-Schein-klein.png","articleSection":{"1":"Recht"},"inLanguage":"de"},{"@type":"WebPage","@id":"https:\/\/www.sv-freiendiez.de\/?p=1758","url":"https:\/\/www.sv-freiendiez.de\/?p=1758","name":"\u00c4nderungen im Waffengesetz (WaffG) zur Waffenaufbewahrung treten ab dem 06. Juni 2017 in Kraft - SV Diez-Freiendiez 1928 e.V.","isPartOf":{"@id":"https:\/\/www.sv-freiendiez.de\/#website"},"primaryImageOfPage":{"@id":"https:\/\/www.sv-freiendiez.de\/?p=1758#primaryimage"},"image":{"@id":"https:\/\/www.sv-freiendiez.de\/?p=1758#primaryimage"},"thumbnailUrl":"http:\/\/www.sv-freiendiez.de\/wp-content\/uploads\/2017\/05\/WaffG-Schein-klein.png","datePublished":"2017-07-05T16:08:49+00:00","dateModified":"2017-07-22T13:22:45+00:00","breadcrumb":{"@id":"https:\/\/www.sv-freiendiez.de\/?p=1758#breadcrumb"},"inLanguage":"de","potentialAction":[{"@type":"ReadAction","target":["https:\/\/www.sv-freiendiez.de\/?p=1758"]}]},{"@type":"ImageObject","inLanguage":"de","@id":"https:\/\/www.sv-freiendiez.de\/?p=1758#primaryimage","url":"https:\/\/www.sv-freiendiez.de\/wp-content\/uploads\/2017\/05\/WaffG-Schein-klein.png","contentUrl":"https:\/\/www.sv-freiendiez.de\/wp-content\/uploads\/2017\/05\/WaffG-Schein-klein.png","width":286,"height":180},{"@type":"BreadcrumbList","@id":"https:\/\/www.sv-freiendiez.de\/?p=1758#breadcrumb","itemListElement":[{"@type":"ListItem","position":1,"name":"Startseite","item":"https:\/\/www.sv-freiendiez.de\/"},{"@type":"ListItem","position":2,"name":"\u00c4nderungen im Waffengesetz (WaffG) zur Waffenaufbewahrung treten ab dem 06. Juni 2017 in Kraft"}]},{"@type":"WebSite","@id":"https:\/\/www.sv-freiendiez.de\/#website","url":"https:\/\/www.sv-freiendiez.de\/","name":"SV Diez-Freiendiez 1928 e.V.","description":"Sch\u00fctzenverein Diez-Freiendiez 1928 e.V.","publisher":{"@id":"https:\/\/www.sv-freiendiez.de\/#organization"},"potentialAction":[{"@type":"SearchAction","target":{"@type":"EntryPoint","urlTemplate":"https:\/\/www.sv-freiendiez.de\/?s={search_term_string}"},"query-input":{"@type":"PropertyValueSpecification","valueRequired":true,"valueName":"search_term_string"}}],"inLanguage":"de"},{"@type":"Organization","@id":"https:\/\/www.sv-freiendiez.de\/#organization","name":"SV Diez-Freiendiez 1928 e.V.","url":"https:\/\/www.sv-freiendiez.de\/","logo":{"@type":"ImageObject","inLanguage":"de","@id":"https:\/\/www.sv-freiendiez.de\/#\/schema\/logo\/image\/","url":"https:\/\/www.sv-freiendiez.de\/wp-content\/uploads\/2016\/12\/cropped-wappen250.png","contentUrl":"https:\/\/www.sv-freiendiez.de\/wp-content\/uploads\/2016\/12\/cropped-wappen250.png","width":250,"height":250,"caption":"SV Diez-Freiendiez 1928 e.V."},"image":{"@id":"https:\/\/www.sv-freiendiez.de\/#\/schema\/logo\/image\/"},"sameAs":["https:\/\/www.facebook.com\/svfreiendiez\/"]},{"@type":"Person","@id":"https:\/\/www.sv-freiendiez.de\/#\/schema\/person\/e506fdcfcb3a8d0b33fb2982e44b9b79","name":"editor","image":{"@type":"ImageObject","inLanguage":"de","@id":"https:\/\/secure.gravatar.com\/avatar\/2e61a0e3091a1495360fb924e613dd25bace1d4a95a687bd9add8c68191636ff?s=96&d=mm&r=g","url":"https:\/\/secure.gravatar.com\/avatar\/2e61a0e3091a1495360fb924e613dd25bace1d4a95a687bd9add8c68191636ff?s=96&d=mm&r=g","contentUrl":"https:\/\/secure.gravatar.com\/avatar\/2e61a0e3091a1495360fb924e613dd25bace1d4a95a687bd9add8c68191636ff?s=96&d=mm&r=g","caption":"editor"},"url":"https:\/\/www.sv-freiendiez.de\/?author=1"}]}},"_links":{"self":[{"href":"https:\/\/www.sv-freiendiez.de\/index.php?rest_route=\/wp\/v2\/posts\/1758","targetHints":{"allow":["GET"]}}],"collection":[{"href":"https:\/\/www.sv-freiendiez.de\/index.php?rest_route=\/wp\/v2\/posts"}],"about":[{"href":"https:\/\/www.sv-freiendiez.de\/index.php?rest_route=\/wp\/v2\/types\/post"}],"author":[{"embeddable":true,"href":"https:\/\/www.sv-freiendiez.de\/index.php?rest_route=\/wp\/v2\/users\/1"}],"replies":[{"embeddable":true,"href":"https:\/\/www.sv-freiendiez.de\/index.php?rest_route=%2Fwp%2Fv2%2Fcomments&post=1758"}],"version-history":[{"count":0,"href":"https:\/\/www.sv-freiendiez.de\/index.php?rest_route=\/wp\/v2\/posts\/1758\/revisions"}],"wp:attachment":[{"href":"https:\/\/www.sv-freiendiez.de\/index.php?rest_route=%2Fwp%2Fv2%2Fmedia&parent=1758"}],"wp:term":[{"taxonomy":"category","embeddable":true,"href":"https:\/\/www.sv-freiendiez.de\/index.php?rest_route=%2Fwp%2Fv2%2Fcategories&post=1758"},{"taxonomy":"post_tag","embeddable":true,"href":"https:\/\/www.sv-freiendiez.de\/index.php?rest_route=%2Fwp%2Fv2%2Ftags&post=1758"}],"curies":[{"name":"wp","href":"https:\/\/api.w.org\/{rel}","templated":true}]}}