{"id":1652,"date":"2017-06-10T15:43:13","date_gmt":"2017-06-10T13:43:13","guid":{"rendered":"http:\/\/www.sv-freiendiez.de\/?p=1652"},"modified":"2017-06-10T16:10:29","modified_gmt":"2017-06-10T14:10:29","slug":"die-renovierungsarbeiten-haben-begonnen","status":"publish","type":"post","link":"https:\/\/www.sv-freiendiez.de\/?p=1652","title":{"rendered":"Die Renovierungsarbeiten haben begonnen!"},"content":{"rendered":"<p style=\"text-align: justify;\"><a href=\"http:\/\/www.sv-freiendiez.de\/wp-content\/uploads\/2017\/06\/20170610_134203.jpg\"><img loading=\"lazy\" decoding=\"async\" class=\"alignright size-medium wp-image-1655\" src=\"http:\/\/www.sv-freiendiez.de\/wp-content\/uploads\/2017\/06\/20170610_134203-300x169.jpg\" alt=\"\" width=\"300\" height=\"169\" srcset=\"https:\/\/www.sv-freiendiez.de\/wp-content\/uploads\/2017\/06\/20170610_134203-300x169.jpg 300w, https:\/\/www.sv-freiendiez.de\/wp-content\/uploads\/2017\/06\/20170610_134203-768x432.jpg 768w, https:\/\/www.sv-freiendiez.de\/wp-content\/uploads\/2017\/06\/20170610_134203-1024x575.jpg 1024w, https:\/\/www.sv-freiendiez.de\/wp-content\/uploads\/2017\/06\/20170610_134203-600x337.jpg 600w, https:\/\/www.sv-freiendiez.de\/wp-content\/uploads\/2017\/06\/20170610_134203.jpg 1331w\" sizes=\"auto, (max-width: 300px) 100vw, 300px\" \/><\/a>Heute morgen hat sich eine kleine Gruppe Mitglieder getroffen, um erste Vorbereitungen f\u00fcr die Renovierung des G\u00e4steraumes des Sch\u00fctzenhauses zu treffen. Der Raum wurde leerger\u00e4umt, der Boden abgedeckt, die Beleuchtung abgeh\u00e4ngt und die Styroporverkleidung von der Decke entfernt. Auch wurde Teile des Fliesenspiegels, der sich neben des Eingangs zum Luftdruckstand befand, entfernt. <strong>Die gesamte Inneneinrichtung des G\u00e4steraumes wurde im Bereich des Luftdruckstandes 5 und 6 zwischengelagert. Diese beiden St\u00e4nde werden f\u00fcr die Dauer der Arbeiten an den Trainingstagen nicht zur Verf\u00fcgung stehen.<\/strong> F\u00fcr die Renovierungsarbeiten sind etwas 5-6 Wochen geplant.<!--more--><\/p>\n<p style=\"text-align: justify;\">N\u00e4chste Woche werden die Tapeten von den W\u00e4nden entfernt und die vollfl\u00e4chigen Holzverkleidungen bis auf H\u00fcfth\u00f6he zur\u00fcckgebaut.<\/p>\n<p style=\"text-align: justify;\">Es gab keine B\u00f6sen \u00dcberraschungen: die Decke kann ohne weitere Vorbereitungen neu abgeh\u00e4ngt werden und hinter den Holzverkleidungen befindet sich auch offensichtlich Putz, so das dieser direkt zum Tapezieren genutzt werden kann.<\/p>\n<p style=\"text-align: justify;\">Wir versprechen uns durch die Renovierung und durch die neue Beleuchtung einen helleren, freundlicheren G\u00e4steraum, der noch mehr zum Verweilen einl\u00e4dt.<\/p>\n<p style=\"text-align: justify;\">Es werden weiterhin helfende H\u00e4nde gebraucht. Wer etwas Zeit hat und mithelfen m\u00f6chte, ist immer gerne gesehen.<\/p>\nngg_shortcode_0_placeholder\n","protected":false},"excerpt":{"rendered":"<p>Heute morgen hat sich eine kleine Gruppe Mitglieder getroffen, um erste Vorbereitungen f\u00fcr die Renovierung des G\u00e4steraumes des Sch\u00fctzenhauses zu treffen. Der Raum wurde leerger\u00e4umt, der Boden abgedeckt, die Beleuchtung abgeh\u00e4ngt und die Styroporverkleidung von der Decke entfernt. Auch wurde Teile des Fliesenspiegels, der sich neben des Eingangs zum Luftdruckstand befand, entfernt. Die gesamte Inneneinrichtung &hellip; <\/p>\n<p class=\"link-more\"><a href=\"https:\/\/www.sv-freiendiez.de\/?p=1652\" class=\"more-link\"><span class=\"screen-reader-text\">\u201eDie Renovierungsarbeiten haben begonnen!\u201c<\/span> weiterlesen<\/a><\/p>\n","protected":false},"author":1,"featured_media":0,"comment_status":"closed","ping_status":"closed","sticky":false,"template":"","format":"standard","meta":{"ngg_post_thumbnail":0,"footnotes":""},"categories":[1],"tags":[],"class_list":["post-1652","post","type-post","status-publish","format-standard","hentry","category-allgemein"],"yoast_head":"<!-- This site is optimized with the Yoast SEO plugin v27.5 - https:\/\/yoast.com\/product\/yoast-seo-wordpress\/ -->\n<title>Die Renovierungsarbeiten haben begonnen! - SV Diez-Freiendiez 1928 e.V.<\/title>\n<meta name=\"robots\" content=\"index, follow, max-snippet:-1, max-image-preview:large, max-video-preview:-1\" \/>\n<link rel=\"canonical\" href=\"https:\/\/www.sv-freiendiez.de\/?p=1652\" \/>\n<meta property=\"og:locale\" content=\"de_DE\" \/>\n<meta property=\"og:type\" content=\"article\" \/>\n<meta property=\"og:title\" content=\"Die Renovierungsarbeiten haben begonnen! - SV Diez-Freiendiez 1928 e.V.\" \/>\n<meta property=\"og:description\" content=\"Heute morgen hat sich eine kleine Gruppe Mitglieder getroffen, um erste Vorbereitungen f\u00fcr die Renovierung des G\u00e4steraumes des Sch\u00fctzenhauses zu treffen. Der Raum wurde leerger\u00e4umt, der Boden abgedeckt, die Beleuchtung abgeh\u00e4ngt und die Styroporverkleidung von der Decke entfernt. Auch wurde Teile des Fliesenspiegels, der sich neben des Eingangs zum Luftdruckstand befand, entfernt. Die gesamte Inneneinrichtung &hellip; \u201eDie Renovierungsarbeiten haben begonnen!\u201c weiterlesen\" \/>\n<meta property=\"og:url\" content=\"https:\/\/www.sv-freiendiez.de\/?p=1652\" \/>\n<meta property=\"og:site_name\" content=\"SV Diez-Freiendiez 1928 e.V.\" \/>\n<meta property=\"article:publisher\" content=\"https:\/\/www.facebook.com\/svfreiendiez\/\" \/>\n<meta property=\"article:published_time\" content=\"2017-06-10T13:43:13+00:00\" \/>\n<meta property=\"article:modified_time\" content=\"2017-06-10T14:10:29+00:00\" \/>\n<meta property=\"og:image\" content=\"http:\/\/www.sv-freiendiez.de\/wp-content\/uploads\/2017\/06\/20170610_134203-300x169.jpg\" \/>\n<meta name=\"author\" content=\"editor\" \/>\n<meta name=\"twitter:card\" content=\"summary_large_image\" \/>\n<meta name=\"twitter:label1\" content=\"Verfasst von\" \/>\n\t<meta name=\"twitter:data1\" content=\"editor\" \/>\n\t<meta name=\"twitter:label2\" content=\"Gesch\u00e4tzte Lesezeit\" \/>\n\t<meta name=\"twitter:data2\" content=\"1\u00a0Minute\" \/>\n<script type=\"application\/ld+json\" class=\"yoast-schema-graph\">{\"@context\":\"https:\\\/\\\/schema.org\",\"@graph\":[{\"@type\":\"Article\",\"@id\":\"https:\\\/\\\/www.sv-freiendiez.de\\\/?p=1652#article\",\"isPartOf\":{\"@id\":\"https:\\\/\\\/www.sv-freiendiez.de\\\/?p=1652\"},\"author\":{\"name\":\"editor\",\"@id\":\"https:\\\/\\\/www.sv-freiendiez.de\\\/#\\\/schema\\\/person\\\/e506fdcfcb3a8d0b33fb2982e44b9b79\"},\"headline\":\"Die Renovierungsarbeiten haben begonnen!\",\"datePublished\":\"2017-06-10T13:43:13+00:00\",\"dateModified\":\"2017-06-10T14:10:29+00:00\",\"mainEntityOfPage\":{\"@id\":\"https:\\\/\\\/www.sv-freiendiez.de\\\/?p=1652\"},\"wordCount\":257,\"publisher\":{\"@id\":\"https:\\\/\\\/www.sv-freiendiez.de\\\/#organization\"},\"image\":{\"@id\":\"https:\\\/\\\/www.sv-freiendiez.de\\\/?p=1652#primaryimage\"},\"thumbnailUrl\":\"http:\\\/\\\/www.sv-freiendiez.de\\\/wp-content\\\/uploads\\\/2017\\\/06\\\/20170610_134203-300x169.jpg\",\"inLanguage\":\"de\"},{\"@type\":\"WebPage\",\"@id\":\"https:\\\/\\\/www.sv-freiendiez.de\\\/?p=1652\",\"url\":\"https:\\\/\\\/www.sv-freiendiez.de\\\/?p=1652\",\"name\":\"Die Renovierungsarbeiten haben begonnen! - SV Diez-Freiendiez 1928 e.V.\",\"isPartOf\":{\"@id\":\"https:\\\/\\\/www.sv-freiendiez.de\\\/#website\"},\"primaryImageOfPage\":{\"@id\":\"https:\\\/\\\/www.sv-freiendiez.de\\\/?p=1652#primaryimage\"},\"image\":{\"@id\":\"https:\\\/\\\/www.sv-freiendiez.de\\\/?p=1652#primaryimage\"},\"thumbnailUrl\":\"http:\\\/\\\/www.sv-freiendiez.de\\\/wp-content\\\/uploads\\\/2017\\\/06\\\/20170610_134203-300x169.jpg\",\"datePublished\":\"2017-06-10T13:43:13+00:00\",\"dateModified\":\"2017-06-10T14:10:29+00:00\",\"breadcrumb\":{\"@id\":\"https:\\\/\\\/www.sv-freiendiez.de\\\/?p=1652#breadcrumb\"},\"inLanguage\":\"de\",\"potentialAction\":[{\"@type\":\"ReadAction\",\"target\":[\"https:\\\/\\\/www.sv-freiendiez.de\\\/?p=1652\"]}]},{\"@type\":\"ImageObject\",\"inLanguage\":\"de\",\"@id\":\"https:\\\/\\\/www.sv-freiendiez.de\\\/?p=1652#primaryimage\",\"url\":\"https:\\\/\\\/www.sv-freiendiez.de\\\/wp-content\\\/uploads\\\/2017\\\/06\\\/20170610_134203.jpg\",\"contentUrl\":\"https:\\\/\\\/www.sv-freiendiez.de\\\/wp-content\\\/uploads\\\/2017\\\/06\\\/20170610_134203.jpg\",\"width\":1331,\"height\":748},{\"@type\":\"BreadcrumbList\",\"@id\":\"https:\\\/\\\/www.sv-freiendiez.de\\\/?p=1652#breadcrumb\",\"itemListElement\":[{\"@type\":\"ListItem\",\"position\":1,\"name\":\"Startseite\",\"item\":\"https:\\\/\\\/www.sv-freiendiez.de\\\/\"},{\"@type\":\"ListItem\",\"position\":2,\"name\":\"Die Renovierungsarbeiten haben begonnen!\"}]},{\"@type\":\"WebSite\",\"@id\":\"https:\\\/\\\/www.sv-freiendiez.de\\\/#website\",\"url\":\"https:\\\/\\\/www.sv-freiendiez.de\\\/\",\"name\":\"SV Diez-Freiendiez 1928 e.V.\",\"description\":\"Sch\u00fctzenverein Diez-Freiendiez 1928 e.V.\",\"publisher\":{\"@id\":\"https:\\\/\\\/www.sv-freiendiez.de\\\/#organization\"},\"potentialAction\":[{\"@type\":\"SearchAction\",\"target\":{\"@type\":\"EntryPoint\",\"urlTemplate\":\"https:\\\/\\\/www.sv-freiendiez.de\\\/?s={search_term_string}\"},\"query-input\":{\"@type\":\"PropertyValueSpecification\",\"valueRequired\":true,\"valueName\":\"search_term_string\"}}],\"inLanguage\":\"de\"},{\"@type\":\"Organization\",\"@id\":\"https:\\\/\\\/www.sv-freiendiez.de\\\/#organization\",\"name\":\"SV Diez-Freiendiez 1928 e.V.\",\"url\":\"https:\\\/\\\/www.sv-freiendiez.de\\\/\",\"logo\":{\"@type\":\"ImageObject\",\"inLanguage\":\"de\",\"@id\":\"https:\\\/\\\/www.sv-freiendiez.de\\\/#\\\/schema\\\/logo\\\/image\\\/\",\"url\":\"https:\\\/\\\/www.sv-freiendiez.de\\\/wp-content\\\/uploads\\\/2016\\\/12\\\/cropped-wappen250.png\",\"contentUrl\":\"https:\\\/\\\/www.sv-freiendiez.de\\\/wp-content\\\/uploads\\\/2016\\\/12\\\/cropped-wappen250.png\",\"width\":250,\"height\":250,\"caption\":\"SV Diez-Freiendiez 1928 e.V.\"},\"image\":{\"@id\":\"https:\\\/\\\/www.sv-freiendiez.de\\\/#\\\/schema\\\/logo\\\/image\\\/\"},\"sameAs\":[\"https:\\\/\\\/www.facebook.com\\\/svfreiendiez\\\/\"]},{\"@type\":\"Person\",\"@id\":\"https:\\\/\\\/www.sv-freiendiez.de\\\/#\\\/schema\\\/person\\\/e506fdcfcb3a8d0b33fb2982e44b9b79\",\"name\":\"editor\",\"image\":{\"@type\":\"ImageObject\",\"inLanguage\":\"de\",\"@id\":\"https:\\\/\\\/secure.gravatar.com\\\/avatar\\\/2e61a0e3091a1495360fb924e613dd25bace1d4a95a687bd9add8c68191636ff?s=96&d=mm&r=g\",\"url\":\"https:\\\/\\\/secure.gravatar.com\\\/avatar\\\/2e61a0e3091a1495360fb924e613dd25bace1d4a95a687bd9add8c68191636ff?s=96&d=mm&r=g\",\"contentUrl\":\"https:\\\/\\\/secure.gravatar.com\\\/avatar\\\/2e61a0e3091a1495360fb924e613dd25bace1d4a95a687bd9add8c68191636ff?s=96&d=mm&r=g\",\"caption\":\"editor\"},\"url\":\"https:\\\/\\\/www.sv-freiendiez.de\\\/?author=1\"}]}<\/script>\n<!-- \/ Yoast SEO plugin. -->","yoast_head_json":{"title":"Die Renovierungsarbeiten haben begonnen! - SV Diez-Freiendiez 1928 e.V.","robots":{"index":"index","follow":"follow","max-snippet":"max-snippet:-1","max-image-preview":"max-image-preview:large","max-video-preview":"max-video-preview:-1"},"canonical":"https:\/\/www.sv-freiendiez.de\/?p=1652","og_locale":"de_DE","og_type":"article","og_title":"Die Renovierungsarbeiten haben begonnen! - SV Diez-Freiendiez 1928 e.V.","og_description":"Heute morgen hat sich eine kleine Gruppe Mitglieder getroffen, um erste Vorbereitungen f\u00fcr die Renovierung des G\u00e4steraumes des Sch\u00fctzenhauses zu treffen. Der Raum wurde leerger\u00e4umt, der Boden abgedeckt, die Beleuchtung abgeh\u00e4ngt und die Styroporverkleidung von der Decke entfernt. Auch wurde Teile des Fliesenspiegels, der sich neben des Eingangs zum Luftdruckstand befand, entfernt. Die gesamte Inneneinrichtung &hellip; \u201eDie Renovierungsarbeiten haben begonnen!\u201c weiterlesen","og_url":"https:\/\/www.sv-freiendiez.de\/?p=1652","og_site_name":"SV Diez-Freiendiez 1928 e.V.","article_publisher":"https:\/\/www.facebook.com\/svfreiendiez\/","article_published_time":"2017-06-10T13:43:13+00:00","article_modified_time":"2017-06-10T14:10:29+00:00","og_image":[{"url":"http:\/\/www.sv-freiendiez.de\/wp-content\/uploads\/2017\/06\/20170610_134203-300x169.jpg","type":"","width":"","height":""}],"author":"editor","twitter_card":"summary_large_image","twitter_misc":{"Verfasst von":"editor","Gesch\u00e4tzte Lesezeit":"1\u00a0Minute"},"schema":{"@context":"https:\/\/schema.org","@graph":[{"@type":"Article","@id":"https:\/\/www.sv-freiendiez.de\/?p=1652#article","isPartOf":{"@id":"https:\/\/www.sv-freiendiez.de\/?p=1652"},"author":{"name":"editor","@id":"https:\/\/www.sv-freiendiez.de\/#\/schema\/person\/e506fdcfcb3a8d0b33fb2982e44b9b79"},"headline":"Die Renovierungsarbeiten haben begonnen!","datePublished":"2017-06-10T13:43:13+00:00","dateModified":"2017-06-10T14:10:29+00:00","mainEntityOfPage":{"@id":"https:\/\/www.sv-freiendiez.de\/?p=1652"},"wordCount":257,"publisher":{"@id":"https:\/\/www.sv-freiendiez.de\/#organization"},"image":{"@id":"https:\/\/www.sv-freiendiez.de\/?p=1652#primaryimage"},"thumbnailUrl":"http:\/\/www.sv-freiendiez.de\/wp-content\/uploads\/2017\/06\/20170610_134203-300x169.jpg","inLanguage":"de"},{"@type":"WebPage","@id":"https:\/\/www.sv-freiendiez.de\/?p=1652","url":"https:\/\/www.sv-freiendiez.de\/?p=1652","name":"Die Renovierungsarbeiten haben begonnen! - SV Diez-Freiendiez 1928 e.V.","isPartOf":{"@id":"https:\/\/www.sv-freiendiez.de\/#website"},"primaryImageOfPage":{"@id":"https:\/\/www.sv-freiendiez.de\/?p=1652#primaryimage"},"image":{"@id":"https:\/\/www.sv-freiendiez.de\/?p=1652#primaryimage"},"thumbnailUrl":"http:\/\/www.sv-freiendiez.de\/wp-content\/uploads\/2017\/06\/20170610_134203-300x169.jpg","datePublished":"2017-06-10T13:43:13+00:00","dateModified":"2017-06-10T14:10:29+00:00","breadcrumb":{"@id":"https:\/\/www.sv-freiendiez.de\/?p=1652#breadcrumb"},"inLanguage":"de","potentialAction":[{"@type":"ReadAction","target":["https:\/\/www.sv-freiendiez.de\/?p=1652"]}]},{"@type":"ImageObject","inLanguage":"de","@id":"https:\/\/www.sv-freiendiez.de\/?p=1652#primaryimage","url":"https:\/\/www.sv-freiendiez.de\/wp-content\/uploads\/2017\/06\/20170610_134203.jpg","contentUrl":"https:\/\/www.sv-freiendiez.de\/wp-content\/uploads\/2017\/06\/20170610_134203.jpg","width":1331,"height":748},{"@type":"BreadcrumbList","@id":"https:\/\/www.sv-freiendiez.de\/?p=1652#breadcrumb","itemListElement":[{"@type":"ListItem","position":1,"name":"Startseite","item":"https:\/\/www.sv-freiendiez.de\/"},{"@type":"ListItem","position":2,"name":"Die Renovierungsarbeiten haben begonnen!"}]},{"@type":"WebSite","@id":"https:\/\/www.sv-freiendiez.de\/#website","url":"https:\/\/www.sv-freiendiez.de\/","name":"SV Diez-Freiendiez 1928 e.V.","description":"Sch\u00fctzenverein Diez-Freiendiez 1928 e.V.","publisher":{"@id":"https:\/\/www.sv-freiendiez.de\/#organization"},"potentialAction":[{"@type":"SearchAction","target":{"@type":"EntryPoint","urlTemplate":"https:\/\/www.sv-freiendiez.de\/?s={search_term_string}"},"query-input":{"@type":"PropertyValueSpecification","valueRequired":true,"valueName":"search_term_string"}}],"inLanguage":"de"},{"@type":"Organization","@id":"https:\/\/www.sv-freiendiez.de\/#organization","name":"SV Diez-Freiendiez 1928 e.V.","url":"https:\/\/www.sv-freiendiez.de\/","logo":{"@type":"ImageObject","inLanguage":"de","@id":"https:\/\/www.sv-freiendiez.de\/#\/schema\/logo\/image\/","url":"https:\/\/www.sv-freiendiez.de\/wp-content\/uploads\/2016\/12\/cropped-wappen250.png","contentUrl":"https:\/\/www.sv-freiendiez.de\/wp-content\/uploads\/2016\/12\/cropped-wappen250.png","width":250,"height":250,"caption":"SV Diez-Freiendiez 1928 e.V."},"image":{"@id":"https:\/\/www.sv-freiendiez.de\/#\/schema\/logo\/image\/"},"sameAs":["https:\/\/www.facebook.com\/svfreiendiez\/"]},{"@type":"Person","@id":"https:\/\/www.sv-freiendiez.de\/#\/schema\/person\/e506fdcfcb3a8d0b33fb2982e44b9b79","name":"editor","image":{"@type":"ImageObject","inLanguage":"de","@id":"https:\/\/secure.gravatar.com\/avatar\/2e61a0e3091a1495360fb924e613dd25bace1d4a95a687bd9add8c68191636ff?s=96&d=mm&r=g","url":"https:\/\/secure.gravatar.com\/avatar\/2e61a0e3091a1495360fb924e613dd25bace1d4a95a687bd9add8c68191636ff?s=96&d=mm&r=g","contentUrl":"https:\/\/secure.gravatar.com\/avatar\/2e61a0e3091a1495360fb924e613dd25bace1d4a95a687bd9add8c68191636ff?s=96&d=mm&r=g","caption":"editor"},"url":"https:\/\/www.sv-freiendiez.de\/?author=1"}]}},"_links":{"self":[{"href":"https:\/\/www.sv-freiendiez.de\/index.php?rest_route=\/wp\/v2\/posts\/1652","targetHints":{"allow":["GET"]}}],"collection":[{"href":"https:\/\/www.sv-freiendiez.de\/index.php?rest_route=\/wp\/v2\/posts"}],"about":[{"href":"https:\/\/www.sv-freiendiez.de\/index.php?rest_route=\/wp\/v2\/types\/post"}],"author":[{"embeddable":true,"href":"https:\/\/www.sv-freiendiez.de\/index.php?rest_route=\/wp\/v2\/users\/1"}],"replies":[{"embeddable":true,"href":"https:\/\/www.sv-freiendiez.de\/index.php?rest_route=%2Fwp%2Fv2%2Fcomments&post=1652"}],"version-history":[{"count":0,"href":"https:\/\/www.sv-freiendiez.de\/index.php?rest_route=\/wp\/v2\/posts\/1652\/revisions"}],"wp:attachment":[{"href":"https:\/\/www.sv-freiendiez.de\/index.php?rest_route=%2Fwp%2Fv2%2Fmedia&parent=1652"}],"wp:term":[{"taxonomy":"category","embeddable":true,"href":"https:\/\/www.sv-freiendiez.de\/index.php?rest_route=%2Fwp%2Fv2%2Fcategories&post=1652"},{"taxonomy":"post_tag","embeddable":true,"href":"https:\/\/www.sv-freiendiez.de\/index.php?rest_route=%2Fwp%2Fv2%2Ftags&post=1652"}],"curies":[{"name":"wp","href":"https:\/\/api.w.org\/{rel}","templated":true}]}}