{"id":1643,"date":"2017-06-06T18:17:37","date_gmt":"2017-06-06T16:17:37","guid":{"rendered":"http:\/\/www.sv-freiendiez.de\/?p=1643"},"modified":"2017-06-06T19:57:56","modified_gmt":"2017-06-06T17:57:56","slug":"ergebnisse-der-2-runde-um-den-jugend-pokal-2017-im-kreis-114115","status":"publish","type":"post","link":"https:\/\/www.sv-freiendiez.de\/?p=1643","title":{"rendered":"Ergebnisse der 2. Runde um den Jugend-Pokal 2017 im Kreis 114\/115"},"content":{"rendered":"<p style=\"text-align: justify;\"><a href=\"http:\/\/www.sv-freiendiez.de\/wp-content\/uploads\/2017\/06\/20170603_144514_25.jpg\"><img loading=\"lazy\" decoding=\"async\" class=\"alignleft size-medium wp-image-1644\" src=\"http:\/\/www.sv-freiendiez.de\/wp-content\/uploads\/2017\/06\/20170603_144514_25-300x169.jpg\" alt=\"\" width=\"300\" height=\"169\" srcset=\"https:\/\/www.sv-freiendiez.de\/wp-content\/uploads\/2017\/06\/20170603_144514_25-300x169.jpg 300w, https:\/\/www.sv-freiendiez.de\/wp-content\/uploads\/2017\/06\/20170603_144514_25-768x432.jpg 768w, https:\/\/www.sv-freiendiez.de\/wp-content\/uploads\/2017\/06\/20170603_144514_25-600x338.jpg 600w, https:\/\/www.sv-freiendiez.de\/wp-content\/uploads\/2017\/06\/20170603_144514_25.jpg 1008w\" sizes=\"auto, (max-width: 300px) 100vw, 300px\" \/><\/a>Letzten Sonntag fand auf unserer Schie\u00dfsportanlage der 2. Vorkampf f\u00fcr die Sommerrunde im Jugend-Pokal 2017 f\u00fcr die Kreise 114 und 115 statt. Jugendliche aus 7 Vereinen waren am Start, darunter auch Teilnehmer aus unserem Verein. Die Jugendlichen traten in den Diszplinen Luftpistole und Luftgewehr an. Der zweite Vorkampf konnte der SV Reichenberg\/Nast\u00e4tten mit 259 Ringen f\u00fcr sich entscheiden, gefolgt von Netzbach und Singhofen. Unsere Jugend erreichte den 4. Platz mit 211 Ringen. Die gleiche Reihenfolge ergibt sich auch aus der Summe der bereits erfolgten Vork\u00e4mpfen.<\/p>\n<p style=\"text-align: justify;\"><a href=\"http:\/\/www.sv-freiendiez.de\/wp-content\/uploads\/2017\/06\/20170603_151947_25.jpg\"><img loading=\"lazy\" decoding=\"async\" class=\"alignright size-medium wp-image-1645\" src=\"http:\/\/www.sv-freiendiez.de\/wp-content\/uploads\/2017\/06\/20170603_151947_25-300x169.jpg\" alt=\"\" width=\"300\" height=\"169\" srcset=\"https:\/\/www.sv-freiendiez.de\/wp-content\/uploads\/2017\/06\/20170603_151947_25-300x169.jpg 300w, https:\/\/www.sv-freiendiez.de\/wp-content\/uploads\/2017\/06\/20170603_151947_25-768x432.jpg 768w, https:\/\/www.sv-freiendiez.de\/wp-content\/uploads\/2017\/06\/20170603_151947_25-600x338.jpg 600w, https:\/\/www.sv-freiendiez.de\/wp-content\/uploads\/2017\/06\/20170603_151947_25.jpg 1008w\" sizes=\"auto, (max-width: 300px) 100vw, 300px\" \/><\/a>Olaf Schwaderlapp, Jugendleiter im Kreis 115, gab sich sehr zufrieden mit den gezeigten Leistungen, auch lobte er unsere moderne Schie\u00dfstand-Anlage f\u00fcr Druckluftwaffen.<\/p>\n<p style=\"text-align: justify;\">Wir freuen uns auf die Ergebnisse der n\u00e4chsten Runde, die in Nast\u00e4tten stattfinden wird. Wir werden wieder berichten.<\/p>\n<p>Siehe auch: <a href=\"http:\/\/www.sv-freiendiez.de\/?p=1585\">Jugend-Pokal 2017 im Kreis 114\/115<\/a><\/p>\n","protected":false},"excerpt":{"rendered":"<p>Letzten Sonntag fand auf unserer Schie\u00dfsportanlage der 2. Vorkampf f\u00fcr die Sommerrunde im Jugend-Pokal 2017 f\u00fcr die Kreise 114 und 115 statt. Jugendliche aus 7 Vereinen waren am Start, darunter auch Teilnehmer aus unserem Verein. Die Jugendlichen traten in den Diszplinen Luftpistole und Luftgewehr an. Der zweite Vorkampf konnte der SV Reichenberg\/Nast\u00e4tten mit 259 Ringen &hellip; <\/p>\n<p class=\"link-more\"><a href=\"https:\/\/www.sv-freiendiez.de\/?p=1643\" class=\"more-link\"><span class=\"screen-reader-text\">\u201eErgebnisse der 2. Runde um den Jugend-Pokal 2017 im Kreis 114\/115\u201c<\/span> weiterlesen<\/a><\/p>\n","protected":false},"author":1,"featured_media":0,"comment_status":"closed","ping_status":"closed","sticky":false,"template":"","format":"standard","meta":{"ngg_post_thumbnail":0,"footnotes":""},"categories":[7,26],"tags":[],"class_list":["post-1643","post","type-post","status-publish","format-standard","hentry","category-ergebnisse","category-jugend"],"yoast_head":"<!-- This site is optimized with the Yoast SEO plugin v27.5 - https:\/\/yoast.com\/product\/yoast-seo-wordpress\/ -->\n<title>Ergebnisse der 2. Runde um den Jugend-Pokal 2017 im Kreis 114\/115 - SV Diez-Freiendiez 1928 e.V.<\/title>\n<meta name=\"robots\" content=\"index, follow, max-snippet:-1, max-image-preview:large, max-video-preview:-1\" \/>\n<link rel=\"canonical\" href=\"https:\/\/www.sv-freiendiez.de\/?p=1643\" \/>\n<meta property=\"og:locale\" content=\"de_DE\" \/>\n<meta property=\"og:type\" content=\"article\" \/>\n<meta property=\"og:title\" content=\"Ergebnisse der 2. Runde um den Jugend-Pokal 2017 im Kreis 114\/115 - SV Diez-Freiendiez 1928 e.V.\" \/>\n<meta property=\"og:description\" content=\"Letzten Sonntag fand auf unserer Schie\u00dfsportanlage der 2. Vorkampf f\u00fcr die Sommerrunde im Jugend-Pokal 2017 f\u00fcr die Kreise 114 und 115 statt. Jugendliche aus 7 Vereinen waren am Start, darunter auch Teilnehmer aus unserem Verein. Die Jugendlichen traten in den Diszplinen Luftpistole und Luftgewehr an. Der zweite Vorkampf konnte der SV Reichenberg\/Nast\u00e4tten mit 259 Ringen &hellip; \u201eErgebnisse der 2. Runde um den Jugend-Pokal 2017 im Kreis 114\/115\u201c weiterlesen\" \/>\n<meta property=\"og:url\" content=\"https:\/\/www.sv-freiendiez.de\/?p=1643\" \/>\n<meta property=\"og:site_name\" content=\"SV Diez-Freiendiez 1928 e.V.\" \/>\n<meta property=\"article:publisher\" content=\"https:\/\/www.facebook.com\/svfreiendiez\/\" \/>\n<meta property=\"article:published_time\" content=\"2017-06-06T16:17:37+00:00\" \/>\n<meta property=\"article:modified_time\" content=\"2017-06-06T17:57:56+00:00\" \/>\n<meta property=\"og:image\" content=\"http:\/\/www.sv-freiendiez.de\/wp-content\/uploads\/2017\/06\/20170603_144514_25-300x169.jpg\" \/>\n<meta name=\"author\" content=\"editor\" \/>\n<meta name=\"twitter:card\" content=\"summary_large_image\" \/>\n<meta name=\"twitter:label1\" content=\"Verfasst von\" \/>\n\t<meta name=\"twitter:data1\" content=\"editor\" \/>\n\t<meta name=\"twitter:label2\" content=\"Gesch\u00e4tzte Lesezeit\" \/>\n\t<meta name=\"twitter:data2\" content=\"1\u00a0Minute\" \/>\n<script type=\"application\/ld+json\" class=\"yoast-schema-graph\">{\"@context\":\"https:\\\/\\\/schema.org\",\"@graph\":[{\"@type\":\"Article\",\"@id\":\"https:\\\/\\\/www.sv-freiendiez.de\\\/?p=1643#article\",\"isPartOf\":{\"@id\":\"https:\\\/\\\/www.sv-freiendiez.de\\\/?p=1643\"},\"author\":{\"name\":\"editor\",\"@id\":\"https:\\\/\\\/www.sv-freiendiez.de\\\/#\\\/schema\\\/person\\\/e506fdcfcb3a8d0b33fb2982e44b9b79\"},\"headline\":\"Ergebnisse der 2. Runde um den Jugend-Pokal 2017 im Kreis 114\\\/115\",\"datePublished\":\"2017-06-06T16:17:37+00:00\",\"dateModified\":\"2017-06-06T17:57:56+00:00\",\"mainEntityOfPage\":{\"@id\":\"https:\\\/\\\/www.sv-freiendiez.de\\\/?p=1643\"},\"wordCount\":140,\"publisher\":{\"@id\":\"https:\\\/\\\/www.sv-freiendiez.de\\\/#organization\"},\"image\":{\"@id\":\"https:\\\/\\\/www.sv-freiendiez.de\\\/?p=1643#primaryimage\"},\"thumbnailUrl\":\"http:\\\/\\\/www.sv-freiendiez.de\\\/wp-content\\\/uploads\\\/2017\\\/06\\\/20170603_144514_25-300x169.jpg\",\"articleSection\":[\"Ergebnisse\",\"Jugend\"],\"inLanguage\":\"de\"},{\"@type\":\"WebPage\",\"@id\":\"https:\\\/\\\/www.sv-freiendiez.de\\\/?p=1643\",\"url\":\"https:\\\/\\\/www.sv-freiendiez.de\\\/?p=1643\",\"name\":\"Ergebnisse der 2. Runde um den Jugend-Pokal 2017 im Kreis 114\\\/115 - SV Diez-Freiendiez 1928 e.V.\",\"isPartOf\":{\"@id\":\"https:\\\/\\\/www.sv-freiendiez.de\\\/#website\"},\"primaryImageOfPage\":{\"@id\":\"https:\\\/\\\/www.sv-freiendiez.de\\\/?p=1643#primaryimage\"},\"image\":{\"@id\":\"https:\\\/\\\/www.sv-freiendiez.de\\\/?p=1643#primaryimage\"},\"thumbnailUrl\":\"http:\\\/\\\/www.sv-freiendiez.de\\\/wp-content\\\/uploads\\\/2017\\\/06\\\/20170603_144514_25-300x169.jpg\",\"datePublished\":\"2017-06-06T16:17:37+00:00\",\"dateModified\":\"2017-06-06T17:57:56+00:00\",\"breadcrumb\":{\"@id\":\"https:\\\/\\\/www.sv-freiendiez.de\\\/?p=1643#breadcrumb\"},\"inLanguage\":\"de\",\"potentialAction\":[{\"@type\":\"ReadAction\",\"target\":[\"https:\\\/\\\/www.sv-freiendiez.de\\\/?p=1643\"]}]},{\"@type\":\"ImageObject\",\"inLanguage\":\"de\",\"@id\":\"https:\\\/\\\/www.sv-freiendiez.de\\\/?p=1643#primaryimage\",\"url\":\"https:\\\/\\\/www.sv-freiendiez.de\\\/wp-content\\\/uploads\\\/2017\\\/06\\\/20170603_144514_25.jpg\",\"contentUrl\":\"https:\\\/\\\/www.sv-freiendiez.de\\\/wp-content\\\/uploads\\\/2017\\\/06\\\/20170603_144514_25.jpg\",\"width\":1008,\"height\":567},{\"@type\":\"BreadcrumbList\",\"@id\":\"https:\\\/\\\/www.sv-freiendiez.de\\\/?p=1643#breadcrumb\",\"itemListElement\":[{\"@type\":\"ListItem\",\"position\":1,\"name\":\"Startseite\",\"item\":\"https:\\\/\\\/www.sv-freiendiez.de\\\/\"},{\"@type\":\"ListItem\",\"position\":2,\"name\":\"Ergebnisse der 2. Runde um den Jugend-Pokal 2017 im Kreis 114\\\/115\"}]},{\"@type\":\"WebSite\",\"@id\":\"https:\\\/\\\/www.sv-freiendiez.de\\\/#website\",\"url\":\"https:\\\/\\\/www.sv-freiendiez.de\\\/\",\"name\":\"SV Diez-Freiendiez 1928 e.V.\",\"description\":\"Sch\u00fctzenverein Diez-Freiendiez 1928 e.V.\",\"publisher\":{\"@id\":\"https:\\\/\\\/www.sv-freiendiez.de\\\/#organization\"},\"potentialAction\":[{\"@type\":\"SearchAction\",\"target\":{\"@type\":\"EntryPoint\",\"urlTemplate\":\"https:\\\/\\\/www.sv-freiendiez.de\\\/?s={search_term_string}\"},\"query-input\":{\"@type\":\"PropertyValueSpecification\",\"valueRequired\":true,\"valueName\":\"search_term_string\"}}],\"inLanguage\":\"de\"},{\"@type\":\"Organization\",\"@id\":\"https:\\\/\\\/www.sv-freiendiez.de\\\/#organization\",\"name\":\"SV Diez-Freiendiez 1928 e.V.\",\"url\":\"https:\\\/\\\/www.sv-freiendiez.de\\\/\",\"logo\":{\"@type\":\"ImageObject\",\"inLanguage\":\"de\",\"@id\":\"https:\\\/\\\/www.sv-freiendiez.de\\\/#\\\/schema\\\/logo\\\/image\\\/\",\"url\":\"https:\\\/\\\/www.sv-freiendiez.de\\\/wp-content\\\/uploads\\\/2016\\\/12\\\/cropped-wappen250.png\",\"contentUrl\":\"https:\\\/\\\/www.sv-freiendiez.de\\\/wp-content\\\/uploads\\\/2016\\\/12\\\/cropped-wappen250.png\",\"width\":250,\"height\":250,\"caption\":\"SV Diez-Freiendiez 1928 e.V.\"},\"image\":{\"@id\":\"https:\\\/\\\/www.sv-freiendiez.de\\\/#\\\/schema\\\/logo\\\/image\\\/\"},\"sameAs\":[\"https:\\\/\\\/www.facebook.com\\\/svfreiendiez\\\/\"]},{\"@type\":\"Person\",\"@id\":\"https:\\\/\\\/www.sv-freiendiez.de\\\/#\\\/schema\\\/person\\\/e506fdcfcb3a8d0b33fb2982e44b9b79\",\"name\":\"editor\",\"image\":{\"@type\":\"ImageObject\",\"inLanguage\":\"de\",\"@id\":\"https:\\\/\\\/secure.gravatar.com\\\/avatar\\\/2e61a0e3091a1495360fb924e613dd25bace1d4a95a687bd9add8c68191636ff?s=96&d=mm&r=g\",\"url\":\"https:\\\/\\\/secure.gravatar.com\\\/avatar\\\/2e61a0e3091a1495360fb924e613dd25bace1d4a95a687bd9add8c68191636ff?s=96&d=mm&r=g\",\"contentUrl\":\"https:\\\/\\\/secure.gravatar.com\\\/avatar\\\/2e61a0e3091a1495360fb924e613dd25bace1d4a95a687bd9add8c68191636ff?s=96&d=mm&r=g\",\"caption\":\"editor\"},\"url\":\"https:\\\/\\\/www.sv-freiendiez.de\\\/?author=1\"}]}<\/script>\n<!-- \/ Yoast SEO plugin. -->","yoast_head_json":{"title":"Ergebnisse der 2. Runde um den Jugend-Pokal 2017 im Kreis 114\/115 - SV Diez-Freiendiez 1928 e.V.","robots":{"index":"index","follow":"follow","max-snippet":"max-snippet:-1","max-image-preview":"max-image-preview:large","max-video-preview":"max-video-preview:-1"},"canonical":"https:\/\/www.sv-freiendiez.de\/?p=1643","og_locale":"de_DE","og_type":"article","og_title":"Ergebnisse der 2. Runde um den Jugend-Pokal 2017 im Kreis 114\/115 - SV Diez-Freiendiez 1928 e.V.","og_description":"Letzten Sonntag fand auf unserer Schie\u00dfsportanlage der 2. Vorkampf f\u00fcr die Sommerrunde im Jugend-Pokal 2017 f\u00fcr die Kreise 114 und 115 statt. Jugendliche aus 7 Vereinen waren am Start, darunter auch Teilnehmer aus unserem Verein. Die Jugendlichen traten in den Diszplinen Luftpistole und Luftgewehr an. Der zweite Vorkampf konnte der SV Reichenberg\/Nast\u00e4tten mit 259 Ringen &hellip; \u201eErgebnisse der 2. Runde um den Jugend-Pokal 2017 im Kreis 114\/115\u201c weiterlesen","og_url":"https:\/\/www.sv-freiendiez.de\/?p=1643","og_site_name":"SV Diez-Freiendiez 1928 e.V.","article_publisher":"https:\/\/www.facebook.com\/svfreiendiez\/","article_published_time":"2017-06-06T16:17:37+00:00","article_modified_time":"2017-06-06T17:57:56+00:00","og_image":[{"url":"http:\/\/www.sv-freiendiez.de\/wp-content\/uploads\/2017\/06\/20170603_144514_25-300x169.jpg","type":"","width":"","height":""}],"author":"editor","twitter_card":"summary_large_image","twitter_misc":{"Verfasst von":"editor","Gesch\u00e4tzte Lesezeit":"1\u00a0Minute"},"schema":{"@context":"https:\/\/schema.org","@graph":[{"@type":"Article","@id":"https:\/\/www.sv-freiendiez.de\/?p=1643#article","isPartOf":{"@id":"https:\/\/www.sv-freiendiez.de\/?p=1643"},"author":{"name":"editor","@id":"https:\/\/www.sv-freiendiez.de\/#\/schema\/person\/e506fdcfcb3a8d0b33fb2982e44b9b79"},"headline":"Ergebnisse der 2. Runde um den Jugend-Pokal 2017 im Kreis 114\/115","datePublished":"2017-06-06T16:17:37+00:00","dateModified":"2017-06-06T17:57:56+00:00","mainEntityOfPage":{"@id":"https:\/\/www.sv-freiendiez.de\/?p=1643"},"wordCount":140,"publisher":{"@id":"https:\/\/www.sv-freiendiez.de\/#organization"},"image":{"@id":"https:\/\/www.sv-freiendiez.de\/?p=1643#primaryimage"},"thumbnailUrl":"http:\/\/www.sv-freiendiez.de\/wp-content\/uploads\/2017\/06\/20170603_144514_25-300x169.jpg","articleSection":["Ergebnisse","Jugend"],"inLanguage":"de"},{"@type":"WebPage","@id":"https:\/\/www.sv-freiendiez.de\/?p=1643","url":"https:\/\/www.sv-freiendiez.de\/?p=1643","name":"Ergebnisse der 2. Runde um den Jugend-Pokal 2017 im Kreis 114\/115 - SV Diez-Freiendiez 1928 e.V.","isPartOf":{"@id":"https:\/\/www.sv-freiendiez.de\/#website"},"primaryImageOfPage":{"@id":"https:\/\/www.sv-freiendiez.de\/?p=1643#primaryimage"},"image":{"@id":"https:\/\/www.sv-freiendiez.de\/?p=1643#primaryimage"},"thumbnailUrl":"http:\/\/www.sv-freiendiez.de\/wp-content\/uploads\/2017\/06\/20170603_144514_25-300x169.jpg","datePublished":"2017-06-06T16:17:37+00:00","dateModified":"2017-06-06T17:57:56+00:00","breadcrumb":{"@id":"https:\/\/www.sv-freiendiez.de\/?p=1643#breadcrumb"},"inLanguage":"de","potentialAction":[{"@type":"ReadAction","target":["https:\/\/www.sv-freiendiez.de\/?p=1643"]}]},{"@type":"ImageObject","inLanguage":"de","@id":"https:\/\/www.sv-freiendiez.de\/?p=1643#primaryimage","url":"https:\/\/www.sv-freiendiez.de\/wp-content\/uploads\/2017\/06\/20170603_144514_25.jpg","contentUrl":"https:\/\/www.sv-freiendiez.de\/wp-content\/uploads\/2017\/06\/20170603_144514_25.jpg","width":1008,"height":567},{"@type":"BreadcrumbList","@id":"https:\/\/www.sv-freiendiez.de\/?p=1643#breadcrumb","itemListElement":[{"@type":"ListItem","position":1,"name":"Startseite","item":"https:\/\/www.sv-freiendiez.de\/"},{"@type":"ListItem","position":2,"name":"Ergebnisse der 2. Runde um den Jugend-Pokal 2017 im Kreis 114\/115"}]},{"@type":"WebSite","@id":"https:\/\/www.sv-freiendiez.de\/#website","url":"https:\/\/www.sv-freiendiez.de\/","name":"SV Diez-Freiendiez 1928 e.V.","description":"Sch\u00fctzenverein Diez-Freiendiez 1928 e.V.","publisher":{"@id":"https:\/\/www.sv-freiendiez.de\/#organization"},"potentialAction":[{"@type":"SearchAction","target":{"@type":"EntryPoint","urlTemplate":"https:\/\/www.sv-freiendiez.de\/?s={search_term_string}"},"query-input":{"@type":"PropertyValueSpecification","valueRequired":true,"valueName":"search_term_string"}}],"inLanguage":"de"},{"@type":"Organization","@id":"https:\/\/www.sv-freiendiez.de\/#organization","name":"SV Diez-Freiendiez 1928 e.V.","url":"https:\/\/www.sv-freiendiez.de\/","logo":{"@type":"ImageObject","inLanguage":"de","@id":"https:\/\/www.sv-freiendiez.de\/#\/schema\/logo\/image\/","url":"https:\/\/www.sv-freiendiez.de\/wp-content\/uploads\/2016\/12\/cropped-wappen250.png","contentUrl":"https:\/\/www.sv-freiendiez.de\/wp-content\/uploads\/2016\/12\/cropped-wappen250.png","width":250,"height":250,"caption":"SV Diez-Freiendiez 1928 e.V."},"image":{"@id":"https:\/\/www.sv-freiendiez.de\/#\/schema\/logo\/image\/"},"sameAs":["https:\/\/www.facebook.com\/svfreiendiez\/"]},{"@type":"Person","@id":"https:\/\/www.sv-freiendiez.de\/#\/schema\/person\/e506fdcfcb3a8d0b33fb2982e44b9b79","name":"editor","image":{"@type":"ImageObject","inLanguage":"de","@id":"https:\/\/secure.gravatar.com\/avatar\/2e61a0e3091a1495360fb924e613dd25bace1d4a95a687bd9add8c68191636ff?s=96&d=mm&r=g","url":"https:\/\/secure.gravatar.com\/avatar\/2e61a0e3091a1495360fb924e613dd25bace1d4a95a687bd9add8c68191636ff?s=96&d=mm&r=g","contentUrl":"https:\/\/secure.gravatar.com\/avatar\/2e61a0e3091a1495360fb924e613dd25bace1d4a95a687bd9add8c68191636ff?s=96&d=mm&r=g","caption":"editor"},"url":"https:\/\/www.sv-freiendiez.de\/?author=1"}]}},"_links":{"self":[{"href":"https:\/\/www.sv-freiendiez.de\/index.php?rest_route=\/wp\/v2\/posts\/1643","targetHints":{"allow":["GET"]}}],"collection":[{"href":"https:\/\/www.sv-freiendiez.de\/index.php?rest_route=\/wp\/v2\/posts"}],"about":[{"href":"https:\/\/www.sv-freiendiez.de\/index.php?rest_route=\/wp\/v2\/types\/post"}],"author":[{"embeddable":true,"href":"https:\/\/www.sv-freiendiez.de\/index.php?rest_route=\/wp\/v2\/users\/1"}],"replies":[{"embeddable":true,"href":"https:\/\/www.sv-freiendiez.de\/index.php?rest_route=%2Fwp%2Fv2%2Fcomments&post=1643"}],"version-history":[{"count":0,"href":"https:\/\/www.sv-freiendiez.de\/index.php?rest_route=\/wp\/v2\/posts\/1643\/revisions"}],"wp:attachment":[{"href":"https:\/\/www.sv-freiendiez.de\/index.php?rest_route=%2Fwp%2Fv2%2Fmedia&parent=1643"}],"wp:term":[{"taxonomy":"category","embeddable":true,"href":"https:\/\/www.sv-freiendiez.de\/index.php?rest_route=%2Fwp%2Fv2%2Fcategories&post=1643"},{"taxonomy":"post_tag","embeddable":true,"href":"https:\/\/www.sv-freiendiez.de\/index.php?rest_route=%2Fwp%2Fv2%2Ftags&post=1643"}],"curies":[{"name":"wp","href":"https:\/\/api.w.org\/{rel}","templated":true}]}}