{"id":1607,"date":"2017-06-01T10:11:00","date_gmt":"2017-06-01T08:11:00","guid":{"rendered":"http:\/\/www.sv-freiendiez.de\/?p=1607"},"modified":"2017-06-01T10:11:00","modified_gmt":"2017-06-01T08:11:00","slug":"gesticktes-vereinswappen-verfuegbar","status":"publish","type":"post","link":"https:\/\/www.sv-freiendiez.de\/?p=1607","title":{"rendered":"Gesticktes Vereinswappen verf\u00fcgbar"},"content":{"rendered":"<p style=\"text-align: justify;\"><a href=\"http:\/\/www.sv-freiendiez.de\/wp-content\/uploads\/2017\/06\/stick_wappen.png\"><img loading=\"lazy\" decoding=\"async\" class=\"alignright size-medium wp-image-1608\" src=\"http:\/\/www.sv-freiendiez.de\/wp-content\/uploads\/2017\/06\/stick_wappen-300x254.png\" alt=\"\" width=\"300\" height=\"254\" srcset=\"https:\/\/www.sv-freiendiez.de\/wp-content\/uploads\/2017\/06\/stick_wappen-300x254.png 300w, https:\/\/www.sv-freiendiez.de\/wp-content\/uploads\/2017\/06\/stick_wappen-768x650.png 768w, https:\/\/www.sv-freiendiez.de\/wp-content\/uploads\/2017\/06\/stick_wappen-600x508.png 600w, https:\/\/www.sv-freiendiez.de\/wp-content\/uploads\/2017\/06\/stick_wappen.png 803w\" sizes=\"auto, (max-width: 300px) 100vw, 300px\" \/><\/a>Derzeit sind wieder gestickte Vereinswappen verf\u00fcgbar. F\u00fcr Uniform, Jacke oder sonstige Kleidungsst\u00fccke geeignet. Ein paar sind beim Berthold noch vorr\u00e4tig. Es k\u00f6nnen aber auch jederzeit Exemplare nachbestellt werden. Ein Wappen kostet 15,- Euro.<\/p>\n<p style=\"text-align: justify;\">Am kommenden Freitag, 02.Juni,&nbsp; werden Muster des geplanten Vereins T-Shirt im Sch\u00fctzenhaus verf\u00fcgbar sein. Jeder der daran interessiert ist kann verschiedene Gr\u00f6\u00dfen anprobieren. Wer an einem T-Shirt interessiert ist, sollte also am Freitag im Sch\u00fctzenhaus sein.<\/p>\n","protected":false},"excerpt":{"rendered":"<p>Derzeit sind wieder gestickte Vereinswappen verf\u00fcgbar. F\u00fcr Uniform, Jacke oder sonstige Kleidungsst\u00fccke geeignet. Ein paar sind beim Berthold noch vorr\u00e4tig. Es k\u00f6nnen aber auch jederzeit Exemplare nachbestellt werden. Ein Wappen kostet 15,- Euro. Am kommenden Freitag, 02.Juni,&nbsp; werden Muster des geplanten Vereins T-Shirt im Sch\u00fctzenhaus verf\u00fcgbar sein. Jeder der daran interessiert ist kann verschiedene Gr\u00f6\u00dfen &hellip; <\/p>\n<p class=\"link-more\"><a href=\"https:\/\/www.sv-freiendiez.de\/?p=1607\" class=\"more-link\"><span class=\"screen-reader-text\">\u201eGesticktes Vereinswappen verf\u00fcgbar\u201c<\/span> weiterlesen<\/a><\/p>\n","protected":false},"author":1,"featured_media":0,"comment_status":"closed","ping_status":"closed","sticky":false,"template":"","format":"standard","meta":{"ngg_post_thumbnail":0,"footnotes":""},"categories":[1],"tags":[],"class_list":["post-1607","post","type-post","status-publish","format-standard","hentry","category-allgemein"],"yoast_head":"<!-- This site is optimized with the Yoast SEO plugin v27.5 - https:\/\/yoast.com\/product\/yoast-seo-wordpress\/ -->\n<title>Gesticktes Vereinswappen verf\u00fcgbar - SV Diez-Freiendiez 1928 e.V.<\/title>\n<meta name=\"robots\" content=\"index, follow, max-snippet:-1, max-image-preview:large, max-video-preview:-1\" \/>\n<link rel=\"canonical\" href=\"https:\/\/www.sv-freiendiez.de\/?p=1607\" \/>\n<meta property=\"og:locale\" content=\"de_DE\" \/>\n<meta property=\"og:type\" content=\"article\" \/>\n<meta property=\"og:title\" content=\"Gesticktes Vereinswappen verf\u00fcgbar - SV Diez-Freiendiez 1928 e.V.\" \/>\n<meta property=\"og:description\" content=\"Derzeit sind wieder gestickte Vereinswappen verf\u00fcgbar. F\u00fcr Uniform, Jacke oder sonstige Kleidungsst\u00fccke geeignet. Ein paar sind beim Berthold noch vorr\u00e4tig. Es k\u00f6nnen aber auch jederzeit Exemplare nachbestellt werden. Ein Wappen kostet 15,- Euro. Am kommenden Freitag, 02.Juni,&nbsp; werden Muster des geplanten Vereins T-Shirt im Sch\u00fctzenhaus verf\u00fcgbar sein. Jeder der daran interessiert ist kann verschiedene Gr\u00f6\u00dfen &hellip; \u201eGesticktes Vereinswappen verf\u00fcgbar\u201c weiterlesen\" \/>\n<meta property=\"og:url\" content=\"https:\/\/www.sv-freiendiez.de\/?p=1607\" \/>\n<meta property=\"og:site_name\" content=\"SV Diez-Freiendiez 1928 e.V.\" \/>\n<meta property=\"article:publisher\" content=\"https:\/\/www.facebook.com\/svfreiendiez\/\" \/>\n<meta property=\"article:published_time\" content=\"2017-06-01T08:11:00+00:00\" \/>\n<meta property=\"og:image\" content=\"http:\/\/www.sv-freiendiez.de\/wp-content\/uploads\/2017\/06\/stick_wappen-300x254.png\" \/>\n<meta name=\"author\" content=\"editor\" \/>\n<meta name=\"twitter:card\" content=\"summary_large_image\" \/>\n<meta name=\"twitter:label1\" content=\"Verfasst von\" \/>\n\t<meta name=\"twitter:data1\" content=\"editor\" \/>\n<script type=\"application\/ld+json\" class=\"yoast-schema-graph\">{\"@context\":\"https:\\\/\\\/schema.org\",\"@graph\":[{\"@type\":\"Article\",\"@id\":\"https:\\\/\\\/www.sv-freiendiez.de\\\/?p=1607#article\",\"isPartOf\":{\"@id\":\"https:\\\/\\\/www.sv-freiendiez.de\\\/?p=1607\"},\"author\":{\"name\":\"editor\",\"@id\":\"https:\\\/\\\/www.sv-freiendiez.de\\\/#\\\/schema\\\/person\\\/e506fdcfcb3a8d0b33fb2982e44b9b79\"},\"headline\":\"Gesticktes Vereinswappen verf\u00fcgbar\",\"datePublished\":\"2017-06-01T08:11:00+00:00\",\"mainEntityOfPage\":{\"@id\":\"https:\\\/\\\/www.sv-freiendiez.de\\\/?p=1607\"},\"wordCount\":83,\"publisher\":{\"@id\":\"https:\\\/\\\/www.sv-freiendiez.de\\\/#organization\"},\"image\":{\"@id\":\"https:\\\/\\\/www.sv-freiendiez.de\\\/?p=1607#primaryimage\"},\"thumbnailUrl\":\"http:\\\/\\\/www.sv-freiendiez.de\\\/wp-content\\\/uploads\\\/2017\\\/06\\\/stick_wappen-300x254.png\",\"inLanguage\":\"de\"},{\"@type\":\"WebPage\",\"@id\":\"https:\\\/\\\/www.sv-freiendiez.de\\\/?p=1607\",\"url\":\"https:\\\/\\\/www.sv-freiendiez.de\\\/?p=1607\",\"name\":\"Gesticktes Vereinswappen verf\u00fcgbar - SV Diez-Freiendiez 1928 e.V.\",\"isPartOf\":{\"@id\":\"https:\\\/\\\/www.sv-freiendiez.de\\\/#website\"},\"primaryImageOfPage\":{\"@id\":\"https:\\\/\\\/www.sv-freiendiez.de\\\/?p=1607#primaryimage\"},\"image\":{\"@id\":\"https:\\\/\\\/www.sv-freiendiez.de\\\/?p=1607#primaryimage\"},\"thumbnailUrl\":\"http:\\\/\\\/www.sv-freiendiez.de\\\/wp-content\\\/uploads\\\/2017\\\/06\\\/stick_wappen-300x254.png\",\"datePublished\":\"2017-06-01T08:11:00+00:00\",\"breadcrumb\":{\"@id\":\"https:\\\/\\\/www.sv-freiendiez.de\\\/?p=1607#breadcrumb\"},\"inLanguage\":\"de\",\"potentialAction\":[{\"@type\":\"ReadAction\",\"target\":[\"https:\\\/\\\/www.sv-freiendiez.de\\\/?p=1607\"]}]},{\"@type\":\"ImageObject\",\"inLanguage\":\"de\",\"@id\":\"https:\\\/\\\/www.sv-freiendiez.de\\\/?p=1607#primaryimage\",\"url\":\"https:\\\/\\\/www.sv-freiendiez.de\\\/wp-content\\\/uploads\\\/2017\\\/06\\\/stick_wappen.png\",\"contentUrl\":\"https:\\\/\\\/www.sv-freiendiez.de\\\/wp-content\\\/uploads\\\/2017\\\/06\\\/stick_wappen.png\",\"width\":803,\"height\":680},{\"@type\":\"BreadcrumbList\",\"@id\":\"https:\\\/\\\/www.sv-freiendiez.de\\\/?p=1607#breadcrumb\",\"itemListElement\":[{\"@type\":\"ListItem\",\"position\":1,\"name\":\"Startseite\",\"item\":\"https:\\\/\\\/www.sv-freiendiez.de\\\/\"},{\"@type\":\"ListItem\",\"position\":2,\"name\":\"Gesticktes Vereinswappen verf\u00fcgbar\"}]},{\"@type\":\"WebSite\",\"@id\":\"https:\\\/\\\/www.sv-freiendiez.de\\\/#website\",\"url\":\"https:\\\/\\\/www.sv-freiendiez.de\\\/\",\"name\":\"SV Diez-Freiendiez 1928 e.V.\",\"description\":\"Sch\u00fctzenverein Diez-Freiendiez 1928 e.V.\",\"publisher\":{\"@id\":\"https:\\\/\\\/www.sv-freiendiez.de\\\/#organization\"},\"potentialAction\":[{\"@type\":\"SearchAction\",\"target\":{\"@type\":\"EntryPoint\",\"urlTemplate\":\"https:\\\/\\\/www.sv-freiendiez.de\\\/?s={search_term_string}\"},\"query-input\":{\"@type\":\"PropertyValueSpecification\",\"valueRequired\":true,\"valueName\":\"search_term_string\"}}],\"inLanguage\":\"de\"},{\"@type\":\"Organization\",\"@id\":\"https:\\\/\\\/www.sv-freiendiez.de\\\/#organization\",\"name\":\"SV Diez-Freiendiez 1928 e.V.\",\"url\":\"https:\\\/\\\/www.sv-freiendiez.de\\\/\",\"logo\":{\"@type\":\"ImageObject\",\"inLanguage\":\"de\",\"@id\":\"https:\\\/\\\/www.sv-freiendiez.de\\\/#\\\/schema\\\/logo\\\/image\\\/\",\"url\":\"https:\\\/\\\/www.sv-freiendiez.de\\\/wp-content\\\/uploads\\\/2016\\\/12\\\/cropped-wappen250.png\",\"contentUrl\":\"https:\\\/\\\/www.sv-freiendiez.de\\\/wp-content\\\/uploads\\\/2016\\\/12\\\/cropped-wappen250.png\",\"width\":250,\"height\":250,\"caption\":\"SV Diez-Freiendiez 1928 e.V.\"},\"image\":{\"@id\":\"https:\\\/\\\/www.sv-freiendiez.de\\\/#\\\/schema\\\/logo\\\/image\\\/\"},\"sameAs\":[\"https:\\\/\\\/www.facebook.com\\\/svfreiendiez\\\/\"]},{\"@type\":\"Person\",\"@id\":\"https:\\\/\\\/www.sv-freiendiez.de\\\/#\\\/schema\\\/person\\\/e506fdcfcb3a8d0b33fb2982e44b9b79\",\"name\":\"editor\",\"image\":{\"@type\":\"ImageObject\",\"inLanguage\":\"de\",\"@id\":\"https:\\\/\\\/secure.gravatar.com\\\/avatar\\\/2e61a0e3091a1495360fb924e613dd25bace1d4a95a687bd9add8c68191636ff?s=96&d=mm&r=g\",\"url\":\"https:\\\/\\\/secure.gravatar.com\\\/avatar\\\/2e61a0e3091a1495360fb924e613dd25bace1d4a95a687bd9add8c68191636ff?s=96&d=mm&r=g\",\"contentUrl\":\"https:\\\/\\\/secure.gravatar.com\\\/avatar\\\/2e61a0e3091a1495360fb924e613dd25bace1d4a95a687bd9add8c68191636ff?s=96&d=mm&r=g\",\"caption\":\"editor\"},\"url\":\"https:\\\/\\\/www.sv-freiendiez.de\\\/?author=1\"}]}<\/script>\n<!-- \/ Yoast SEO plugin. -->","yoast_head_json":{"title":"Gesticktes Vereinswappen verf\u00fcgbar - SV Diez-Freiendiez 1928 e.V.","robots":{"index":"index","follow":"follow","max-snippet":"max-snippet:-1","max-image-preview":"max-image-preview:large","max-video-preview":"max-video-preview:-1"},"canonical":"https:\/\/www.sv-freiendiez.de\/?p=1607","og_locale":"de_DE","og_type":"article","og_title":"Gesticktes Vereinswappen verf\u00fcgbar - SV Diez-Freiendiez 1928 e.V.","og_description":"Derzeit sind wieder gestickte Vereinswappen verf\u00fcgbar. F\u00fcr Uniform, Jacke oder sonstige Kleidungsst\u00fccke geeignet. Ein paar sind beim Berthold noch vorr\u00e4tig. Es k\u00f6nnen aber auch jederzeit Exemplare nachbestellt werden. Ein Wappen kostet 15,- Euro. Am kommenden Freitag, 02.Juni,&nbsp; werden Muster des geplanten Vereins T-Shirt im Sch\u00fctzenhaus verf\u00fcgbar sein. Jeder der daran interessiert ist kann verschiedene Gr\u00f6\u00dfen &hellip; \u201eGesticktes Vereinswappen verf\u00fcgbar\u201c weiterlesen","og_url":"https:\/\/www.sv-freiendiez.de\/?p=1607","og_site_name":"SV Diez-Freiendiez 1928 e.V.","article_publisher":"https:\/\/www.facebook.com\/svfreiendiez\/","article_published_time":"2017-06-01T08:11:00+00:00","og_image":[{"url":"http:\/\/www.sv-freiendiez.de\/wp-content\/uploads\/2017\/06\/stick_wappen-300x254.png","type":"","width":"","height":""}],"author":"editor","twitter_card":"summary_large_image","twitter_misc":{"Verfasst von":"editor"},"schema":{"@context":"https:\/\/schema.org","@graph":[{"@type":"Article","@id":"https:\/\/www.sv-freiendiez.de\/?p=1607#article","isPartOf":{"@id":"https:\/\/www.sv-freiendiez.de\/?p=1607"},"author":{"name":"editor","@id":"https:\/\/www.sv-freiendiez.de\/#\/schema\/person\/e506fdcfcb3a8d0b33fb2982e44b9b79"},"headline":"Gesticktes Vereinswappen verf\u00fcgbar","datePublished":"2017-06-01T08:11:00+00:00","mainEntityOfPage":{"@id":"https:\/\/www.sv-freiendiez.de\/?p=1607"},"wordCount":83,"publisher":{"@id":"https:\/\/www.sv-freiendiez.de\/#organization"},"image":{"@id":"https:\/\/www.sv-freiendiez.de\/?p=1607#primaryimage"},"thumbnailUrl":"http:\/\/www.sv-freiendiez.de\/wp-content\/uploads\/2017\/06\/stick_wappen-300x254.png","inLanguage":"de"},{"@type":"WebPage","@id":"https:\/\/www.sv-freiendiez.de\/?p=1607","url":"https:\/\/www.sv-freiendiez.de\/?p=1607","name":"Gesticktes Vereinswappen verf\u00fcgbar - SV Diez-Freiendiez 1928 e.V.","isPartOf":{"@id":"https:\/\/www.sv-freiendiez.de\/#website"},"primaryImageOfPage":{"@id":"https:\/\/www.sv-freiendiez.de\/?p=1607#primaryimage"},"image":{"@id":"https:\/\/www.sv-freiendiez.de\/?p=1607#primaryimage"},"thumbnailUrl":"http:\/\/www.sv-freiendiez.de\/wp-content\/uploads\/2017\/06\/stick_wappen-300x254.png","datePublished":"2017-06-01T08:11:00+00:00","breadcrumb":{"@id":"https:\/\/www.sv-freiendiez.de\/?p=1607#breadcrumb"},"inLanguage":"de","potentialAction":[{"@type":"ReadAction","target":["https:\/\/www.sv-freiendiez.de\/?p=1607"]}]},{"@type":"ImageObject","inLanguage":"de","@id":"https:\/\/www.sv-freiendiez.de\/?p=1607#primaryimage","url":"https:\/\/www.sv-freiendiez.de\/wp-content\/uploads\/2017\/06\/stick_wappen.png","contentUrl":"https:\/\/www.sv-freiendiez.de\/wp-content\/uploads\/2017\/06\/stick_wappen.png","width":803,"height":680},{"@type":"BreadcrumbList","@id":"https:\/\/www.sv-freiendiez.de\/?p=1607#breadcrumb","itemListElement":[{"@type":"ListItem","position":1,"name":"Startseite","item":"https:\/\/www.sv-freiendiez.de\/"},{"@type":"ListItem","position":2,"name":"Gesticktes Vereinswappen verf\u00fcgbar"}]},{"@type":"WebSite","@id":"https:\/\/www.sv-freiendiez.de\/#website","url":"https:\/\/www.sv-freiendiez.de\/","name":"SV Diez-Freiendiez 1928 e.V.","description":"Sch\u00fctzenverein Diez-Freiendiez 1928 e.V.","publisher":{"@id":"https:\/\/www.sv-freiendiez.de\/#organization"},"potentialAction":[{"@type":"SearchAction","target":{"@type":"EntryPoint","urlTemplate":"https:\/\/www.sv-freiendiez.de\/?s={search_term_string}"},"query-input":{"@type":"PropertyValueSpecification","valueRequired":true,"valueName":"search_term_string"}}],"inLanguage":"de"},{"@type":"Organization","@id":"https:\/\/www.sv-freiendiez.de\/#organization","name":"SV Diez-Freiendiez 1928 e.V.","url":"https:\/\/www.sv-freiendiez.de\/","logo":{"@type":"ImageObject","inLanguage":"de","@id":"https:\/\/www.sv-freiendiez.de\/#\/schema\/logo\/image\/","url":"https:\/\/www.sv-freiendiez.de\/wp-content\/uploads\/2016\/12\/cropped-wappen250.png","contentUrl":"https:\/\/www.sv-freiendiez.de\/wp-content\/uploads\/2016\/12\/cropped-wappen250.png","width":250,"height":250,"caption":"SV Diez-Freiendiez 1928 e.V."},"image":{"@id":"https:\/\/www.sv-freiendiez.de\/#\/schema\/logo\/image\/"},"sameAs":["https:\/\/www.facebook.com\/svfreiendiez\/"]},{"@type":"Person","@id":"https:\/\/www.sv-freiendiez.de\/#\/schema\/person\/e506fdcfcb3a8d0b33fb2982e44b9b79","name":"editor","image":{"@type":"ImageObject","inLanguage":"de","@id":"https:\/\/secure.gravatar.com\/avatar\/2e61a0e3091a1495360fb924e613dd25bace1d4a95a687bd9add8c68191636ff?s=96&d=mm&r=g","url":"https:\/\/secure.gravatar.com\/avatar\/2e61a0e3091a1495360fb924e613dd25bace1d4a95a687bd9add8c68191636ff?s=96&d=mm&r=g","contentUrl":"https:\/\/secure.gravatar.com\/avatar\/2e61a0e3091a1495360fb924e613dd25bace1d4a95a687bd9add8c68191636ff?s=96&d=mm&r=g","caption":"editor"},"url":"https:\/\/www.sv-freiendiez.de\/?author=1"}]}},"_links":{"self":[{"href":"https:\/\/www.sv-freiendiez.de\/index.php?rest_route=\/wp\/v2\/posts\/1607","targetHints":{"allow":["GET"]}}],"collection":[{"href":"https:\/\/www.sv-freiendiez.de\/index.php?rest_route=\/wp\/v2\/posts"}],"about":[{"href":"https:\/\/www.sv-freiendiez.de\/index.php?rest_route=\/wp\/v2\/types\/post"}],"author":[{"embeddable":true,"href":"https:\/\/www.sv-freiendiez.de\/index.php?rest_route=\/wp\/v2\/users\/1"}],"replies":[{"embeddable":true,"href":"https:\/\/www.sv-freiendiez.de\/index.php?rest_route=%2Fwp%2Fv2%2Fcomments&post=1607"}],"version-history":[{"count":0,"href":"https:\/\/www.sv-freiendiez.de\/index.php?rest_route=\/wp\/v2\/posts\/1607\/revisions"}],"wp:attachment":[{"href":"https:\/\/www.sv-freiendiez.de\/index.php?rest_route=%2Fwp%2Fv2%2Fmedia&parent=1607"}],"wp:term":[{"taxonomy":"category","embeddable":true,"href":"https:\/\/www.sv-freiendiez.de\/index.php?rest_route=%2Fwp%2Fv2%2Fcategories&post=1607"},{"taxonomy":"post_tag","embeddable":true,"href":"https:\/\/www.sv-freiendiez.de\/index.php?rest_route=%2Fwp%2Fv2%2Ftags&post=1607"}],"curies":[{"name":"wp","href":"https:\/\/api.w.org\/{rel}","templated":true}]}}