{"id":1315,"date":"2017-04-28T21:43:12","date_gmt":"2017-04-28T19:43:12","guid":{"rendered":"http:\/\/www.sv-freiendiez.de\/?p=1315"},"modified":"2017-04-28T21:44:54","modified_gmt":"2017-04-28T19:44:54","slug":"liga-wettkaempfe-2017","status":"publish","type":"post","link":"https:\/\/www.sv-freiendiez.de\/?p=1315","title":{"rendered":"Liga Wettk\u00e4mpfe 2017"},"content":{"rendered":"<p style=\"text-align: justify;\"><a href=\"http:\/\/www.sv-freiendiez.de\/wp-content\/uploads\/2017\/04\/Kreisloge-neu.jpg\"><img loading=\"lazy\" decoding=\"async\" class=\"alignleft size-thumbnail wp-image-1329\" src=\"http:\/\/www.sv-freiendiez.de\/wp-content\/uploads\/2017\/04\/Kreisloge-neu-150x150.jpg\" alt=\"\" width=\"150\" height=\"150\" srcset=\"https:\/\/www.sv-freiendiez.de\/wp-content\/uploads\/2017\/04\/Kreisloge-neu-150x150.jpg 150w, https:\/\/www.sv-freiendiez.de\/wp-content\/uploads\/2017\/04\/Kreisloge-neu-100x100.jpg 100w\" sizes=\"auto, (max-width: 150px) 100vw, 150px\" \/><\/a><\/p>\n<p style=\"text-align: justify;\">Liebe Sch\u00fctzenfreunde, unser Kreissportleiter Thorsten Weris hat die Termine der Wettkampdisziplinen bekannt gegeben. Ich habe die Informationen hier zum ansehen und Herunterladen online gestellt (PDF-Reader ben\u00f6tigt):<\/p>\n<p>.<a href=\"http:\/\/www.sv-freiendiez.de\/wp-content\/uploads\/2017\/04\/2017_KK_Gewehr_Auflage.pdf\">2017_KK_Gewehr_Auflage<\/a><\/p>\n<p><a href=\"http:\/\/www.sv-freiendiez.de\/wp-content\/uploads\/2017\/04\/2017_KK_Gewehr_liegend.pdf\">2017_KK_Gewehr_liegend<\/a><\/p>\n<p><a href=\"http:\/\/www.sv-freiendiez.de\/wp-content\/uploads\/2017\/04\/2017_LG_aufgelegt_Grup._1.pdf\">2017_LG_aufgelegt_Gruppe_1<\/a><!--more--><\/p>\n<p><a href=\"http:\/\/www.sv-freiendiez.de\/wp-content\/uploads\/2017\/04\/2017_LG-aufgelegt_Gruppe_2.pdf\">2017_LG aufgelegt_Gruppe_2<\/a><\/p>\n<p><a href=\"http:\/\/www.sv-freiendiez.de\/wp-content\/uploads\/2017\/04\/2017_LG-aufgelegt_Gruppe_3.pdf\">2017_LG aufgelegt_Gruppe_3<\/a><\/p>\n<p><a href=\"http:\/\/www.sv-freiendiez.de\/wp-content\/uploads\/2017\/04\/2017_LG_Gewehr.pdf\">2017_LG_Gewehr<\/a><\/p>\n<p><a href=\"http:\/\/www.sv-freiendiez.de\/wp-content\/uploads\/2017\/04\/2017_LG_Jugend.pdf\">2017_LG_Jugend<\/a><\/p>\n<p><a href=\"http:\/\/www.sv-freiendiez.de\/wp-content\/uploads\/2017\/04\/2017_Luftpistole_.pdf\">2017_Luftpistole_<\/a><\/p>\n<p><a href=\"http:\/\/www.sv-freiendiez.de\/wp-content\/uploads\/2017\/04\/2017_Sportpistole.pdf\">2017_Sportpistole<\/a><\/p>\n<p><a href=\"http:\/\/www.sv-freiendiez.de\/wp-content\/uploads\/2017\/04\/2017_ZFG_Waffen_Grup._1.pdf\">2017_ZFG_Waffen_Grup._1<\/a><\/p>\n<p><a href=\"http:\/\/www.sv-freiendiez.de\/wp-content\/uploads\/2017\/04\/2017_ZFG_Waffen_Grup._2.pdf\">2017_ZFG_Waffen_Grup._2<\/a><\/p>\n<p><a href=\"http:\/\/www.sv-freiendiez.de\/wp-content\/uploads\/2017\/04\/2017_ZFG_Waffen_Grup._3.pdf\">2017_ZFG_Waffen_Grup._3<\/a><\/p>\n<p style=\"text-align: justify;\">Wer zur welcher Mannschaft geh\u00f6rt, d\u00fcrfte bekannt sein. Wenn nicht, bitte bei unserem Sportleiter Holger L\u00f6ber nachfragen. F\u00fcr alle Sch\u00fctzen der Liga-Wettk\u00e4mpfe: Gut Schuss!<\/p>\n","protected":false},"excerpt":{"rendered":"<p>Liebe Sch\u00fctzenfreunde, unser Kreissportleiter Thorsten Weris hat die Termine der Wettkampdisziplinen bekannt gegeben. Ich habe die Informationen hier zum ansehen und Herunterladen online gestellt (PDF-Reader ben\u00f6tigt): .2017_KK_Gewehr_Auflage 2017_KK_Gewehr_liegend 2017_LG_aufgelegt_Gruppe_1<\/p>\n","protected":false},"author":1,"featured_media":0,"comment_status":"closed","ping_status":"closed","sticky":false,"template":"","format":"standard","meta":{"ngg_post_thumbnail":0,"footnotes":""},"categories":[23],"tags":[],"class_list":["post-1315","post","type-post","status-publish","format-standard","hentry","category-liga-wettkaempfe"],"yoast_head":"<!-- This site is optimized with the Yoast SEO plugin v27.5 - https:\/\/yoast.com\/product\/yoast-seo-wordpress\/ -->\n<title>Liga Wettk\u00e4mpfe 2017 - SV Diez-Freiendiez 1928 e.V.<\/title>\n<meta name=\"robots\" content=\"index, follow, max-snippet:-1, max-image-preview:large, max-video-preview:-1\" \/>\n<link rel=\"canonical\" href=\"https:\/\/www.sv-freiendiez.de\/?p=1315\" \/>\n<meta property=\"og:locale\" content=\"de_DE\" \/>\n<meta property=\"og:type\" content=\"article\" \/>\n<meta property=\"og:title\" content=\"Liga Wettk\u00e4mpfe 2017 - SV Diez-Freiendiez 1928 e.V.\" \/>\n<meta property=\"og:description\" content=\"Liebe Sch\u00fctzenfreunde, unser Kreissportleiter Thorsten Weris hat die Termine der Wettkampdisziplinen bekannt gegeben. Ich habe die Informationen hier zum ansehen und Herunterladen online gestellt (PDF-Reader ben\u00f6tigt): .2017_KK_Gewehr_Auflage 2017_KK_Gewehr_liegend 2017_LG_aufgelegt_Gruppe_1\" \/>\n<meta property=\"og:url\" content=\"https:\/\/www.sv-freiendiez.de\/?p=1315\" \/>\n<meta property=\"og:site_name\" content=\"SV Diez-Freiendiez 1928 e.V.\" \/>\n<meta property=\"article:publisher\" content=\"https:\/\/www.facebook.com\/svfreiendiez\/\" \/>\n<meta property=\"article:published_time\" content=\"2017-04-28T19:43:12+00:00\" \/>\n<meta property=\"article:modified_time\" content=\"2017-04-28T19:44:54+00:00\" \/>\n<meta property=\"og:image\" content=\"http:\/\/www.sv-freiendiez.de\/wp-content\/uploads\/2017\/04\/Kreisloge-neu-150x150.jpg\" \/>\n<meta name=\"author\" content=\"editor\" \/>\n<meta name=\"twitter:card\" content=\"summary_large_image\" \/>\n<meta name=\"twitter:label1\" content=\"Verfasst von\" \/>\n\t<meta name=\"twitter:data1\" content=\"editor\" \/>\n<script type=\"application\/ld+json\" class=\"yoast-schema-graph\">{\"@context\":\"https:\\\/\\\/schema.org\",\"@graph\":[{\"@type\":\"Article\",\"@id\":\"https:\\\/\\\/www.sv-freiendiez.de\\\/?p=1315#article\",\"isPartOf\":{\"@id\":\"https:\\\/\\\/www.sv-freiendiez.de\\\/?p=1315\"},\"author\":{\"name\":\"editor\",\"@id\":\"https:\\\/\\\/www.sv-freiendiez.de\\\/#\\\/schema\\\/person\\\/e506fdcfcb3a8d0b33fb2982e44b9b79\"},\"headline\":\"Liga Wettk\u00e4mpfe 2017\",\"datePublished\":\"2017-04-28T19:43:12+00:00\",\"dateModified\":\"2017-04-28T19:44:54+00:00\",\"mainEntityOfPage\":{\"@id\":\"https:\\\/\\\/www.sv-freiendiez.de\\\/?p=1315\"},\"wordCount\":91,\"publisher\":{\"@id\":\"https:\\\/\\\/www.sv-freiendiez.de\\\/#organization\"},\"image\":{\"@id\":\"https:\\\/\\\/www.sv-freiendiez.de\\\/?p=1315#primaryimage\"},\"thumbnailUrl\":\"http:\\\/\\\/www.sv-freiendiez.de\\\/wp-content\\\/uploads\\\/2017\\\/04\\\/Kreisloge-neu-150x150.jpg\",\"articleSection\":[\"Liga-Wettk\u00e4mpfe\"],\"inLanguage\":\"de\"},{\"@type\":\"WebPage\",\"@id\":\"https:\\\/\\\/www.sv-freiendiez.de\\\/?p=1315\",\"url\":\"https:\\\/\\\/www.sv-freiendiez.de\\\/?p=1315\",\"name\":\"Liga Wettk\u00e4mpfe 2017 - SV Diez-Freiendiez 1928 e.V.\",\"isPartOf\":{\"@id\":\"https:\\\/\\\/www.sv-freiendiez.de\\\/#website\"},\"primaryImageOfPage\":{\"@id\":\"https:\\\/\\\/www.sv-freiendiez.de\\\/?p=1315#primaryimage\"},\"image\":{\"@id\":\"https:\\\/\\\/www.sv-freiendiez.de\\\/?p=1315#primaryimage\"},\"thumbnailUrl\":\"http:\\\/\\\/www.sv-freiendiez.de\\\/wp-content\\\/uploads\\\/2017\\\/04\\\/Kreisloge-neu-150x150.jpg\",\"datePublished\":\"2017-04-28T19:43:12+00:00\",\"dateModified\":\"2017-04-28T19:44:54+00:00\",\"breadcrumb\":{\"@id\":\"https:\\\/\\\/www.sv-freiendiez.de\\\/?p=1315#breadcrumb\"},\"inLanguage\":\"de\",\"potentialAction\":[{\"@type\":\"ReadAction\",\"target\":[\"https:\\\/\\\/www.sv-freiendiez.de\\\/?p=1315\"]}]},{\"@type\":\"ImageObject\",\"inLanguage\":\"de\",\"@id\":\"https:\\\/\\\/www.sv-freiendiez.de\\\/?p=1315#primaryimage\",\"url\":\"https:\\\/\\\/www.sv-freiendiez.de\\\/wp-content\\\/uploads\\\/2017\\\/04\\\/Kreisloge-neu.jpg\",\"contentUrl\":\"https:\\\/\\\/www.sv-freiendiez.de\\\/wp-content\\\/uploads\\\/2017\\\/04\\\/Kreisloge-neu.jpg\",\"width\":615,\"height\":600},{\"@type\":\"BreadcrumbList\",\"@id\":\"https:\\\/\\\/www.sv-freiendiez.de\\\/?p=1315#breadcrumb\",\"itemListElement\":[{\"@type\":\"ListItem\",\"position\":1,\"name\":\"Startseite\",\"item\":\"https:\\\/\\\/www.sv-freiendiez.de\\\/\"},{\"@type\":\"ListItem\",\"position\":2,\"name\":\"Liga Wettk\u00e4mpfe 2017\"}]},{\"@type\":\"WebSite\",\"@id\":\"https:\\\/\\\/www.sv-freiendiez.de\\\/#website\",\"url\":\"https:\\\/\\\/www.sv-freiendiez.de\\\/\",\"name\":\"SV Diez-Freiendiez 1928 e.V.\",\"description\":\"Sch\u00fctzenverein Diez-Freiendiez 1928 e.V.\",\"publisher\":{\"@id\":\"https:\\\/\\\/www.sv-freiendiez.de\\\/#organization\"},\"potentialAction\":[{\"@type\":\"SearchAction\",\"target\":{\"@type\":\"EntryPoint\",\"urlTemplate\":\"https:\\\/\\\/www.sv-freiendiez.de\\\/?s={search_term_string}\"},\"query-input\":{\"@type\":\"PropertyValueSpecification\",\"valueRequired\":true,\"valueName\":\"search_term_string\"}}],\"inLanguage\":\"de\"},{\"@type\":\"Organization\",\"@id\":\"https:\\\/\\\/www.sv-freiendiez.de\\\/#organization\",\"name\":\"SV Diez-Freiendiez 1928 e.V.\",\"url\":\"https:\\\/\\\/www.sv-freiendiez.de\\\/\",\"logo\":{\"@type\":\"ImageObject\",\"inLanguage\":\"de\",\"@id\":\"https:\\\/\\\/www.sv-freiendiez.de\\\/#\\\/schema\\\/logo\\\/image\\\/\",\"url\":\"https:\\\/\\\/www.sv-freiendiez.de\\\/wp-content\\\/uploads\\\/2016\\\/12\\\/cropped-wappen250.png\",\"contentUrl\":\"https:\\\/\\\/www.sv-freiendiez.de\\\/wp-content\\\/uploads\\\/2016\\\/12\\\/cropped-wappen250.png\",\"width\":250,\"height\":250,\"caption\":\"SV Diez-Freiendiez 1928 e.V.\"},\"image\":{\"@id\":\"https:\\\/\\\/www.sv-freiendiez.de\\\/#\\\/schema\\\/logo\\\/image\\\/\"},\"sameAs\":[\"https:\\\/\\\/www.facebook.com\\\/svfreiendiez\\\/\"]},{\"@type\":\"Person\",\"@id\":\"https:\\\/\\\/www.sv-freiendiez.de\\\/#\\\/schema\\\/person\\\/e506fdcfcb3a8d0b33fb2982e44b9b79\",\"name\":\"editor\",\"image\":{\"@type\":\"ImageObject\",\"inLanguage\":\"de\",\"@id\":\"https:\\\/\\\/secure.gravatar.com\\\/avatar\\\/2e61a0e3091a1495360fb924e613dd25bace1d4a95a687bd9add8c68191636ff?s=96&d=mm&r=g\",\"url\":\"https:\\\/\\\/secure.gravatar.com\\\/avatar\\\/2e61a0e3091a1495360fb924e613dd25bace1d4a95a687bd9add8c68191636ff?s=96&d=mm&r=g\",\"contentUrl\":\"https:\\\/\\\/secure.gravatar.com\\\/avatar\\\/2e61a0e3091a1495360fb924e613dd25bace1d4a95a687bd9add8c68191636ff?s=96&d=mm&r=g\",\"caption\":\"editor\"},\"url\":\"https:\\\/\\\/www.sv-freiendiez.de\\\/?author=1\"}]}<\/script>\n<!-- \/ Yoast SEO plugin. -->","yoast_head_json":{"title":"Liga Wettk\u00e4mpfe 2017 - SV Diez-Freiendiez 1928 e.V.","robots":{"index":"index","follow":"follow","max-snippet":"max-snippet:-1","max-image-preview":"max-image-preview:large","max-video-preview":"max-video-preview:-1"},"canonical":"https:\/\/www.sv-freiendiez.de\/?p=1315","og_locale":"de_DE","og_type":"article","og_title":"Liga Wettk\u00e4mpfe 2017 - SV Diez-Freiendiez 1928 e.V.","og_description":"Liebe Sch\u00fctzenfreunde, unser Kreissportleiter Thorsten Weris hat die Termine der Wettkampdisziplinen bekannt gegeben. Ich habe die Informationen hier zum ansehen und Herunterladen online gestellt (PDF-Reader ben\u00f6tigt): .2017_KK_Gewehr_Auflage 2017_KK_Gewehr_liegend 2017_LG_aufgelegt_Gruppe_1","og_url":"https:\/\/www.sv-freiendiez.de\/?p=1315","og_site_name":"SV Diez-Freiendiez 1928 e.V.","article_publisher":"https:\/\/www.facebook.com\/svfreiendiez\/","article_published_time":"2017-04-28T19:43:12+00:00","article_modified_time":"2017-04-28T19:44:54+00:00","og_image":[{"url":"http:\/\/www.sv-freiendiez.de\/wp-content\/uploads\/2017\/04\/Kreisloge-neu-150x150.jpg","type":"","width":"","height":""}],"author":"editor","twitter_card":"summary_large_image","twitter_misc":{"Verfasst von":"editor"},"schema":{"@context":"https:\/\/schema.org","@graph":[{"@type":"Article","@id":"https:\/\/www.sv-freiendiez.de\/?p=1315#article","isPartOf":{"@id":"https:\/\/www.sv-freiendiez.de\/?p=1315"},"author":{"name":"editor","@id":"https:\/\/www.sv-freiendiez.de\/#\/schema\/person\/e506fdcfcb3a8d0b33fb2982e44b9b79"},"headline":"Liga Wettk\u00e4mpfe 2017","datePublished":"2017-04-28T19:43:12+00:00","dateModified":"2017-04-28T19:44:54+00:00","mainEntityOfPage":{"@id":"https:\/\/www.sv-freiendiez.de\/?p=1315"},"wordCount":91,"publisher":{"@id":"https:\/\/www.sv-freiendiez.de\/#organization"},"image":{"@id":"https:\/\/www.sv-freiendiez.de\/?p=1315#primaryimage"},"thumbnailUrl":"http:\/\/www.sv-freiendiez.de\/wp-content\/uploads\/2017\/04\/Kreisloge-neu-150x150.jpg","articleSection":["Liga-Wettk\u00e4mpfe"],"inLanguage":"de"},{"@type":"WebPage","@id":"https:\/\/www.sv-freiendiez.de\/?p=1315","url":"https:\/\/www.sv-freiendiez.de\/?p=1315","name":"Liga Wettk\u00e4mpfe 2017 - SV Diez-Freiendiez 1928 e.V.","isPartOf":{"@id":"https:\/\/www.sv-freiendiez.de\/#website"},"primaryImageOfPage":{"@id":"https:\/\/www.sv-freiendiez.de\/?p=1315#primaryimage"},"image":{"@id":"https:\/\/www.sv-freiendiez.de\/?p=1315#primaryimage"},"thumbnailUrl":"http:\/\/www.sv-freiendiez.de\/wp-content\/uploads\/2017\/04\/Kreisloge-neu-150x150.jpg","datePublished":"2017-04-28T19:43:12+00:00","dateModified":"2017-04-28T19:44:54+00:00","breadcrumb":{"@id":"https:\/\/www.sv-freiendiez.de\/?p=1315#breadcrumb"},"inLanguage":"de","potentialAction":[{"@type":"ReadAction","target":["https:\/\/www.sv-freiendiez.de\/?p=1315"]}]},{"@type":"ImageObject","inLanguage":"de","@id":"https:\/\/www.sv-freiendiez.de\/?p=1315#primaryimage","url":"https:\/\/www.sv-freiendiez.de\/wp-content\/uploads\/2017\/04\/Kreisloge-neu.jpg","contentUrl":"https:\/\/www.sv-freiendiez.de\/wp-content\/uploads\/2017\/04\/Kreisloge-neu.jpg","width":615,"height":600},{"@type":"BreadcrumbList","@id":"https:\/\/www.sv-freiendiez.de\/?p=1315#breadcrumb","itemListElement":[{"@type":"ListItem","position":1,"name":"Startseite","item":"https:\/\/www.sv-freiendiez.de\/"},{"@type":"ListItem","position":2,"name":"Liga Wettk\u00e4mpfe 2017"}]},{"@type":"WebSite","@id":"https:\/\/www.sv-freiendiez.de\/#website","url":"https:\/\/www.sv-freiendiez.de\/","name":"SV Diez-Freiendiez 1928 e.V.","description":"Sch\u00fctzenverein Diez-Freiendiez 1928 e.V.","publisher":{"@id":"https:\/\/www.sv-freiendiez.de\/#organization"},"potentialAction":[{"@type":"SearchAction","target":{"@type":"EntryPoint","urlTemplate":"https:\/\/www.sv-freiendiez.de\/?s={search_term_string}"},"query-input":{"@type":"PropertyValueSpecification","valueRequired":true,"valueName":"search_term_string"}}],"inLanguage":"de"},{"@type":"Organization","@id":"https:\/\/www.sv-freiendiez.de\/#organization","name":"SV Diez-Freiendiez 1928 e.V.","url":"https:\/\/www.sv-freiendiez.de\/","logo":{"@type":"ImageObject","inLanguage":"de","@id":"https:\/\/www.sv-freiendiez.de\/#\/schema\/logo\/image\/","url":"https:\/\/www.sv-freiendiez.de\/wp-content\/uploads\/2016\/12\/cropped-wappen250.png","contentUrl":"https:\/\/www.sv-freiendiez.de\/wp-content\/uploads\/2016\/12\/cropped-wappen250.png","width":250,"height":250,"caption":"SV Diez-Freiendiez 1928 e.V."},"image":{"@id":"https:\/\/www.sv-freiendiez.de\/#\/schema\/logo\/image\/"},"sameAs":["https:\/\/www.facebook.com\/svfreiendiez\/"]},{"@type":"Person","@id":"https:\/\/www.sv-freiendiez.de\/#\/schema\/person\/e506fdcfcb3a8d0b33fb2982e44b9b79","name":"editor","image":{"@type":"ImageObject","inLanguage":"de","@id":"https:\/\/secure.gravatar.com\/avatar\/2e61a0e3091a1495360fb924e613dd25bace1d4a95a687bd9add8c68191636ff?s=96&d=mm&r=g","url":"https:\/\/secure.gravatar.com\/avatar\/2e61a0e3091a1495360fb924e613dd25bace1d4a95a687bd9add8c68191636ff?s=96&d=mm&r=g","contentUrl":"https:\/\/secure.gravatar.com\/avatar\/2e61a0e3091a1495360fb924e613dd25bace1d4a95a687bd9add8c68191636ff?s=96&d=mm&r=g","caption":"editor"},"url":"https:\/\/www.sv-freiendiez.de\/?author=1"}]}},"_links":{"self":[{"href":"https:\/\/www.sv-freiendiez.de\/index.php?rest_route=\/wp\/v2\/posts\/1315","targetHints":{"allow":["GET"]}}],"collection":[{"href":"https:\/\/www.sv-freiendiez.de\/index.php?rest_route=\/wp\/v2\/posts"}],"about":[{"href":"https:\/\/www.sv-freiendiez.de\/index.php?rest_route=\/wp\/v2\/types\/post"}],"author":[{"embeddable":true,"href":"https:\/\/www.sv-freiendiez.de\/index.php?rest_route=\/wp\/v2\/users\/1"}],"replies":[{"embeddable":true,"href":"https:\/\/www.sv-freiendiez.de\/index.php?rest_route=%2Fwp%2Fv2%2Fcomments&post=1315"}],"version-history":[{"count":0,"href":"https:\/\/www.sv-freiendiez.de\/index.php?rest_route=\/wp\/v2\/posts\/1315\/revisions"}],"wp:attachment":[{"href":"https:\/\/www.sv-freiendiez.de\/index.php?rest_route=%2Fwp%2Fv2%2Fmedia&parent=1315"}],"wp:term":[{"taxonomy":"category","embeddable":true,"href":"https:\/\/www.sv-freiendiez.de\/index.php?rest_route=%2Fwp%2Fv2%2Fcategories&post=1315"},{"taxonomy":"post_tag","embeddable":true,"href":"https:\/\/www.sv-freiendiez.de\/index.php?rest_route=%2Fwp%2Fv2%2Ftags&post=1315"}],"curies":[{"name":"wp","href":"https:\/\/api.w.org\/{rel}","templated":true}]}}