{"id":1271,"date":"2017-04-23T12:40:04","date_gmt":"2017-04-23T10:40:04","guid":{"rendered":"http:\/\/www.sv-freiendiez.de\/?p=1271"},"modified":"2017-04-23T12:40:04","modified_gmt":"2017-04-23T10:40:04","slug":"kreisschuetzenfest-2017-kreis-115-unter-lahn","status":"publish","type":"post","link":"https:\/\/www.sv-freiendiez.de\/?p=1271","title":{"rendered":"Kreissch\u00fctzenfest 2017 Kreis 115 Unter-Lahn"},"content":{"rendered":"<p style=\"text-align: justify;\">Gestern Abend, dem 22. April 2017, fand unter dem Motto &#8222;Der alte K\u00f6nig dankt ab, es lebe der neue K\u00f6nig!&#8220; in der Gemeindehalle Sch\u00f6nborn unser Kreissh\u00fctzenfest f\u00fcr den Kreis 115 Unterlahn statt. Die Veranstaltung wurde durch die Nassauer B\u00f6llersch\u00fctzen er\u00f6ffnet. P\u00fcnktlich um 19 Uhr wurden auf dem naheliegenden Sportplatz das Fest mit B\u00f6llern an-geschossen.<\/p>\n<p style=\"text-align: justify;\">Das Kreissch\u00fctzenfest wurde durch Gru\u00dfworte verschiedener VIP-G\u00e4ste er\u00f6ffnet. Matthias Lammert, Frank Puchtler und andere Ehren-G\u00e4ste begr\u00fcsten die Anwesenden mit erfreulich kurzen Gru\u00dfworten. Danach folgte das Unterhaltungs-Highlight des Abends: Der Auftritt von Bernd Schmitt, Stimmen Imitator und Comedian. Danach erfolgten, unterbrochen von einer weiteren Darbietung von Bernd Schmitt, Ehrungen des Sportbundes und der Kreismeister. Zum Schluss wurden die Kreis-Majest\u00e4ten gek\u00fcrt, sowohl bei den Jugendlichen als auch bei den Senioren. Die Namen der Majest\u00e4ten werden nachgereicht.<\/p>\n<p style=\"text-align: justify;\">Eine gelungene Veranstaltung, die vom Sch\u00fctzenverein Ergeshausen ausgerichtet wurde.<\/p>\nngg_shortcode_0_placeholder\n","protected":false},"excerpt":{"rendered":"<p>Gestern Abend, dem 22. April 2017, fand unter dem Motto &#8222;Der alte K\u00f6nig dankt ab, es lebe der neue K\u00f6nig!&#8220; in der Gemeindehalle Sch\u00f6nborn unser Kreissh\u00fctzenfest f\u00fcr den Kreis 115 Unterlahn statt. Die Veranstaltung wurde durch die Nassauer B\u00f6llersch\u00fctzen er\u00f6ffnet. P\u00fcnktlich um 19 Uhr wurden auf dem naheliegenden Sportplatz das Fest mit B\u00f6llern an-geschossen. Das &hellip; <\/p>\n<p class=\"link-more\"><a href=\"https:\/\/www.sv-freiendiez.de\/?p=1271\" class=\"more-link\"><span class=\"screen-reader-text\">\u201eKreissch\u00fctzenfest 2017 Kreis 115 Unter-Lahn\u201c<\/span> weiterlesen<\/a><\/p>\n","protected":false},"author":1,"featured_media":0,"comment_status":"closed","ping_status":"closed","sticky":false,"template":"","format":"standard","meta":{"ngg_post_thumbnail":0,"footnotes":""},"categories":[1],"tags":[],"class_list":["post-1271","post","type-post","status-publish","format-standard","hentry","category-allgemein"],"yoast_head":"<!-- This site is optimized with the Yoast SEO plugin v27.5 - https:\/\/yoast.com\/product\/yoast-seo-wordpress\/ -->\n<title>Kreissch\u00fctzenfest 2017 Kreis 115 Unter-Lahn - SV Diez-Freiendiez 1928 e.V.<\/title>\n<meta name=\"robots\" content=\"index, follow, max-snippet:-1, max-image-preview:large, max-video-preview:-1\" \/>\n<link rel=\"canonical\" href=\"https:\/\/www.sv-freiendiez.de\/?p=1271\" \/>\n<meta property=\"og:locale\" content=\"de_DE\" \/>\n<meta property=\"og:type\" content=\"article\" \/>\n<meta property=\"og:title\" content=\"Kreissch\u00fctzenfest 2017 Kreis 115 Unter-Lahn - SV Diez-Freiendiez 1928 e.V.\" \/>\n<meta property=\"og:description\" content=\"Gestern Abend, dem 22. April 2017, fand unter dem Motto &#8222;Der alte K\u00f6nig dankt ab, es lebe der neue K\u00f6nig!&#8220; in der Gemeindehalle Sch\u00f6nborn unser Kreissh\u00fctzenfest f\u00fcr den Kreis 115 Unterlahn statt. Die Veranstaltung wurde durch die Nassauer B\u00f6llersch\u00fctzen er\u00f6ffnet. P\u00fcnktlich um 19 Uhr wurden auf dem naheliegenden Sportplatz das Fest mit B\u00f6llern an-geschossen. Das &hellip; \u201eKreissch\u00fctzenfest 2017 Kreis 115 Unter-Lahn\u201c weiterlesen\" \/>\n<meta property=\"og:url\" content=\"https:\/\/www.sv-freiendiez.de\/?p=1271\" \/>\n<meta property=\"og:site_name\" content=\"SV Diez-Freiendiez 1928 e.V.\" \/>\n<meta property=\"article:publisher\" content=\"https:\/\/www.facebook.com\/svfreiendiez\/\" \/>\n<meta property=\"article:published_time\" content=\"2017-04-23T10:40:04+00:00\" \/>\n<meta name=\"author\" content=\"editor\" \/>\n<meta name=\"twitter:card\" content=\"summary_large_image\" \/>\n<meta name=\"twitter:label1\" content=\"Verfasst von\" \/>\n\t<meta name=\"twitter:data1\" content=\"editor\" \/>\n\t<meta name=\"twitter:label2\" content=\"Gesch\u00e4tzte Lesezeit\" \/>\n\t<meta name=\"twitter:data2\" content=\"1\u00a0Minute\" \/>\n<script type=\"application\/ld+json\" class=\"yoast-schema-graph\">{\"@context\":\"https:\\\/\\\/schema.org\",\"@graph\":[{\"@type\":\"Article\",\"@id\":\"https:\\\/\\\/www.sv-freiendiez.de\\\/?p=1271#article\",\"isPartOf\":{\"@id\":\"https:\\\/\\\/www.sv-freiendiez.de\\\/?p=1271\"},\"author\":{\"name\":\"editor\",\"@id\":\"https:\\\/\\\/www.sv-freiendiez.de\\\/#\\\/schema\\\/person\\\/e506fdcfcb3a8d0b33fb2982e44b9b79\"},\"headline\":\"Kreissch\u00fctzenfest 2017 Kreis 115 Unter-Lahn\",\"datePublished\":\"2017-04-23T10:40:04+00:00\",\"mainEntityOfPage\":{\"@id\":\"https:\\\/\\\/www.sv-freiendiez.de\\\/?p=1271\"},\"wordCount\":197,\"publisher\":{\"@id\":\"https:\\\/\\\/www.sv-freiendiez.de\\\/#organization\"},\"inLanguage\":\"de\"},{\"@type\":\"WebPage\",\"@id\":\"https:\\\/\\\/www.sv-freiendiez.de\\\/?p=1271\",\"url\":\"https:\\\/\\\/www.sv-freiendiez.de\\\/?p=1271\",\"name\":\"Kreissch\u00fctzenfest 2017 Kreis 115 Unter-Lahn - SV Diez-Freiendiez 1928 e.V.\",\"isPartOf\":{\"@id\":\"https:\\\/\\\/www.sv-freiendiez.de\\\/#website\"},\"datePublished\":\"2017-04-23T10:40:04+00:00\",\"breadcrumb\":{\"@id\":\"https:\\\/\\\/www.sv-freiendiez.de\\\/?p=1271#breadcrumb\"},\"inLanguage\":\"de\",\"potentialAction\":[{\"@type\":\"ReadAction\",\"target\":[\"https:\\\/\\\/www.sv-freiendiez.de\\\/?p=1271\"]}]},{\"@type\":\"BreadcrumbList\",\"@id\":\"https:\\\/\\\/www.sv-freiendiez.de\\\/?p=1271#breadcrumb\",\"itemListElement\":[{\"@type\":\"ListItem\",\"position\":1,\"name\":\"Startseite\",\"item\":\"https:\\\/\\\/www.sv-freiendiez.de\\\/\"},{\"@type\":\"ListItem\",\"position\":2,\"name\":\"Kreissch\u00fctzenfest 2017 Kreis 115 Unter-Lahn\"}]},{\"@type\":\"WebSite\",\"@id\":\"https:\\\/\\\/www.sv-freiendiez.de\\\/#website\",\"url\":\"https:\\\/\\\/www.sv-freiendiez.de\\\/\",\"name\":\"SV Diez-Freiendiez 1928 e.V.\",\"description\":\"Sch\u00fctzenverein Diez-Freiendiez 1928 e.V.\",\"publisher\":{\"@id\":\"https:\\\/\\\/www.sv-freiendiez.de\\\/#organization\"},\"potentialAction\":[{\"@type\":\"SearchAction\",\"target\":{\"@type\":\"EntryPoint\",\"urlTemplate\":\"https:\\\/\\\/www.sv-freiendiez.de\\\/?s={search_term_string}\"},\"query-input\":{\"@type\":\"PropertyValueSpecification\",\"valueRequired\":true,\"valueName\":\"search_term_string\"}}],\"inLanguage\":\"de\"},{\"@type\":\"Organization\",\"@id\":\"https:\\\/\\\/www.sv-freiendiez.de\\\/#organization\",\"name\":\"SV Diez-Freiendiez 1928 e.V.\",\"url\":\"https:\\\/\\\/www.sv-freiendiez.de\\\/\",\"logo\":{\"@type\":\"ImageObject\",\"inLanguage\":\"de\",\"@id\":\"https:\\\/\\\/www.sv-freiendiez.de\\\/#\\\/schema\\\/logo\\\/image\\\/\",\"url\":\"https:\\\/\\\/www.sv-freiendiez.de\\\/wp-content\\\/uploads\\\/2016\\\/12\\\/cropped-wappen250.png\",\"contentUrl\":\"https:\\\/\\\/www.sv-freiendiez.de\\\/wp-content\\\/uploads\\\/2016\\\/12\\\/cropped-wappen250.png\",\"width\":250,\"height\":250,\"caption\":\"SV Diez-Freiendiez 1928 e.V.\"},\"image\":{\"@id\":\"https:\\\/\\\/www.sv-freiendiez.de\\\/#\\\/schema\\\/logo\\\/image\\\/\"},\"sameAs\":[\"https:\\\/\\\/www.facebook.com\\\/svfreiendiez\\\/\"]},{\"@type\":\"Person\",\"@id\":\"https:\\\/\\\/www.sv-freiendiez.de\\\/#\\\/schema\\\/person\\\/e506fdcfcb3a8d0b33fb2982e44b9b79\",\"name\":\"editor\",\"image\":{\"@type\":\"ImageObject\",\"inLanguage\":\"de\",\"@id\":\"https:\\\/\\\/secure.gravatar.com\\\/avatar\\\/2e61a0e3091a1495360fb924e613dd25bace1d4a95a687bd9add8c68191636ff?s=96&d=mm&r=g\",\"url\":\"https:\\\/\\\/secure.gravatar.com\\\/avatar\\\/2e61a0e3091a1495360fb924e613dd25bace1d4a95a687bd9add8c68191636ff?s=96&d=mm&r=g\",\"contentUrl\":\"https:\\\/\\\/secure.gravatar.com\\\/avatar\\\/2e61a0e3091a1495360fb924e613dd25bace1d4a95a687bd9add8c68191636ff?s=96&d=mm&r=g\",\"caption\":\"editor\"},\"url\":\"https:\\\/\\\/www.sv-freiendiez.de\\\/?author=1\"}]}<\/script>\n<!-- \/ Yoast SEO plugin. -->","yoast_head_json":{"title":"Kreissch\u00fctzenfest 2017 Kreis 115 Unter-Lahn - SV Diez-Freiendiez 1928 e.V.","robots":{"index":"index","follow":"follow","max-snippet":"max-snippet:-1","max-image-preview":"max-image-preview:large","max-video-preview":"max-video-preview:-1"},"canonical":"https:\/\/www.sv-freiendiez.de\/?p=1271","og_locale":"de_DE","og_type":"article","og_title":"Kreissch\u00fctzenfest 2017 Kreis 115 Unter-Lahn - SV Diez-Freiendiez 1928 e.V.","og_description":"Gestern Abend, dem 22. April 2017, fand unter dem Motto &#8222;Der alte K\u00f6nig dankt ab, es lebe der neue K\u00f6nig!&#8220; in der Gemeindehalle Sch\u00f6nborn unser Kreissh\u00fctzenfest f\u00fcr den Kreis 115 Unterlahn statt. Die Veranstaltung wurde durch die Nassauer B\u00f6llersch\u00fctzen er\u00f6ffnet. P\u00fcnktlich um 19 Uhr wurden auf dem naheliegenden Sportplatz das Fest mit B\u00f6llern an-geschossen. Das &hellip; \u201eKreissch\u00fctzenfest 2017 Kreis 115 Unter-Lahn\u201c weiterlesen","og_url":"https:\/\/www.sv-freiendiez.de\/?p=1271","og_site_name":"SV Diez-Freiendiez 1928 e.V.","article_publisher":"https:\/\/www.facebook.com\/svfreiendiez\/","article_published_time":"2017-04-23T10:40:04+00:00","author":"editor","twitter_card":"summary_large_image","twitter_misc":{"Verfasst von":"editor","Gesch\u00e4tzte Lesezeit":"1\u00a0Minute"},"schema":{"@context":"https:\/\/schema.org","@graph":[{"@type":"Article","@id":"https:\/\/www.sv-freiendiez.de\/?p=1271#article","isPartOf":{"@id":"https:\/\/www.sv-freiendiez.de\/?p=1271"},"author":{"name":"editor","@id":"https:\/\/www.sv-freiendiez.de\/#\/schema\/person\/e506fdcfcb3a8d0b33fb2982e44b9b79"},"headline":"Kreissch\u00fctzenfest 2017 Kreis 115 Unter-Lahn","datePublished":"2017-04-23T10:40:04+00:00","mainEntityOfPage":{"@id":"https:\/\/www.sv-freiendiez.de\/?p=1271"},"wordCount":197,"publisher":{"@id":"https:\/\/www.sv-freiendiez.de\/#organization"},"inLanguage":"de"},{"@type":"WebPage","@id":"https:\/\/www.sv-freiendiez.de\/?p=1271","url":"https:\/\/www.sv-freiendiez.de\/?p=1271","name":"Kreissch\u00fctzenfest 2017 Kreis 115 Unter-Lahn - SV Diez-Freiendiez 1928 e.V.","isPartOf":{"@id":"https:\/\/www.sv-freiendiez.de\/#website"},"datePublished":"2017-04-23T10:40:04+00:00","breadcrumb":{"@id":"https:\/\/www.sv-freiendiez.de\/?p=1271#breadcrumb"},"inLanguage":"de","potentialAction":[{"@type":"ReadAction","target":["https:\/\/www.sv-freiendiez.de\/?p=1271"]}]},{"@type":"BreadcrumbList","@id":"https:\/\/www.sv-freiendiez.de\/?p=1271#breadcrumb","itemListElement":[{"@type":"ListItem","position":1,"name":"Startseite","item":"https:\/\/www.sv-freiendiez.de\/"},{"@type":"ListItem","position":2,"name":"Kreissch\u00fctzenfest 2017 Kreis 115 Unter-Lahn"}]},{"@type":"WebSite","@id":"https:\/\/www.sv-freiendiez.de\/#website","url":"https:\/\/www.sv-freiendiez.de\/","name":"SV Diez-Freiendiez 1928 e.V.","description":"Sch\u00fctzenverein Diez-Freiendiez 1928 e.V.","publisher":{"@id":"https:\/\/www.sv-freiendiez.de\/#organization"},"potentialAction":[{"@type":"SearchAction","target":{"@type":"EntryPoint","urlTemplate":"https:\/\/www.sv-freiendiez.de\/?s={search_term_string}"},"query-input":{"@type":"PropertyValueSpecification","valueRequired":true,"valueName":"search_term_string"}}],"inLanguage":"de"},{"@type":"Organization","@id":"https:\/\/www.sv-freiendiez.de\/#organization","name":"SV Diez-Freiendiez 1928 e.V.","url":"https:\/\/www.sv-freiendiez.de\/","logo":{"@type":"ImageObject","inLanguage":"de","@id":"https:\/\/www.sv-freiendiez.de\/#\/schema\/logo\/image\/","url":"https:\/\/www.sv-freiendiez.de\/wp-content\/uploads\/2016\/12\/cropped-wappen250.png","contentUrl":"https:\/\/www.sv-freiendiez.de\/wp-content\/uploads\/2016\/12\/cropped-wappen250.png","width":250,"height":250,"caption":"SV Diez-Freiendiez 1928 e.V."},"image":{"@id":"https:\/\/www.sv-freiendiez.de\/#\/schema\/logo\/image\/"},"sameAs":["https:\/\/www.facebook.com\/svfreiendiez\/"]},{"@type":"Person","@id":"https:\/\/www.sv-freiendiez.de\/#\/schema\/person\/e506fdcfcb3a8d0b33fb2982e44b9b79","name":"editor","image":{"@type":"ImageObject","inLanguage":"de","@id":"https:\/\/secure.gravatar.com\/avatar\/2e61a0e3091a1495360fb924e613dd25bace1d4a95a687bd9add8c68191636ff?s=96&d=mm&r=g","url":"https:\/\/secure.gravatar.com\/avatar\/2e61a0e3091a1495360fb924e613dd25bace1d4a95a687bd9add8c68191636ff?s=96&d=mm&r=g","contentUrl":"https:\/\/secure.gravatar.com\/avatar\/2e61a0e3091a1495360fb924e613dd25bace1d4a95a687bd9add8c68191636ff?s=96&d=mm&r=g","caption":"editor"},"url":"https:\/\/www.sv-freiendiez.de\/?author=1"}]}},"_links":{"self":[{"href":"https:\/\/www.sv-freiendiez.de\/index.php?rest_route=\/wp\/v2\/posts\/1271","targetHints":{"allow":["GET"]}}],"collection":[{"href":"https:\/\/www.sv-freiendiez.de\/index.php?rest_route=\/wp\/v2\/posts"}],"about":[{"href":"https:\/\/www.sv-freiendiez.de\/index.php?rest_route=\/wp\/v2\/types\/post"}],"author":[{"embeddable":true,"href":"https:\/\/www.sv-freiendiez.de\/index.php?rest_route=\/wp\/v2\/users\/1"}],"replies":[{"embeddable":true,"href":"https:\/\/www.sv-freiendiez.de\/index.php?rest_route=%2Fwp%2Fv2%2Fcomments&post=1271"}],"version-history":[{"count":0,"href":"https:\/\/www.sv-freiendiez.de\/index.php?rest_route=\/wp\/v2\/posts\/1271\/revisions"}],"wp:attachment":[{"href":"https:\/\/www.sv-freiendiez.de\/index.php?rest_route=%2Fwp%2Fv2%2Fmedia&parent=1271"}],"wp:term":[{"taxonomy":"category","embeddable":true,"href":"https:\/\/www.sv-freiendiez.de\/index.php?rest_route=%2Fwp%2Fv2%2Fcategories&post=1271"},{"taxonomy":"post_tag","embeddable":true,"href":"https:\/\/www.sv-freiendiez.de\/index.php?rest_route=%2Fwp%2Fv2%2Ftags&post=1271"}],"curies":[{"name":"wp","href":"https:\/\/api.w.org\/{rel}","templated":true}]}}