{"id":1220,"date":"2017-01-26T20:19:35","date_gmt":"2017-01-26T19:19:35","guid":{"rendered":"http:\/\/www.sv-freiendiez.de\/?p=1220"},"modified":"2017-01-26T21:05:20","modified_gmt":"2017-01-26T20:05:20","slug":"eine-gute-auffrischung-zum-thema-waffenrecht-und-umgang-bzw-fuehren-von-waffen","status":"publish","type":"post","link":"https:\/\/www.sv-freiendiez.de\/?p=1220","title":{"rendered":"Eine gute Auffrischung zum Thema Waffenrecht und Umgang bzw. F\u00fchren von Waffen"},"content":{"rendered":"<p>Ausnahmsweise verlinke ich hier mal auf externe Inhalte. Aus mehreren Gr\u00fcnden. Als Auffrischung f\u00fcr unsere alten Hasen, als klare Erl\u00e4uterung f\u00fcr unsere Neuen und als Widerlegung der allgemeinen Meinung, das Deutsche Waffengesetz sei zu lasch. Hier haben wir einen Bewegeungsfreiraum, der genauso dick ist, wie ein Blatt Papier.<\/p>\n<blockquote class=\"wp-embedded-content\" data-secret=\"kwCZ1TeBgH\"><p><a href=\"https:\/\/german-rifle-association.de\/erlaubnisfreies-fuehren-von-schusswaffen-nach-%c2%a7%c2%a7-12-abs-3-13-abs-6-waffg-ein-ueberblick-ueber-die-aktuelle-rechtslage-fuer-laien-und-juristen\/\">Erlaubnisfreies F\u00fchren von Schusswaffen nach \u00a7\u00a7 12 Abs. 3, 13 Abs. 6 WaffG \u2013 Ein \u00dcberblick \u00fcber die aktuelle Rechtslage f\u00fcr Laien und Juristen<\/a><\/p><\/blockquote>\n<p><iframe loading=\"lazy\" class=\"wp-embedded-content\" sandbox=\"allow-scripts\" security=\"restricted\" style=\"position: absolute; clip: rect(1px, 1px, 1px, 1px);\" title=\"&#8222;Erlaubnisfreies F\u00fchren von Schusswaffen nach \u00a7\u00a7 12 Abs. 3, 13 Abs. 6 WaffG \u2013 Ein \u00dcberblick \u00fcber die aktuelle Rechtslage f\u00fcr Laien und Juristen&#8220; &#8212; German Rifle Association\" src=\"https:\/\/german-rifle-association.de\/erlaubnisfreies-fuehren-von-schusswaffen-nach-%c2%a7%c2%a7-12-abs-3-13-abs-6-waffg-ein-ueberblick-ueber-die-aktuelle-rechtslage-fuer-laien-und-juristen\/embed\/#?secret=Pp6XdVcwq4#?secret=kwCZ1TeBgH\" data-secret=\"kwCZ1TeBgH\" width=\"525\" height=\"296\" frameborder=\"0\" marginwidth=\"0\" marginheight=\"0\" scrolling=\"no\"><\/iframe><\/p>\n","protected":false},"excerpt":{"rendered":"<p>Ausnahmsweise verlinke ich hier mal auf externe Inhalte. Aus mehreren Gr\u00fcnden. Als Auffrischung f\u00fcr unsere alten Hasen, als klare Erl\u00e4uterung f\u00fcr unsere Neuen und als Widerlegung der allgemeinen Meinung, das Deutsche Waffengesetz sei zu lasch. Hier haben wir einen Bewegeungsfreiraum, der genauso dick ist, wie ein Blatt Papier. Erlaubnisfreies F\u00fchren von Schusswaffen nach \u00a7\u00a7 12 &hellip; <\/p>\n<p class=\"link-more\"><a href=\"https:\/\/www.sv-freiendiez.de\/?p=1220\" class=\"more-link\"><span class=\"screen-reader-text\">\u201eEine gute Auffrischung zum Thema Waffenrecht und Umgang bzw. F\u00fchren von Waffen\u201c<\/span> weiterlesen<\/a><\/p>\n","protected":false},"author":1,"featured_media":0,"comment_status":"closed","ping_status":"closed","sticky":false,"template":"","format":"standard","meta":{"ngg_post_thumbnail":0,"footnotes":""},"categories":[1],"tags":[],"class_list":["post-1220","post","type-post","status-publish","format-standard","hentry","category-allgemein"],"yoast_head":"<!-- This site is optimized with the Yoast SEO plugin v27.5 - https:\/\/yoast.com\/product\/yoast-seo-wordpress\/ -->\n<title>Eine gute Auffrischung zum Thema Waffenrecht und Umgang bzw. F\u00fchren von Waffen - SV Diez-Freiendiez 1928 e.V.<\/title>\n<meta name=\"robots\" content=\"index, follow, max-snippet:-1, max-image-preview:large, max-video-preview:-1\" \/>\n<link rel=\"canonical\" href=\"https:\/\/www.sv-freiendiez.de\/?p=1220\" \/>\n<meta property=\"og:locale\" content=\"de_DE\" \/>\n<meta property=\"og:type\" content=\"article\" \/>\n<meta property=\"og:title\" content=\"Eine gute Auffrischung zum Thema Waffenrecht und Umgang bzw. F\u00fchren von Waffen - SV Diez-Freiendiez 1928 e.V.\" \/>\n<meta property=\"og:description\" content=\"Ausnahmsweise verlinke ich hier mal auf externe Inhalte. Aus mehreren Gr\u00fcnden. Als Auffrischung f\u00fcr unsere alten Hasen, als klare Erl\u00e4uterung f\u00fcr unsere Neuen und als Widerlegung der allgemeinen Meinung, das Deutsche Waffengesetz sei zu lasch. Hier haben wir einen Bewegeungsfreiraum, der genauso dick ist, wie ein Blatt Papier. Erlaubnisfreies F\u00fchren von Schusswaffen nach \u00a7\u00a7 12 &hellip; \u201eEine gute Auffrischung zum Thema Waffenrecht und Umgang bzw. F\u00fchren von Waffen\u201c weiterlesen\" \/>\n<meta property=\"og:url\" content=\"https:\/\/www.sv-freiendiez.de\/?p=1220\" \/>\n<meta property=\"og:site_name\" content=\"SV Diez-Freiendiez 1928 e.V.\" \/>\n<meta property=\"article:publisher\" content=\"https:\/\/www.facebook.com\/svfreiendiez\/\" \/>\n<meta property=\"article:published_time\" content=\"2017-01-26T19:19:35+00:00\" \/>\n<meta property=\"article:modified_time\" content=\"2017-01-26T20:05:20+00:00\" \/>\n<meta name=\"author\" content=\"editor\" \/>\n<meta name=\"twitter:card\" content=\"summary_large_image\" \/>\n<meta name=\"twitter:label1\" content=\"Verfasst von\" \/>\n\t<meta name=\"twitter:data1\" content=\"editor\" \/>\n<script type=\"application\/ld+json\" class=\"yoast-schema-graph\">{\"@context\":\"https:\\\/\\\/schema.org\",\"@graph\":[{\"@type\":\"Article\",\"@id\":\"https:\\\/\\\/www.sv-freiendiez.de\\\/?p=1220#article\",\"isPartOf\":{\"@id\":\"https:\\\/\\\/www.sv-freiendiez.de\\\/?p=1220\"},\"author\":{\"name\":\"editor\",\"@id\":\"https:\\\/\\\/www.sv-freiendiez.de\\\/#\\\/schema\\\/person\\\/e506fdcfcb3a8d0b33fb2982e44b9b79\"},\"headline\":\"Eine gute Auffrischung zum Thema Waffenrecht und Umgang bzw. F\u00fchren von Waffen\",\"datePublished\":\"2017-01-26T19:19:35+00:00\",\"dateModified\":\"2017-01-26T20:05:20+00:00\",\"mainEntityOfPage\":{\"@id\":\"https:\\\/\\\/www.sv-freiendiez.de\\\/?p=1220\"},\"wordCount\":78,\"publisher\":{\"@id\":\"https:\\\/\\\/www.sv-freiendiez.de\\\/#organization\"},\"inLanguage\":\"de\"},{\"@type\":\"WebPage\",\"@id\":\"https:\\\/\\\/www.sv-freiendiez.de\\\/?p=1220\",\"url\":\"https:\\\/\\\/www.sv-freiendiez.de\\\/?p=1220\",\"name\":\"Eine gute Auffrischung zum Thema Waffenrecht und Umgang bzw. F\u00fchren von Waffen - SV Diez-Freiendiez 1928 e.V.\",\"isPartOf\":{\"@id\":\"https:\\\/\\\/www.sv-freiendiez.de\\\/#website\"},\"datePublished\":\"2017-01-26T19:19:35+00:00\",\"dateModified\":\"2017-01-26T20:05:20+00:00\",\"breadcrumb\":{\"@id\":\"https:\\\/\\\/www.sv-freiendiez.de\\\/?p=1220#breadcrumb\"},\"inLanguage\":\"de\",\"potentialAction\":[{\"@type\":\"ReadAction\",\"target\":[\"https:\\\/\\\/www.sv-freiendiez.de\\\/?p=1220\"]}]},{\"@type\":\"BreadcrumbList\",\"@id\":\"https:\\\/\\\/www.sv-freiendiez.de\\\/?p=1220#breadcrumb\",\"itemListElement\":[{\"@type\":\"ListItem\",\"position\":1,\"name\":\"Startseite\",\"item\":\"https:\\\/\\\/www.sv-freiendiez.de\\\/\"},{\"@type\":\"ListItem\",\"position\":2,\"name\":\"Eine gute Auffrischung zum Thema Waffenrecht und Umgang bzw. F\u00fchren von Waffen\"}]},{\"@type\":\"WebSite\",\"@id\":\"https:\\\/\\\/www.sv-freiendiez.de\\\/#website\",\"url\":\"https:\\\/\\\/www.sv-freiendiez.de\\\/\",\"name\":\"SV Diez-Freiendiez 1928 e.V.\",\"description\":\"Sch\u00fctzenverein Diez-Freiendiez 1928 e.V.\",\"publisher\":{\"@id\":\"https:\\\/\\\/www.sv-freiendiez.de\\\/#organization\"},\"potentialAction\":[{\"@type\":\"SearchAction\",\"target\":{\"@type\":\"EntryPoint\",\"urlTemplate\":\"https:\\\/\\\/www.sv-freiendiez.de\\\/?s={search_term_string}\"},\"query-input\":{\"@type\":\"PropertyValueSpecification\",\"valueRequired\":true,\"valueName\":\"search_term_string\"}}],\"inLanguage\":\"de\"},{\"@type\":\"Organization\",\"@id\":\"https:\\\/\\\/www.sv-freiendiez.de\\\/#organization\",\"name\":\"SV Diez-Freiendiez 1928 e.V.\",\"url\":\"https:\\\/\\\/www.sv-freiendiez.de\\\/\",\"logo\":{\"@type\":\"ImageObject\",\"inLanguage\":\"de\",\"@id\":\"https:\\\/\\\/www.sv-freiendiez.de\\\/#\\\/schema\\\/logo\\\/image\\\/\",\"url\":\"https:\\\/\\\/www.sv-freiendiez.de\\\/wp-content\\\/uploads\\\/2016\\\/12\\\/cropped-wappen250.png\",\"contentUrl\":\"https:\\\/\\\/www.sv-freiendiez.de\\\/wp-content\\\/uploads\\\/2016\\\/12\\\/cropped-wappen250.png\",\"width\":250,\"height\":250,\"caption\":\"SV Diez-Freiendiez 1928 e.V.\"},\"image\":{\"@id\":\"https:\\\/\\\/www.sv-freiendiez.de\\\/#\\\/schema\\\/logo\\\/image\\\/\"},\"sameAs\":[\"https:\\\/\\\/www.facebook.com\\\/svfreiendiez\\\/\"]},{\"@type\":\"Person\",\"@id\":\"https:\\\/\\\/www.sv-freiendiez.de\\\/#\\\/schema\\\/person\\\/e506fdcfcb3a8d0b33fb2982e44b9b79\",\"name\":\"editor\",\"image\":{\"@type\":\"ImageObject\",\"inLanguage\":\"de\",\"@id\":\"https:\\\/\\\/secure.gravatar.com\\\/avatar\\\/2e61a0e3091a1495360fb924e613dd25bace1d4a95a687bd9add8c68191636ff?s=96&d=mm&r=g\",\"url\":\"https:\\\/\\\/secure.gravatar.com\\\/avatar\\\/2e61a0e3091a1495360fb924e613dd25bace1d4a95a687bd9add8c68191636ff?s=96&d=mm&r=g\",\"contentUrl\":\"https:\\\/\\\/secure.gravatar.com\\\/avatar\\\/2e61a0e3091a1495360fb924e613dd25bace1d4a95a687bd9add8c68191636ff?s=96&d=mm&r=g\",\"caption\":\"editor\"},\"url\":\"https:\\\/\\\/www.sv-freiendiez.de\\\/?author=1\"}]}<\/script>\n<!-- \/ Yoast SEO plugin. -->","yoast_head_json":{"title":"Eine gute Auffrischung zum Thema Waffenrecht und Umgang bzw. F\u00fchren von Waffen - SV Diez-Freiendiez 1928 e.V.","robots":{"index":"index","follow":"follow","max-snippet":"max-snippet:-1","max-image-preview":"max-image-preview:large","max-video-preview":"max-video-preview:-1"},"canonical":"https:\/\/www.sv-freiendiez.de\/?p=1220","og_locale":"de_DE","og_type":"article","og_title":"Eine gute Auffrischung zum Thema Waffenrecht und Umgang bzw. F\u00fchren von Waffen - SV Diez-Freiendiez 1928 e.V.","og_description":"Ausnahmsweise verlinke ich hier mal auf externe Inhalte. Aus mehreren Gr\u00fcnden. Als Auffrischung f\u00fcr unsere alten Hasen, als klare Erl\u00e4uterung f\u00fcr unsere Neuen und als Widerlegung der allgemeinen Meinung, das Deutsche Waffengesetz sei zu lasch. Hier haben wir einen Bewegeungsfreiraum, der genauso dick ist, wie ein Blatt Papier. Erlaubnisfreies F\u00fchren von Schusswaffen nach \u00a7\u00a7 12 &hellip; \u201eEine gute Auffrischung zum Thema Waffenrecht und Umgang bzw. F\u00fchren von Waffen\u201c weiterlesen","og_url":"https:\/\/www.sv-freiendiez.de\/?p=1220","og_site_name":"SV Diez-Freiendiez 1928 e.V.","article_publisher":"https:\/\/www.facebook.com\/svfreiendiez\/","article_published_time":"2017-01-26T19:19:35+00:00","article_modified_time":"2017-01-26T20:05:20+00:00","author":"editor","twitter_card":"summary_large_image","twitter_misc":{"Verfasst von":"editor"},"schema":{"@context":"https:\/\/schema.org","@graph":[{"@type":"Article","@id":"https:\/\/www.sv-freiendiez.de\/?p=1220#article","isPartOf":{"@id":"https:\/\/www.sv-freiendiez.de\/?p=1220"},"author":{"name":"editor","@id":"https:\/\/www.sv-freiendiez.de\/#\/schema\/person\/e506fdcfcb3a8d0b33fb2982e44b9b79"},"headline":"Eine gute Auffrischung zum Thema Waffenrecht und Umgang bzw. F\u00fchren von Waffen","datePublished":"2017-01-26T19:19:35+00:00","dateModified":"2017-01-26T20:05:20+00:00","mainEntityOfPage":{"@id":"https:\/\/www.sv-freiendiez.de\/?p=1220"},"wordCount":78,"publisher":{"@id":"https:\/\/www.sv-freiendiez.de\/#organization"},"inLanguage":"de"},{"@type":"WebPage","@id":"https:\/\/www.sv-freiendiez.de\/?p=1220","url":"https:\/\/www.sv-freiendiez.de\/?p=1220","name":"Eine gute Auffrischung zum Thema Waffenrecht und Umgang bzw. F\u00fchren von Waffen - SV Diez-Freiendiez 1928 e.V.","isPartOf":{"@id":"https:\/\/www.sv-freiendiez.de\/#website"},"datePublished":"2017-01-26T19:19:35+00:00","dateModified":"2017-01-26T20:05:20+00:00","breadcrumb":{"@id":"https:\/\/www.sv-freiendiez.de\/?p=1220#breadcrumb"},"inLanguage":"de","potentialAction":[{"@type":"ReadAction","target":["https:\/\/www.sv-freiendiez.de\/?p=1220"]}]},{"@type":"BreadcrumbList","@id":"https:\/\/www.sv-freiendiez.de\/?p=1220#breadcrumb","itemListElement":[{"@type":"ListItem","position":1,"name":"Startseite","item":"https:\/\/www.sv-freiendiez.de\/"},{"@type":"ListItem","position":2,"name":"Eine gute Auffrischung zum Thema Waffenrecht und Umgang bzw. F\u00fchren von Waffen"}]},{"@type":"WebSite","@id":"https:\/\/www.sv-freiendiez.de\/#website","url":"https:\/\/www.sv-freiendiez.de\/","name":"SV Diez-Freiendiez 1928 e.V.","description":"Sch\u00fctzenverein Diez-Freiendiez 1928 e.V.","publisher":{"@id":"https:\/\/www.sv-freiendiez.de\/#organization"},"potentialAction":[{"@type":"SearchAction","target":{"@type":"EntryPoint","urlTemplate":"https:\/\/www.sv-freiendiez.de\/?s={search_term_string}"},"query-input":{"@type":"PropertyValueSpecification","valueRequired":true,"valueName":"search_term_string"}}],"inLanguage":"de"},{"@type":"Organization","@id":"https:\/\/www.sv-freiendiez.de\/#organization","name":"SV Diez-Freiendiez 1928 e.V.","url":"https:\/\/www.sv-freiendiez.de\/","logo":{"@type":"ImageObject","inLanguage":"de","@id":"https:\/\/www.sv-freiendiez.de\/#\/schema\/logo\/image\/","url":"https:\/\/www.sv-freiendiez.de\/wp-content\/uploads\/2016\/12\/cropped-wappen250.png","contentUrl":"https:\/\/www.sv-freiendiez.de\/wp-content\/uploads\/2016\/12\/cropped-wappen250.png","width":250,"height":250,"caption":"SV Diez-Freiendiez 1928 e.V."},"image":{"@id":"https:\/\/www.sv-freiendiez.de\/#\/schema\/logo\/image\/"},"sameAs":["https:\/\/www.facebook.com\/svfreiendiez\/"]},{"@type":"Person","@id":"https:\/\/www.sv-freiendiez.de\/#\/schema\/person\/e506fdcfcb3a8d0b33fb2982e44b9b79","name":"editor","image":{"@type":"ImageObject","inLanguage":"de","@id":"https:\/\/secure.gravatar.com\/avatar\/2e61a0e3091a1495360fb924e613dd25bace1d4a95a687bd9add8c68191636ff?s=96&d=mm&r=g","url":"https:\/\/secure.gravatar.com\/avatar\/2e61a0e3091a1495360fb924e613dd25bace1d4a95a687bd9add8c68191636ff?s=96&d=mm&r=g","contentUrl":"https:\/\/secure.gravatar.com\/avatar\/2e61a0e3091a1495360fb924e613dd25bace1d4a95a687bd9add8c68191636ff?s=96&d=mm&r=g","caption":"editor"},"url":"https:\/\/www.sv-freiendiez.de\/?author=1"}]}},"_links":{"self":[{"href":"https:\/\/www.sv-freiendiez.de\/index.php?rest_route=\/wp\/v2\/posts\/1220","targetHints":{"allow":["GET"]}}],"collection":[{"href":"https:\/\/www.sv-freiendiez.de\/index.php?rest_route=\/wp\/v2\/posts"}],"about":[{"href":"https:\/\/www.sv-freiendiez.de\/index.php?rest_route=\/wp\/v2\/types\/post"}],"author":[{"embeddable":true,"href":"https:\/\/www.sv-freiendiez.de\/index.php?rest_route=\/wp\/v2\/users\/1"}],"replies":[{"embeddable":true,"href":"https:\/\/www.sv-freiendiez.de\/index.php?rest_route=%2Fwp%2Fv2%2Fcomments&post=1220"}],"version-history":[{"count":0,"href":"https:\/\/www.sv-freiendiez.de\/index.php?rest_route=\/wp\/v2\/posts\/1220\/revisions"}],"wp:attachment":[{"href":"https:\/\/www.sv-freiendiez.de\/index.php?rest_route=%2Fwp%2Fv2%2Fmedia&parent=1220"}],"wp:term":[{"taxonomy":"category","embeddable":true,"href":"https:\/\/www.sv-freiendiez.de\/index.php?rest_route=%2Fwp%2Fv2%2Fcategories&post=1220"},{"taxonomy":"post_tag","embeddable":true,"href":"https:\/\/www.sv-freiendiez.de\/index.php?rest_route=%2Fwp%2Fv2%2Ftags&post=1220"}],"curies":[{"name":"wp","href":"https:\/\/api.w.org\/{rel}","templated":true}]}}