{"id":1127,"date":"2016-12-17T19:40:17","date_gmt":"2016-12-17T18:40:17","guid":{"rendered":"http:\/\/www.sv-freiendiez.de\/?p=1127"},"modified":"2016-12-27T15:32:45","modified_gmt":"2016-12-27T14:32:45","slug":"km-ergebnisse-vom-04-und-12-12-2016","status":"publish","type":"post","link":"https:\/\/www.sv-freiendiez.de\/?p=1127","title":{"rendered":"KM Ergebnisse vom 04. und 12.12.2016"},"content":{"rendered":"<p style=\"text-align: justify;\"><a href=\"http:\/\/www.sv-freiendiez.de\/wp-content\/uploads\/2015\/06\/Kreisloge-neu.jpg\"><img loading=\"lazy\" decoding=\"async\" class=\"alignright size-medium wp-image-112\" src=\"http:\/\/www.sv-freiendiez.de\/wp-content\/uploads\/2015\/06\/Kreisloge-neu-300x293.jpg\" alt=\"\" width=\"300\" height=\"293\" srcset=\"https:\/\/www.sv-freiendiez.de\/wp-content\/uploads\/2015\/06\/Kreisloge-neu-300x293.jpg 300w, https:\/\/www.sv-freiendiez.de\/wp-content\/uploads\/2015\/06\/Kreisloge-neu-308x300.jpg 308w, https:\/\/www.sv-freiendiez.de\/wp-content\/uploads\/2015\/06\/Kreisloge-neu.jpg 615w\" sizes=\"auto, (max-width: 300px) 100vw, 300px\" \/><\/a>Am 04. und 11. Dezember wurden in unseren R\u00e4umen Teile der Kreismeisterschaft des Sch\u00fctzenkreises 115 durchgef\u00fchrt. An die 200 Sch\u00fctzen traten an diesen Tage in den verschiedensten Disziplinen bei uns an. Allen Helfern ein fettes <strong>&#8222;Danke!&#8220;<\/strong>, das sie f\u00fcr einen erfolgreichen Ablauf gesorgt haben. Ich habe mir die M\u00fche gemacht, alle Mitglieder unseres Vereins aus diesen Wettbewerben hier aufzuf\u00fchren:<!--more--><\/p>\n<div style=\"text-align: justify;\"><strong>25m Pistole .45 ACP Herrenklasse<\/strong><br \/>\nHier belegte unsere Mannschaft (Stahlhofen\/L\u00f6ber\/Langenst\u00fcck) Platz 1 mit 1025 Ringen. In der Einzelwertung gelang es Oliver Stahlhofen den zweiten Platz zu erringen.<\/div>\n<div style=\"text-align: justify;\">&nbsp;<\/div>\n<div style=\"text-align: justify;\"><strong>25m Pistole .45 ACP Herren-Altersklasse<\/strong><br \/>\nHolger L\u00f6ber erreichte in dieser Disziplin Platz 2 mit 327 Ringen.<\/div>\n<div style=\"text-align: justify;\">&nbsp;<\/div>\n<div style=\"text-align: justify;\"><strong>25m Pistole .45 ACP Senioren A<\/strong><br \/>\nDoppelsieg in diesem Wettbewerb: Platz 1 Heiko Langenst\u00fcck (351 Ringe) und Platz 2 Manfred Bender (312 Ringe).<\/div>\n<div style=\"text-align: justify;\">&nbsp;<\/div>\n<div style=\"text-align: justify;\"><strong>25m Pistole 9mm Luger Herrenklasse<\/strong><br \/>\nAuch hier gelang es unserer Mannschaft (Stahlhofen\/L\u00f6ber\/Langenst\u00fcck) den erste Platz zu erreichen mit 1061 Ringen. Der dritte Platz in der Einzwelwertung ging an Oliver Stahlhofen mit 344 Ringen.<\/div>\n<div style=\"text-align: justify;\">&nbsp;<\/div>\n<div style=\"text-align: justify;\"><strong>25m Pistole 9mm Luger Herren-Altersklasse<\/strong><br \/>\nHier gelang Mitgliedern unseres Vereins Platz 2 (Holger L\u00f6ber, 341 Ringe) und 3 (Mario LInowski, 230 Ringe) zu erreichen.<\/div>\n<div style=\"text-align: justify;\">&nbsp;<\/div>\n<div style=\"text-align: justify;\"><strong>25m Pistole 9mm Luger Senioren A<\/strong><br \/>\nUnsere Senioren Klasse ganz stark: Platz 1 Heiko Langenst\u00fcck mit 376 Ringen, Platz 2 Berthold Sch\u00e4fthaler mit 326 Ringen, Platz 3 Manfred Bender mit 315 Ringen, 4. Platz Berthold Holzenthal mit 284 Ringen sowie Platz 6 J\u00fcrgen Br\u00f6der mit 218 Punkten.<\/div>\n<div style=\"text-align: justify;\">&nbsp;<\/div>\n<div style=\"text-align: justify;\"><strong>KK-Liegendkampf Herrenklasse<\/strong><br \/>\nNikolas Michel auf Platz 2 mit 545 Ringen und Daniel Michel mit 537 Ringen.<\/div>\n<div style=\"text-align: justify;\">&nbsp;<\/div>\n<div style=\"text-align: justify;\"><strong>KK-Sportgewehr Auflage Herren-Altersklasse<\/strong><br \/>\nDie Pl\u00e4tze 3 und 4 gingen an Mitglieder unseres Vereines: Thomas Tanklay belegte Platz 3 mit 277,4 Ringen und Ivo Ivanov Platz 4 mit 276,4 Ringen.<\/div>\n<div style=\"text-align: justify;\">&nbsp;<\/div>\n<div style=\"text-align: justify;\"><strong>KK-Sportgewehr Auflage Senioren B<\/strong><br \/>\nHier erreichten J\u00fcrgen Br\u00f6der Platz 3 mit 290,8 Ringen und Berthold Holzenthal Platz 5 mit 277 Ringen.<\/div>\n<div style=\"text-align: justify;\">&nbsp;<\/div>\n<div style=\"text-align: justify;\"><strong>KK-Sportgewehr Auflage Senioren C<\/strong><br \/>\nPeter Nickel auf Platz 1 mit 296,7 Ringen und Karl Fachinger 295,9 Ringe.<\/div>\n<div style=\"text-align: justify;\">&nbsp;<\/div>\n<div style=\"text-align: justify;\"><strong>KK-Sportgewehr Auflage Seniorinnen C<\/strong><br \/>\nHier erreichte Karin Tietze den ersten Platz mit 290,5 Ringen.<\/div>\n<div style=\"text-align: justify;\">&nbsp;<\/div>\n<div style=\"text-align: justify;\"><strong>Luftgewehr Auflage Herren-Altersklasse<\/strong><br \/>\nIvo Ivanov auf Platz 3 mit 301 Ringen.<\/div>\n<div style=\"text-align: justify;\">&nbsp;<\/div>\n<div style=\"text-align: justify;\"><strong>Luftgewehr Auflage Seniorinnen A<\/strong><br \/>\nUnsere Roselinde Stange erreichte den 2. Platz in dieser Disziplin mit 281,7 Ringen.<\/div>\n<div style=\"text-align: justify;\">&nbsp;<\/div>\n<div style=\"text-align: justify;\"><strong>Luftgewehr Auflage Senioren B<\/strong><br \/>\nIn dieser Disziplin startete unsere Mannschaft als einzigste Teilnahme unr erreichte 898,7 Ringe (Malz, Edgar 297,6, Fachinger, Karl 299, Nickel, Peter 302,1).<\/div>\n<div style=\"text-align: justify;\">&nbsp;<\/div>\n<div style=\"text-align: justify;\"><strong>Luftgewehr Auflage Senioren C<\/strong><br \/>\nUnser beste Sch\u00fctze in diesem Wettbewerb war Pater Nickel auf Platz 4 mit 302,1 Ringen, dann auf Platz 5 Karl Fachinger mit 299 Ringen und Edgar Malz mit 297,6 Ringen.<\/div>\n<div style=\"text-align: justify;\">&nbsp;<\/div>\n<div style=\"text-align: justify;\"><strong>Luftgewehr Auflage Seniorinnen C<\/strong><br \/>\nDie Karin Tietze erreichte hier Platz 1 mit 288,7 Ringen.<\/div>\n<div style=\"text-align: justify;\">&nbsp;<\/div>\n<div style=\"text-align: justify;\">Die detaillierten Ergebnisse entnimmt bitte der Webseite des <a href=\"http:\/\/www.schuetzenkreis-115.de\/\">Sch\u00fctzenkreises 115.<\/a><\/div>\n<div style=\"text-align: justify;\">&nbsp;<\/div>\n<div style=\"text-align: justify;\">Wir gratulieren allen platzierten Sch\u00fctzen!<\/div>\n","protected":false},"excerpt":{"rendered":"<p>Am 04. und 11. Dezember wurden in unseren R\u00e4umen Teile der Kreismeisterschaft des Sch\u00fctzenkreises 115 durchgef\u00fchrt. An die 200 Sch\u00fctzen traten an diesen Tage in den verschiedensten Disziplinen bei uns an. Allen Helfern ein fettes &#8222;Danke!&#8220;, das sie f\u00fcr einen erfolgreichen Ablauf gesorgt haben. Ich habe mir die M\u00fche gemacht, alle Mitglieder unseres Vereins aus &hellip; <\/p>\n<p class=\"link-more\"><a href=\"https:\/\/www.sv-freiendiez.de\/?p=1127\" class=\"more-link\"><span class=\"screen-reader-text\">\u201eKM Ergebnisse vom 04. und 12.12.2016\u201c<\/span> weiterlesen<\/a><\/p>\n","protected":false},"author":1,"featured_media":0,"comment_status":"closed","ping_status":"closed","sticky":false,"template":"","format":"standard","meta":{"ngg_post_thumbnail":0,"footnotes":""},"categories":[1],"tags":[],"class_list":["post-1127","post","type-post","status-publish","format-standard","hentry","category-allgemein"],"yoast_head":"<!-- This site is optimized with the Yoast SEO plugin v27.5 - https:\/\/yoast.com\/product\/yoast-seo-wordpress\/ -->\n<title>KM Ergebnisse vom 04. und 12.12.2016 - SV Diez-Freiendiez 1928 e.V.<\/title>\n<meta name=\"robots\" content=\"index, follow, max-snippet:-1, max-image-preview:large, max-video-preview:-1\" \/>\n<link rel=\"canonical\" href=\"https:\/\/www.sv-freiendiez.de\/?p=1127\" \/>\n<meta property=\"og:locale\" content=\"de_DE\" \/>\n<meta property=\"og:type\" content=\"article\" \/>\n<meta property=\"og:title\" content=\"KM Ergebnisse vom 04. und 12.12.2016 - SV Diez-Freiendiez 1928 e.V.\" \/>\n<meta property=\"og:description\" content=\"Am 04. und 11. Dezember wurden in unseren R\u00e4umen Teile der Kreismeisterschaft des Sch\u00fctzenkreises 115 durchgef\u00fchrt. An die 200 Sch\u00fctzen traten an diesen Tage in den verschiedensten Disziplinen bei uns an. Allen Helfern ein fettes &#8222;Danke!&#8220;, das sie f\u00fcr einen erfolgreichen Ablauf gesorgt haben. Ich habe mir die M\u00fche gemacht, alle Mitglieder unseres Vereins aus &hellip; \u201eKM Ergebnisse vom 04. und 12.12.2016\u201c weiterlesen\" \/>\n<meta property=\"og:url\" content=\"https:\/\/www.sv-freiendiez.de\/?p=1127\" \/>\n<meta property=\"og:site_name\" content=\"SV Diez-Freiendiez 1928 e.V.\" \/>\n<meta property=\"article:publisher\" content=\"https:\/\/www.facebook.com\/svfreiendiez\/\" \/>\n<meta property=\"article:published_time\" content=\"2016-12-17T18:40:17+00:00\" \/>\n<meta property=\"article:modified_time\" content=\"2016-12-27T14:32:45+00:00\" \/>\n<meta property=\"og:image\" content=\"http:\/\/www.sv-freiendiez.de\/wp-content\/uploads\/2015\/06\/Kreisloge-neu-300x293.jpg\" \/>\n<meta name=\"author\" content=\"editor\" \/>\n<meta name=\"twitter:card\" content=\"summary_large_image\" \/>\n<meta name=\"twitter:label1\" content=\"Verfasst von\" \/>\n\t<meta name=\"twitter:data1\" content=\"editor\" \/>\n\t<meta name=\"twitter:label2\" content=\"Gesch\u00e4tzte Lesezeit\" \/>\n\t<meta name=\"twitter:data2\" content=\"2\u00a0Minuten\" \/>\n<script type=\"application\/ld+json\" class=\"yoast-schema-graph\">{\"@context\":\"https:\\\/\\\/schema.org\",\"@graph\":[{\"@type\":\"Article\",\"@id\":\"https:\\\/\\\/www.sv-freiendiez.de\\\/?p=1127#article\",\"isPartOf\":{\"@id\":\"https:\\\/\\\/www.sv-freiendiez.de\\\/?p=1127\"},\"author\":{\"name\":\"editor\",\"@id\":\"https:\\\/\\\/www.sv-freiendiez.de\\\/#\\\/schema\\\/person\\\/e506fdcfcb3a8d0b33fb2982e44b9b79\"},\"headline\":\"KM Ergebnisse vom 04. und 12.12.2016\",\"datePublished\":\"2016-12-17T18:40:17+00:00\",\"dateModified\":\"2016-12-27T14:32:45+00:00\",\"mainEntityOfPage\":{\"@id\":\"https:\\\/\\\/www.sv-freiendiez.de\\\/?p=1127\"},\"wordCount\":428,\"publisher\":{\"@id\":\"https:\\\/\\\/www.sv-freiendiez.de\\\/#organization\"},\"image\":{\"@id\":\"https:\\\/\\\/www.sv-freiendiez.de\\\/?p=1127#primaryimage\"},\"thumbnailUrl\":\"http:\\\/\\\/www.sv-freiendiez.de\\\/wp-content\\\/uploads\\\/2015\\\/06\\\/Kreisloge-neu-300x293.jpg\",\"inLanguage\":\"de\"},{\"@type\":\"WebPage\",\"@id\":\"https:\\\/\\\/www.sv-freiendiez.de\\\/?p=1127\",\"url\":\"https:\\\/\\\/www.sv-freiendiez.de\\\/?p=1127\",\"name\":\"KM Ergebnisse vom 04. und 12.12.2016 - SV Diez-Freiendiez 1928 e.V.\",\"isPartOf\":{\"@id\":\"https:\\\/\\\/www.sv-freiendiez.de\\\/#website\"},\"primaryImageOfPage\":{\"@id\":\"https:\\\/\\\/www.sv-freiendiez.de\\\/?p=1127#primaryimage\"},\"image\":{\"@id\":\"https:\\\/\\\/www.sv-freiendiez.de\\\/?p=1127#primaryimage\"},\"thumbnailUrl\":\"http:\\\/\\\/www.sv-freiendiez.de\\\/wp-content\\\/uploads\\\/2015\\\/06\\\/Kreisloge-neu-300x293.jpg\",\"datePublished\":\"2016-12-17T18:40:17+00:00\",\"dateModified\":\"2016-12-27T14:32:45+00:00\",\"breadcrumb\":{\"@id\":\"https:\\\/\\\/www.sv-freiendiez.de\\\/?p=1127#breadcrumb\"},\"inLanguage\":\"de\",\"potentialAction\":[{\"@type\":\"ReadAction\",\"target\":[\"https:\\\/\\\/www.sv-freiendiez.de\\\/?p=1127\"]}]},{\"@type\":\"ImageObject\",\"inLanguage\":\"de\",\"@id\":\"https:\\\/\\\/www.sv-freiendiez.de\\\/?p=1127#primaryimage\",\"url\":\"https:\\\/\\\/www.sv-freiendiez.de\\\/wp-content\\\/uploads\\\/2015\\\/06\\\/Kreisloge-neu.jpg\",\"contentUrl\":\"https:\\\/\\\/www.sv-freiendiez.de\\\/wp-content\\\/uploads\\\/2015\\\/06\\\/Kreisloge-neu.jpg\",\"width\":615,\"height\":600},{\"@type\":\"BreadcrumbList\",\"@id\":\"https:\\\/\\\/www.sv-freiendiez.de\\\/?p=1127#breadcrumb\",\"itemListElement\":[{\"@type\":\"ListItem\",\"position\":1,\"name\":\"Startseite\",\"item\":\"https:\\\/\\\/www.sv-freiendiez.de\\\/\"},{\"@type\":\"ListItem\",\"position\":2,\"name\":\"KM Ergebnisse vom 04. und 12.12.2016\"}]},{\"@type\":\"WebSite\",\"@id\":\"https:\\\/\\\/www.sv-freiendiez.de\\\/#website\",\"url\":\"https:\\\/\\\/www.sv-freiendiez.de\\\/\",\"name\":\"SV Diez-Freiendiez 1928 e.V.\",\"description\":\"Sch\u00fctzenverein Diez-Freiendiez 1928 e.V.\",\"publisher\":{\"@id\":\"https:\\\/\\\/www.sv-freiendiez.de\\\/#organization\"},\"potentialAction\":[{\"@type\":\"SearchAction\",\"target\":{\"@type\":\"EntryPoint\",\"urlTemplate\":\"https:\\\/\\\/www.sv-freiendiez.de\\\/?s={search_term_string}\"},\"query-input\":{\"@type\":\"PropertyValueSpecification\",\"valueRequired\":true,\"valueName\":\"search_term_string\"}}],\"inLanguage\":\"de\"},{\"@type\":\"Organization\",\"@id\":\"https:\\\/\\\/www.sv-freiendiez.de\\\/#organization\",\"name\":\"SV Diez-Freiendiez 1928 e.V.\",\"url\":\"https:\\\/\\\/www.sv-freiendiez.de\\\/\",\"logo\":{\"@type\":\"ImageObject\",\"inLanguage\":\"de\",\"@id\":\"https:\\\/\\\/www.sv-freiendiez.de\\\/#\\\/schema\\\/logo\\\/image\\\/\",\"url\":\"https:\\\/\\\/www.sv-freiendiez.de\\\/wp-content\\\/uploads\\\/2016\\\/12\\\/cropped-wappen250.png\",\"contentUrl\":\"https:\\\/\\\/www.sv-freiendiez.de\\\/wp-content\\\/uploads\\\/2016\\\/12\\\/cropped-wappen250.png\",\"width\":250,\"height\":250,\"caption\":\"SV Diez-Freiendiez 1928 e.V.\"},\"image\":{\"@id\":\"https:\\\/\\\/www.sv-freiendiez.de\\\/#\\\/schema\\\/logo\\\/image\\\/\"},\"sameAs\":[\"https:\\\/\\\/www.facebook.com\\\/svfreiendiez\\\/\"]},{\"@type\":\"Person\",\"@id\":\"https:\\\/\\\/www.sv-freiendiez.de\\\/#\\\/schema\\\/person\\\/e506fdcfcb3a8d0b33fb2982e44b9b79\",\"name\":\"editor\",\"image\":{\"@type\":\"ImageObject\",\"inLanguage\":\"de\",\"@id\":\"https:\\\/\\\/secure.gravatar.com\\\/avatar\\\/2e61a0e3091a1495360fb924e613dd25bace1d4a95a687bd9add8c68191636ff?s=96&d=mm&r=g\",\"url\":\"https:\\\/\\\/secure.gravatar.com\\\/avatar\\\/2e61a0e3091a1495360fb924e613dd25bace1d4a95a687bd9add8c68191636ff?s=96&d=mm&r=g\",\"contentUrl\":\"https:\\\/\\\/secure.gravatar.com\\\/avatar\\\/2e61a0e3091a1495360fb924e613dd25bace1d4a95a687bd9add8c68191636ff?s=96&d=mm&r=g\",\"caption\":\"editor\"},\"url\":\"https:\\\/\\\/www.sv-freiendiez.de\\\/?author=1\"}]}<\/script>\n<!-- \/ Yoast SEO plugin. -->","yoast_head_json":{"title":"KM Ergebnisse vom 04. und 12.12.2016 - SV Diez-Freiendiez 1928 e.V.","robots":{"index":"index","follow":"follow","max-snippet":"max-snippet:-1","max-image-preview":"max-image-preview:large","max-video-preview":"max-video-preview:-1"},"canonical":"https:\/\/www.sv-freiendiez.de\/?p=1127","og_locale":"de_DE","og_type":"article","og_title":"KM Ergebnisse vom 04. und 12.12.2016 - SV Diez-Freiendiez 1928 e.V.","og_description":"Am 04. und 11. Dezember wurden in unseren R\u00e4umen Teile der Kreismeisterschaft des Sch\u00fctzenkreises 115 durchgef\u00fchrt. An die 200 Sch\u00fctzen traten an diesen Tage in den verschiedensten Disziplinen bei uns an. Allen Helfern ein fettes &#8222;Danke!&#8220;, das sie f\u00fcr einen erfolgreichen Ablauf gesorgt haben. Ich habe mir die M\u00fche gemacht, alle Mitglieder unseres Vereins aus &hellip; \u201eKM Ergebnisse vom 04. und 12.12.2016\u201c weiterlesen","og_url":"https:\/\/www.sv-freiendiez.de\/?p=1127","og_site_name":"SV Diez-Freiendiez 1928 e.V.","article_publisher":"https:\/\/www.facebook.com\/svfreiendiez\/","article_published_time":"2016-12-17T18:40:17+00:00","article_modified_time":"2016-12-27T14:32:45+00:00","og_image":[{"url":"http:\/\/www.sv-freiendiez.de\/wp-content\/uploads\/2015\/06\/Kreisloge-neu-300x293.jpg","type":"","width":"","height":""}],"author":"editor","twitter_card":"summary_large_image","twitter_misc":{"Verfasst von":"editor","Gesch\u00e4tzte Lesezeit":"2\u00a0Minuten"},"schema":{"@context":"https:\/\/schema.org","@graph":[{"@type":"Article","@id":"https:\/\/www.sv-freiendiez.de\/?p=1127#article","isPartOf":{"@id":"https:\/\/www.sv-freiendiez.de\/?p=1127"},"author":{"name":"editor","@id":"https:\/\/www.sv-freiendiez.de\/#\/schema\/person\/e506fdcfcb3a8d0b33fb2982e44b9b79"},"headline":"KM Ergebnisse vom 04. und 12.12.2016","datePublished":"2016-12-17T18:40:17+00:00","dateModified":"2016-12-27T14:32:45+00:00","mainEntityOfPage":{"@id":"https:\/\/www.sv-freiendiez.de\/?p=1127"},"wordCount":428,"publisher":{"@id":"https:\/\/www.sv-freiendiez.de\/#organization"},"image":{"@id":"https:\/\/www.sv-freiendiez.de\/?p=1127#primaryimage"},"thumbnailUrl":"http:\/\/www.sv-freiendiez.de\/wp-content\/uploads\/2015\/06\/Kreisloge-neu-300x293.jpg","inLanguage":"de"},{"@type":"WebPage","@id":"https:\/\/www.sv-freiendiez.de\/?p=1127","url":"https:\/\/www.sv-freiendiez.de\/?p=1127","name":"KM Ergebnisse vom 04. und 12.12.2016 - SV Diez-Freiendiez 1928 e.V.","isPartOf":{"@id":"https:\/\/www.sv-freiendiez.de\/#website"},"primaryImageOfPage":{"@id":"https:\/\/www.sv-freiendiez.de\/?p=1127#primaryimage"},"image":{"@id":"https:\/\/www.sv-freiendiez.de\/?p=1127#primaryimage"},"thumbnailUrl":"http:\/\/www.sv-freiendiez.de\/wp-content\/uploads\/2015\/06\/Kreisloge-neu-300x293.jpg","datePublished":"2016-12-17T18:40:17+00:00","dateModified":"2016-12-27T14:32:45+00:00","breadcrumb":{"@id":"https:\/\/www.sv-freiendiez.de\/?p=1127#breadcrumb"},"inLanguage":"de","potentialAction":[{"@type":"ReadAction","target":["https:\/\/www.sv-freiendiez.de\/?p=1127"]}]},{"@type":"ImageObject","inLanguage":"de","@id":"https:\/\/www.sv-freiendiez.de\/?p=1127#primaryimage","url":"https:\/\/www.sv-freiendiez.de\/wp-content\/uploads\/2015\/06\/Kreisloge-neu.jpg","contentUrl":"https:\/\/www.sv-freiendiez.de\/wp-content\/uploads\/2015\/06\/Kreisloge-neu.jpg","width":615,"height":600},{"@type":"BreadcrumbList","@id":"https:\/\/www.sv-freiendiez.de\/?p=1127#breadcrumb","itemListElement":[{"@type":"ListItem","position":1,"name":"Startseite","item":"https:\/\/www.sv-freiendiez.de\/"},{"@type":"ListItem","position":2,"name":"KM Ergebnisse vom 04. und 12.12.2016"}]},{"@type":"WebSite","@id":"https:\/\/www.sv-freiendiez.de\/#website","url":"https:\/\/www.sv-freiendiez.de\/","name":"SV Diez-Freiendiez 1928 e.V.","description":"Sch\u00fctzenverein Diez-Freiendiez 1928 e.V.","publisher":{"@id":"https:\/\/www.sv-freiendiez.de\/#organization"},"potentialAction":[{"@type":"SearchAction","target":{"@type":"EntryPoint","urlTemplate":"https:\/\/www.sv-freiendiez.de\/?s={search_term_string}"},"query-input":{"@type":"PropertyValueSpecification","valueRequired":true,"valueName":"search_term_string"}}],"inLanguage":"de"},{"@type":"Organization","@id":"https:\/\/www.sv-freiendiez.de\/#organization","name":"SV Diez-Freiendiez 1928 e.V.","url":"https:\/\/www.sv-freiendiez.de\/","logo":{"@type":"ImageObject","inLanguage":"de","@id":"https:\/\/www.sv-freiendiez.de\/#\/schema\/logo\/image\/","url":"https:\/\/www.sv-freiendiez.de\/wp-content\/uploads\/2016\/12\/cropped-wappen250.png","contentUrl":"https:\/\/www.sv-freiendiez.de\/wp-content\/uploads\/2016\/12\/cropped-wappen250.png","width":250,"height":250,"caption":"SV Diez-Freiendiez 1928 e.V."},"image":{"@id":"https:\/\/www.sv-freiendiez.de\/#\/schema\/logo\/image\/"},"sameAs":["https:\/\/www.facebook.com\/svfreiendiez\/"]},{"@type":"Person","@id":"https:\/\/www.sv-freiendiez.de\/#\/schema\/person\/e506fdcfcb3a8d0b33fb2982e44b9b79","name":"editor","image":{"@type":"ImageObject","inLanguage":"de","@id":"https:\/\/secure.gravatar.com\/avatar\/2e61a0e3091a1495360fb924e613dd25bace1d4a95a687bd9add8c68191636ff?s=96&d=mm&r=g","url":"https:\/\/secure.gravatar.com\/avatar\/2e61a0e3091a1495360fb924e613dd25bace1d4a95a687bd9add8c68191636ff?s=96&d=mm&r=g","contentUrl":"https:\/\/secure.gravatar.com\/avatar\/2e61a0e3091a1495360fb924e613dd25bace1d4a95a687bd9add8c68191636ff?s=96&d=mm&r=g","caption":"editor"},"url":"https:\/\/www.sv-freiendiez.de\/?author=1"}]}},"_links":{"self":[{"href":"https:\/\/www.sv-freiendiez.de\/index.php?rest_route=\/wp\/v2\/posts\/1127","targetHints":{"allow":["GET"]}}],"collection":[{"href":"https:\/\/www.sv-freiendiez.de\/index.php?rest_route=\/wp\/v2\/posts"}],"about":[{"href":"https:\/\/www.sv-freiendiez.de\/index.php?rest_route=\/wp\/v2\/types\/post"}],"author":[{"embeddable":true,"href":"https:\/\/www.sv-freiendiez.de\/index.php?rest_route=\/wp\/v2\/users\/1"}],"replies":[{"embeddable":true,"href":"https:\/\/www.sv-freiendiez.de\/index.php?rest_route=%2Fwp%2Fv2%2Fcomments&post=1127"}],"version-history":[{"count":0,"href":"https:\/\/www.sv-freiendiez.de\/index.php?rest_route=\/wp\/v2\/posts\/1127\/revisions"}],"wp:attachment":[{"href":"https:\/\/www.sv-freiendiez.de\/index.php?rest_route=%2Fwp%2Fv2%2Fmedia&parent=1127"}],"wp:term":[{"taxonomy":"category","embeddable":true,"href":"https:\/\/www.sv-freiendiez.de\/index.php?rest_route=%2Fwp%2Fv2%2Fcategories&post=1127"},{"taxonomy":"post_tag","embeddable":true,"href":"https:\/\/www.sv-freiendiez.de\/index.php?rest_route=%2Fwp%2Fv2%2Ftags&post=1127"}],"curies":[{"name":"wp","href":"https:\/\/api.w.org\/{rel}","templated":true}]}}