{"id":1124,"date":"2016-11-25T15:54:35","date_gmt":"2016-11-25T14:54:35","guid":{"rendered":"http:\/\/www.sv-freiendiez.de\/?p=1124"},"modified":"2016-11-25T15:54:35","modified_gmt":"2016-11-25T14:54:35","slug":"kein-trainingsbetrieb-am-27-11-und-04-12-2016","status":"publish","type":"post","link":"https:\/\/www.sv-freiendiez.de\/?p=1124","title":{"rendered":"Kein Trainingsbetrieb am 27.11. und 04.12.2016!"},"content":{"rendered":"<p>Liebe Sch\u00fctzenkammeraden,<\/p>\n<p style=\"text-align: justify;\">an den kommenden beiden Sonntagen, den 27.11.2016 und dem 04.12.2016, findet kein Trainingsbetrieb auf unseren Schie\u00dfst\u00e4nden am W\u00e4sserweg statt, da an diesen Tagen Wettbewerbe der laufenden Kreismeisterschaft ausgetragen werden. Die Trainigsm\u00f6glichkeit an den Freitagen bleibt dadurch unber\u00fchrt.<\/p>\n","protected":false},"excerpt":{"rendered":"<p>Liebe Sch\u00fctzenkammeraden, an den kommenden beiden Sonntagen, den 27.11.2016 und dem 04.12.2016, findet kein Trainingsbetrieb auf unseren Schie\u00dfst\u00e4nden am W\u00e4sserweg statt, da an diesen Tagen Wettbewerbe der laufenden Kreismeisterschaft ausgetragen werden. Die Trainigsm\u00f6glichkeit an den Freitagen bleibt dadurch unber\u00fchrt.<\/p>\n","protected":false},"author":1,"featured_media":0,"comment_status":"closed","ping_status":"closed","sticky":false,"template":"","format":"standard","meta":{"ngg_post_thumbnail":0,"footnotes":""},"categories":[1],"tags":[],"class_list":["post-1124","post","type-post","status-publish","format-standard","hentry","category-allgemein"],"yoast_head":"<!-- This site is optimized with the Yoast SEO plugin v27.5 - https:\/\/yoast.com\/product\/yoast-seo-wordpress\/ -->\n<title>Kein Trainingsbetrieb am 27.11. und 04.12.2016! - SV Diez-Freiendiez 1928 e.V.<\/title>\n<meta name=\"robots\" content=\"index, follow, max-snippet:-1, max-image-preview:large, max-video-preview:-1\" \/>\n<link rel=\"canonical\" href=\"https:\/\/www.sv-freiendiez.de\/?p=1124\" \/>\n<meta property=\"og:locale\" content=\"de_DE\" \/>\n<meta property=\"og:type\" content=\"article\" \/>\n<meta property=\"og:title\" content=\"Kein Trainingsbetrieb am 27.11. und 04.12.2016! - SV Diez-Freiendiez 1928 e.V.\" \/>\n<meta property=\"og:description\" content=\"Liebe Sch\u00fctzenkammeraden, an den kommenden beiden Sonntagen, den 27.11.2016 und dem 04.12.2016, findet kein Trainingsbetrieb auf unseren Schie\u00dfst\u00e4nden am W\u00e4sserweg statt, da an diesen Tagen Wettbewerbe der laufenden Kreismeisterschaft ausgetragen werden. Die Trainigsm\u00f6glichkeit an den Freitagen bleibt dadurch unber\u00fchrt.\" \/>\n<meta property=\"og:url\" content=\"https:\/\/www.sv-freiendiez.de\/?p=1124\" \/>\n<meta property=\"og:site_name\" content=\"SV Diez-Freiendiez 1928 e.V.\" \/>\n<meta property=\"article:publisher\" content=\"https:\/\/www.facebook.com\/svfreiendiez\/\" \/>\n<meta property=\"article:published_time\" content=\"2016-11-25T14:54:35+00:00\" \/>\n<meta name=\"author\" content=\"editor\" \/>\n<meta name=\"twitter:card\" content=\"summary_large_image\" \/>\n<meta name=\"twitter:label1\" content=\"Verfasst von\" \/>\n\t<meta name=\"twitter:data1\" content=\"editor\" \/>\n<script type=\"application\/ld+json\" class=\"yoast-schema-graph\">{\"@context\":\"https:\\\/\\\/schema.org\",\"@graph\":[{\"@type\":\"Article\",\"@id\":\"https:\\\/\\\/www.sv-freiendiez.de\\\/?p=1124#article\",\"isPartOf\":{\"@id\":\"https:\\\/\\\/www.sv-freiendiez.de\\\/?p=1124\"},\"author\":{\"name\":\"editor\",\"@id\":\"https:\\\/\\\/www.sv-freiendiez.de\\\/#\\\/schema\\\/person\\\/e506fdcfcb3a8d0b33fb2982e44b9b79\"},\"headline\":\"Kein Trainingsbetrieb am 27.11. und 04.12.2016!\",\"datePublished\":\"2016-11-25T14:54:35+00:00\",\"mainEntityOfPage\":{\"@id\":\"https:\\\/\\\/www.sv-freiendiez.de\\\/?p=1124\"},\"wordCount\":47,\"publisher\":{\"@id\":\"https:\\\/\\\/www.sv-freiendiez.de\\\/#organization\"},\"inLanguage\":\"de\"},{\"@type\":\"WebPage\",\"@id\":\"https:\\\/\\\/www.sv-freiendiez.de\\\/?p=1124\",\"url\":\"https:\\\/\\\/www.sv-freiendiez.de\\\/?p=1124\",\"name\":\"Kein Trainingsbetrieb am 27.11. und 04.12.2016! - SV Diez-Freiendiez 1928 e.V.\",\"isPartOf\":{\"@id\":\"https:\\\/\\\/www.sv-freiendiez.de\\\/#website\"},\"datePublished\":\"2016-11-25T14:54:35+00:00\",\"breadcrumb\":{\"@id\":\"https:\\\/\\\/www.sv-freiendiez.de\\\/?p=1124#breadcrumb\"},\"inLanguage\":\"de\",\"potentialAction\":[{\"@type\":\"ReadAction\",\"target\":[\"https:\\\/\\\/www.sv-freiendiez.de\\\/?p=1124\"]}]},{\"@type\":\"BreadcrumbList\",\"@id\":\"https:\\\/\\\/www.sv-freiendiez.de\\\/?p=1124#breadcrumb\",\"itemListElement\":[{\"@type\":\"ListItem\",\"position\":1,\"name\":\"Startseite\",\"item\":\"https:\\\/\\\/www.sv-freiendiez.de\\\/\"},{\"@type\":\"ListItem\",\"position\":2,\"name\":\"Kein Trainingsbetrieb am 27.11. und 04.12.2016!\"}]},{\"@type\":\"WebSite\",\"@id\":\"https:\\\/\\\/www.sv-freiendiez.de\\\/#website\",\"url\":\"https:\\\/\\\/www.sv-freiendiez.de\\\/\",\"name\":\"SV Diez-Freiendiez 1928 e.V.\",\"description\":\"Sch\u00fctzenverein Diez-Freiendiez 1928 e.V.\",\"publisher\":{\"@id\":\"https:\\\/\\\/www.sv-freiendiez.de\\\/#organization\"},\"potentialAction\":[{\"@type\":\"SearchAction\",\"target\":{\"@type\":\"EntryPoint\",\"urlTemplate\":\"https:\\\/\\\/www.sv-freiendiez.de\\\/?s={search_term_string}\"},\"query-input\":{\"@type\":\"PropertyValueSpecification\",\"valueRequired\":true,\"valueName\":\"search_term_string\"}}],\"inLanguage\":\"de\"},{\"@type\":\"Organization\",\"@id\":\"https:\\\/\\\/www.sv-freiendiez.de\\\/#organization\",\"name\":\"SV Diez-Freiendiez 1928 e.V.\",\"url\":\"https:\\\/\\\/www.sv-freiendiez.de\\\/\",\"logo\":{\"@type\":\"ImageObject\",\"inLanguage\":\"de\",\"@id\":\"https:\\\/\\\/www.sv-freiendiez.de\\\/#\\\/schema\\\/logo\\\/image\\\/\",\"url\":\"https:\\\/\\\/www.sv-freiendiez.de\\\/wp-content\\\/uploads\\\/2016\\\/12\\\/cropped-wappen250.png\",\"contentUrl\":\"https:\\\/\\\/www.sv-freiendiez.de\\\/wp-content\\\/uploads\\\/2016\\\/12\\\/cropped-wappen250.png\",\"width\":250,\"height\":250,\"caption\":\"SV Diez-Freiendiez 1928 e.V.\"},\"image\":{\"@id\":\"https:\\\/\\\/www.sv-freiendiez.de\\\/#\\\/schema\\\/logo\\\/image\\\/\"},\"sameAs\":[\"https:\\\/\\\/www.facebook.com\\\/svfreiendiez\\\/\"]},{\"@type\":\"Person\",\"@id\":\"https:\\\/\\\/www.sv-freiendiez.de\\\/#\\\/schema\\\/person\\\/e506fdcfcb3a8d0b33fb2982e44b9b79\",\"name\":\"editor\",\"image\":{\"@type\":\"ImageObject\",\"inLanguage\":\"de\",\"@id\":\"https:\\\/\\\/secure.gravatar.com\\\/avatar\\\/2e61a0e3091a1495360fb924e613dd25bace1d4a95a687bd9add8c68191636ff?s=96&d=mm&r=g\",\"url\":\"https:\\\/\\\/secure.gravatar.com\\\/avatar\\\/2e61a0e3091a1495360fb924e613dd25bace1d4a95a687bd9add8c68191636ff?s=96&d=mm&r=g\",\"contentUrl\":\"https:\\\/\\\/secure.gravatar.com\\\/avatar\\\/2e61a0e3091a1495360fb924e613dd25bace1d4a95a687bd9add8c68191636ff?s=96&d=mm&r=g\",\"caption\":\"editor\"},\"url\":\"https:\\\/\\\/www.sv-freiendiez.de\\\/?author=1\"}]}<\/script>\n<!-- \/ Yoast SEO plugin. -->","yoast_head_json":{"title":"Kein Trainingsbetrieb am 27.11. und 04.12.2016! - SV Diez-Freiendiez 1928 e.V.","robots":{"index":"index","follow":"follow","max-snippet":"max-snippet:-1","max-image-preview":"max-image-preview:large","max-video-preview":"max-video-preview:-1"},"canonical":"https:\/\/www.sv-freiendiez.de\/?p=1124","og_locale":"de_DE","og_type":"article","og_title":"Kein Trainingsbetrieb am 27.11. und 04.12.2016! - SV Diez-Freiendiez 1928 e.V.","og_description":"Liebe Sch\u00fctzenkammeraden, an den kommenden beiden Sonntagen, den 27.11.2016 und dem 04.12.2016, findet kein Trainingsbetrieb auf unseren Schie\u00dfst\u00e4nden am W\u00e4sserweg statt, da an diesen Tagen Wettbewerbe der laufenden Kreismeisterschaft ausgetragen werden. Die Trainigsm\u00f6glichkeit an den Freitagen bleibt dadurch unber\u00fchrt.","og_url":"https:\/\/www.sv-freiendiez.de\/?p=1124","og_site_name":"SV Diez-Freiendiez 1928 e.V.","article_publisher":"https:\/\/www.facebook.com\/svfreiendiez\/","article_published_time":"2016-11-25T14:54:35+00:00","author":"editor","twitter_card":"summary_large_image","twitter_misc":{"Verfasst von":"editor"},"schema":{"@context":"https:\/\/schema.org","@graph":[{"@type":"Article","@id":"https:\/\/www.sv-freiendiez.de\/?p=1124#article","isPartOf":{"@id":"https:\/\/www.sv-freiendiez.de\/?p=1124"},"author":{"name":"editor","@id":"https:\/\/www.sv-freiendiez.de\/#\/schema\/person\/e506fdcfcb3a8d0b33fb2982e44b9b79"},"headline":"Kein Trainingsbetrieb am 27.11. und 04.12.2016!","datePublished":"2016-11-25T14:54:35+00:00","mainEntityOfPage":{"@id":"https:\/\/www.sv-freiendiez.de\/?p=1124"},"wordCount":47,"publisher":{"@id":"https:\/\/www.sv-freiendiez.de\/#organization"},"inLanguage":"de"},{"@type":"WebPage","@id":"https:\/\/www.sv-freiendiez.de\/?p=1124","url":"https:\/\/www.sv-freiendiez.de\/?p=1124","name":"Kein Trainingsbetrieb am 27.11. und 04.12.2016! - SV Diez-Freiendiez 1928 e.V.","isPartOf":{"@id":"https:\/\/www.sv-freiendiez.de\/#website"},"datePublished":"2016-11-25T14:54:35+00:00","breadcrumb":{"@id":"https:\/\/www.sv-freiendiez.de\/?p=1124#breadcrumb"},"inLanguage":"de","potentialAction":[{"@type":"ReadAction","target":["https:\/\/www.sv-freiendiez.de\/?p=1124"]}]},{"@type":"BreadcrumbList","@id":"https:\/\/www.sv-freiendiez.de\/?p=1124#breadcrumb","itemListElement":[{"@type":"ListItem","position":1,"name":"Startseite","item":"https:\/\/www.sv-freiendiez.de\/"},{"@type":"ListItem","position":2,"name":"Kein Trainingsbetrieb am 27.11. und 04.12.2016!"}]},{"@type":"WebSite","@id":"https:\/\/www.sv-freiendiez.de\/#website","url":"https:\/\/www.sv-freiendiez.de\/","name":"SV Diez-Freiendiez 1928 e.V.","description":"Sch\u00fctzenverein Diez-Freiendiez 1928 e.V.","publisher":{"@id":"https:\/\/www.sv-freiendiez.de\/#organization"},"potentialAction":[{"@type":"SearchAction","target":{"@type":"EntryPoint","urlTemplate":"https:\/\/www.sv-freiendiez.de\/?s={search_term_string}"},"query-input":{"@type":"PropertyValueSpecification","valueRequired":true,"valueName":"search_term_string"}}],"inLanguage":"de"},{"@type":"Organization","@id":"https:\/\/www.sv-freiendiez.de\/#organization","name":"SV Diez-Freiendiez 1928 e.V.","url":"https:\/\/www.sv-freiendiez.de\/","logo":{"@type":"ImageObject","inLanguage":"de","@id":"https:\/\/www.sv-freiendiez.de\/#\/schema\/logo\/image\/","url":"https:\/\/www.sv-freiendiez.de\/wp-content\/uploads\/2016\/12\/cropped-wappen250.png","contentUrl":"https:\/\/www.sv-freiendiez.de\/wp-content\/uploads\/2016\/12\/cropped-wappen250.png","width":250,"height":250,"caption":"SV Diez-Freiendiez 1928 e.V."},"image":{"@id":"https:\/\/www.sv-freiendiez.de\/#\/schema\/logo\/image\/"},"sameAs":["https:\/\/www.facebook.com\/svfreiendiez\/"]},{"@type":"Person","@id":"https:\/\/www.sv-freiendiez.de\/#\/schema\/person\/e506fdcfcb3a8d0b33fb2982e44b9b79","name":"editor","image":{"@type":"ImageObject","inLanguage":"de","@id":"https:\/\/secure.gravatar.com\/avatar\/2e61a0e3091a1495360fb924e613dd25bace1d4a95a687bd9add8c68191636ff?s=96&d=mm&r=g","url":"https:\/\/secure.gravatar.com\/avatar\/2e61a0e3091a1495360fb924e613dd25bace1d4a95a687bd9add8c68191636ff?s=96&d=mm&r=g","contentUrl":"https:\/\/secure.gravatar.com\/avatar\/2e61a0e3091a1495360fb924e613dd25bace1d4a95a687bd9add8c68191636ff?s=96&d=mm&r=g","caption":"editor"},"url":"https:\/\/www.sv-freiendiez.de\/?author=1"}]}},"_links":{"self":[{"href":"https:\/\/www.sv-freiendiez.de\/index.php?rest_route=\/wp\/v2\/posts\/1124","targetHints":{"allow":["GET"]}}],"collection":[{"href":"https:\/\/www.sv-freiendiez.de\/index.php?rest_route=\/wp\/v2\/posts"}],"about":[{"href":"https:\/\/www.sv-freiendiez.de\/index.php?rest_route=\/wp\/v2\/types\/post"}],"author":[{"embeddable":true,"href":"https:\/\/www.sv-freiendiez.de\/index.php?rest_route=\/wp\/v2\/users\/1"}],"replies":[{"embeddable":true,"href":"https:\/\/www.sv-freiendiez.de\/index.php?rest_route=%2Fwp%2Fv2%2Fcomments&post=1124"}],"version-history":[{"count":0,"href":"https:\/\/www.sv-freiendiez.de\/index.php?rest_route=\/wp\/v2\/posts\/1124\/revisions"}],"wp:attachment":[{"href":"https:\/\/www.sv-freiendiez.de\/index.php?rest_route=%2Fwp%2Fv2%2Fmedia&parent=1124"}],"wp:term":[{"taxonomy":"category","embeddable":true,"href":"https:\/\/www.sv-freiendiez.de\/index.php?rest_route=%2Fwp%2Fv2%2Fcategories&post=1124"},{"taxonomy":"post_tag","embeddable":true,"href":"https:\/\/www.sv-freiendiez.de\/index.php?rest_route=%2Fwp%2Fv2%2Ftags&post=1124"}],"curies":[{"name":"wp","href":"https:\/\/api.w.org\/{rel}","templated":true}]}}